{"id":12852,"date":"2020-03-04T07:42:10","date_gmt":"2020-03-04T05:42:10","guid":{"rendered":"https:\/\/iraurgiberritzen.eus\/los-centros-escolares-de-la-comarca-fomentaran-el-ahorro-energetico-a-traves-del-proyecto-entzun-energiaren-ahotsa\/"},"modified":"2020-03-04T07:42:10","modified_gmt":"2020-03-04T05:42:10","slug":"los-centros-escolares-de-la-comarca-fomentaran-el-ahorro-energetico-a-traves-del-proyecto-entzun-energiaren-ahotsa","status":"publish","type":"post","link":"https:\/\/iraurgiberritzen.eus\/es\/los-centros-escolares-de-la-comarca-fomentaran-el-ahorro-energetico-a-traves-del-proyecto-entzun-energiaren-ahotsa\/","title":{"rendered":"Los centros escolares de la comarca fomentar\u00e1n el ahorro energ\u00e9tico a trav\u00e9s del proyecto \u201cEntzun energiaren ahotsa\u00bb"},"content":{"rendered":"<p style=\"text-align: justify;\">Bajo la coordinaci\u00f3n de Iraurgi Berritzen, la Mesa de Energ\u00eda de Urola Erdia y la Diputaci\u00f3n Foral de Gipuzkoa, en l\u00ednea con la campa\u00f1a \u00abEntzun energiaren ahotsa\u00bb, cuyo objetivo es ahorrar energ\u00eda en los edificios p\u00fablicos, han firmado un convenio en relaci\u00f3n al proyecto europeo Euronet 50\/50, promovido por el departamento de Medio Ambiente de la Diputaci\u00f3n Foral de Gipuzkoa y coordinado por Iraurgi Beritzen.<\/p>\n<p style=\"text-align: justify;\">Esta iniciativa es pionera en la comarca y ya se ha llevado a cabo en m\u00e1s de 500 centros de toda Europa con resultados exitosos.<\/p>\n<p style=\"text-align: justify;\">En la presentaci\u00f3n celebrada en el Palacio Basazabal de Azpeitia han estado presentes el Diputado de Medio Ambiente y Obras Hidr\u00e1ulicas de la Diputaci\u00f3n Foral de Gipuzkoa, los Alcaldes de Azpeitia y Azkoitia y los representantes de los centros escolares de la comarca.<\/p>\n<p style=\"text-align: justify;\">Los centros que participan en este proyecto son: Urola Ikastola BHI, Azpeitiko Ikastola Karmelo Etxegarai, Azpeitiko Ikastola Ikasberri, Iraurgi Ikastetxea y Azkoitia BHI. El objetivo principal de la campa\u00f1a es ahorrar en el consumo de energ\u00eda en estos centros mediante la implantaci\u00f3n de buenas pr\u00e1cticas en el uso y gesti\u00f3n de la energ\u00eda. El ahorro en cada centro se invertir\u00e1 en acciones con menor consumo y que permitan mejorar la eficiencia energ\u00e9tica. Adem\u00e1s, dentro del programa han creado un personaje llamado Lur que dar\u00e1 consejos a los alumnos para ahorrar energ\u00eda.<\/p>\n<p style=\"text-align: justify;\">En la presentaci\u00f3n del proyecto ha intervenido en primer lugar Asensio, quien ha explicado que es \u00abnecesario\u00bb tener una \u00abvisi\u00f3n social\u00bb sobre la energ\u00eda para reducir el cambio clim\u00e1tico, la pobreza energ\u00e9tica y la vulnerabilidad energ\u00e9tica.<\/p>\n<p style=\"text-align: justify;\">A continuaci\u00f3n ha tomado la palabra el alcalde de Azkoitia y presidente de Iraurgi Berritzen, Javier Zubizarreta. Para empezar, ha destacado la \u00abimportancia de la colaboraci\u00f3n\u00bb entre los firmantes del programa. Zubizarreta ha explicado que, en la actualidad, la sociedad tiene \u00abun reto que no tiene vuelta atr\u00e1s\u00bb cuando se ha referido a la emergencia clim\u00e1tica, para lo que es \u00abimprescindible\u00bb centrarse en el consumo de energ\u00eda.<\/p>\n<p style=\"text-align: justify;\">Por su parte, Camino Saiz, directora de la Ikastola de Azpeitia Karmelo Etxegarai y representante de los centros educativos de la Mesa de Energ\u00eda del Urola Medio, ha hablado de los pasos dados hasta ahora. Saiz ha precisado que se elaborar\u00e1 un plan para abordar un consumo energ\u00e9tico m\u00e1s responsable y despu\u00e9s se calcular\u00e1n los resultados del diagn\u00f3stico para analizar c\u00f3mo pueden reducir el consumo de energ\u00eda.<\/p>\n<p style=\"text-align: justify;\">La alcaldesa de Azpeitia, Nagore Alkorta, tambi\u00e9n se ha referido a la importancia de la emergencia clim\u00e1tica y ha considerado \u00abimprescindible\u00bb la implicaci\u00f3n y el compromiso de todos los agentes para reducir el consumo energ\u00e9tico.<\/p>\n","protected":false},"excerpt":{"rendered":"<p>Bajo la coordinaci\u00f3n de Iraurgi Berritzen, la Mesa de Energ\u00eda de Urola Erdia y la Diputaci\u00f3n Foral de Gipuzkoa, en l\u00ednea con la campa\u00f1a \u00abEntzun energiaren ahotsa\u00bb, cuyo objetivo es ahorrar energ\u00eda en los edificios p\u00fablicos, han firmado un convenio en relaci\u00f3n al proyecto europeo Euronet 50\/50, promovido por el departamento de Medio Ambiente de [&hellip;]<\/p>\n","protected":false},"author":1,"featured_media":17739,"comment_status":"","ping_status":"closed","sticky":false,"template":"","format":"standard","meta":{"_acf_changed":false,"footnotes":""},"categories":[4],"tags":[],"class_list":["post-12852","post","type-post","status-publish","format-standard","has-post-thumbnail","hentry","category-noticias"],"acf":[],"yoast_head":"<!-- This site is optimized with the Yoast SEO plugin v27.4 - https:\/\/yoast.com\/product\/yoast-seo-wordpress\/ -->\n<title>Los centros escolares de la comarca fomentar\u00e1n el ahorro energ\u00e9tico a trav\u00e9s del proyecto \u201cEntzun energiaren ahotsa&quot; - Iraurgi Berritzen<\/title>\n<meta name=\"robots\" content=\"index, follow, max-snippet:-1, max-image-preview:large, max-video-preview:-1\" \/>\n<link rel=\"canonical\" href=\"https:\/\/iraurgiberritzen.eus\/es\/los-centros-escolares-de-la-comarca-fomentaran-el-ahorro-energetico-a-traves-del-proyecto-entzun-energiaren-ahotsa\/\" \/>\n<meta property=\"og:locale\" content=\"es_ES\" \/>\n<meta property=\"og:type\" content=\"article\" \/>\n<meta property=\"og:title\" content=\"Los centros escolares de la comarca fomentar\u00e1n el ahorro energ\u00e9tico a trav\u00e9s del proyecto \u201cEntzun energiaren ahotsa&quot; - Iraurgi Berritzen\" \/>\n<meta property=\"og:description\" content=\"Bajo la coordinaci\u00f3n de Iraurgi Berritzen, la Mesa de Energ\u00eda de Urola Erdia y la Diputaci\u00f3n Foral de Gipuzkoa, en l\u00ednea con la campa\u00f1a \u00abEntzun energiaren ahotsa\u00bb, cuyo objetivo es ahorrar energ\u00eda en los edificios p\u00fablicos, han firmado un convenio en relaci\u00f3n al proyecto europeo Euronet 50\/50, promovido por el departamento de Medio Ambiente de [&hellip;]\" \/>\n<meta property=\"og:url\" content=\"https:\/\/iraurgiberritzen.eus\/es\/los-centros-escolares-de-la-comarca-fomentaran-el-ahorro-energetico-a-traves-del-proyecto-entzun-energiaren-ahotsa\/\" \/>\n<meta property=\"og:site_name\" content=\"Iraurgi Berritzen\" \/>\n<meta property=\"article:published_time\" content=\"2020-03-04T05:42:10+00:00\" \/>\n<meta name=\"author\" content=\"kudeatzailea\" \/>\n<meta name=\"twitter:card\" content=\"summary_large_image\" \/>\n<meta name=\"twitter:label1\" content=\"Escrito por\" \/>\n\t<meta name=\"twitter:data1\" content=\"kudeatzailea\" \/>\n\t<meta name=\"twitter:label2\" content=\"Tiempo de lectura\" \/>\n\t<meta name=\"twitter:data2\" content=\"2 minutos\" \/>\n<script type=\"application\/ld+json\" class=\"yoast-schema-graph\">{\"@context\":\"https:\\\/\\\/schema.org\",\"@graph\":[{\"@type\":\"Article\",\"@id\":\"https:\\\/\\\/iraurgiberritzen.eus\\\/es\\\/los-centros-escolares-de-la-comarca-fomentaran-el-ahorro-energetico-a-traves-del-proyecto-entzun-energiaren-ahotsa\\\/#article\",\"isPartOf\":{\"@id\":\"https:\\\/\\\/iraurgiberritzen.eus\\\/es\\\/los-centros-escolares-de-la-comarca-fomentaran-el-ahorro-energetico-a-traves-del-proyecto-entzun-energiaren-ahotsa\\\/\"},\"author\":{\"name\":\"kudeatzailea\",\"@id\":\"https:\\\/\\\/iraurgiberritzen.eus\\\/es\\\/#\\\/schema\\\/person\\\/5ab41aaf388a9097177601ebf45738d2\"},\"headline\":\"Los centros escolares de la comarca fomentar\u00e1n el ahorro energ\u00e9tico a trav\u00e9s del proyecto \u201cEntzun energiaren ahotsa\u00bb\",\"datePublished\":\"2020-03-04T05:42:10+00:00\",\"mainEntityOfPage\":{\"@id\":\"https:\\\/\\\/iraurgiberritzen.eus\\\/es\\\/los-centros-escolares-de-la-comarca-fomentaran-el-ahorro-energetico-a-traves-del-proyecto-entzun-energiaren-ahotsa\\\/\"},\"wordCount\":492,\"publisher\":{\"@id\":\"https:\\\/\\\/iraurgiberritzen.eus\\\/es\\\/#organization\"},\"image\":{\"@id\":\"https:\\\/\\\/iraurgiberritzen.eus\\\/es\\\/los-centros-escolares-de-la-comarca-fomentaran-el-ahorro-energetico-a-traves-del-proyecto-entzun-energiaren-ahotsa\\\/#primaryimage\"},\"thumbnailUrl\":\"https:\\\/\\\/iraurgiberritzen.eus\\\/wp-content\\\/uploads\\\/2023\\\/09\\\/70f7f16131bcee9413b03bd0296217c6.jpg\",\"articleSection\":[\"Noticias\"],\"inLanguage\":\"es\"},{\"@type\":\"WebPage\",\"@id\":\"https:\\\/\\\/iraurgiberritzen.eus\\\/es\\\/los-centros-escolares-de-la-comarca-fomentaran-el-ahorro-energetico-a-traves-del-proyecto-entzun-energiaren-ahotsa\\\/\",\"url\":\"https:\\\/\\\/iraurgiberritzen.eus\\\/es\\\/los-centros-escolares-de-la-comarca-fomentaran-el-ahorro-energetico-a-traves-del-proyecto-entzun-energiaren-ahotsa\\\/\",\"name\":\"Los centros escolares de la comarca fomentar\u00e1n el ahorro energ\u00e9tico a trav\u00e9s del proyecto \u201cEntzun energiaren ahotsa\\\" - Iraurgi Berritzen\",\"isPartOf\":{\"@id\":\"https:\\\/\\\/iraurgiberritzen.eus\\\/es\\\/#website\"},\"primaryImageOfPage\":{\"@id\":\"https:\\\/\\\/iraurgiberritzen.eus\\\/es\\\/los-centros-escolares-de-la-comarca-fomentaran-el-ahorro-energetico-a-traves-del-proyecto-entzun-energiaren-ahotsa\\\/#primaryimage\"},\"image\":{\"@id\":\"https:\\\/\\\/iraurgiberritzen.eus\\\/es\\\/los-centros-escolares-de-la-comarca-fomentaran-el-ahorro-energetico-a-traves-del-proyecto-entzun-energiaren-ahotsa\\\/#primaryimage\"},\"thumbnailUrl\":\"https:\\\/\\\/iraurgiberritzen.eus\\\/wp-content\\\/uploads\\\/2023\\\/09\\\/70f7f16131bcee9413b03bd0296217c6.jpg\",\"datePublished\":\"2020-03-04T05:42:10+00:00\",\"breadcrumb\":{\"@id\":\"https:\\\/\\\/iraurgiberritzen.eus\\\/es\\\/los-centros-escolares-de-la-comarca-fomentaran-el-ahorro-energetico-a-traves-del-proyecto-entzun-energiaren-ahotsa\\\/#breadcrumb\"},\"inLanguage\":\"es\",\"potentialAction\":[{\"@type\":\"ReadAction\",\"target\":[\"https:\\\/\\\/iraurgiberritzen.eus\\\/es\\\/los-centros-escolares-de-la-comarca-fomentaran-el-ahorro-energetico-a-traves-del-proyecto-entzun-energiaren-ahotsa\\\/\"]}]},{\"@type\":\"ImageObject\",\"inLanguage\":\"es\",\"@id\":\"https:\\\/\\\/iraurgiberritzen.eus\\\/es\\\/los-centros-escolares-de-la-comarca-fomentaran-el-ahorro-energetico-a-traves-del-proyecto-entzun-energiaren-ahotsa\\\/#primaryimage\",\"url\":\"https:\\\/\\\/iraurgiberritzen.eus\\\/wp-content\\\/uploads\\\/2023\\\/09\\\/70f7f16131bcee9413b03bd0296217c6.jpg\",\"contentUrl\":\"https:\\\/\\\/iraurgiberritzen.eus\\\/wp-content\\\/uploads\\\/2023\\\/09\\\/70f7f16131bcee9413b03bd0296217c6.jpg\",\"width\":600,\"height\":386},{\"@type\":\"BreadcrumbList\",\"@id\":\"https:\\\/\\\/iraurgiberritzen.eus\\\/es\\\/los-centros-escolares-de-la-comarca-fomentaran-el-ahorro-energetico-a-traves-del-proyecto-entzun-energiaren-ahotsa\\\/#breadcrumb\",\"itemListElement\":[{\"@type\":\"ListItem\",\"position\":1,\"name\":\"Home\",\"item\":\"https:\\\/\\\/iraurgiberritzen.eus\\\/es\\\/\"},{\"@type\":\"ListItem\",\"position\":2,\"name\":\"Los centros escolares de la comarca fomentar\u00e1n el ahorro energ\u00e9tico a trav\u00e9s del proyecto \u201cEntzun energiaren ahotsa&#8221;\"}]},{\"@type\":\"WebSite\",\"@id\":\"https:\\\/\\\/iraurgiberritzen.eus\\\/es\\\/#website\",\"url\":\"https:\\\/\\\/iraurgiberritzen.eus\\\/es\\\/\",\"name\":\"Iraurgi Berritzen\",\"description\":\"Urola Erdiko Garapen Agentzia\",\"publisher\":{\"@id\":\"https:\\\/\\\/iraurgiberritzen.eus\\\/es\\\/#organization\"},\"potentialAction\":[{\"@type\":\"SearchAction\",\"target\":{\"@type\":\"EntryPoint\",\"urlTemplate\":\"https:\\\/\\\/iraurgiberritzen.eus\\\/es\\\/?s={search_term_string}\"},\"query-input\":{\"@type\":\"PropertyValueSpecification\",\"valueRequired\":true,\"valueName\":\"search_term_string\"}}],\"inLanguage\":\"es\"},{\"@type\":\"Organization\",\"@id\":\"https:\\\/\\\/iraurgiberritzen.eus\\\/es\\\/#organization\",\"name\":\"Iraurgi Berritzen\",\"url\":\"https:\\\/\\\/iraurgiberritzen.eus\\\/es\\\/\",\"logo\":{\"@type\":\"ImageObject\",\"inLanguage\":\"es\",\"@id\":\"https:\\\/\\\/iraurgiberritzen.eus\\\/es\\\/#\\\/schema\\\/logo\\\/image\\\/\",\"url\":\"https:\\\/\\\/iraurgiberritzen.eus\\\/wp-content\\\/uploads\\\/2024\\\/02\\\/IRAURGI-BERRITZEN-logotipoa_2.png\",\"contentUrl\":\"https:\\\/\\\/iraurgiberritzen.eus\\\/wp-content\\\/uploads\\\/2024\\\/02\\\/IRAURGI-BERRITZEN-logotipoa_2.png\",\"width\":496,\"height\":190,\"caption\":\"Iraurgi Berritzen\"},\"image\":{\"@id\":\"https:\\\/\\\/iraurgiberritzen.eus\\\/es\\\/#\\\/schema\\\/logo\\\/image\\\/\"}},{\"@type\":\"Person\",\"@id\":\"https:\\\/\\\/iraurgiberritzen.eus\\\/es\\\/#\\\/schema\\\/person\\\/5ab41aaf388a9097177601ebf45738d2\",\"name\":\"kudeatzailea\",\"sameAs\":[\"https:\\\/\\\/iraurgiberritzen.eus\"]}]}<\/script>\n<!-- \/ Yoast SEO plugin. -->","yoast_head_json":{"title":"Los centros escolares de la comarca fomentar\u00e1n el ahorro energ\u00e9tico a trav\u00e9s del proyecto \u201cEntzun energiaren ahotsa\" - Iraurgi Berritzen","robots":{"index":"index","follow":"follow","max-snippet":"max-snippet:-1","max-image-preview":"max-image-preview:large","max-video-preview":"max-video-preview:-1"},"canonical":"https:\/\/iraurgiberritzen.eus\/es\/los-centros-escolares-de-la-comarca-fomentaran-el-ahorro-energetico-a-traves-del-proyecto-entzun-energiaren-ahotsa\/","og_locale":"es_ES","og_type":"article","og_title":"Los centros escolares de la comarca fomentar\u00e1n el ahorro energ\u00e9tico a trav\u00e9s del proyecto \u201cEntzun energiaren ahotsa\" - Iraurgi Berritzen","og_description":"Bajo la coordinaci\u00f3n de Iraurgi Berritzen, la Mesa de Energ\u00eda de Urola Erdia y la Diputaci\u00f3n Foral de Gipuzkoa, en l\u00ednea con la campa\u00f1a \u00abEntzun energiaren ahotsa\u00bb, cuyo objetivo es ahorrar energ\u00eda en los edificios p\u00fablicos, han firmado un convenio en relaci\u00f3n al proyecto europeo Euronet 50\/50, promovido por el departamento de Medio Ambiente de [&hellip;]","og_url":"https:\/\/iraurgiberritzen.eus\/es\/los-centros-escolares-de-la-comarca-fomentaran-el-ahorro-energetico-a-traves-del-proyecto-entzun-energiaren-ahotsa\/","og_site_name":"Iraurgi Berritzen","article_published_time":"2020-03-04T05:42:10+00:00","author":"kudeatzailea","twitter_card":"summary_large_image","twitter_misc":{"Escrito por":"kudeatzailea","Tiempo de lectura":"2 minutos"},"schema":{"@context":"https:\/\/schema.org","@graph":[{"@type":"Article","@id":"https:\/\/iraurgiberritzen.eus\/es\/los-centros-escolares-de-la-comarca-fomentaran-el-ahorro-energetico-a-traves-del-proyecto-entzun-energiaren-ahotsa\/#article","isPartOf":{"@id":"https:\/\/iraurgiberritzen.eus\/es\/los-centros-escolares-de-la-comarca-fomentaran-el-ahorro-energetico-a-traves-del-proyecto-entzun-energiaren-ahotsa\/"},"author":{"name":"kudeatzailea","@id":"https:\/\/iraurgiberritzen.eus\/es\/#\/schema\/person\/5ab41aaf388a9097177601ebf45738d2"},"headline":"Los centros escolares de la comarca fomentar\u00e1n el ahorro energ\u00e9tico a trav\u00e9s del proyecto \u201cEntzun energiaren ahotsa\u00bb","datePublished":"2020-03-04T05:42:10+00:00","mainEntityOfPage":{"@id":"https:\/\/iraurgiberritzen.eus\/es\/los-centros-escolares-de-la-comarca-fomentaran-el-ahorro-energetico-a-traves-del-proyecto-entzun-energiaren-ahotsa\/"},"wordCount":492,"publisher":{"@id":"https:\/\/iraurgiberritzen.eus\/es\/#organization"},"image":{"@id":"https:\/\/iraurgiberritzen.eus\/es\/los-centros-escolares-de-la-comarca-fomentaran-el-ahorro-energetico-a-traves-del-proyecto-entzun-energiaren-ahotsa\/#primaryimage"},"thumbnailUrl":"https:\/\/iraurgiberritzen.eus\/wp-content\/uploads\/2023\/09\/70f7f16131bcee9413b03bd0296217c6.jpg","articleSection":["Noticias"],"inLanguage":"es"},{"@type":"WebPage","@id":"https:\/\/iraurgiberritzen.eus\/es\/los-centros-escolares-de-la-comarca-fomentaran-el-ahorro-energetico-a-traves-del-proyecto-entzun-energiaren-ahotsa\/","url":"https:\/\/iraurgiberritzen.eus\/es\/los-centros-escolares-de-la-comarca-fomentaran-el-ahorro-energetico-a-traves-del-proyecto-entzun-energiaren-ahotsa\/","name":"Los centros escolares de la comarca fomentar\u00e1n el ahorro energ\u00e9tico a trav\u00e9s del proyecto \u201cEntzun energiaren ahotsa\" - Iraurgi Berritzen","isPartOf":{"@id":"https:\/\/iraurgiberritzen.eus\/es\/#website"},"primaryImageOfPage":{"@id":"https:\/\/iraurgiberritzen.eus\/es\/los-centros-escolares-de-la-comarca-fomentaran-el-ahorro-energetico-a-traves-del-proyecto-entzun-energiaren-ahotsa\/#primaryimage"},"image":{"@id":"https:\/\/iraurgiberritzen.eus\/es\/los-centros-escolares-de-la-comarca-fomentaran-el-ahorro-energetico-a-traves-del-proyecto-entzun-energiaren-ahotsa\/#primaryimage"},"thumbnailUrl":"https:\/\/iraurgiberritzen.eus\/wp-content\/uploads\/2023\/09\/70f7f16131bcee9413b03bd0296217c6.jpg","datePublished":"2020-03-04T05:42:10+00:00","breadcrumb":{"@id":"https:\/\/iraurgiberritzen.eus\/es\/los-centros-escolares-de-la-comarca-fomentaran-el-ahorro-energetico-a-traves-del-proyecto-entzun-energiaren-ahotsa\/#breadcrumb"},"inLanguage":"es","potentialAction":[{"@type":"ReadAction","target":["https:\/\/iraurgiberritzen.eus\/es\/los-centros-escolares-de-la-comarca-fomentaran-el-ahorro-energetico-a-traves-del-proyecto-entzun-energiaren-ahotsa\/"]}]},{"@type":"ImageObject","inLanguage":"es","@id":"https:\/\/iraurgiberritzen.eus\/es\/los-centros-escolares-de-la-comarca-fomentaran-el-ahorro-energetico-a-traves-del-proyecto-entzun-energiaren-ahotsa\/#primaryimage","url":"https:\/\/iraurgiberritzen.eus\/wp-content\/uploads\/2023\/09\/70f7f16131bcee9413b03bd0296217c6.jpg","contentUrl":"https:\/\/iraurgiberritzen.eus\/wp-content\/uploads\/2023\/09\/70f7f16131bcee9413b03bd0296217c6.jpg","width":600,"height":386},{"@type":"BreadcrumbList","@id":"https:\/\/iraurgiberritzen.eus\/es\/los-centros-escolares-de-la-comarca-fomentaran-el-ahorro-energetico-a-traves-del-proyecto-entzun-energiaren-ahotsa\/#breadcrumb","itemListElement":[{"@type":"ListItem","position":1,"name":"Home","item":"https:\/\/iraurgiberritzen.eus\/es\/"},{"@type":"ListItem","position":2,"name":"Los centros escolares de la comarca fomentar\u00e1n el ahorro energ\u00e9tico a trav\u00e9s del proyecto \u201cEntzun energiaren ahotsa&#8221;"}]},{"@type":"WebSite","@id":"https:\/\/iraurgiberritzen.eus\/es\/#website","url":"https:\/\/iraurgiberritzen.eus\/es\/","name":"Iraurgi Berritzen","description":"Urola Erdiko Garapen Agentzia","publisher":{"@id":"https:\/\/iraurgiberritzen.eus\/es\/#organization"},"potentialAction":[{"@type":"SearchAction","target":{"@type":"EntryPoint","urlTemplate":"https:\/\/iraurgiberritzen.eus\/es\/?s={search_term_string}"},"query-input":{"@type":"PropertyValueSpecification","valueRequired":true,"valueName":"search_term_string"}}],"inLanguage":"es"},{"@type":"Organization","@id":"https:\/\/iraurgiberritzen.eus\/es\/#organization","name":"Iraurgi Berritzen","url":"https:\/\/iraurgiberritzen.eus\/es\/","logo":{"@type":"ImageObject","inLanguage":"es","@id":"https:\/\/iraurgiberritzen.eus\/es\/#\/schema\/logo\/image\/","url":"https:\/\/iraurgiberritzen.eus\/wp-content\/uploads\/2024\/02\/IRAURGI-BERRITZEN-logotipoa_2.png","contentUrl":"https:\/\/iraurgiberritzen.eus\/wp-content\/uploads\/2024\/02\/IRAURGI-BERRITZEN-logotipoa_2.png","width":496,"height":190,"caption":"Iraurgi Berritzen"},"image":{"@id":"https:\/\/iraurgiberritzen.eus\/es\/#\/schema\/logo\/image\/"}},{"@type":"Person","@id":"https:\/\/iraurgiberritzen.eus\/es\/#\/schema\/person\/5ab41aaf388a9097177601ebf45738d2","name":"kudeatzailea","sameAs":["https:\/\/iraurgiberritzen.eus"]}]}},"_links":{"self":[{"href":"https:\/\/iraurgiberritzen.eus\/es\/wp-json\/wp\/v2\/posts\/12852","targetHints":{"allow":["GET"]}}],"collection":[{"href":"https:\/\/iraurgiberritzen.eus\/es\/wp-json\/wp\/v2\/posts"}],"about":[{"href":"https:\/\/iraurgiberritzen.eus\/es\/wp-json\/wp\/v2\/types\/post"}],"author":[{"embeddable":true,"href":"https:\/\/iraurgiberritzen.eus\/es\/wp-json\/wp\/v2\/users\/1"}],"replies":[{"embeddable":true,"href":"https:\/\/iraurgiberritzen.eus\/es\/wp-json\/wp\/v2\/comments?post=12852"}],"version-history":[{"count":0,"href":"https:\/\/iraurgiberritzen.eus\/es\/wp-json\/wp\/v2\/posts\/12852\/revisions"}],"wp:featuredmedia":[{"embeddable":true,"href":"https:\/\/iraurgiberritzen.eus\/es\/wp-json\/wp\/v2\/media\/17739"}],"wp:attachment":[{"href":"https:\/\/iraurgiberritzen.eus\/es\/wp-json\/wp\/v2\/media?parent=12852"}],"wp:term":[{"taxonomy":"category","embeddable":true,"href":"https:\/\/iraurgiberritzen.eus\/es\/wp-json\/wp\/v2\/categories?post=12852"},{"taxonomy":"post_tag","embeddable":true,"href":"https:\/\/iraurgiberritzen.eus\/es\/wp-json\/wp\/v2\/tags?post=12852"}],"curies":[{"name":"wp","href":"https:\/\/api.w.org\/{rel}","templated":true}]}}