{"id":12861,"date":"2020-02-28T11:40:08","date_gmt":"2020-02-28T09:40:08","guid":{"rendered":"https:\/\/iraurgiberritzen.eus\/enpresa-gunea-ha-celebrado-su-primera-reunion-anual-invitando-a-goierri-valley\/"},"modified":"2020-02-28T11:40:08","modified_gmt":"2020-02-28T09:40:08","slug":"enpresa-gunea-ha-celebrado-su-primera-reunion-anual-invitando-a-goierri-valley","status":"publish","type":"post","link":"https:\/\/iraurgiberritzen.eus\/es\/enpresa-gunea-ha-celebrado-su-primera-reunion-anual-invitando-a-goierri-valley\/","title":{"rendered":"Enpresa Gunea ha celebrado su primera reuni\u00f3n anual,  invitando a Goierri Valley"},"content":{"rendered":"<p style=\"text-align: justify;\">El 27 de febrero se han reunido los miembros de Enpresa Gunea, el foro de representantes de las empresas de la comarca.<\/p>\n<p style=\"text-align: justify;\">En la reuni\u00f3n, se ha realizado el seguimiento del plan de acci\u00f3n 2020 y se han tomado decisiones sobre las nuevas l\u00edneas de trabajo.<\/p>\n<p style=\"text-align: justify;\">A lo largo de este a\u00f1o se pondr\u00e1n en marcha nuevos grupos de trabajo por perfiles, para compartir conocimientos y relaciones en espacios espec\u00edficos, y adem\u00e1s se reforzar\u00e1 el proyecto Ikasiz, en el \u00e1mbito tecnol\u00f3gico (desayunos tecnol\u00f3gicos) y de gesti\u00f3n con jornadas y difusi\u00f3n de buenas experiencias.<\/p>\n<p style=\"text-align: justify;\">Tambi\u00e9n se organizar\u00e1 un nuevo acto de conocimiento e intercambio entre empresas industriales y j\u00f3venes de la comarca.<\/p>\n<p style=\"text-align: justify;\">Adem\u00e1s han sido objetivo de an\u00e1lisis, las condiciones y acciones necesarias a desarrollar para fomentar el atractivo de la comarca. En esta l\u00ednea, se ha invitado a participar a representantes de <a href=\"https:\/\/www.goierrivalley.com\/\" target=\"_blank\" rel=\"noopener\">Goierri Valley<\/a>, donde los asistentes han tenido la oportunidad de conocer de primera mano, su experiencia como asociaci\u00f3n de empresas, creada con el objetivo de fortalecer la actividad industrial del Goierri.<\/p>\n<p style=\"text-align: justify;\">Empresas que componen actualmente Enpresa Gunea: Sarralle, Glual, Biele, Elkarmedia, Berritek, Arrieta, Ormola, Sidenor, Xubi, Tecnicur.<\/p>\n","protected":false},"excerpt":{"rendered":"<p>El 27 de febrero se han reunido los miembros de Enpresa Gunea, el foro de representantes de las empresas de la comarca. En la reuni\u00f3n, se ha realizado el seguimiento del plan de acci\u00f3n 2020 y se han tomado decisiones sobre las nuevas l\u00edneas de trabajo. A lo largo de este a\u00f1o se pondr\u00e1n en [&hellip;]<\/p>\n","protected":false},"author":1,"featured_media":17742,"comment_status":"","ping_status":"closed","sticky":false,"template":"","format":"standard","meta":{"_acf_changed":false,"footnotes":""},"categories":[4],"tags":[],"class_list":["post-12861","post","type-post","status-publish","format-standard","has-post-thumbnail","hentry","category-noticias"],"acf":[],"yoast_head":"<!-- This site is optimized with the Yoast SEO plugin v27.4 - https:\/\/yoast.com\/product\/yoast-seo-wordpress\/ -->\n<title>Enpresa Gunea ha celebrado su primera reuni\u00f3n anual, invitando a Goierri Valley - Iraurgi Berritzen<\/title>\n<meta name=\"robots\" content=\"index, follow, max-snippet:-1, max-image-preview:large, max-video-preview:-1\" \/>\n<link rel=\"canonical\" href=\"https:\/\/iraurgiberritzen.eus\/es\/enpresa-gunea-ha-celebrado-su-primera-reunion-anual-invitando-a-goierri-valley\/\" \/>\n<meta property=\"og:locale\" content=\"es_ES\" \/>\n<meta property=\"og:type\" content=\"article\" \/>\n<meta property=\"og:title\" content=\"Enpresa Gunea ha celebrado su primera reuni\u00f3n anual, invitando a Goierri Valley - Iraurgi Berritzen\" \/>\n<meta property=\"og:description\" content=\"El 27 de febrero se han reunido los miembros de Enpresa Gunea, el foro de representantes de las empresas de la comarca. En la reuni\u00f3n, se ha realizado el seguimiento del plan de acci\u00f3n 2020 y se han tomado decisiones sobre las nuevas l\u00edneas de trabajo. A lo largo de este a\u00f1o se pondr\u00e1n en [&hellip;]\" \/>\n<meta property=\"og:url\" content=\"https:\/\/iraurgiberritzen.eus\/es\/enpresa-gunea-ha-celebrado-su-primera-reunion-anual-invitando-a-goierri-valley\/\" \/>\n<meta property=\"og:site_name\" content=\"Iraurgi Berritzen\" \/>\n<meta property=\"article:published_time\" content=\"2020-02-28T09:40:08+00:00\" \/>\n<meta name=\"author\" content=\"kudeatzailea\" \/>\n<meta name=\"twitter:card\" content=\"summary_large_image\" \/>\n<meta name=\"twitter:label1\" content=\"Escrito por\" \/>\n\t<meta name=\"twitter:data1\" content=\"kudeatzailea\" \/>\n\t<meta name=\"twitter:label2\" content=\"Tiempo de lectura\" \/>\n\t<meta name=\"twitter:data2\" content=\"1 minuto\" \/>\n<script type=\"application\/ld+json\" class=\"yoast-schema-graph\">{\"@context\":\"https:\\\/\\\/schema.org\",\"@graph\":[{\"@type\":\"Article\",\"@id\":\"https:\\\/\\\/iraurgiberritzen.eus\\\/es\\\/enpresa-gunea-ha-celebrado-su-primera-reunion-anual-invitando-a-goierri-valley\\\/#article\",\"isPartOf\":{\"@id\":\"https:\\\/\\\/iraurgiberritzen.eus\\\/es\\\/enpresa-gunea-ha-celebrado-su-primera-reunion-anual-invitando-a-goierri-valley\\\/\"},\"author\":{\"name\":\"kudeatzailea\",\"@id\":\"https:\\\/\\\/iraurgiberritzen.eus\\\/es\\\/#\\\/schema\\\/person\\\/5ab41aaf388a9097177601ebf45738d2\"},\"headline\":\"Enpresa Gunea ha celebrado su primera reuni\u00f3n anual, invitando a Goierri Valley\",\"datePublished\":\"2020-02-28T09:40:08+00:00\",\"mainEntityOfPage\":{\"@id\":\"https:\\\/\\\/iraurgiberritzen.eus\\\/es\\\/enpresa-gunea-ha-celebrado-su-primera-reunion-anual-invitando-a-goierri-valley\\\/\"},\"wordCount\":217,\"publisher\":{\"@id\":\"https:\\\/\\\/iraurgiberritzen.eus\\\/es\\\/#organization\"},\"image\":{\"@id\":\"https:\\\/\\\/iraurgiberritzen.eus\\\/es\\\/enpresa-gunea-ha-celebrado-su-primera-reunion-anual-invitando-a-goierri-valley\\\/#primaryimage\"},\"thumbnailUrl\":\"https:\\\/\\\/iraurgiberritzen.eus\\\/wp-content\\\/uploads\\\/2023\\\/09\\\/f64f51f7a96bb14202569a0586002bf4.jpg\",\"articleSection\":[\"Noticias\"],\"inLanguage\":\"es\"},{\"@type\":\"WebPage\",\"@id\":\"https:\\\/\\\/iraurgiberritzen.eus\\\/es\\\/enpresa-gunea-ha-celebrado-su-primera-reunion-anual-invitando-a-goierri-valley\\\/\",\"url\":\"https:\\\/\\\/iraurgiberritzen.eus\\\/es\\\/enpresa-gunea-ha-celebrado-su-primera-reunion-anual-invitando-a-goierri-valley\\\/\",\"name\":\"Enpresa Gunea ha celebrado su primera reuni\u00f3n anual, invitando a Goierri Valley - Iraurgi Berritzen\",\"isPartOf\":{\"@id\":\"https:\\\/\\\/iraurgiberritzen.eus\\\/es\\\/#website\"},\"primaryImageOfPage\":{\"@id\":\"https:\\\/\\\/iraurgiberritzen.eus\\\/es\\\/enpresa-gunea-ha-celebrado-su-primera-reunion-anual-invitando-a-goierri-valley\\\/#primaryimage\"},\"image\":{\"@id\":\"https:\\\/\\\/iraurgiberritzen.eus\\\/es\\\/enpresa-gunea-ha-celebrado-su-primera-reunion-anual-invitando-a-goierri-valley\\\/#primaryimage\"},\"thumbnailUrl\":\"https:\\\/\\\/iraurgiberritzen.eus\\\/wp-content\\\/uploads\\\/2023\\\/09\\\/f64f51f7a96bb14202569a0586002bf4.jpg\",\"datePublished\":\"2020-02-28T09:40:08+00:00\",\"breadcrumb\":{\"@id\":\"https:\\\/\\\/iraurgiberritzen.eus\\\/es\\\/enpresa-gunea-ha-celebrado-su-primera-reunion-anual-invitando-a-goierri-valley\\\/#breadcrumb\"},\"inLanguage\":\"es\",\"potentialAction\":[{\"@type\":\"ReadAction\",\"target\":[\"https:\\\/\\\/iraurgiberritzen.eus\\\/es\\\/enpresa-gunea-ha-celebrado-su-primera-reunion-anual-invitando-a-goierri-valley\\\/\"]}]},{\"@type\":\"ImageObject\",\"inLanguage\":\"es\",\"@id\":\"https:\\\/\\\/iraurgiberritzen.eus\\\/es\\\/enpresa-gunea-ha-celebrado-su-primera-reunion-anual-invitando-a-goierri-valley\\\/#primaryimage\",\"url\":\"https:\\\/\\\/iraurgiberritzen.eus\\\/wp-content\\\/uploads\\\/2023\\\/09\\\/f64f51f7a96bb14202569a0586002bf4.jpg\",\"contentUrl\":\"https:\\\/\\\/iraurgiberritzen.eus\\\/wp-content\\\/uploads\\\/2023\\\/09\\\/f64f51f7a96bb14202569a0586002bf4.jpg\",\"width\":600,\"height\":386},{\"@type\":\"BreadcrumbList\",\"@id\":\"https:\\\/\\\/iraurgiberritzen.eus\\\/es\\\/enpresa-gunea-ha-celebrado-su-primera-reunion-anual-invitando-a-goierri-valley\\\/#breadcrumb\",\"itemListElement\":[{\"@type\":\"ListItem\",\"position\":1,\"name\":\"Home\",\"item\":\"https:\\\/\\\/iraurgiberritzen.eus\\\/es\\\/\"},{\"@type\":\"ListItem\",\"position\":2,\"name\":\"Enpresa Gunea ha celebrado su primera reuni\u00f3n anual, invitando a Goierri Valley\"}]},{\"@type\":\"WebSite\",\"@id\":\"https:\\\/\\\/iraurgiberritzen.eus\\\/es\\\/#website\",\"url\":\"https:\\\/\\\/iraurgiberritzen.eus\\\/es\\\/\",\"name\":\"Iraurgi Berritzen\",\"description\":\"Urola Erdiko Garapen Agentzia\",\"publisher\":{\"@id\":\"https:\\\/\\\/iraurgiberritzen.eus\\\/es\\\/#organization\"},\"potentialAction\":[{\"@type\":\"SearchAction\",\"target\":{\"@type\":\"EntryPoint\",\"urlTemplate\":\"https:\\\/\\\/iraurgiberritzen.eus\\\/es\\\/?s={search_term_string}\"},\"query-input\":{\"@type\":\"PropertyValueSpecification\",\"valueRequired\":true,\"valueName\":\"search_term_string\"}}],\"inLanguage\":\"es\"},{\"@type\":\"Organization\",\"@id\":\"https:\\\/\\\/iraurgiberritzen.eus\\\/es\\\/#organization\",\"name\":\"Iraurgi Berritzen\",\"url\":\"https:\\\/\\\/iraurgiberritzen.eus\\\/es\\\/\",\"logo\":{\"@type\":\"ImageObject\",\"inLanguage\":\"es\",\"@id\":\"https:\\\/\\\/iraurgiberritzen.eus\\\/es\\\/#\\\/schema\\\/logo\\\/image\\\/\",\"url\":\"https:\\\/\\\/iraurgiberritzen.eus\\\/wp-content\\\/uploads\\\/2024\\\/02\\\/IRAURGI-BERRITZEN-logotipoa_2.png\",\"contentUrl\":\"https:\\\/\\\/iraurgiberritzen.eus\\\/wp-content\\\/uploads\\\/2024\\\/02\\\/IRAURGI-BERRITZEN-logotipoa_2.png\",\"width\":496,\"height\":190,\"caption\":\"Iraurgi Berritzen\"},\"image\":{\"@id\":\"https:\\\/\\\/iraurgiberritzen.eus\\\/es\\\/#\\\/schema\\\/logo\\\/image\\\/\"}},{\"@type\":\"Person\",\"@id\":\"https:\\\/\\\/iraurgiberritzen.eus\\\/es\\\/#\\\/schema\\\/person\\\/5ab41aaf388a9097177601ebf45738d2\",\"name\":\"kudeatzailea\",\"sameAs\":[\"https:\\\/\\\/iraurgiberritzen.eus\"]}]}<\/script>\n<!-- \/ Yoast SEO plugin. -->","yoast_head_json":{"title":"Enpresa Gunea ha celebrado su primera reuni\u00f3n anual, invitando a Goierri Valley - Iraurgi Berritzen","robots":{"index":"index","follow":"follow","max-snippet":"max-snippet:-1","max-image-preview":"max-image-preview:large","max-video-preview":"max-video-preview:-1"},"canonical":"https:\/\/iraurgiberritzen.eus\/es\/enpresa-gunea-ha-celebrado-su-primera-reunion-anual-invitando-a-goierri-valley\/","og_locale":"es_ES","og_type":"article","og_title":"Enpresa Gunea ha celebrado su primera reuni\u00f3n anual, invitando a Goierri Valley - Iraurgi Berritzen","og_description":"El 27 de febrero se han reunido los miembros de Enpresa Gunea, el foro de representantes de las empresas de la comarca. En la reuni\u00f3n, se ha realizado el seguimiento del plan de acci\u00f3n 2020 y se han tomado decisiones sobre las nuevas l\u00edneas de trabajo. A lo largo de este a\u00f1o se pondr\u00e1n en [&hellip;]","og_url":"https:\/\/iraurgiberritzen.eus\/es\/enpresa-gunea-ha-celebrado-su-primera-reunion-anual-invitando-a-goierri-valley\/","og_site_name":"Iraurgi Berritzen","article_published_time":"2020-02-28T09:40:08+00:00","author":"kudeatzailea","twitter_card":"summary_large_image","twitter_misc":{"Escrito por":"kudeatzailea","Tiempo de lectura":"1 minuto"},"schema":{"@context":"https:\/\/schema.org","@graph":[{"@type":"Article","@id":"https:\/\/iraurgiberritzen.eus\/es\/enpresa-gunea-ha-celebrado-su-primera-reunion-anual-invitando-a-goierri-valley\/#article","isPartOf":{"@id":"https:\/\/iraurgiberritzen.eus\/es\/enpresa-gunea-ha-celebrado-su-primera-reunion-anual-invitando-a-goierri-valley\/"},"author":{"name":"kudeatzailea","@id":"https:\/\/iraurgiberritzen.eus\/es\/#\/schema\/person\/5ab41aaf388a9097177601ebf45738d2"},"headline":"Enpresa Gunea ha celebrado su primera reuni\u00f3n anual, invitando a Goierri Valley","datePublished":"2020-02-28T09:40:08+00:00","mainEntityOfPage":{"@id":"https:\/\/iraurgiberritzen.eus\/es\/enpresa-gunea-ha-celebrado-su-primera-reunion-anual-invitando-a-goierri-valley\/"},"wordCount":217,"publisher":{"@id":"https:\/\/iraurgiberritzen.eus\/es\/#organization"},"image":{"@id":"https:\/\/iraurgiberritzen.eus\/es\/enpresa-gunea-ha-celebrado-su-primera-reunion-anual-invitando-a-goierri-valley\/#primaryimage"},"thumbnailUrl":"https:\/\/iraurgiberritzen.eus\/wp-content\/uploads\/2023\/09\/f64f51f7a96bb14202569a0586002bf4.jpg","articleSection":["Noticias"],"inLanguage":"es"},{"@type":"WebPage","@id":"https:\/\/iraurgiberritzen.eus\/es\/enpresa-gunea-ha-celebrado-su-primera-reunion-anual-invitando-a-goierri-valley\/","url":"https:\/\/iraurgiberritzen.eus\/es\/enpresa-gunea-ha-celebrado-su-primera-reunion-anual-invitando-a-goierri-valley\/","name":"Enpresa Gunea ha celebrado su primera reuni\u00f3n anual, invitando a Goierri Valley - Iraurgi Berritzen","isPartOf":{"@id":"https:\/\/iraurgiberritzen.eus\/es\/#website"},"primaryImageOfPage":{"@id":"https:\/\/iraurgiberritzen.eus\/es\/enpresa-gunea-ha-celebrado-su-primera-reunion-anual-invitando-a-goierri-valley\/#primaryimage"},"image":{"@id":"https:\/\/iraurgiberritzen.eus\/es\/enpresa-gunea-ha-celebrado-su-primera-reunion-anual-invitando-a-goierri-valley\/#primaryimage"},"thumbnailUrl":"https:\/\/iraurgiberritzen.eus\/wp-content\/uploads\/2023\/09\/f64f51f7a96bb14202569a0586002bf4.jpg","datePublished":"2020-02-28T09:40:08+00:00","breadcrumb":{"@id":"https:\/\/iraurgiberritzen.eus\/es\/enpresa-gunea-ha-celebrado-su-primera-reunion-anual-invitando-a-goierri-valley\/#breadcrumb"},"inLanguage":"es","potentialAction":[{"@type":"ReadAction","target":["https:\/\/iraurgiberritzen.eus\/es\/enpresa-gunea-ha-celebrado-su-primera-reunion-anual-invitando-a-goierri-valley\/"]}]},{"@type":"ImageObject","inLanguage":"es","@id":"https:\/\/iraurgiberritzen.eus\/es\/enpresa-gunea-ha-celebrado-su-primera-reunion-anual-invitando-a-goierri-valley\/#primaryimage","url":"https:\/\/iraurgiberritzen.eus\/wp-content\/uploads\/2023\/09\/f64f51f7a96bb14202569a0586002bf4.jpg","contentUrl":"https:\/\/iraurgiberritzen.eus\/wp-content\/uploads\/2023\/09\/f64f51f7a96bb14202569a0586002bf4.jpg","width":600,"height":386},{"@type":"BreadcrumbList","@id":"https:\/\/iraurgiberritzen.eus\/es\/enpresa-gunea-ha-celebrado-su-primera-reunion-anual-invitando-a-goierri-valley\/#breadcrumb","itemListElement":[{"@type":"ListItem","position":1,"name":"Home","item":"https:\/\/iraurgiberritzen.eus\/es\/"},{"@type":"ListItem","position":2,"name":"Enpresa Gunea ha celebrado su primera reuni\u00f3n anual, invitando a Goierri Valley"}]},{"@type":"WebSite","@id":"https:\/\/iraurgiberritzen.eus\/es\/#website","url":"https:\/\/iraurgiberritzen.eus\/es\/","name":"Iraurgi Berritzen","description":"Urola Erdiko Garapen Agentzia","publisher":{"@id":"https:\/\/iraurgiberritzen.eus\/es\/#organization"},"potentialAction":[{"@type":"SearchAction","target":{"@type":"EntryPoint","urlTemplate":"https:\/\/iraurgiberritzen.eus\/es\/?s={search_term_string}"},"query-input":{"@type":"PropertyValueSpecification","valueRequired":true,"valueName":"search_term_string"}}],"inLanguage":"es"},{"@type":"Organization","@id":"https:\/\/iraurgiberritzen.eus\/es\/#organization","name":"Iraurgi Berritzen","url":"https:\/\/iraurgiberritzen.eus\/es\/","logo":{"@type":"ImageObject","inLanguage":"es","@id":"https:\/\/iraurgiberritzen.eus\/es\/#\/schema\/logo\/image\/","url":"https:\/\/iraurgiberritzen.eus\/wp-content\/uploads\/2024\/02\/IRAURGI-BERRITZEN-logotipoa_2.png","contentUrl":"https:\/\/iraurgiberritzen.eus\/wp-content\/uploads\/2024\/02\/IRAURGI-BERRITZEN-logotipoa_2.png","width":496,"height":190,"caption":"Iraurgi Berritzen"},"image":{"@id":"https:\/\/iraurgiberritzen.eus\/es\/#\/schema\/logo\/image\/"}},{"@type":"Person","@id":"https:\/\/iraurgiberritzen.eus\/es\/#\/schema\/person\/5ab41aaf388a9097177601ebf45738d2","name":"kudeatzailea","sameAs":["https:\/\/iraurgiberritzen.eus"]}]}},"_links":{"self":[{"href":"https:\/\/iraurgiberritzen.eus\/es\/wp-json\/wp\/v2\/posts\/12861","targetHints":{"allow":["GET"]}}],"collection":[{"href":"https:\/\/iraurgiberritzen.eus\/es\/wp-json\/wp\/v2\/posts"}],"about":[{"href":"https:\/\/iraurgiberritzen.eus\/es\/wp-json\/wp\/v2\/types\/post"}],"author":[{"embeddable":true,"href":"https:\/\/iraurgiberritzen.eus\/es\/wp-json\/wp\/v2\/users\/1"}],"replies":[{"embeddable":true,"href":"https:\/\/iraurgiberritzen.eus\/es\/wp-json\/wp\/v2\/comments?post=12861"}],"version-history":[{"count":0,"href":"https:\/\/iraurgiberritzen.eus\/es\/wp-json\/wp\/v2\/posts\/12861\/revisions"}],"wp:featuredmedia":[{"embeddable":true,"href":"https:\/\/iraurgiberritzen.eus\/es\/wp-json\/wp\/v2\/media\/17742"}],"wp:attachment":[{"href":"https:\/\/iraurgiberritzen.eus\/es\/wp-json\/wp\/v2\/media?parent=12861"}],"wp:term":[{"taxonomy":"category","embeddable":true,"href":"https:\/\/iraurgiberritzen.eus\/es\/wp-json\/wp\/v2\/categories?post=12861"},{"taxonomy":"post_tag","embeddable":true,"href":"https:\/\/iraurgiberritzen.eus\/es\/wp-json\/wp\/v2\/tags?post=12861"}],"curies":[{"name":"wp","href":"https:\/\/api.w.org\/{rel}","templated":true}]}}