{"id":12864,"date":"2020-03-17T07:39:07","date_gmt":"2020-03-17T05:39:07","guid":{"rendered":"https:\/\/iraurgiberritzen.eus\/iraurgi-berritzen-ofrece-apoyo-a-las-personas-trabajadoras-afectadas-por-un-ere-erte-para-realizar-los-tramites-necesarios-en-lanbide-para-cobrar-la-prestacion-por-desempleo\/"},"modified":"2020-03-17T07:39:07","modified_gmt":"2020-03-17T05:39:07","slug":"iraurgi-berritzen-ofrece-apoyo-a-las-personas-trabajadoras-afectadas-por-un-ere-erte-para-realizar-los-tramites-necesarios-en-lanbide-para-cobrar-la-prestacion-por-desempleo","status":"publish","type":"post","link":"https:\/\/iraurgiberritzen.eus\/es\/iraurgi-berritzen-ofrece-apoyo-a-las-personas-trabajadoras-afectadas-por-un-ere-erte-para-realizar-los-tramites-necesarios-en-lanbide-para-cobrar-la-prestacion-por-desempleo\/","title":{"rendered":"Iraurgi Berritzen ofrece apoyo a las personas trabajadoras afectadas por un ERE\/ERTE para realizar los tr\u00e1mites necesarios en Lanbide para cobrar la prestaci\u00f3n por desempleo"},"content":{"rendered":"<p>Desde del departamento de Empleo de Iraurgi Berritzen se comunica que debido a que todas las personas trabajadoras afectadas por un <strong>ERTE\/ERE<\/strong> deber\u00e1n darse de <strong>ALTA<\/strong> como demandantes de Empleo en <strong>Lanbide<\/strong> para el cobro de la prestaci\u00f3n por desempleo, se ofrece un servicio de ayuda para realizar dichos tramites.<\/p>\n<p>Las personas que han estado inscritas con anterioridad en Lanbide pueden modificar el estado de su demanda, pas\u00e1ndola de baja a alta, a trav\u00e9s de Mi Lanbidenet, pero qui\u00e9nes nhan estado nunca apuntados deben rellenar el formulario disponible en el siguiente enlace:<br \/><a href=\"https:\/\/apps.lanbide.euskadi.net\/apps\/!MI_INSCRIPCION_LANBIDE?LG=C&amp;ML=OFEMEN1&amp;MS=E\" target=\"_blank\" rel=\"noopener\">Solicitud ALTA Lanbide<\/a><\/p>\n<p>Contactos:<\/p>\n<ul>\n<li><strong>Servicio de Ayuda<\/strong>: 688 758 494 (Maite), 688 759 590 (David) eta 688 873 589 (Sandra).<\/li>\n<\/ul>\n","protected":false},"excerpt":{"rendered":"<p>Desde del departamento de Empleo de Iraurgi Berritzen se comunica que debido a que todas las personas trabajadoras afectadas por un ERTE\/ERE deber\u00e1n darse de ALTA como demandantes de Empleo en Lanbide para el cobro de la prestaci\u00f3n por desempleo, se ofrece un servicio de ayuda para realizar dichos tramites. Las personas que han estado [&hellip;]<\/p>\n","protected":false},"author":1,"featured_media":17743,"comment_status":"","ping_status":"closed","sticky":false,"template":"","format":"standard","meta":{"_acf_changed":false,"footnotes":""},"categories":[4],"tags":[],"class_list":["post-12864","post","type-post","status-publish","format-standard","has-post-thumbnail","hentry","category-noticias"],"acf":[],"yoast_head":"<!-- This site is optimized with the Yoast SEO plugin v27.4 - https:\/\/yoast.com\/product\/yoast-seo-wordpress\/ -->\n<title>Iraurgi Berritzen ofrece apoyo a las personas trabajadoras afectadas por un ERE\/ERTE para realizar los tr\u00e1mites necesarios en Lanbide para cobrar la prestaci\u00f3n por desempleo - Iraurgi Berritzen<\/title>\n<meta name=\"robots\" content=\"index, follow, max-snippet:-1, max-image-preview:large, max-video-preview:-1\" \/>\n<link rel=\"canonical\" href=\"https:\/\/iraurgiberritzen.eus\/es\/iraurgi-berritzen-ofrece-apoyo-a-las-personas-trabajadoras-afectadas-por-un-ere-erte-para-realizar-los-tramites-necesarios-en-lanbide-para-cobrar-la-prestacion-por-desempleo\/\" \/>\n<meta property=\"og:locale\" content=\"es_ES\" \/>\n<meta property=\"og:type\" content=\"article\" \/>\n<meta property=\"og:title\" content=\"Iraurgi Berritzen ofrece apoyo a las personas trabajadoras afectadas por un ERE\/ERTE para realizar los tr\u00e1mites necesarios en Lanbide para cobrar la prestaci\u00f3n por desempleo - Iraurgi Berritzen\" \/>\n<meta property=\"og:description\" content=\"Desde del departamento de Empleo de Iraurgi Berritzen se comunica que debido a que todas las personas trabajadoras afectadas por un ERTE\/ERE deber\u00e1n darse de ALTA como demandantes de Empleo en Lanbide para el cobro de la prestaci\u00f3n por desempleo, se ofrece un servicio de ayuda para realizar dichos tramites. Las personas que han estado [&hellip;]\" \/>\n<meta property=\"og:url\" content=\"https:\/\/iraurgiberritzen.eus\/es\/iraurgi-berritzen-ofrece-apoyo-a-las-personas-trabajadoras-afectadas-por-un-ere-erte-para-realizar-los-tramites-necesarios-en-lanbide-para-cobrar-la-prestacion-por-desempleo\/\" \/>\n<meta property=\"og:site_name\" content=\"Iraurgi Berritzen\" \/>\n<meta property=\"article:published_time\" content=\"2020-03-17T05:39:07+00:00\" \/>\n<meta name=\"author\" content=\"kudeatzailea\" \/>\n<meta name=\"twitter:card\" content=\"summary_large_image\" \/>\n<meta name=\"twitter:label1\" content=\"Escrito por\" \/>\n\t<meta name=\"twitter:data1\" content=\"kudeatzailea\" \/>\n\t<meta name=\"twitter:label2\" content=\"Tiempo de lectura\" \/>\n\t<meta name=\"twitter:data2\" content=\"1 minuto\" \/>\n<script type=\"application\/ld+json\" class=\"yoast-schema-graph\">{\"@context\":\"https:\\\/\\\/schema.org\",\"@graph\":[{\"@type\":\"Article\",\"@id\":\"https:\\\/\\\/iraurgiberritzen.eus\\\/es\\\/iraurgi-berritzen-ofrece-apoyo-a-las-personas-trabajadoras-afectadas-por-un-ere-erte-para-realizar-los-tramites-necesarios-en-lanbide-para-cobrar-la-prestacion-por-desempleo\\\/#article\",\"isPartOf\":{\"@id\":\"https:\\\/\\\/iraurgiberritzen.eus\\\/es\\\/iraurgi-berritzen-ofrece-apoyo-a-las-personas-trabajadoras-afectadas-por-un-ere-erte-para-realizar-los-tramites-necesarios-en-lanbide-para-cobrar-la-prestacion-por-desempleo\\\/\"},\"author\":{\"name\":\"kudeatzailea\",\"@id\":\"https:\\\/\\\/iraurgiberritzen.eus\\\/es\\\/#\\\/schema\\\/person\\\/5ab41aaf388a9097177601ebf45738d2\"},\"headline\":\"Iraurgi Berritzen ofrece apoyo a las personas trabajadoras afectadas por un ERE\\\/ERTE para realizar los tr\u00e1mites necesarios en Lanbide para cobrar la prestaci\u00f3n por desempleo\",\"datePublished\":\"2020-03-17T05:39:07+00:00\",\"mainEntityOfPage\":{\"@id\":\"https:\\\/\\\/iraurgiberritzen.eus\\\/es\\\/iraurgi-berritzen-ofrece-apoyo-a-las-personas-trabajadoras-afectadas-por-un-ere-erte-para-realizar-los-tramites-necesarios-en-lanbide-para-cobrar-la-prestacion-por-desempleo\\\/\"},\"wordCount\":137,\"publisher\":{\"@id\":\"https:\\\/\\\/iraurgiberritzen.eus\\\/es\\\/#organization\"},\"image\":{\"@id\":\"https:\\\/\\\/iraurgiberritzen.eus\\\/es\\\/iraurgi-berritzen-ofrece-apoyo-a-las-personas-trabajadoras-afectadas-por-un-ere-erte-para-realizar-los-tramites-necesarios-en-lanbide-para-cobrar-la-prestacion-por-desempleo\\\/#primaryimage\"},\"thumbnailUrl\":\"https:\\\/\\\/iraurgiberritzen.eus\\\/wp-content\\\/uploads\\\/2023\\\/09\\\/4723ef876aca4c7cd452b3e97715d01b.jpg\",\"articleSection\":[\"Noticias\"],\"inLanguage\":\"es\"},{\"@type\":\"WebPage\",\"@id\":\"https:\\\/\\\/iraurgiberritzen.eus\\\/es\\\/iraurgi-berritzen-ofrece-apoyo-a-las-personas-trabajadoras-afectadas-por-un-ere-erte-para-realizar-los-tramites-necesarios-en-lanbide-para-cobrar-la-prestacion-por-desempleo\\\/\",\"url\":\"https:\\\/\\\/iraurgiberritzen.eus\\\/es\\\/iraurgi-berritzen-ofrece-apoyo-a-las-personas-trabajadoras-afectadas-por-un-ere-erte-para-realizar-los-tramites-necesarios-en-lanbide-para-cobrar-la-prestacion-por-desempleo\\\/\",\"name\":\"Iraurgi Berritzen ofrece apoyo a las personas trabajadoras afectadas por un ERE\\\/ERTE para realizar los tr\u00e1mites necesarios en Lanbide para cobrar la prestaci\u00f3n por desempleo - Iraurgi Berritzen\",\"isPartOf\":{\"@id\":\"https:\\\/\\\/iraurgiberritzen.eus\\\/es\\\/#website\"},\"primaryImageOfPage\":{\"@id\":\"https:\\\/\\\/iraurgiberritzen.eus\\\/es\\\/iraurgi-berritzen-ofrece-apoyo-a-las-personas-trabajadoras-afectadas-por-un-ere-erte-para-realizar-los-tramites-necesarios-en-lanbide-para-cobrar-la-prestacion-por-desempleo\\\/#primaryimage\"},\"image\":{\"@id\":\"https:\\\/\\\/iraurgiberritzen.eus\\\/es\\\/iraurgi-berritzen-ofrece-apoyo-a-las-personas-trabajadoras-afectadas-por-un-ere-erte-para-realizar-los-tramites-necesarios-en-lanbide-para-cobrar-la-prestacion-por-desempleo\\\/#primaryimage\"},\"thumbnailUrl\":\"https:\\\/\\\/iraurgiberritzen.eus\\\/wp-content\\\/uploads\\\/2023\\\/09\\\/4723ef876aca4c7cd452b3e97715d01b.jpg\",\"datePublished\":\"2020-03-17T05:39:07+00:00\",\"breadcrumb\":{\"@id\":\"https:\\\/\\\/iraurgiberritzen.eus\\\/es\\\/iraurgi-berritzen-ofrece-apoyo-a-las-personas-trabajadoras-afectadas-por-un-ere-erte-para-realizar-los-tramites-necesarios-en-lanbide-para-cobrar-la-prestacion-por-desempleo\\\/#breadcrumb\"},\"inLanguage\":\"es\",\"potentialAction\":[{\"@type\":\"ReadAction\",\"target\":[\"https:\\\/\\\/iraurgiberritzen.eus\\\/es\\\/iraurgi-berritzen-ofrece-apoyo-a-las-personas-trabajadoras-afectadas-por-un-ere-erte-para-realizar-los-tramites-necesarios-en-lanbide-para-cobrar-la-prestacion-por-desempleo\\\/\"]}]},{\"@type\":\"ImageObject\",\"inLanguage\":\"es\",\"@id\":\"https:\\\/\\\/iraurgiberritzen.eus\\\/es\\\/iraurgi-berritzen-ofrece-apoyo-a-las-personas-trabajadoras-afectadas-por-un-ere-erte-para-realizar-los-tramites-necesarios-en-lanbide-para-cobrar-la-prestacion-por-desempleo\\\/#primaryimage\",\"url\":\"https:\\\/\\\/iraurgiberritzen.eus\\\/wp-content\\\/uploads\\\/2023\\\/09\\\/4723ef876aca4c7cd452b3e97715d01b.jpg\",\"contentUrl\":\"https:\\\/\\\/iraurgiberritzen.eus\\\/wp-content\\\/uploads\\\/2023\\\/09\\\/4723ef876aca4c7cd452b3e97715d01b.jpg\",\"width\":600,\"height\":300},{\"@type\":\"BreadcrumbList\",\"@id\":\"https:\\\/\\\/iraurgiberritzen.eus\\\/es\\\/iraurgi-berritzen-ofrece-apoyo-a-las-personas-trabajadoras-afectadas-por-un-ere-erte-para-realizar-los-tramites-necesarios-en-lanbide-para-cobrar-la-prestacion-por-desempleo\\\/#breadcrumb\",\"itemListElement\":[{\"@type\":\"ListItem\",\"position\":1,\"name\":\"Home\",\"item\":\"https:\\\/\\\/iraurgiberritzen.eus\\\/es\\\/\"},{\"@type\":\"ListItem\",\"position\":2,\"name\":\"Iraurgi Berritzen ofrece apoyo a las personas trabajadoras afectadas por un ERE\\\/ERTE para realizar los tr\u00e1mites necesarios en Lanbide para cobrar la prestaci\u00f3n por desempleo\"}]},{\"@type\":\"WebSite\",\"@id\":\"https:\\\/\\\/iraurgiberritzen.eus\\\/es\\\/#website\",\"url\":\"https:\\\/\\\/iraurgiberritzen.eus\\\/es\\\/\",\"name\":\"Iraurgi Berritzen\",\"description\":\"Urola Erdiko Garapen Agentzia\",\"publisher\":{\"@id\":\"https:\\\/\\\/iraurgiberritzen.eus\\\/es\\\/#organization\"},\"potentialAction\":[{\"@type\":\"SearchAction\",\"target\":{\"@type\":\"EntryPoint\",\"urlTemplate\":\"https:\\\/\\\/iraurgiberritzen.eus\\\/es\\\/?s={search_term_string}\"},\"query-input\":{\"@type\":\"PropertyValueSpecification\",\"valueRequired\":true,\"valueName\":\"search_term_string\"}}],\"inLanguage\":\"es\"},{\"@type\":\"Organization\",\"@id\":\"https:\\\/\\\/iraurgiberritzen.eus\\\/es\\\/#organization\",\"name\":\"Iraurgi Berritzen\",\"url\":\"https:\\\/\\\/iraurgiberritzen.eus\\\/es\\\/\",\"logo\":{\"@type\":\"ImageObject\",\"inLanguage\":\"es\",\"@id\":\"https:\\\/\\\/iraurgiberritzen.eus\\\/es\\\/#\\\/schema\\\/logo\\\/image\\\/\",\"url\":\"https:\\\/\\\/iraurgiberritzen.eus\\\/wp-content\\\/uploads\\\/2024\\\/02\\\/IRAURGI-BERRITZEN-logotipoa_2.png\",\"contentUrl\":\"https:\\\/\\\/iraurgiberritzen.eus\\\/wp-content\\\/uploads\\\/2024\\\/02\\\/IRAURGI-BERRITZEN-logotipoa_2.png\",\"width\":496,\"height\":190,\"caption\":\"Iraurgi Berritzen\"},\"image\":{\"@id\":\"https:\\\/\\\/iraurgiberritzen.eus\\\/es\\\/#\\\/schema\\\/logo\\\/image\\\/\"}},{\"@type\":\"Person\",\"@id\":\"https:\\\/\\\/iraurgiberritzen.eus\\\/es\\\/#\\\/schema\\\/person\\\/5ab41aaf388a9097177601ebf45738d2\",\"name\":\"kudeatzailea\",\"sameAs\":[\"https:\\\/\\\/iraurgiberritzen.eus\"]}]}<\/script>\n<!-- \/ Yoast SEO plugin. -->","yoast_head_json":{"title":"Iraurgi Berritzen ofrece apoyo a las personas trabajadoras afectadas por un ERE\/ERTE para realizar los tr\u00e1mites necesarios en Lanbide para cobrar la prestaci\u00f3n por desempleo - Iraurgi Berritzen","robots":{"index":"index","follow":"follow","max-snippet":"max-snippet:-1","max-image-preview":"max-image-preview:large","max-video-preview":"max-video-preview:-1"},"canonical":"https:\/\/iraurgiberritzen.eus\/es\/iraurgi-berritzen-ofrece-apoyo-a-las-personas-trabajadoras-afectadas-por-un-ere-erte-para-realizar-los-tramites-necesarios-en-lanbide-para-cobrar-la-prestacion-por-desempleo\/","og_locale":"es_ES","og_type":"article","og_title":"Iraurgi Berritzen ofrece apoyo a las personas trabajadoras afectadas por un ERE\/ERTE para realizar los tr\u00e1mites necesarios en Lanbide para cobrar la prestaci\u00f3n por desempleo - Iraurgi Berritzen","og_description":"Desde del departamento de Empleo de Iraurgi Berritzen se comunica que debido a que todas las personas trabajadoras afectadas por un ERTE\/ERE deber\u00e1n darse de ALTA como demandantes de Empleo en Lanbide para el cobro de la prestaci\u00f3n por desempleo, se ofrece un servicio de ayuda para realizar dichos tramites. Las personas que han estado [&hellip;]","og_url":"https:\/\/iraurgiberritzen.eus\/es\/iraurgi-berritzen-ofrece-apoyo-a-las-personas-trabajadoras-afectadas-por-un-ere-erte-para-realizar-los-tramites-necesarios-en-lanbide-para-cobrar-la-prestacion-por-desempleo\/","og_site_name":"Iraurgi Berritzen","article_published_time":"2020-03-17T05:39:07+00:00","author":"kudeatzailea","twitter_card":"summary_large_image","twitter_misc":{"Escrito por":"kudeatzailea","Tiempo de lectura":"1 minuto"},"schema":{"@context":"https:\/\/schema.org","@graph":[{"@type":"Article","@id":"https:\/\/iraurgiberritzen.eus\/es\/iraurgi-berritzen-ofrece-apoyo-a-las-personas-trabajadoras-afectadas-por-un-ere-erte-para-realizar-los-tramites-necesarios-en-lanbide-para-cobrar-la-prestacion-por-desempleo\/#article","isPartOf":{"@id":"https:\/\/iraurgiberritzen.eus\/es\/iraurgi-berritzen-ofrece-apoyo-a-las-personas-trabajadoras-afectadas-por-un-ere-erte-para-realizar-los-tramites-necesarios-en-lanbide-para-cobrar-la-prestacion-por-desempleo\/"},"author":{"name":"kudeatzailea","@id":"https:\/\/iraurgiberritzen.eus\/es\/#\/schema\/person\/5ab41aaf388a9097177601ebf45738d2"},"headline":"Iraurgi Berritzen ofrece apoyo a las personas trabajadoras afectadas por un ERE\/ERTE para realizar los tr\u00e1mites necesarios en Lanbide para cobrar la prestaci\u00f3n por desempleo","datePublished":"2020-03-17T05:39:07+00:00","mainEntityOfPage":{"@id":"https:\/\/iraurgiberritzen.eus\/es\/iraurgi-berritzen-ofrece-apoyo-a-las-personas-trabajadoras-afectadas-por-un-ere-erte-para-realizar-los-tramites-necesarios-en-lanbide-para-cobrar-la-prestacion-por-desempleo\/"},"wordCount":137,"publisher":{"@id":"https:\/\/iraurgiberritzen.eus\/es\/#organization"},"image":{"@id":"https:\/\/iraurgiberritzen.eus\/es\/iraurgi-berritzen-ofrece-apoyo-a-las-personas-trabajadoras-afectadas-por-un-ere-erte-para-realizar-los-tramites-necesarios-en-lanbide-para-cobrar-la-prestacion-por-desempleo\/#primaryimage"},"thumbnailUrl":"https:\/\/iraurgiberritzen.eus\/wp-content\/uploads\/2023\/09\/4723ef876aca4c7cd452b3e97715d01b.jpg","articleSection":["Noticias"],"inLanguage":"es"},{"@type":"WebPage","@id":"https:\/\/iraurgiberritzen.eus\/es\/iraurgi-berritzen-ofrece-apoyo-a-las-personas-trabajadoras-afectadas-por-un-ere-erte-para-realizar-los-tramites-necesarios-en-lanbide-para-cobrar-la-prestacion-por-desempleo\/","url":"https:\/\/iraurgiberritzen.eus\/es\/iraurgi-berritzen-ofrece-apoyo-a-las-personas-trabajadoras-afectadas-por-un-ere-erte-para-realizar-los-tramites-necesarios-en-lanbide-para-cobrar-la-prestacion-por-desempleo\/","name":"Iraurgi Berritzen ofrece apoyo a las personas trabajadoras afectadas por un ERE\/ERTE para realizar los tr\u00e1mites necesarios en Lanbide para cobrar la prestaci\u00f3n por desempleo - Iraurgi Berritzen","isPartOf":{"@id":"https:\/\/iraurgiberritzen.eus\/es\/#website"},"primaryImageOfPage":{"@id":"https:\/\/iraurgiberritzen.eus\/es\/iraurgi-berritzen-ofrece-apoyo-a-las-personas-trabajadoras-afectadas-por-un-ere-erte-para-realizar-los-tramites-necesarios-en-lanbide-para-cobrar-la-prestacion-por-desempleo\/#primaryimage"},"image":{"@id":"https:\/\/iraurgiberritzen.eus\/es\/iraurgi-berritzen-ofrece-apoyo-a-las-personas-trabajadoras-afectadas-por-un-ere-erte-para-realizar-los-tramites-necesarios-en-lanbide-para-cobrar-la-prestacion-por-desempleo\/#primaryimage"},"thumbnailUrl":"https:\/\/iraurgiberritzen.eus\/wp-content\/uploads\/2023\/09\/4723ef876aca4c7cd452b3e97715d01b.jpg","datePublished":"2020-03-17T05:39:07+00:00","breadcrumb":{"@id":"https:\/\/iraurgiberritzen.eus\/es\/iraurgi-berritzen-ofrece-apoyo-a-las-personas-trabajadoras-afectadas-por-un-ere-erte-para-realizar-los-tramites-necesarios-en-lanbide-para-cobrar-la-prestacion-por-desempleo\/#breadcrumb"},"inLanguage":"es","potentialAction":[{"@type":"ReadAction","target":["https:\/\/iraurgiberritzen.eus\/es\/iraurgi-berritzen-ofrece-apoyo-a-las-personas-trabajadoras-afectadas-por-un-ere-erte-para-realizar-los-tramites-necesarios-en-lanbide-para-cobrar-la-prestacion-por-desempleo\/"]}]},{"@type":"ImageObject","inLanguage":"es","@id":"https:\/\/iraurgiberritzen.eus\/es\/iraurgi-berritzen-ofrece-apoyo-a-las-personas-trabajadoras-afectadas-por-un-ere-erte-para-realizar-los-tramites-necesarios-en-lanbide-para-cobrar-la-prestacion-por-desempleo\/#primaryimage","url":"https:\/\/iraurgiberritzen.eus\/wp-content\/uploads\/2023\/09\/4723ef876aca4c7cd452b3e97715d01b.jpg","contentUrl":"https:\/\/iraurgiberritzen.eus\/wp-content\/uploads\/2023\/09\/4723ef876aca4c7cd452b3e97715d01b.jpg","width":600,"height":300},{"@type":"BreadcrumbList","@id":"https:\/\/iraurgiberritzen.eus\/es\/iraurgi-berritzen-ofrece-apoyo-a-las-personas-trabajadoras-afectadas-por-un-ere-erte-para-realizar-los-tramites-necesarios-en-lanbide-para-cobrar-la-prestacion-por-desempleo\/#breadcrumb","itemListElement":[{"@type":"ListItem","position":1,"name":"Home","item":"https:\/\/iraurgiberritzen.eus\/es\/"},{"@type":"ListItem","position":2,"name":"Iraurgi Berritzen ofrece apoyo a las personas trabajadoras afectadas por un ERE\/ERTE para realizar los tr\u00e1mites necesarios en Lanbide para cobrar la prestaci\u00f3n por desempleo"}]},{"@type":"WebSite","@id":"https:\/\/iraurgiberritzen.eus\/es\/#website","url":"https:\/\/iraurgiberritzen.eus\/es\/","name":"Iraurgi Berritzen","description":"Urola Erdiko Garapen Agentzia","publisher":{"@id":"https:\/\/iraurgiberritzen.eus\/es\/#organization"},"potentialAction":[{"@type":"SearchAction","target":{"@type":"EntryPoint","urlTemplate":"https:\/\/iraurgiberritzen.eus\/es\/?s={search_term_string}"},"query-input":{"@type":"PropertyValueSpecification","valueRequired":true,"valueName":"search_term_string"}}],"inLanguage":"es"},{"@type":"Organization","@id":"https:\/\/iraurgiberritzen.eus\/es\/#organization","name":"Iraurgi Berritzen","url":"https:\/\/iraurgiberritzen.eus\/es\/","logo":{"@type":"ImageObject","inLanguage":"es","@id":"https:\/\/iraurgiberritzen.eus\/es\/#\/schema\/logo\/image\/","url":"https:\/\/iraurgiberritzen.eus\/wp-content\/uploads\/2024\/02\/IRAURGI-BERRITZEN-logotipoa_2.png","contentUrl":"https:\/\/iraurgiberritzen.eus\/wp-content\/uploads\/2024\/02\/IRAURGI-BERRITZEN-logotipoa_2.png","width":496,"height":190,"caption":"Iraurgi Berritzen"},"image":{"@id":"https:\/\/iraurgiberritzen.eus\/es\/#\/schema\/logo\/image\/"}},{"@type":"Person","@id":"https:\/\/iraurgiberritzen.eus\/es\/#\/schema\/person\/5ab41aaf388a9097177601ebf45738d2","name":"kudeatzailea","sameAs":["https:\/\/iraurgiberritzen.eus"]}]}},"_links":{"self":[{"href":"https:\/\/iraurgiberritzen.eus\/es\/wp-json\/wp\/v2\/posts\/12864","targetHints":{"allow":["GET"]}}],"collection":[{"href":"https:\/\/iraurgiberritzen.eus\/es\/wp-json\/wp\/v2\/posts"}],"about":[{"href":"https:\/\/iraurgiberritzen.eus\/es\/wp-json\/wp\/v2\/types\/post"}],"author":[{"embeddable":true,"href":"https:\/\/iraurgiberritzen.eus\/es\/wp-json\/wp\/v2\/users\/1"}],"replies":[{"embeddable":true,"href":"https:\/\/iraurgiberritzen.eus\/es\/wp-json\/wp\/v2\/comments?post=12864"}],"version-history":[{"count":0,"href":"https:\/\/iraurgiberritzen.eus\/es\/wp-json\/wp\/v2\/posts\/12864\/revisions"}],"wp:featuredmedia":[{"embeddable":true,"href":"https:\/\/iraurgiberritzen.eus\/es\/wp-json\/wp\/v2\/media\/17743"}],"wp:attachment":[{"href":"https:\/\/iraurgiberritzen.eus\/es\/wp-json\/wp\/v2\/media?parent=12864"}],"wp:term":[{"taxonomy":"category","embeddable":true,"href":"https:\/\/iraurgiberritzen.eus\/es\/wp-json\/wp\/v2\/categories?post=12864"},{"taxonomy":"post_tag","embeddable":true,"href":"https:\/\/iraurgiberritzen.eus\/es\/wp-json\/wp\/v2\/tags?post=12864"}],"curies":[{"name":"wp","href":"https:\/\/api.w.org\/{rel}","templated":true}]}}