{"id":12867,"date":"2020-03-06T11:23:49","date_gmt":"2020-03-06T09:23:49","guid":{"rendered":"https:\/\/iraurgiberritzen.eus\/en-marcha-los-desayunos-tecnologicos-sobre-industria-4-0\/"},"modified":"2020-03-06T11:23:49","modified_gmt":"2020-03-06T09:23:49","slug":"en-marcha-los-desayunos-tecnologicos-sobre-industria-4-0","status":"publish","type":"post","link":"https:\/\/iraurgiberritzen.eus\/es\/en-marcha-los-desayunos-tecnologicos-sobre-industria-4-0\/","title":{"rendered":"En marcha los Desayunos Tecnol\u00f3gicos sobre  Industria 4.0"},"content":{"rendered":"<p style=\"text-align: justify;\">IRAURGI BERRITZEN, en colaboraci\u00f3n con BIC Gipuzkoa y con la ayuda de la Diputaci\u00f3n Foral de Gipuzkoa, ha organizado los <strong>Desayunos Tecnol\u00f3gicos: Ikasiz 4.0 entre el 5 de marzo y el 7 de mayo<\/strong>, en el Palacio Basazabal de Azpeitia, con dos objetivos principales:<\/p>\n<ol>\n<li style=\"text-align: justify;\">Por un lado, a propuesta de los representantes de Enpresa Gunea, continuar con el proyecto Ikasiz, cuyo objetivo es compartir proyectos y buenas pr\u00e1cticas que se est\u00e1n desarrollando en las empresas de la comarca, facilitando procesos de aprendizaje mutuo.<\/li>\n<li style=\"text-align: justify;\">Y por otro, las tendencias tecnol\u00f3gicas de futuro identificadas en el 2019, las cuales incidir\u00e1n en los modelos de negocio de las empresas de la comarca.<\/li>\n<\/ol>\n<p style=\"text-align: justify;\">Por este motivo, el 5 de marzo se ha celebrado la primera jornada sobre Serbitizaci\u00f3n, de la mano de la empresa experta en el tema DigiTalentu, en la que adem\u00e1s de expertos en la materia, Sammic S.L, Orkli S.Coop y P4Q Electronics S.L han expuesto diferentes experiencias empresariales. A modo de conclusi\u00f3n, las 14 empresas participantes han mostrando su inter\u00e9s por profundizar en este tema, a la que Iraurgi Berritzen responder\u00e1 con compromiso.<\/p>\n<p style=\"text-align: justify;\">Por otro lado, a lo largo de los pr\u00f3ximos tres meses se trabajar\u00e1 en Digitalizaci\u00f3n, Ciberseguridad, BlockChain, Rob\u00f3tica colaborativa &#8230; a trav\u00e9s de expertos, Start-UP y experiencias de diferentes empresas en las siguientes fechas:<\/p>\n<ul style=\"text-align: justify;\">\n<li>25 de Marzo: Ciberseguridad y tecnolog\u00edas eta BlockChain<\/li>\n<li>30 de Abril: Rob\u00f3tica colaborativa<\/li>\n<li>7 de Mayo: Serbitizaci\u00f3n y Digitalizaci\u00f3n: 2\u00aa Sesi\u00f3n: WorkShop\u00bb<\/li>\n<\/ul>\n<p style=\"text-align: justify;\">Las empresas interesadas en trabajar estos temas pueden contactar con Iraurgi Berrritzen llamando al 943 02 60 69.<\/p>\n<p style=\"text-align: justify;\"><span style=\"font-family: Calibri, 'Segoe UI', Calibri, Thonburi, Arial, Verdana, sans-serif, 'Mongolian Baiti', 'Microsoft Yi Baiti', 'Javanese Text'; font-size: 16px; text-align: center; white-space: pre-wrap;\">{myFlickr}photoset_id=72157713419209611{\/myFlickr}<\/span><\/p>\n","protected":false},"excerpt":{"rendered":"<p>IRAURGI BERRITZEN, en colaboraci\u00f3n con BIC Gipuzkoa y con la ayuda de la Diputaci\u00f3n Foral de Gipuzkoa, ha organizado los Desayunos Tecnol\u00f3gicos: Ikasiz 4.0 entre el 5 de marzo y el 7 de mayo, en el Palacio Basazabal de Azpeitia, con dos objetivos principales: Por un lado, a propuesta de los representantes de Enpresa Gunea, [&hellip;]<\/p>\n","protected":false},"author":1,"featured_media":17724,"comment_status":"","ping_status":"closed","sticky":false,"template":"","format":"standard","meta":{"_acf_changed":false,"footnotes":""},"categories":[4],"tags":[],"class_list":["post-12867","post","type-post","status-publish","format-standard","has-post-thumbnail","hentry","category-noticias"],"acf":[],"yoast_head":"<!-- This site is optimized with the Yoast SEO plugin v27.4 - https:\/\/yoast.com\/product\/yoast-seo-wordpress\/ -->\n<title>En marcha los Desayunos Tecnol\u00f3gicos sobre Industria 4.0 - Iraurgi Berritzen<\/title>\n<meta name=\"robots\" content=\"index, follow, max-snippet:-1, max-image-preview:large, max-video-preview:-1\" \/>\n<link rel=\"canonical\" href=\"https:\/\/iraurgiberritzen.eus\/es\/en-marcha-los-desayunos-tecnologicos-sobre-industria-4-0\/\" \/>\n<meta property=\"og:locale\" content=\"es_ES\" \/>\n<meta property=\"og:type\" content=\"article\" \/>\n<meta property=\"og:title\" content=\"En marcha los Desayunos Tecnol\u00f3gicos sobre Industria 4.0 - Iraurgi Berritzen\" \/>\n<meta property=\"og:description\" content=\"IRAURGI BERRITZEN, en colaboraci\u00f3n con BIC Gipuzkoa y con la ayuda de la Diputaci\u00f3n Foral de Gipuzkoa, ha organizado los Desayunos Tecnol\u00f3gicos: Ikasiz 4.0 entre el 5 de marzo y el 7 de mayo, en el Palacio Basazabal de Azpeitia, con dos objetivos principales: Por un lado, a propuesta de los representantes de Enpresa Gunea, [&hellip;]\" \/>\n<meta property=\"og:url\" content=\"https:\/\/iraurgiberritzen.eus\/es\/en-marcha-los-desayunos-tecnologicos-sobre-industria-4-0\/\" \/>\n<meta property=\"og:site_name\" content=\"Iraurgi Berritzen\" \/>\n<meta property=\"article:published_time\" content=\"2020-03-06T09:23:49+00:00\" \/>\n<meta name=\"author\" content=\"kudeatzailea\" \/>\n<meta name=\"twitter:card\" content=\"summary_large_image\" \/>\n<meta name=\"twitter:label1\" content=\"Escrito por\" \/>\n\t<meta name=\"twitter:data1\" content=\"kudeatzailea\" \/>\n\t<meta name=\"twitter:label2\" content=\"Tiempo de lectura\" \/>\n\t<meta name=\"twitter:data2\" content=\"1 minuto\" \/>\n<script type=\"application\/ld+json\" class=\"yoast-schema-graph\">{\"@context\":\"https:\\\/\\\/schema.org\",\"@graph\":[{\"@type\":\"Article\",\"@id\":\"https:\\\/\\\/iraurgiberritzen.eus\\\/es\\\/en-marcha-los-desayunos-tecnologicos-sobre-industria-4-0\\\/#article\",\"isPartOf\":{\"@id\":\"https:\\\/\\\/iraurgiberritzen.eus\\\/es\\\/en-marcha-los-desayunos-tecnologicos-sobre-industria-4-0\\\/\"},\"author\":{\"name\":\"kudeatzailea\",\"@id\":\"https:\\\/\\\/iraurgiberritzen.eus\\\/es\\\/#\\\/schema\\\/person\\\/5ab41aaf388a9097177601ebf45738d2\"},\"headline\":\"En marcha los Desayunos Tecnol\u00f3gicos sobre Industria 4.0\",\"datePublished\":\"2020-03-06T09:23:49+00:00\",\"mainEntityOfPage\":{\"@id\":\"https:\\\/\\\/iraurgiberritzen.eus\\\/es\\\/en-marcha-los-desayunos-tecnologicos-sobre-industria-4-0\\\/\"},\"wordCount\":277,\"publisher\":{\"@id\":\"https:\\\/\\\/iraurgiberritzen.eus\\\/es\\\/#organization\"},\"image\":{\"@id\":\"https:\\\/\\\/iraurgiberritzen.eus\\\/es\\\/en-marcha-los-desayunos-tecnologicos-sobre-industria-4-0\\\/#primaryimage\"},\"thumbnailUrl\":\"https:\\\/\\\/iraurgiberritzen.eus\\\/wp-content\\\/uploads\\\/2023\\\/09\\\/5cb7d9c008502deb8141091027f5f238.jpg\",\"articleSection\":[\"Noticias\"],\"inLanguage\":\"es\"},{\"@type\":\"WebPage\",\"@id\":\"https:\\\/\\\/iraurgiberritzen.eus\\\/es\\\/en-marcha-los-desayunos-tecnologicos-sobre-industria-4-0\\\/\",\"url\":\"https:\\\/\\\/iraurgiberritzen.eus\\\/es\\\/en-marcha-los-desayunos-tecnologicos-sobre-industria-4-0\\\/\",\"name\":\"En marcha los Desayunos Tecnol\u00f3gicos sobre Industria 4.0 - Iraurgi Berritzen\",\"isPartOf\":{\"@id\":\"https:\\\/\\\/iraurgiberritzen.eus\\\/es\\\/#website\"},\"primaryImageOfPage\":{\"@id\":\"https:\\\/\\\/iraurgiberritzen.eus\\\/es\\\/en-marcha-los-desayunos-tecnologicos-sobre-industria-4-0\\\/#primaryimage\"},\"image\":{\"@id\":\"https:\\\/\\\/iraurgiberritzen.eus\\\/es\\\/en-marcha-los-desayunos-tecnologicos-sobre-industria-4-0\\\/#primaryimage\"},\"thumbnailUrl\":\"https:\\\/\\\/iraurgiberritzen.eus\\\/wp-content\\\/uploads\\\/2023\\\/09\\\/5cb7d9c008502deb8141091027f5f238.jpg\",\"datePublished\":\"2020-03-06T09:23:49+00:00\",\"breadcrumb\":{\"@id\":\"https:\\\/\\\/iraurgiberritzen.eus\\\/es\\\/en-marcha-los-desayunos-tecnologicos-sobre-industria-4-0\\\/#breadcrumb\"},\"inLanguage\":\"es\",\"potentialAction\":[{\"@type\":\"ReadAction\",\"target\":[\"https:\\\/\\\/iraurgiberritzen.eus\\\/es\\\/en-marcha-los-desayunos-tecnologicos-sobre-industria-4-0\\\/\"]}]},{\"@type\":\"ImageObject\",\"inLanguage\":\"es\",\"@id\":\"https:\\\/\\\/iraurgiberritzen.eus\\\/es\\\/en-marcha-los-desayunos-tecnologicos-sobre-industria-4-0\\\/#primaryimage\",\"url\":\"https:\\\/\\\/iraurgiberritzen.eus\\\/wp-content\\\/uploads\\\/2023\\\/09\\\/5cb7d9c008502deb8141091027f5f238.jpg\",\"contentUrl\":\"https:\\\/\\\/iraurgiberritzen.eus\\\/wp-content\\\/uploads\\\/2023\\\/09\\\/5cb7d9c008502deb8141091027f5f238.jpg\",\"width\":600,\"height\":386},{\"@type\":\"BreadcrumbList\",\"@id\":\"https:\\\/\\\/iraurgiberritzen.eus\\\/es\\\/en-marcha-los-desayunos-tecnologicos-sobre-industria-4-0\\\/#breadcrumb\",\"itemListElement\":[{\"@type\":\"ListItem\",\"position\":1,\"name\":\"Home\",\"item\":\"https:\\\/\\\/iraurgiberritzen.eus\\\/es\\\/\"},{\"@type\":\"ListItem\",\"position\":2,\"name\":\"En marcha los Desayunos Tecnol\u00f3gicos sobre Industria 4.0\"}]},{\"@type\":\"WebSite\",\"@id\":\"https:\\\/\\\/iraurgiberritzen.eus\\\/es\\\/#website\",\"url\":\"https:\\\/\\\/iraurgiberritzen.eus\\\/es\\\/\",\"name\":\"Iraurgi Berritzen\",\"description\":\"Urola Erdiko Garapen Agentzia\",\"publisher\":{\"@id\":\"https:\\\/\\\/iraurgiberritzen.eus\\\/es\\\/#organization\"},\"potentialAction\":[{\"@type\":\"SearchAction\",\"target\":{\"@type\":\"EntryPoint\",\"urlTemplate\":\"https:\\\/\\\/iraurgiberritzen.eus\\\/es\\\/?s={search_term_string}\"},\"query-input\":{\"@type\":\"PropertyValueSpecification\",\"valueRequired\":true,\"valueName\":\"search_term_string\"}}],\"inLanguage\":\"es\"},{\"@type\":\"Organization\",\"@id\":\"https:\\\/\\\/iraurgiberritzen.eus\\\/es\\\/#organization\",\"name\":\"Iraurgi Berritzen\",\"url\":\"https:\\\/\\\/iraurgiberritzen.eus\\\/es\\\/\",\"logo\":{\"@type\":\"ImageObject\",\"inLanguage\":\"es\",\"@id\":\"https:\\\/\\\/iraurgiberritzen.eus\\\/es\\\/#\\\/schema\\\/logo\\\/image\\\/\",\"url\":\"https:\\\/\\\/iraurgiberritzen.eus\\\/wp-content\\\/uploads\\\/2024\\\/02\\\/IRAURGI-BERRITZEN-logotipoa_2.png\",\"contentUrl\":\"https:\\\/\\\/iraurgiberritzen.eus\\\/wp-content\\\/uploads\\\/2024\\\/02\\\/IRAURGI-BERRITZEN-logotipoa_2.png\",\"width\":496,\"height\":190,\"caption\":\"Iraurgi Berritzen\"},\"image\":{\"@id\":\"https:\\\/\\\/iraurgiberritzen.eus\\\/es\\\/#\\\/schema\\\/logo\\\/image\\\/\"}},{\"@type\":\"Person\",\"@id\":\"https:\\\/\\\/iraurgiberritzen.eus\\\/es\\\/#\\\/schema\\\/person\\\/5ab41aaf388a9097177601ebf45738d2\",\"name\":\"kudeatzailea\",\"sameAs\":[\"https:\\\/\\\/iraurgiberritzen.eus\"]}]}<\/script>\n<!-- \/ Yoast SEO plugin. -->","yoast_head_json":{"title":"En marcha los Desayunos Tecnol\u00f3gicos sobre Industria 4.0 - Iraurgi Berritzen","robots":{"index":"index","follow":"follow","max-snippet":"max-snippet:-1","max-image-preview":"max-image-preview:large","max-video-preview":"max-video-preview:-1"},"canonical":"https:\/\/iraurgiberritzen.eus\/es\/en-marcha-los-desayunos-tecnologicos-sobre-industria-4-0\/","og_locale":"es_ES","og_type":"article","og_title":"En marcha los Desayunos Tecnol\u00f3gicos sobre Industria 4.0 - Iraurgi Berritzen","og_description":"IRAURGI BERRITZEN, en colaboraci\u00f3n con BIC Gipuzkoa y con la ayuda de la Diputaci\u00f3n Foral de Gipuzkoa, ha organizado los Desayunos Tecnol\u00f3gicos: Ikasiz 4.0 entre el 5 de marzo y el 7 de mayo, en el Palacio Basazabal de Azpeitia, con dos objetivos principales: Por un lado, a propuesta de los representantes de Enpresa Gunea, [&hellip;]","og_url":"https:\/\/iraurgiberritzen.eus\/es\/en-marcha-los-desayunos-tecnologicos-sobre-industria-4-0\/","og_site_name":"Iraurgi Berritzen","article_published_time":"2020-03-06T09:23:49+00:00","author":"kudeatzailea","twitter_card":"summary_large_image","twitter_misc":{"Escrito por":"kudeatzailea","Tiempo de lectura":"1 minuto"},"schema":{"@context":"https:\/\/schema.org","@graph":[{"@type":"Article","@id":"https:\/\/iraurgiberritzen.eus\/es\/en-marcha-los-desayunos-tecnologicos-sobre-industria-4-0\/#article","isPartOf":{"@id":"https:\/\/iraurgiberritzen.eus\/es\/en-marcha-los-desayunos-tecnologicos-sobre-industria-4-0\/"},"author":{"name":"kudeatzailea","@id":"https:\/\/iraurgiberritzen.eus\/es\/#\/schema\/person\/5ab41aaf388a9097177601ebf45738d2"},"headline":"En marcha los Desayunos Tecnol\u00f3gicos sobre Industria 4.0","datePublished":"2020-03-06T09:23:49+00:00","mainEntityOfPage":{"@id":"https:\/\/iraurgiberritzen.eus\/es\/en-marcha-los-desayunos-tecnologicos-sobre-industria-4-0\/"},"wordCount":277,"publisher":{"@id":"https:\/\/iraurgiberritzen.eus\/es\/#organization"},"image":{"@id":"https:\/\/iraurgiberritzen.eus\/es\/en-marcha-los-desayunos-tecnologicos-sobre-industria-4-0\/#primaryimage"},"thumbnailUrl":"https:\/\/iraurgiberritzen.eus\/wp-content\/uploads\/2023\/09\/5cb7d9c008502deb8141091027f5f238.jpg","articleSection":["Noticias"],"inLanguage":"es"},{"@type":"WebPage","@id":"https:\/\/iraurgiberritzen.eus\/es\/en-marcha-los-desayunos-tecnologicos-sobre-industria-4-0\/","url":"https:\/\/iraurgiberritzen.eus\/es\/en-marcha-los-desayunos-tecnologicos-sobre-industria-4-0\/","name":"En marcha los Desayunos Tecnol\u00f3gicos sobre Industria 4.0 - Iraurgi Berritzen","isPartOf":{"@id":"https:\/\/iraurgiberritzen.eus\/es\/#website"},"primaryImageOfPage":{"@id":"https:\/\/iraurgiberritzen.eus\/es\/en-marcha-los-desayunos-tecnologicos-sobre-industria-4-0\/#primaryimage"},"image":{"@id":"https:\/\/iraurgiberritzen.eus\/es\/en-marcha-los-desayunos-tecnologicos-sobre-industria-4-0\/#primaryimage"},"thumbnailUrl":"https:\/\/iraurgiberritzen.eus\/wp-content\/uploads\/2023\/09\/5cb7d9c008502deb8141091027f5f238.jpg","datePublished":"2020-03-06T09:23:49+00:00","breadcrumb":{"@id":"https:\/\/iraurgiberritzen.eus\/es\/en-marcha-los-desayunos-tecnologicos-sobre-industria-4-0\/#breadcrumb"},"inLanguage":"es","potentialAction":[{"@type":"ReadAction","target":["https:\/\/iraurgiberritzen.eus\/es\/en-marcha-los-desayunos-tecnologicos-sobre-industria-4-0\/"]}]},{"@type":"ImageObject","inLanguage":"es","@id":"https:\/\/iraurgiberritzen.eus\/es\/en-marcha-los-desayunos-tecnologicos-sobre-industria-4-0\/#primaryimage","url":"https:\/\/iraurgiberritzen.eus\/wp-content\/uploads\/2023\/09\/5cb7d9c008502deb8141091027f5f238.jpg","contentUrl":"https:\/\/iraurgiberritzen.eus\/wp-content\/uploads\/2023\/09\/5cb7d9c008502deb8141091027f5f238.jpg","width":600,"height":386},{"@type":"BreadcrumbList","@id":"https:\/\/iraurgiberritzen.eus\/es\/en-marcha-los-desayunos-tecnologicos-sobre-industria-4-0\/#breadcrumb","itemListElement":[{"@type":"ListItem","position":1,"name":"Home","item":"https:\/\/iraurgiberritzen.eus\/es\/"},{"@type":"ListItem","position":2,"name":"En marcha los Desayunos Tecnol\u00f3gicos sobre Industria 4.0"}]},{"@type":"WebSite","@id":"https:\/\/iraurgiberritzen.eus\/es\/#website","url":"https:\/\/iraurgiberritzen.eus\/es\/","name":"Iraurgi Berritzen","description":"Urola Erdiko Garapen Agentzia","publisher":{"@id":"https:\/\/iraurgiberritzen.eus\/es\/#organization"},"potentialAction":[{"@type":"SearchAction","target":{"@type":"EntryPoint","urlTemplate":"https:\/\/iraurgiberritzen.eus\/es\/?s={search_term_string}"},"query-input":{"@type":"PropertyValueSpecification","valueRequired":true,"valueName":"search_term_string"}}],"inLanguage":"es"},{"@type":"Organization","@id":"https:\/\/iraurgiberritzen.eus\/es\/#organization","name":"Iraurgi Berritzen","url":"https:\/\/iraurgiberritzen.eus\/es\/","logo":{"@type":"ImageObject","inLanguage":"es","@id":"https:\/\/iraurgiberritzen.eus\/es\/#\/schema\/logo\/image\/","url":"https:\/\/iraurgiberritzen.eus\/wp-content\/uploads\/2024\/02\/IRAURGI-BERRITZEN-logotipoa_2.png","contentUrl":"https:\/\/iraurgiberritzen.eus\/wp-content\/uploads\/2024\/02\/IRAURGI-BERRITZEN-logotipoa_2.png","width":496,"height":190,"caption":"Iraurgi Berritzen"},"image":{"@id":"https:\/\/iraurgiberritzen.eus\/es\/#\/schema\/logo\/image\/"}},{"@type":"Person","@id":"https:\/\/iraurgiberritzen.eus\/es\/#\/schema\/person\/5ab41aaf388a9097177601ebf45738d2","name":"kudeatzailea","sameAs":["https:\/\/iraurgiberritzen.eus"]}]}},"_links":{"self":[{"href":"https:\/\/iraurgiberritzen.eus\/es\/wp-json\/wp\/v2\/posts\/12867","targetHints":{"allow":["GET"]}}],"collection":[{"href":"https:\/\/iraurgiberritzen.eus\/es\/wp-json\/wp\/v2\/posts"}],"about":[{"href":"https:\/\/iraurgiberritzen.eus\/es\/wp-json\/wp\/v2\/types\/post"}],"author":[{"embeddable":true,"href":"https:\/\/iraurgiberritzen.eus\/es\/wp-json\/wp\/v2\/users\/1"}],"replies":[{"embeddable":true,"href":"https:\/\/iraurgiberritzen.eus\/es\/wp-json\/wp\/v2\/comments?post=12867"}],"version-history":[{"count":0,"href":"https:\/\/iraurgiberritzen.eus\/es\/wp-json\/wp\/v2\/posts\/12867\/revisions"}],"wp:featuredmedia":[{"embeddable":true,"href":"https:\/\/iraurgiberritzen.eus\/es\/wp-json\/wp\/v2\/media\/17724"}],"wp:attachment":[{"href":"https:\/\/iraurgiberritzen.eus\/es\/wp-json\/wp\/v2\/media?parent=12867"}],"wp:term":[{"taxonomy":"category","embeddable":true,"href":"https:\/\/iraurgiberritzen.eus\/es\/wp-json\/wp\/v2\/categories?post=12867"},{"taxonomy":"post_tag","embeddable":true,"href":"https:\/\/iraurgiberritzen.eus\/es\/wp-json\/wp\/v2\/tags?post=12867"}],"curies":[{"name":"wp","href":"https:\/\/api.w.org\/{rel}","templated":true}]}}