{"id":12870,"date":"2020-03-13T11:05:28","date_gmt":"2020-03-13T09:05:28","guid":{"rendered":"https:\/\/iraurgiberritzen.eus\/medidas-adoptadas-ante-la-emergencia-sanitaria-provocada-por-el-virus-covid-19\/"},"modified":"2020-03-13T11:05:28","modified_gmt":"2020-03-13T09:05:28","slug":"medidas-adoptadas-ante-la-emergencia-sanitaria-provocada-por-el-virus-covid-19","status":"publish","type":"post","link":"https:\/\/iraurgiberritzen.eus\/es\/medidas-adoptadas-ante-la-emergencia-sanitaria-provocada-por-el-virus-covid-19\/","title":{"rendered":"Medidas adoptadas ante la emergencia sanitaria provocada por el virus Covid-19"},"content":{"rendered":"<p style=\"text-align: justify;\">Con motivo de la declaraci\u00f3n de emergencia sanitaria en Euskadi y con el objetivo de contribuir a frenar la expansi\u00f3n del coronavirus, la Agencia de Desarrollo e Innovaci\u00f3n de Urola Erdia IRAURGI BERRITZEN comunica que desde el pasado viernes 13 de marzo, y hasta nueva indicaci\u00f3n, no podr\u00e1 atender de forma presencial en sus oficinas tanto de Azpeitia como de Azkoitia, y ofrecer\u00e1 as\u00ed servicios m\u00ednimos en su oficina de Azkoitia, de 8.00 a 14.00.<\/p>\n<p style=\"text-align: justify;\">Sin embargo, la entidad mantiene su actividad y la tarea de su equipo de profesionales con toda normalidad, por lo que pone a disposici\u00f3n de la ciudadan\u00eda sus tel\u00e9fono de atenci\u00f3n al p\u00fablico <strong>943 85 11 00 y 943 08 34 69<\/strong> (centro de empleo), la p\u00e1gina web <a href=\"http:\/\/www.iraurgiberritzen.eus\">www.iraurgiberritzen.eus<\/a>&nbsp;y el correo <a href=\"mailto:info@iraurgiberritzen.eus\">info@iraurgiberritzen.eus<\/a>&nbsp;para atender cualquier cuesti\u00f3n.<\/p>\n<p style=\"text-align: justify;\">Sentimos las molestias que pueda ocasionar esta medida con la que esperamos favorecer la salud p\u00fablica y las directrices adoptadas por el Gobierno Vasco.<\/p>\n","protected":false},"excerpt":{"rendered":"<p>Con motivo de la declaraci\u00f3n de emergencia sanitaria en Euskadi y con el objetivo de contribuir a frenar la expansi\u00f3n del coronavirus, la Agencia de Desarrollo e Innovaci\u00f3n de Urola Erdia IRAURGI BERRITZEN comunica que desde el pasado viernes 13 de marzo, y hasta nueva indicaci\u00f3n, no podr\u00e1 atender de forma presencial en sus oficinas [&hellip;]<\/p>\n","protected":false},"author":1,"featured_media":17725,"comment_status":"","ping_status":"closed","sticky":false,"template":"","format":"standard","meta":{"_acf_changed":false,"footnotes":""},"categories":[4],"tags":[],"class_list":["post-12870","post","type-post","status-publish","format-standard","has-post-thumbnail","hentry","category-noticias"],"acf":[],"yoast_head":"<!-- This site is optimized with the Yoast SEO plugin v27.4 - https:\/\/yoast.com\/product\/yoast-seo-wordpress\/ -->\n<title>Medidas adoptadas ante la emergencia sanitaria provocada por el virus Covid-19 - Iraurgi Berritzen<\/title>\n<meta name=\"robots\" content=\"index, follow, max-snippet:-1, max-image-preview:large, max-video-preview:-1\" \/>\n<link rel=\"canonical\" href=\"https:\/\/iraurgiberritzen.eus\/es\/medidas-adoptadas-ante-la-emergencia-sanitaria-provocada-por-el-virus-covid-19\/\" \/>\n<meta property=\"og:locale\" content=\"es_ES\" \/>\n<meta property=\"og:type\" content=\"article\" \/>\n<meta property=\"og:title\" content=\"Medidas adoptadas ante la emergencia sanitaria provocada por el virus Covid-19 - Iraurgi Berritzen\" \/>\n<meta property=\"og:description\" content=\"Con motivo de la declaraci\u00f3n de emergencia sanitaria en Euskadi y con el objetivo de contribuir a frenar la expansi\u00f3n del coronavirus, la Agencia de Desarrollo e Innovaci\u00f3n de Urola Erdia IRAURGI BERRITZEN comunica que desde el pasado viernes 13 de marzo, y hasta nueva indicaci\u00f3n, no podr\u00e1 atender de forma presencial en sus oficinas [&hellip;]\" \/>\n<meta property=\"og:url\" content=\"https:\/\/iraurgiberritzen.eus\/es\/medidas-adoptadas-ante-la-emergencia-sanitaria-provocada-por-el-virus-covid-19\/\" \/>\n<meta property=\"og:site_name\" content=\"Iraurgi Berritzen\" \/>\n<meta property=\"article:published_time\" content=\"2020-03-13T09:05:28+00:00\" \/>\n<meta name=\"author\" content=\"kudeatzailea\" \/>\n<meta name=\"twitter:card\" content=\"summary_large_image\" \/>\n<meta name=\"twitter:label1\" content=\"Escrito por\" \/>\n\t<meta name=\"twitter:data1\" content=\"kudeatzailea\" \/>\n\t<meta name=\"twitter:label2\" content=\"Tiempo de lectura\" \/>\n\t<meta name=\"twitter:data2\" content=\"1 minuto\" \/>\n<script type=\"application\/ld+json\" class=\"yoast-schema-graph\">{\"@context\":\"https:\\\/\\\/schema.org\",\"@graph\":[{\"@type\":\"Article\",\"@id\":\"https:\\\/\\\/iraurgiberritzen.eus\\\/es\\\/medidas-adoptadas-ante-la-emergencia-sanitaria-provocada-por-el-virus-covid-19\\\/#article\",\"isPartOf\":{\"@id\":\"https:\\\/\\\/iraurgiberritzen.eus\\\/es\\\/medidas-adoptadas-ante-la-emergencia-sanitaria-provocada-por-el-virus-covid-19\\\/\"},\"author\":{\"name\":\"kudeatzailea\",\"@id\":\"https:\\\/\\\/iraurgiberritzen.eus\\\/es\\\/#\\\/schema\\\/person\\\/5ab41aaf388a9097177601ebf45738d2\"},\"headline\":\"Medidas adoptadas ante la emergencia sanitaria provocada por el virus Covid-19\",\"datePublished\":\"2020-03-13T09:05:28+00:00\",\"mainEntityOfPage\":{\"@id\":\"https:\\\/\\\/iraurgiberritzen.eus\\\/es\\\/medidas-adoptadas-ante-la-emergencia-sanitaria-provocada-por-el-virus-covid-19\\\/\"},\"wordCount\":175,\"publisher\":{\"@id\":\"https:\\\/\\\/iraurgiberritzen.eus\\\/es\\\/#organization\"},\"image\":{\"@id\":\"https:\\\/\\\/iraurgiberritzen.eus\\\/es\\\/medidas-adoptadas-ante-la-emergencia-sanitaria-provocada-por-el-virus-covid-19\\\/#primaryimage\"},\"thumbnailUrl\":\"https:\\\/\\\/iraurgiberritzen.eus\\\/wp-content\\\/uploads\\\/2023\\\/09\\\/435f56c3ee714a62eba91b0d67860eb3.jpg\",\"articleSection\":[\"Noticias\"],\"inLanguage\":\"es\"},{\"@type\":\"WebPage\",\"@id\":\"https:\\\/\\\/iraurgiberritzen.eus\\\/es\\\/medidas-adoptadas-ante-la-emergencia-sanitaria-provocada-por-el-virus-covid-19\\\/\",\"url\":\"https:\\\/\\\/iraurgiberritzen.eus\\\/es\\\/medidas-adoptadas-ante-la-emergencia-sanitaria-provocada-por-el-virus-covid-19\\\/\",\"name\":\"Medidas adoptadas ante la emergencia sanitaria provocada por el virus Covid-19 - Iraurgi Berritzen\",\"isPartOf\":{\"@id\":\"https:\\\/\\\/iraurgiberritzen.eus\\\/es\\\/#website\"},\"primaryImageOfPage\":{\"@id\":\"https:\\\/\\\/iraurgiberritzen.eus\\\/es\\\/medidas-adoptadas-ante-la-emergencia-sanitaria-provocada-por-el-virus-covid-19\\\/#primaryimage\"},\"image\":{\"@id\":\"https:\\\/\\\/iraurgiberritzen.eus\\\/es\\\/medidas-adoptadas-ante-la-emergencia-sanitaria-provocada-por-el-virus-covid-19\\\/#primaryimage\"},\"thumbnailUrl\":\"https:\\\/\\\/iraurgiberritzen.eus\\\/wp-content\\\/uploads\\\/2023\\\/09\\\/435f56c3ee714a62eba91b0d67860eb3.jpg\",\"datePublished\":\"2020-03-13T09:05:28+00:00\",\"breadcrumb\":{\"@id\":\"https:\\\/\\\/iraurgiberritzen.eus\\\/es\\\/medidas-adoptadas-ante-la-emergencia-sanitaria-provocada-por-el-virus-covid-19\\\/#breadcrumb\"},\"inLanguage\":\"es\",\"potentialAction\":[{\"@type\":\"ReadAction\",\"target\":[\"https:\\\/\\\/iraurgiberritzen.eus\\\/es\\\/medidas-adoptadas-ante-la-emergencia-sanitaria-provocada-por-el-virus-covid-19\\\/\"]}]},{\"@type\":\"ImageObject\",\"inLanguage\":\"es\",\"@id\":\"https:\\\/\\\/iraurgiberritzen.eus\\\/es\\\/medidas-adoptadas-ante-la-emergencia-sanitaria-provocada-por-el-virus-covid-19\\\/#primaryimage\",\"url\":\"https:\\\/\\\/iraurgiberritzen.eus\\\/wp-content\\\/uploads\\\/2023\\\/09\\\/435f56c3ee714a62eba91b0d67860eb3.jpg\",\"contentUrl\":\"https:\\\/\\\/iraurgiberritzen.eus\\\/wp-content\\\/uploads\\\/2023\\\/09\\\/435f56c3ee714a62eba91b0d67860eb3.jpg\",\"width\":600,\"height\":386},{\"@type\":\"BreadcrumbList\",\"@id\":\"https:\\\/\\\/iraurgiberritzen.eus\\\/es\\\/medidas-adoptadas-ante-la-emergencia-sanitaria-provocada-por-el-virus-covid-19\\\/#breadcrumb\",\"itemListElement\":[{\"@type\":\"ListItem\",\"position\":1,\"name\":\"Home\",\"item\":\"https:\\\/\\\/iraurgiberritzen.eus\\\/es\\\/\"},{\"@type\":\"ListItem\",\"position\":2,\"name\":\"Medidas adoptadas ante la emergencia sanitaria provocada por el virus Covid-19\"}]},{\"@type\":\"WebSite\",\"@id\":\"https:\\\/\\\/iraurgiberritzen.eus\\\/es\\\/#website\",\"url\":\"https:\\\/\\\/iraurgiberritzen.eus\\\/es\\\/\",\"name\":\"Iraurgi Berritzen\",\"description\":\"Urola Erdiko Garapen Agentzia\",\"publisher\":{\"@id\":\"https:\\\/\\\/iraurgiberritzen.eus\\\/es\\\/#organization\"},\"potentialAction\":[{\"@type\":\"SearchAction\",\"target\":{\"@type\":\"EntryPoint\",\"urlTemplate\":\"https:\\\/\\\/iraurgiberritzen.eus\\\/es\\\/?s={search_term_string}\"},\"query-input\":{\"@type\":\"PropertyValueSpecification\",\"valueRequired\":true,\"valueName\":\"search_term_string\"}}],\"inLanguage\":\"es\"},{\"@type\":\"Organization\",\"@id\":\"https:\\\/\\\/iraurgiberritzen.eus\\\/es\\\/#organization\",\"name\":\"Iraurgi Berritzen\",\"url\":\"https:\\\/\\\/iraurgiberritzen.eus\\\/es\\\/\",\"logo\":{\"@type\":\"ImageObject\",\"inLanguage\":\"es\",\"@id\":\"https:\\\/\\\/iraurgiberritzen.eus\\\/es\\\/#\\\/schema\\\/logo\\\/image\\\/\",\"url\":\"https:\\\/\\\/iraurgiberritzen.eus\\\/wp-content\\\/uploads\\\/2024\\\/02\\\/IRAURGI-BERRITZEN-logotipoa_2.png\",\"contentUrl\":\"https:\\\/\\\/iraurgiberritzen.eus\\\/wp-content\\\/uploads\\\/2024\\\/02\\\/IRAURGI-BERRITZEN-logotipoa_2.png\",\"width\":496,\"height\":190,\"caption\":\"Iraurgi Berritzen\"},\"image\":{\"@id\":\"https:\\\/\\\/iraurgiberritzen.eus\\\/es\\\/#\\\/schema\\\/logo\\\/image\\\/\"}},{\"@type\":\"Person\",\"@id\":\"https:\\\/\\\/iraurgiberritzen.eus\\\/es\\\/#\\\/schema\\\/person\\\/5ab41aaf388a9097177601ebf45738d2\",\"name\":\"kudeatzailea\",\"sameAs\":[\"https:\\\/\\\/iraurgiberritzen.eus\"]}]}<\/script>\n<!-- \/ Yoast SEO plugin. -->","yoast_head_json":{"title":"Medidas adoptadas ante la emergencia sanitaria provocada por el virus Covid-19 - Iraurgi Berritzen","robots":{"index":"index","follow":"follow","max-snippet":"max-snippet:-1","max-image-preview":"max-image-preview:large","max-video-preview":"max-video-preview:-1"},"canonical":"https:\/\/iraurgiberritzen.eus\/es\/medidas-adoptadas-ante-la-emergencia-sanitaria-provocada-por-el-virus-covid-19\/","og_locale":"es_ES","og_type":"article","og_title":"Medidas adoptadas ante la emergencia sanitaria provocada por el virus Covid-19 - Iraurgi Berritzen","og_description":"Con motivo de la declaraci\u00f3n de emergencia sanitaria en Euskadi y con el objetivo de contribuir a frenar la expansi\u00f3n del coronavirus, la Agencia de Desarrollo e Innovaci\u00f3n de Urola Erdia IRAURGI BERRITZEN comunica que desde el pasado viernes 13 de marzo, y hasta nueva indicaci\u00f3n, no podr\u00e1 atender de forma presencial en sus oficinas [&hellip;]","og_url":"https:\/\/iraurgiberritzen.eus\/es\/medidas-adoptadas-ante-la-emergencia-sanitaria-provocada-por-el-virus-covid-19\/","og_site_name":"Iraurgi Berritzen","article_published_time":"2020-03-13T09:05:28+00:00","author":"kudeatzailea","twitter_card":"summary_large_image","twitter_misc":{"Escrito por":"kudeatzailea","Tiempo de lectura":"1 minuto"},"schema":{"@context":"https:\/\/schema.org","@graph":[{"@type":"Article","@id":"https:\/\/iraurgiberritzen.eus\/es\/medidas-adoptadas-ante-la-emergencia-sanitaria-provocada-por-el-virus-covid-19\/#article","isPartOf":{"@id":"https:\/\/iraurgiberritzen.eus\/es\/medidas-adoptadas-ante-la-emergencia-sanitaria-provocada-por-el-virus-covid-19\/"},"author":{"name":"kudeatzailea","@id":"https:\/\/iraurgiberritzen.eus\/es\/#\/schema\/person\/5ab41aaf388a9097177601ebf45738d2"},"headline":"Medidas adoptadas ante la emergencia sanitaria provocada por el virus Covid-19","datePublished":"2020-03-13T09:05:28+00:00","mainEntityOfPage":{"@id":"https:\/\/iraurgiberritzen.eus\/es\/medidas-adoptadas-ante-la-emergencia-sanitaria-provocada-por-el-virus-covid-19\/"},"wordCount":175,"publisher":{"@id":"https:\/\/iraurgiberritzen.eus\/es\/#organization"},"image":{"@id":"https:\/\/iraurgiberritzen.eus\/es\/medidas-adoptadas-ante-la-emergencia-sanitaria-provocada-por-el-virus-covid-19\/#primaryimage"},"thumbnailUrl":"https:\/\/iraurgiberritzen.eus\/wp-content\/uploads\/2023\/09\/435f56c3ee714a62eba91b0d67860eb3.jpg","articleSection":["Noticias"],"inLanguage":"es"},{"@type":"WebPage","@id":"https:\/\/iraurgiberritzen.eus\/es\/medidas-adoptadas-ante-la-emergencia-sanitaria-provocada-por-el-virus-covid-19\/","url":"https:\/\/iraurgiberritzen.eus\/es\/medidas-adoptadas-ante-la-emergencia-sanitaria-provocada-por-el-virus-covid-19\/","name":"Medidas adoptadas ante la emergencia sanitaria provocada por el virus Covid-19 - Iraurgi Berritzen","isPartOf":{"@id":"https:\/\/iraurgiberritzen.eus\/es\/#website"},"primaryImageOfPage":{"@id":"https:\/\/iraurgiberritzen.eus\/es\/medidas-adoptadas-ante-la-emergencia-sanitaria-provocada-por-el-virus-covid-19\/#primaryimage"},"image":{"@id":"https:\/\/iraurgiberritzen.eus\/es\/medidas-adoptadas-ante-la-emergencia-sanitaria-provocada-por-el-virus-covid-19\/#primaryimage"},"thumbnailUrl":"https:\/\/iraurgiberritzen.eus\/wp-content\/uploads\/2023\/09\/435f56c3ee714a62eba91b0d67860eb3.jpg","datePublished":"2020-03-13T09:05:28+00:00","breadcrumb":{"@id":"https:\/\/iraurgiberritzen.eus\/es\/medidas-adoptadas-ante-la-emergencia-sanitaria-provocada-por-el-virus-covid-19\/#breadcrumb"},"inLanguage":"es","potentialAction":[{"@type":"ReadAction","target":["https:\/\/iraurgiberritzen.eus\/es\/medidas-adoptadas-ante-la-emergencia-sanitaria-provocada-por-el-virus-covid-19\/"]}]},{"@type":"ImageObject","inLanguage":"es","@id":"https:\/\/iraurgiberritzen.eus\/es\/medidas-adoptadas-ante-la-emergencia-sanitaria-provocada-por-el-virus-covid-19\/#primaryimage","url":"https:\/\/iraurgiberritzen.eus\/wp-content\/uploads\/2023\/09\/435f56c3ee714a62eba91b0d67860eb3.jpg","contentUrl":"https:\/\/iraurgiberritzen.eus\/wp-content\/uploads\/2023\/09\/435f56c3ee714a62eba91b0d67860eb3.jpg","width":600,"height":386},{"@type":"BreadcrumbList","@id":"https:\/\/iraurgiberritzen.eus\/es\/medidas-adoptadas-ante-la-emergencia-sanitaria-provocada-por-el-virus-covid-19\/#breadcrumb","itemListElement":[{"@type":"ListItem","position":1,"name":"Home","item":"https:\/\/iraurgiberritzen.eus\/es\/"},{"@type":"ListItem","position":2,"name":"Medidas adoptadas ante la emergencia sanitaria provocada por el virus Covid-19"}]},{"@type":"WebSite","@id":"https:\/\/iraurgiberritzen.eus\/es\/#website","url":"https:\/\/iraurgiberritzen.eus\/es\/","name":"Iraurgi Berritzen","description":"Urola Erdiko Garapen Agentzia","publisher":{"@id":"https:\/\/iraurgiberritzen.eus\/es\/#organization"},"potentialAction":[{"@type":"SearchAction","target":{"@type":"EntryPoint","urlTemplate":"https:\/\/iraurgiberritzen.eus\/es\/?s={search_term_string}"},"query-input":{"@type":"PropertyValueSpecification","valueRequired":true,"valueName":"search_term_string"}}],"inLanguage":"es"},{"@type":"Organization","@id":"https:\/\/iraurgiberritzen.eus\/es\/#organization","name":"Iraurgi Berritzen","url":"https:\/\/iraurgiberritzen.eus\/es\/","logo":{"@type":"ImageObject","inLanguage":"es","@id":"https:\/\/iraurgiberritzen.eus\/es\/#\/schema\/logo\/image\/","url":"https:\/\/iraurgiberritzen.eus\/wp-content\/uploads\/2024\/02\/IRAURGI-BERRITZEN-logotipoa_2.png","contentUrl":"https:\/\/iraurgiberritzen.eus\/wp-content\/uploads\/2024\/02\/IRAURGI-BERRITZEN-logotipoa_2.png","width":496,"height":190,"caption":"Iraurgi Berritzen"},"image":{"@id":"https:\/\/iraurgiberritzen.eus\/es\/#\/schema\/logo\/image\/"}},{"@type":"Person","@id":"https:\/\/iraurgiberritzen.eus\/es\/#\/schema\/person\/5ab41aaf388a9097177601ebf45738d2","name":"kudeatzailea","sameAs":["https:\/\/iraurgiberritzen.eus"]}]}},"_links":{"self":[{"href":"https:\/\/iraurgiberritzen.eus\/es\/wp-json\/wp\/v2\/posts\/12870","targetHints":{"allow":["GET"]}}],"collection":[{"href":"https:\/\/iraurgiberritzen.eus\/es\/wp-json\/wp\/v2\/posts"}],"about":[{"href":"https:\/\/iraurgiberritzen.eus\/es\/wp-json\/wp\/v2\/types\/post"}],"author":[{"embeddable":true,"href":"https:\/\/iraurgiberritzen.eus\/es\/wp-json\/wp\/v2\/users\/1"}],"replies":[{"embeddable":true,"href":"https:\/\/iraurgiberritzen.eus\/es\/wp-json\/wp\/v2\/comments?post=12870"}],"version-history":[{"count":0,"href":"https:\/\/iraurgiberritzen.eus\/es\/wp-json\/wp\/v2\/posts\/12870\/revisions"}],"wp:featuredmedia":[{"embeddable":true,"href":"https:\/\/iraurgiberritzen.eus\/es\/wp-json\/wp\/v2\/media\/17725"}],"wp:attachment":[{"href":"https:\/\/iraurgiberritzen.eus\/es\/wp-json\/wp\/v2\/media?parent=12870"}],"wp:term":[{"taxonomy":"category","embeddable":true,"href":"https:\/\/iraurgiberritzen.eus\/es\/wp-json\/wp\/v2\/categories?post=12870"},{"taxonomy":"post_tag","embeddable":true,"href":"https:\/\/iraurgiberritzen.eus\/es\/wp-json\/wp\/v2\/tags?post=12870"}],"curies":[{"name":"wp","href":"https:\/\/api.w.org\/{rel}","templated":true}]}}