{"id":12873,"date":"2020-03-21T10:44:43","date_gmt":"2020-03-21T08:44:43","guid":{"rendered":"https:\/\/iraurgiberritzen.eus\/el-ayuntamiento-de-azpeitia-establece-una-linea-de-subvencion-de-600-000-euros-para-hacer-frente-a-los-danos-economicos-causados-por-el-covid-19\/"},"modified":"2020-03-21T10:44:43","modified_gmt":"2020-03-21T08:44:43","slug":"el-ayuntamiento-de-azpeitia-establece-una-linea-de-subvencion-de-600-000-euros-para-hacer-frente-a-los-danos-economicos-causados-por-el-covid-19","status":"publish","type":"post","link":"https:\/\/iraurgiberritzen.eus\/es\/el-ayuntamiento-de-azpeitia-establece-una-linea-de-subvencion-de-600-000-euros-para-hacer-frente-a-los-danos-economicos-causados-por-el-covid-19\/","title":{"rendered":"El Ayuntamiento de Azpeitia establece una l\u00ednea de subvenci\u00f3n de 600.000 euros para hacer frente a los da\u00f1os econ\u00f3micos causados por el COVID-19"},"content":{"rendered":"<p>Tras la declaraci\u00f3n del estado de alerta por parte del Gobierno de Espa\u00f1a, el Ayuntamiento de Azpeitia ha decidido poner en marcha una l\u00ednea de subvenci\u00f3n de <strong>600.000 \u20ac<\/strong>.<\/p>\n<p style=\"text-align: justify;\">Las ayudas se ofrecer\u00e1n para compensar los da\u00f1os causados por las medidas adoptadas ante el Coronavirus. En concreto, conceder\u00e1 ayudas tanto para el cuidado infantil como de la ciudadan\u00eda en situaci\u00f3n de dependencia, y para minimizar el impacto de los da\u00f1os econ\u00f3micos causados por el cierre de peque\u00f1os comercios, establecimientos hosteleros o similares.<\/p>\n<p style=\"text-align: justify;\">Desde el Ayuntamiento informan que desde el resto de instituciones tambi\u00e9n llegar\u00e1n ayudas y medidas para los ciudadanos y agentes econ\u00f3micos. No obstante, ha decidido poner en marcha una l\u00ednea subvencional de 600.000 \u20ac sin esperar a estas medidas. Ante el malestar de la ciudadan\u00eda, el ayuntamiento ha decidido poner los medios para la correcta aplicaci\u00f3n de las medidas preventivas y, al mismo tiempo, dar una respuesta adecuada a la ciudadan\u00eda ante los da\u00f1os econ\u00f3micos causados. El Ayuntamiento es el ente p\u00fablico m\u00e1s cercano a la ciudadan\u00eda y la intenci\u00f3n es canalizar desde \u00e9l las primeras acciones, sin perjuicio de las medidas que el resto de administraciones puedan adoptar a corto y medio plazo.<\/p>\n<p style=\"text-align: justify;\">Seg\u00fan explica el ayuntamiento, corresponde tanto a los agentes econ\u00f3micos y sociales, como a las instituciones p\u00fablicas de distinto nivel, realizar una aportaci\u00f3n acorde a su capacidad. Las subvenciones que acaban de poner en marcha ser\u00e1n compatibles y complementarias con el resto de ayudas.<\/p>\n<p style=\"text-align: justify;\">A continuaci\u00f3n se exponen las dos l\u00edneas:<\/p>\n<p style=\"text-align: justify;\"><strong>Subvenciones para el cuidado infantil y de personas en situaci\u00f3n de dependencia. Destinar\u00e1 un total de 300.000 \u20ac para esta tarea.<\/strong><\/p>\n<ol>\n<li style=\"text-align: justify;\">Se subvencionar\u00e1n las contrataciones que se hayan realizado como consecuencia de la COVID-19, para el cuidado de ni\u00f1os y ni\u00f1as de 0 a 12 a\u00f1os o personas en situaci\u00f3n de dependencia (hasta un m\u00e1ximo de 1.000 euros por contrataci\u00f3n a jornada completa).<\/li>\n<li style=\"text-align: justify;\">Ayudas destinadas a compensar los da\u00f1os causados por la solicitud de permiso sin sueldo y similares para el cuidado de ni\u00f1os y ni\u00f1as de 0 a 12 a\u00f1os o personas dependientes como consecuencia de la COVID-19 (1.000 euros mensuales, tomando como referencia uno por unidad convivencial).<\/li>\n<\/ol>\n<p style=\"text-align: justify;\"><strong>Subvenciones a peque\u00f1os comercios, establecimientos hosteleros y similares. Se destinar\u00e1 un total de 300.000 \u20ac.<\/strong><\/p>\n<ol>\n<li style=\"text-align: justify;\">Ayudas destinadas a minimizar el impacto de los da\u00f1os econ\u00f3micos causados por el cierre de peque\u00f1os comercios y establecimientos de hosteler\u00eda (hasta un m\u00e1ximo de 1.000 euros, tomando como referencia un mes).<\/li>\n<\/ol>\n<p style=\"text-align: justify;\">A continuaci\u00f3n se puede obtener la convocatoria de subvenciones y los impresos de solicitud:<\/p>\n<ul>\n<li style=\"text-align: justify;\"><a href=\"https:\/\/azpeitia.eus\/images\/CORONAVIRUSAREN_AURREAN_LAGUNTZA.pdf\" target=\"_blank\" rel=\"noopener\">Bases<\/a><\/li>\n<li style=\"text-align: justify;\"><a href=\"https:\/\/azpeitia.eus\/images\/2020\/Eskabide_orokorra_es.pdf\" target=\"_blank\" rel=\"noopener\">Impreso de Solicitud<\/a><\/li>\n<\/ul>\n<p style=\"text-align: justify;\">Para cualquier aclaraci\u00f3n, a continuaci\u00f3n se detallan los datos para contactar con nosotros:<\/p>\n<ul>\n<li style=\"text-align: justify;\"><strong>Ayuda comercial<\/strong>; <a href=\"mailto:alarranaga@iraurgiberritzen.eus\">alarranaga@iraurgiberritzen.eus<\/a>&nbsp;Alazne Larra\u00f1aga 688718777<\/li>\n<li style=\"text-align: justify;\"><strong>Ayuda en hosteler\u00eda<\/strong>; <a href=\"mailto:jmujika@iraurgiberritzen.eus\">jmujika@iraurgiberritzen.eus<\/a>&nbsp;Jesus Mujika 688685059<\/li>\n<\/ul>\n","protected":false},"excerpt":{"rendered":"<p>Tras la declaraci\u00f3n del estado de alerta por parte del Gobierno de Espa\u00f1a, el Ayuntamiento de Azpeitia ha decidido poner en marcha una l\u00ednea de subvenci\u00f3n de 600.000 \u20ac. Las ayudas se ofrecer\u00e1n para compensar los da\u00f1os causados por las medidas adoptadas ante el Coronavirus. En concreto, conceder\u00e1 ayudas tanto para el cuidado infantil como [&hellip;]<\/p>\n","protected":false},"author":1,"featured_media":17726,"comment_status":"","ping_status":"closed","sticky":false,"template":"","format":"standard","meta":{"_acf_changed":false,"footnotes":""},"categories":[4],"tags":[],"class_list":["post-12873","post","type-post","status-publish","format-standard","has-post-thumbnail","hentry","category-noticias"],"acf":[],"yoast_head":"<!-- This site is optimized with the Yoast SEO plugin v27.4 - https:\/\/yoast.com\/product\/yoast-seo-wordpress\/ -->\n<title>El Ayuntamiento de Azpeitia establece una l\u00ednea de subvenci\u00f3n de 600.000 euros para hacer frente a los da\u00f1os econ\u00f3micos causados por el COVID-19 - Iraurgi Berritzen<\/title>\n<meta name=\"robots\" content=\"index, follow, max-snippet:-1, max-image-preview:large, max-video-preview:-1\" \/>\n<link rel=\"canonical\" href=\"https:\/\/iraurgiberritzen.eus\/es\/el-ayuntamiento-de-azpeitia-establece-una-linea-de-subvencion-de-600-000-euros-para-hacer-frente-a-los-danos-economicos-causados-por-el-covid-19\/\" \/>\n<meta property=\"og:locale\" content=\"es_ES\" \/>\n<meta property=\"og:type\" content=\"article\" \/>\n<meta property=\"og:title\" content=\"El Ayuntamiento de Azpeitia establece una l\u00ednea de subvenci\u00f3n de 600.000 euros para hacer frente a los da\u00f1os econ\u00f3micos causados por el COVID-19 - Iraurgi Berritzen\" \/>\n<meta property=\"og:description\" content=\"Tras la declaraci\u00f3n del estado de alerta por parte del Gobierno de Espa\u00f1a, el Ayuntamiento de Azpeitia ha decidido poner en marcha una l\u00ednea de subvenci\u00f3n de 600.000 \u20ac. Las ayudas se ofrecer\u00e1n para compensar los da\u00f1os causados por las medidas adoptadas ante el Coronavirus. En concreto, conceder\u00e1 ayudas tanto para el cuidado infantil como [&hellip;]\" \/>\n<meta property=\"og:url\" content=\"https:\/\/iraurgiberritzen.eus\/es\/el-ayuntamiento-de-azpeitia-establece-una-linea-de-subvencion-de-600-000-euros-para-hacer-frente-a-los-danos-economicos-causados-por-el-covid-19\/\" \/>\n<meta property=\"og:site_name\" content=\"Iraurgi Berritzen\" \/>\n<meta property=\"article:published_time\" content=\"2020-03-21T08:44:43+00:00\" \/>\n<meta name=\"author\" content=\"kudeatzailea\" \/>\n<meta name=\"twitter:card\" content=\"summary_large_image\" \/>\n<meta name=\"twitter:label1\" content=\"Escrito por\" \/>\n\t<meta name=\"twitter:data1\" content=\"kudeatzailea\" \/>\n\t<meta name=\"twitter:label2\" content=\"Tiempo de lectura\" \/>\n\t<meta name=\"twitter:data2\" content=\"2 minutos\" \/>\n<script type=\"application\/ld+json\" class=\"yoast-schema-graph\">{\"@context\":\"https:\\\/\\\/schema.org\",\"@graph\":[{\"@type\":\"Article\",\"@id\":\"https:\\\/\\\/iraurgiberritzen.eus\\\/es\\\/el-ayuntamiento-de-azpeitia-establece-una-linea-de-subvencion-de-600-000-euros-para-hacer-frente-a-los-danos-economicos-causados-por-el-covid-19\\\/#article\",\"isPartOf\":{\"@id\":\"https:\\\/\\\/iraurgiberritzen.eus\\\/es\\\/el-ayuntamiento-de-azpeitia-establece-una-linea-de-subvencion-de-600-000-euros-para-hacer-frente-a-los-danos-economicos-causados-por-el-covid-19\\\/\"},\"author\":{\"name\":\"kudeatzailea\",\"@id\":\"https:\\\/\\\/iraurgiberritzen.eus\\\/es\\\/#\\\/schema\\\/person\\\/5ab41aaf388a9097177601ebf45738d2\"},\"headline\":\"El Ayuntamiento de Azpeitia establece una l\u00ednea de subvenci\u00f3n de 600.000 euros para hacer frente a los da\u00f1os econ\u00f3micos causados por el COVID-19\",\"datePublished\":\"2020-03-21T08:44:43+00:00\",\"mainEntityOfPage\":{\"@id\":\"https:\\\/\\\/iraurgiberritzen.eus\\\/es\\\/el-ayuntamiento-de-azpeitia-establece-una-linea-de-subvencion-de-600-000-euros-para-hacer-frente-a-los-danos-economicos-causados-por-el-covid-19\\\/\"},\"wordCount\":516,\"publisher\":{\"@id\":\"https:\\\/\\\/iraurgiberritzen.eus\\\/es\\\/#organization\"},\"image\":{\"@id\":\"https:\\\/\\\/iraurgiberritzen.eus\\\/es\\\/el-ayuntamiento-de-azpeitia-establece-una-linea-de-subvencion-de-600-000-euros-para-hacer-frente-a-los-danos-economicos-causados-por-el-covid-19\\\/#primaryimage\"},\"thumbnailUrl\":\"https:\\\/\\\/iraurgiberritzen.eus\\\/wp-content\\\/uploads\\\/2023\\\/09\\\/f50e2b492317c6f75474015f1cb554f0.jpg\",\"articleSection\":[\"Noticias\"],\"inLanguage\":\"es\"},{\"@type\":\"WebPage\",\"@id\":\"https:\\\/\\\/iraurgiberritzen.eus\\\/es\\\/el-ayuntamiento-de-azpeitia-establece-una-linea-de-subvencion-de-600-000-euros-para-hacer-frente-a-los-danos-economicos-causados-por-el-covid-19\\\/\",\"url\":\"https:\\\/\\\/iraurgiberritzen.eus\\\/es\\\/el-ayuntamiento-de-azpeitia-establece-una-linea-de-subvencion-de-600-000-euros-para-hacer-frente-a-los-danos-economicos-causados-por-el-covid-19\\\/\",\"name\":\"El Ayuntamiento de Azpeitia establece una l\u00ednea de subvenci\u00f3n de 600.000 euros para hacer frente a los da\u00f1os econ\u00f3micos causados por el COVID-19 - Iraurgi Berritzen\",\"isPartOf\":{\"@id\":\"https:\\\/\\\/iraurgiberritzen.eus\\\/es\\\/#website\"},\"primaryImageOfPage\":{\"@id\":\"https:\\\/\\\/iraurgiberritzen.eus\\\/es\\\/el-ayuntamiento-de-azpeitia-establece-una-linea-de-subvencion-de-600-000-euros-para-hacer-frente-a-los-danos-economicos-causados-por-el-covid-19\\\/#primaryimage\"},\"image\":{\"@id\":\"https:\\\/\\\/iraurgiberritzen.eus\\\/es\\\/el-ayuntamiento-de-azpeitia-establece-una-linea-de-subvencion-de-600-000-euros-para-hacer-frente-a-los-danos-economicos-causados-por-el-covid-19\\\/#primaryimage\"},\"thumbnailUrl\":\"https:\\\/\\\/iraurgiberritzen.eus\\\/wp-content\\\/uploads\\\/2023\\\/09\\\/f50e2b492317c6f75474015f1cb554f0.jpg\",\"datePublished\":\"2020-03-21T08:44:43+00:00\",\"breadcrumb\":{\"@id\":\"https:\\\/\\\/iraurgiberritzen.eus\\\/es\\\/el-ayuntamiento-de-azpeitia-establece-una-linea-de-subvencion-de-600-000-euros-para-hacer-frente-a-los-danos-economicos-causados-por-el-covid-19\\\/#breadcrumb\"},\"inLanguage\":\"es\",\"potentialAction\":[{\"@type\":\"ReadAction\",\"target\":[\"https:\\\/\\\/iraurgiberritzen.eus\\\/es\\\/el-ayuntamiento-de-azpeitia-establece-una-linea-de-subvencion-de-600-000-euros-para-hacer-frente-a-los-danos-economicos-causados-por-el-covid-19\\\/\"]}]},{\"@type\":\"ImageObject\",\"inLanguage\":\"es\",\"@id\":\"https:\\\/\\\/iraurgiberritzen.eus\\\/es\\\/el-ayuntamiento-de-azpeitia-establece-una-linea-de-subvencion-de-600-000-euros-para-hacer-frente-a-los-danos-economicos-causados-por-el-covid-19\\\/#primaryimage\",\"url\":\"https:\\\/\\\/iraurgiberritzen.eus\\\/wp-content\\\/uploads\\\/2023\\\/09\\\/f50e2b492317c6f75474015f1cb554f0.jpg\",\"contentUrl\":\"https:\\\/\\\/iraurgiberritzen.eus\\\/wp-content\\\/uploads\\\/2023\\\/09\\\/f50e2b492317c6f75474015f1cb554f0.jpg\",\"width\":600,\"height\":386},{\"@type\":\"BreadcrumbList\",\"@id\":\"https:\\\/\\\/iraurgiberritzen.eus\\\/es\\\/el-ayuntamiento-de-azpeitia-establece-una-linea-de-subvencion-de-600-000-euros-para-hacer-frente-a-los-danos-economicos-causados-por-el-covid-19\\\/#breadcrumb\",\"itemListElement\":[{\"@type\":\"ListItem\",\"position\":1,\"name\":\"Home\",\"item\":\"https:\\\/\\\/iraurgiberritzen.eus\\\/es\\\/\"},{\"@type\":\"ListItem\",\"position\":2,\"name\":\"El Ayuntamiento de Azpeitia establece una l\u00ednea de subvenci\u00f3n de 600.000 euros para hacer frente a los da\u00f1os econ\u00f3micos causados por el COVID-19\"}]},{\"@type\":\"WebSite\",\"@id\":\"https:\\\/\\\/iraurgiberritzen.eus\\\/es\\\/#website\",\"url\":\"https:\\\/\\\/iraurgiberritzen.eus\\\/es\\\/\",\"name\":\"Iraurgi Berritzen\",\"description\":\"Urola Erdiko Garapen Agentzia\",\"publisher\":{\"@id\":\"https:\\\/\\\/iraurgiberritzen.eus\\\/es\\\/#organization\"},\"potentialAction\":[{\"@type\":\"SearchAction\",\"target\":{\"@type\":\"EntryPoint\",\"urlTemplate\":\"https:\\\/\\\/iraurgiberritzen.eus\\\/es\\\/?s={search_term_string}\"},\"query-input\":{\"@type\":\"PropertyValueSpecification\",\"valueRequired\":true,\"valueName\":\"search_term_string\"}}],\"inLanguage\":\"es\"},{\"@type\":\"Organization\",\"@id\":\"https:\\\/\\\/iraurgiberritzen.eus\\\/es\\\/#organization\",\"name\":\"Iraurgi Berritzen\",\"url\":\"https:\\\/\\\/iraurgiberritzen.eus\\\/es\\\/\",\"logo\":{\"@type\":\"ImageObject\",\"inLanguage\":\"es\",\"@id\":\"https:\\\/\\\/iraurgiberritzen.eus\\\/es\\\/#\\\/schema\\\/logo\\\/image\\\/\",\"url\":\"https:\\\/\\\/iraurgiberritzen.eus\\\/wp-content\\\/uploads\\\/2024\\\/02\\\/IRAURGI-BERRITZEN-logotipoa_2.png\",\"contentUrl\":\"https:\\\/\\\/iraurgiberritzen.eus\\\/wp-content\\\/uploads\\\/2024\\\/02\\\/IRAURGI-BERRITZEN-logotipoa_2.png\",\"width\":496,\"height\":190,\"caption\":\"Iraurgi Berritzen\"},\"image\":{\"@id\":\"https:\\\/\\\/iraurgiberritzen.eus\\\/es\\\/#\\\/schema\\\/logo\\\/image\\\/\"}},{\"@type\":\"Person\",\"@id\":\"https:\\\/\\\/iraurgiberritzen.eus\\\/es\\\/#\\\/schema\\\/person\\\/5ab41aaf388a9097177601ebf45738d2\",\"name\":\"kudeatzailea\",\"sameAs\":[\"https:\\\/\\\/iraurgiberritzen.eus\"]}]}<\/script>\n<!-- \/ Yoast SEO plugin. -->","yoast_head_json":{"title":"El Ayuntamiento de Azpeitia establece una l\u00ednea de subvenci\u00f3n de 600.000 euros para hacer frente a los da\u00f1os econ\u00f3micos causados por el COVID-19 - Iraurgi Berritzen","robots":{"index":"index","follow":"follow","max-snippet":"max-snippet:-1","max-image-preview":"max-image-preview:large","max-video-preview":"max-video-preview:-1"},"canonical":"https:\/\/iraurgiberritzen.eus\/es\/el-ayuntamiento-de-azpeitia-establece-una-linea-de-subvencion-de-600-000-euros-para-hacer-frente-a-los-danos-economicos-causados-por-el-covid-19\/","og_locale":"es_ES","og_type":"article","og_title":"El Ayuntamiento de Azpeitia establece una l\u00ednea de subvenci\u00f3n de 600.000 euros para hacer frente a los da\u00f1os econ\u00f3micos causados por el COVID-19 - Iraurgi Berritzen","og_description":"Tras la declaraci\u00f3n del estado de alerta por parte del Gobierno de Espa\u00f1a, el Ayuntamiento de Azpeitia ha decidido poner en marcha una l\u00ednea de subvenci\u00f3n de 600.000 \u20ac. Las ayudas se ofrecer\u00e1n para compensar los da\u00f1os causados por las medidas adoptadas ante el Coronavirus. En concreto, conceder\u00e1 ayudas tanto para el cuidado infantil como [&hellip;]","og_url":"https:\/\/iraurgiberritzen.eus\/es\/el-ayuntamiento-de-azpeitia-establece-una-linea-de-subvencion-de-600-000-euros-para-hacer-frente-a-los-danos-economicos-causados-por-el-covid-19\/","og_site_name":"Iraurgi Berritzen","article_published_time":"2020-03-21T08:44:43+00:00","author":"kudeatzailea","twitter_card":"summary_large_image","twitter_misc":{"Escrito por":"kudeatzailea","Tiempo de lectura":"2 minutos"},"schema":{"@context":"https:\/\/schema.org","@graph":[{"@type":"Article","@id":"https:\/\/iraurgiberritzen.eus\/es\/el-ayuntamiento-de-azpeitia-establece-una-linea-de-subvencion-de-600-000-euros-para-hacer-frente-a-los-danos-economicos-causados-por-el-covid-19\/#article","isPartOf":{"@id":"https:\/\/iraurgiberritzen.eus\/es\/el-ayuntamiento-de-azpeitia-establece-una-linea-de-subvencion-de-600-000-euros-para-hacer-frente-a-los-danos-economicos-causados-por-el-covid-19\/"},"author":{"name":"kudeatzailea","@id":"https:\/\/iraurgiberritzen.eus\/es\/#\/schema\/person\/5ab41aaf388a9097177601ebf45738d2"},"headline":"El Ayuntamiento de Azpeitia establece una l\u00ednea de subvenci\u00f3n de 600.000 euros para hacer frente a los da\u00f1os econ\u00f3micos causados por el COVID-19","datePublished":"2020-03-21T08:44:43+00:00","mainEntityOfPage":{"@id":"https:\/\/iraurgiberritzen.eus\/es\/el-ayuntamiento-de-azpeitia-establece-una-linea-de-subvencion-de-600-000-euros-para-hacer-frente-a-los-danos-economicos-causados-por-el-covid-19\/"},"wordCount":516,"publisher":{"@id":"https:\/\/iraurgiberritzen.eus\/es\/#organization"},"image":{"@id":"https:\/\/iraurgiberritzen.eus\/es\/el-ayuntamiento-de-azpeitia-establece-una-linea-de-subvencion-de-600-000-euros-para-hacer-frente-a-los-danos-economicos-causados-por-el-covid-19\/#primaryimage"},"thumbnailUrl":"https:\/\/iraurgiberritzen.eus\/wp-content\/uploads\/2023\/09\/f50e2b492317c6f75474015f1cb554f0.jpg","articleSection":["Noticias"],"inLanguage":"es"},{"@type":"WebPage","@id":"https:\/\/iraurgiberritzen.eus\/es\/el-ayuntamiento-de-azpeitia-establece-una-linea-de-subvencion-de-600-000-euros-para-hacer-frente-a-los-danos-economicos-causados-por-el-covid-19\/","url":"https:\/\/iraurgiberritzen.eus\/es\/el-ayuntamiento-de-azpeitia-establece-una-linea-de-subvencion-de-600-000-euros-para-hacer-frente-a-los-danos-economicos-causados-por-el-covid-19\/","name":"El Ayuntamiento de Azpeitia establece una l\u00ednea de subvenci\u00f3n de 600.000 euros para hacer frente a los da\u00f1os econ\u00f3micos causados por el COVID-19 - Iraurgi Berritzen","isPartOf":{"@id":"https:\/\/iraurgiberritzen.eus\/es\/#website"},"primaryImageOfPage":{"@id":"https:\/\/iraurgiberritzen.eus\/es\/el-ayuntamiento-de-azpeitia-establece-una-linea-de-subvencion-de-600-000-euros-para-hacer-frente-a-los-danos-economicos-causados-por-el-covid-19\/#primaryimage"},"image":{"@id":"https:\/\/iraurgiberritzen.eus\/es\/el-ayuntamiento-de-azpeitia-establece-una-linea-de-subvencion-de-600-000-euros-para-hacer-frente-a-los-danos-economicos-causados-por-el-covid-19\/#primaryimage"},"thumbnailUrl":"https:\/\/iraurgiberritzen.eus\/wp-content\/uploads\/2023\/09\/f50e2b492317c6f75474015f1cb554f0.jpg","datePublished":"2020-03-21T08:44:43+00:00","breadcrumb":{"@id":"https:\/\/iraurgiberritzen.eus\/es\/el-ayuntamiento-de-azpeitia-establece-una-linea-de-subvencion-de-600-000-euros-para-hacer-frente-a-los-danos-economicos-causados-por-el-covid-19\/#breadcrumb"},"inLanguage":"es","potentialAction":[{"@type":"ReadAction","target":["https:\/\/iraurgiberritzen.eus\/es\/el-ayuntamiento-de-azpeitia-establece-una-linea-de-subvencion-de-600-000-euros-para-hacer-frente-a-los-danos-economicos-causados-por-el-covid-19\/"]}]},{"@type":"ImageObject","inLanguage":"es","@id":"https:\/\/iraurgiberritzen.eus\/es\/el-ayuntamiento-de-azpeitia-establece-una-linea-de-subvencion-de-600-000-euros-para-hacer-frente-a-los-danos-economicos-causados-por-el-covid-19\/#primaryimage","url":"https:\/\/iraurgiberritzen.eus\/wp-content\/uploads\/2023\/09\/f50e2b492317c6f75474015f1cb554f0.jpg","contentUrl":"https:\/\/iraurgiberritzen.eus\/wp-content\/uploads\/2023\/09\/f50e2b492317c6f75474015f1cb554f0.jpg","width":600,"height":386},{"@type":"BreadcrumbList","@id":"https:\/\/iraurgiberritzen.eus\/es\/el-ayuntamiento-de-azpeitia-establece-una-linea-de-subvencion-de-600-000-euros-para-hacer-frente-a-los-danos-economicos-causados-por-el-covid-19\/#breadcrumb","itemListElement":[{"@type":"ListItem","position":1,"name":"Home","item":"https:\/\/iraurgiberritzen.eus\/es\/"},{"@type":"ListItem","position":2,"name":"El Ayuntamiento de Azpeitia establece una l\u00ednea de subvenci\u00f3n de 600.000 euros para hacer frente a los da\u00f1os econ\u00f3micos causados por el COVID-19"}]},{"@type":"WebSite","@id":"https:\/\/iraurgiberritzen.eus\/es\/#website","url":"https:\/\/iraurgiberritzen.eus\/es\/","name":"Iraurgi Berritzen","description":"Urola Erdiko Garapen Agentzia","publisher":{"@id":"https:\/\/iraurgiberritzen.eus\/es\/#organization"},"potentialAction":[{"@type":"SearchAction","target":{"@type":"EntryPoint","urlTemplate":"https:\/\/iraurgiberritzen.eus\/es\/?s={search_term_string}"},"query-input":{"@type":"PropertyValueSpecification","valueRequired":true,"valueName":"search_term_string"}}],"inLanguage":"es"},{"@type":"Organization","@id":"https:\/\/iraurgiberritzen.eus\/es\/#organization","name":"Iraurgi Berritzen","url":"https:\/\/iraurgiberritzen.eus\/es\/","logo":{"@type":"ImageObject","inLanguage":"es","@id":"https:\/\/iraurgiberritzen.eus\/es\/#\/schema\/logo\/image\/","url":"https:\/\/iraurgiberritzen.eus\/wp-content\/uploads\/2024\/02\/IRAURGI-BERRITZEN-logotipoa_2.png","contentUrl":"https:\/\/iraurgiberritzen.eus\/wp-content\/uploads\/2024\/02\/IRAURGI-BERRITZEN-logotipoa_2.png","width":496,"height":190,"caption":"Iraurgi Berritzen"},"image":{"@id":"https:\/\/iraurgiberritzen.eus\/es\/#\/schema\/logo\/image\/"}},{"@type":"Person","@id":"https:\/\/iraurgiberritzen.eus\/es\/#\/schema\/person\/5ab41aaf388a9097177601ebf45738d2","name":"kudeatzailea","sameAs":["https:\/\/iraurgiberritzen.eus"]}]}},"_links":{"self":[{"href":"https:\/\/iraurgiberritzen.eus\/es\/wp-json\/wp\/v2\/posts\/12873","targetHints":{"allow":["GET"]}}],"collection":[{"href":"https:\/\/iraurgiberritzen.eus\/es\/wp-json\/wp\/v2\/posts"}],"about":[{"href":"https:\/\/iraurgiberritzen.eus\/es\/wp-json\/wp\/v2\/types\/post"}],"author":[{"embeddable":true,"href":"https:\/\/iraurgiberritzen.eus\/es\/wp-json\/wp\/v2\/users\/1"}],"replies":[{"embeddable":true,"href":"https:\/\/iraurgiberritzen.eus\/es\/wp-json\/wp\/v2\/comments?post=12873"}],"version-history":[{"count":0,"href":"https:\/\/iraurgiberritzen.eus\/es\/wp-json\/wp\/v2\/posts\/12873\/revisions"}],"wp:featuredmedia":[{"embeddable":true,"href":"https:\/\/iraurgiberritzen.eus\/es\/wp-json\/wp\/v2\/media\/17726"}],"wp:attachment":[{"href":"https:\/\/iraurgiberritzen.eus\/es\/wp-json\/wp\/v2\/media?parent=12873"}],"wp:term":[{"taxonomy":"category","embeddable":true,"href":"https:\/\/iraurgiberritzen.eus\/es\/wp-json\/wp\/v2\/categories?post=12873"},{"taxonomy":"post_tag","embeddable":true,"href":"https:\/\/iraurgiberritzen.eus\/es\/wp-json\/wp\/v2\/tags?post=12873"}],"curies":[{"name":"wp","href":"https:\/\/api.w.org\/{rel}","templated":true}]}}