{"id":12876,"date":"2020-03-18T12:55:19","date_gmt":"2020-03-18T10:55:19","guid":{"rendered":"https:\/\/iraurgiberritzen.eus\/iraurgi-berritzen-ayudara-en-la-gestion-de-las-subvenciones-que-activaran-diferentes-instituciones-publicas-para-hacer-frente-a-los-danos-economicos-causados-por-el-virus-covid-19\/"},"modified":"2020-03-18T12:55:19","modified_gmt":"2020-03-18T10:55:19","slug":"iraurgi-berritzen-ayudara-en-la-gestion-de-las-subvenciones-que-activaran-diferentes-instituciones-publicas-para-hacer-frente-a-los-danos-economicos-causados-por-el-virus-covid-19","status":"publish","type":"post","link":"https:\/\/iraurgiberritzen.eus\/es\/iraurgi-berritzen-ayudara-en-la-gestion-de-las-subvenciones-que-activaran-diferentes-instituciones-publicas-para-hacer-frente-a-los-danos-economicos-causados-por-el-virus-covid-19\/","title":{"rendered":"Iraurgi Berritzen ayudar\u00e1 en la gesti\u00f3n de las subvenciones que activar\u00e1n diferentes instituciones p\u00fablicas, para hacer frente a los da\u00f1os econ\u00f3micos causados por el virus Covid-19"},"content":{"rendered":"<p style=\"text-align: justify;\">La Agencia de Desarrollo e Innovaci\u00f3n del Urola Medio Iraurgi Berritzen, comunica que tan pronto como las instituciones p\u00fablicas como son el Gobierno Espa\u00f1ol, Gobierno Vasco, Dipuci\u00f3n Foral de Guip\u00fazcoa u otras posibles instituciones publiquen las l\u00edneas de subvenci\u00f3n para compensar los efectos que el virus COVID-19 han generado en los diferentes agentes, se informar\u00e1 sobre las mismas, utilizando los canales de comunicaci\u00f3n y redes de colaboraci\u00f3n que la Agencia tiene en marcha.<\/p>\n<p style=\"text-align: justify;\">Para cualquier aclaraci\u00f3n:<\/p>\n<p style=\"text-align: justify;\"><strong>Tel\u00e9fono de atenci\u00f3n:<\/strong> 943 85 11 00<br \/><strong>Horario<\/strong>: De lunes a viernes de 08:00 a 14:00<br \/><strong>E-mail:<\/strong> <a style=\"text-align: justify;\" href=\"mailto:info@iraurgiberritzen.eus\">infofo@iraurgiberritzen.eus<\/a><\/p>\n","protected":false},"excerpt":{"rendered":"<p>La Agencia de Desarrollo e Innovaci\u00f3n del Urola Medio Iraurgi Berritzen, comunica que tan pronto como las instituciones p\u00fablicas como son el Gobierno Espa\u00f1ol, Gobierno Vasco, Dipuci\u00f3n Foral de Guip\u00fazcoa u otras posibles instituciones publiquen las l\u00edneas de subvenci\u00f3n para compensar los efectos que el virus COVID-19 han generado en los diferentes agentes, se informar\u00e1 [&hellip;]<\/p>\n","protected":false},"author":1,"featured_media":17727,"comment_status":"","ping_status":"closed","sticky":false,"template":"","format":"standard","meta":{"_acf_changed":false,"footnotes":""},"categories":[4],"tags":[],"class_list":["post-12876","post","type-post","status-publish","format-standard","has-post-thumbnail","hentry","category-noticias"],"acf":[],"yoast_head":"<!-- This site is optimized with the Yoast SEO plugin v27.4 - https:\/\/yoast.com\/product\/yoast-seo-wordpress\/ -->\n<title>Iraurgi Berritzen ayudar\u00e1 en la gesti\u00f3n de las subvenciones que activar\u00e1n diferentes instituciones p\u00fablicas, para hacer frente a los da\u00f1os econ\u00f3micos causados por el virus Covid-19 - Iraurgi Berritzen<\/title>\n<meta name=\"robots\" content=\"index, follow, max-snippet:-1, max-image-preview:large, max-video-preview:-1\" \/>\n<link rel=\"canonical\" href=\"https:\/\/iraurgiberritzen.eus\/es\/iraurgi-berritzen-ayudara-en-la-gestion-de-las-subvenciones-que-activaran-diferentes-instituciones-publicas-para-hacer-frente-a-los-danos-economicos-causados-por-el-virus-covid-19\/\" \/>\n<meta property=\"og:locale\" content=\"es_ES\" \/>\n<meta property=\"og:type\" content=\"article\" \/>\n<meta property=\"og:title\" content=\"Iraurgi Berritzen ayudar\u00e1 en la gesti\u00f3n de las subvenciones que activar\u00e1n diferentes instituciones p\u00fablicas, para hacer frente a los da\u00f1os econ\u00f3micos causados por el virus Covid-19 - Iraurgi Berritzen\" \/>\n<meta property=\"og:description\" content=\"La Agencia de Desarrollo e Innovaci\u00f3n del Urola Medio Iraurgi Berritzen, comunica que tan pronto como las instituciones p\u00fablicas como son el Gobierno Espa\u00f1ol, Gobierno Vasco, Dipuci\u00f3n Foral de Guip\u00fazcoa u otras posibles instituciones publiquen las l\u00edneas de subvenci\u00f3n para compensar los efectos que el virus COVID-19 han generado en los diferentes agentes, se informar\u00e1 [&hellip;]\" \/>\n<meta property=\"og:url\" content=\"https:\/\/iraurgiberritzen.eus\/es\/iraurgi-berritzen-ayudara-en-la-gestion-de-las-subvenciones-que-activaran-diferentes-instituciones-publicas-para-hacer-frente-a-los-danos-economicos-causados-por-el-virus-covid-19\/\" \/>\n<meta property=\"og:site_name\" content=\"Iraurgi Berritzen\" \/>\n<meta property=\"article:published_time\" content=\"2020-03-18T10:55:19+00:00\" \/>\n<meta name=\"author\" content=\"kudeatzailea\" \/>\n<meta name=\"twitter:card\" content=\"summary_large_image\" \/>\n<meta name=\"twitter:label1\" content=\"Escrito por\" \/>\n\t<meta name=\"twitter:data1\" content=\"kudeatzailea\" \/>\n\t<meta name=\"twitter:label2\" content=\"Tiempo de lectura\" \/>\n\t<meta name=\"twitter:data2\" content=\"1 minuto\" \/>\n<script type=\"application\/ld+json\" class=\"yoast-schema-graph\">{\"@context\":\"https:\\\/\\\/schema.org\",\"@graph\":[{\"@type\":\"Article\",\"@id\":\"https:\\\/\\\/iraurgiberritzen.eus\\\/es\\\/iraurgi-berritzen-ayudara-en-la-gestion-de-las-subvenciones-que-activaran-diferentes-instituciones-publicas-para-hacer-frente-a-los-danos-economicos-causados-por-el-virus-covid-19\\\/#article\",\"isPartOf\":{\"@id\":\"https:\\\/\\\/iraurgiberritzen.eus\\\/es\\\/iraurgi-berritzen-ayudara-en-la-gestion-de-las-subvenciones-que-activaran-diferentes-instituciones-publicas-para-hacer-frente-a-los-danos-economicos-causados-por-el-virus-covid-19\\\/\"},\"author\":{\"name\":\"kudeatzailea\",\"@id\":\"https:\\\/\\\/iraurgiberritzen.eus\\\/es\\\/#\\\/schema\\\/person\\\/5ab41aaf388a9097177601ebf45738d2\"},\"headline\":\"Iraurgi Berritzen ayudar\u00e1 en la gesti\u00f3n de las subvenciones que activar\u00e1n diferentes instituciones p\u00fablicas, para hacer frente a los da\u00f1os econ\u00f3micos causados por el virus Covid-19\",\"datePublished\":\"2020-03-18T10:55:19+00:00\",\"mainEntityOfPage\":{\"@id\":\"https:\\\/\\\/iraurgiberritzen.eus\\\/es\\\/iraurgi-berritzen-ayudara-en-la-gestion-de-las-subvenciones-que-activaran-diferentes-instituciones-publicas-para-hacer-frente-a-los-danos-economicos-causados-por-el-virus-covid-19\\\/\"},\"wordCount\":133,\"publisher\":{\"@id\":\"https:\\\/\\\/iraurgiberritzen.eus\\\/es\\\/#organization\"},\"image\":{\"@id\":\"https:\\\/\\\/iraurgiberritzen.eus\\\/es\\\/iraurgi-berritzen-ayudara-en-la-gestion-de-las-subvenciones-que-activaran-diferentes-instituciones-publicas-para-hacer-frente-a-los-danos-economicos-causados-por-el-virus-covid-19\\\/#primaryimage\"},\"thumbnailUrl\":\"https:\\\/\\\/iraurgiberritzen.eus\\\/wp-content\\\/uploads\\\/2023\\\/09\\\/1789963c93f14377406204a5c197f3cc.jpg\",\"articleSection\":[\"Noticias\"],\"inLanguage\":\"es\"},{\"@type\":\"WebPage\",\"@id\":\"https:\\\/\\\/iraurgiberritzen.eus\\\/es\\\/iraurgi-berritzen-ayudara-en-la-gestion-de-las-subvenciones-que-activaran-diferentes-instituciones-publicas-para-hacer-frente-a-los-danos-economicos-causados-por-el-virus-covid-19\\\/\",\"url\":\"https:\\\/\\\/iraurgiberritzen.eus\\\/es\\\/iraurgi-berritzen-ayudara-en-la-gestion-de-las-subvenciones-que-activaran-diferentes-instituciones-publicas-para-hacer-frente-a-los-danos-economicos-causados-por-el-virus-covid-19\\\/\",\"name\":\"Iraurgi Berritzen ayudar\u00e1 en la gesti\u00f3n de las subvenciones que activar\u00e1n diferentes instituciones p\u00fablicas, para hacer frente a los da\u00f1os econ\u00f3micos causados por el virus Covid-19 - Iraurgi Berritzen\",\"isPartOf\":{\"@id\":\"https:\\\/\\\/iraurgiberritzen.eus\\\/es\\\/#website\"},\"primaryImageOfPage\":{\"@id\":\"https:\\\/\\\/iraurgiberritzen.eus\\\/es\\\/iraurgi-berritzen-ayudara-en-la-gestion-de-las-subvenciones-que-activaran-diferentes-instituciones-publicas-para-hacer-frente-a-los-danos-economicos-causados-por-el-virus-covid-19\\\/#primaryimage\"},\"image\":{\"@id\":\"https:\\\/\\\/iraurgiberritzen.eus\\\/es\\\/iraurgi-berritzen-ayudara-en-la-gestion-de-las-subvenciones-que-activaran-diferentes-instituciones-publicas-para-hacer-frente-a-los-danos-economicos-causados-por-el-virus-covid-19\\\/#primaryimage\"},\"thumbnailUrl\":\"https:\\\/\\\/iraurgiberritzen.eus\\\/wp-content\\\/uploads\\\/2023\\\/09\\\/1789963c93f14377406204a5c197f3cc.jpg\",\"datePublished\":\"2020-03-18T10:55:19+00:00\",\"breadcrumb\":{\"@id\":\"https:\\\/\\\/iraurgiberritzen.eus\\\/es\\\/iraurgi-berritzen-ayudara-en-la-gestion-de-las-subvenciones-que-activaran-diferentes-instituciones-publicas-para-hacer-frente-a-los-danos-economicos-causados-por-el-virus-covid-19\\\/#breadcrumb\"},\"inLanguage\":\"es\",\"potentialAction\":[{\"@type\":\"ReadAction\",\"target\":[\"https:\\\/\\\/iraurgiberritzen.eus\\\/es\\\/iraurgi-berritzen-ayudara-en-la-gestion-de-las-subvenciones-que-activaran-diferentes-instituciones-publicas-para-hacer-frente-a-los-danos-economicos-causados-por-el-virus-covid-19\\\/\"]}]},{\"@type\":\"ImageObject\",\"inLanguage\":\"es\",\"@id\":\"https:\\\/\\\/iraurgiberritzen.eus\\\/es\\\/iraurgi-berritzen-ayudara-en-la-gestion-de-las-subvenciones-que-activaran-diferentes-instituciones-publicas-para-hacer-frente-a-los-danos-economicos-causados-por-el-virus-covid-19\\\/#primaryimage\",\"url\":\"https:\\\/\\\/iraurgiberritzen.eus\\\/wp-content\\\/uploads\\\/2023\\\/09\\\/1789963c93f14377406204a5c197f3cc.jpg\",\"contentUrl\":\"https:\\\/\\\/iraurgiberritzen.eus\\\/wp-content\\\/uploads\\\/2023\\\/09\\\/1789963c93f14377406204a5c197f3cc.jpg\",\"width\":600,\"height\":386},{\"@type\":\"BreadcrumbList\",\"@id\":\"https:\\\/\\\/iraurgiberritzen.eus\\\/es\\\/iraurgi-berritzen-ayudara-en-la-gestion-de-las-subvenciones-que-activaran-diferentes-instituciones-publicas-para-hacer-frente-a-los-danos-economicos-causados-por-el-virus-covid-19\\\/#breadcrumb\",\"itemListElement\":[{\"@type\":\"ListItem\",\"position\":1,\"name\":\"Home\",\"item\":\"https:\\\/\\\/iraurgiberritzen.eus\\\/es\\\/\"},{\"@type\":\"ListItem\",\"position\":2,\"name\":\"Iraurgi Berritzen ayudar\u00e1 en la gesti\u00f3n de las subvenciones que activar\u00e1n diferentes instituciones p\u00fablicas, para hacer frente a los da\u00f1os econ\u00f3micos causados por el virus Covid-19\"}]},{\"@type\":\"WebSite\",\"@id\":\"https:\\\/\\\/iraurgiberritzen.eus\\\/es\\\/#website\",\"url\":\"https:\\\/\\\/iraurgiberritzen.eus\\\/es\\\/\",\"name\":\"Iraurgi Berritzen\",\"description\":\"Urola Erdiko Garapen Agentzia\",\"publisher\":{\"@id\":\"https:\\\/\\\/iraurgiberritzen.eus\\\/es\\\/#organization\"},\"potentialAction\":[{\"@type\":\"SearchAction\",\"target\":{\"@type\":\"EntryPoint\",\"urlTemplate\":\"https:\\\/\\\/iraurgiberritzen.eus\\\/es\\\/?s={search_term_string}\"},\"query-input\":{\"@type\":\"PropertyValueSpecification\",\"valueRequired\":true,\"valueName\":\"search_term_string\"}}],\"inLanguage\":\"es\"},{\"@type\":\"Organization\",\"@id\":\"https:\\\/\\\/iraurgiberritzen.eus\\\/es\\\/#organization\",\"name\":\"Iraurgi Berritzen\",\"url\":\"https:\\\/\\\/iraurgiberritzen.eus\\\/es\\\/\",\"logo\":{\"@type\":\"ImageObject\",\"inLanguage\":\"es\",\"@id\":\"https:\\\/\\\/iraurgiberritzen.eus\\\/es\\\/#\\\/schema\\\/logo\\\/image\\\/\",\"url\":\"https:\\\/\\\/iraurgiberritzen.eus\\\/wp-content\\\/uploads\\\/2024\\\/02\\\/IRAURGI-BERRITZEN-logotipoa_2.png\",\"contentUrl\":\"https:\\\/\\\/iraurgiberritzen.eus\\\/wp-content\\\/uploads\\\/2024\\\/02\\\/IRAURGI-BERRITZEN-logotipoa_2.png\",\"width\":496,\"height\":190,\"caption\":\"Iraurgi Berritzen\"},\"image\":{\"@id\":\"https:\\\/\\\/iraurgiberritzen.eus\\\/es\\\/#\\\/schema\\\/logo\\\/image\\\/\"}},{\"@type\":\"Person\",\"@id\":\"https:\\\/\\\/iraurgiberritzen.eus\\\/es\\\/#\\\/schema\\\/person\\\/5ab41aaf388a9097177601ebf45738d2\",\"name\":\"kudeatzailea\",\"sameAs\":[\"https:\\\/\\\/iraurgiberritzen.eus\"]}]}<\/script>\n<!-- \/ Yoast SEO plugin. -->","yoast_head_json":{"title":"Iraurgi Berritzen ayudar\u00e1 en la gesti\u00f3n de las subvenciones que activar\u00e1n diferentes instituciones p\u00fablicas, para hacer frente a los da\u00f1os econ\u00f3micos causados por el virus Covid-19 - Iraurgi Berritzen","robots":{"index":"index","follow":"follow","max-snippet":"max-snippet:-1","max-image-preview":"max-image-preview:large","max-video-preview":"max-video-preview:-1"},"canonical":"https:\/\/iraurgiberritzen.eus\/es\/iraurgi-berritzen-ayudara-en-la-gestion-de-las-subvenciones-que-activaran-diferentes-instituciones-publicas-para-hacer-frente-a-los-danos-economicos-causados-por-el-virus-covid-19\/","og_locale":"es_ES","og_type":"article","og_title":"Iraurgi Berritzen ayudar\u00e1 en la gesti\u00f3n de las subvenciones que activar\u00e1n diferentes instituciones p\u00fablicas, para hacer frente a los da\u00f1os econ\u00f3micos causados por el virus Covid-19 - Iraurgi Berritzen","og_description":"La Agencia de Desarrollo e Innovaci\u00f3n del Urola Medio Iraurgi Berritzen, comunica que tan pronto como las instituciones p\u00fablicas como son el Gobierno Espa\u00f1ol, Gobierno Vasco, Dipuci\u00f3n Foral de Guip\u00fazcoa u otras posibles instituciones publiquen las l\u00edneas de subvenci\u00f3n para compensar los efectos que el virus COVID-19 han generado en los diferentes agentes, se informar\u00e1 [&hellip;]","og_url":"https:\/\/iraurgiberritzen.eus\/es\/iraurgi-berritzen-ayudara-en-la-gestion-de-las-subvenciones-que-activaran-diferentes-instituciones-publicas-para-hacer-frente-a-los-danos-economicos-causados-por-el-virus-covid-19\/","og_site_name":"Iraurgi Berritzen","article_published_time":"2020-03-18T10:55:19+00:00","author":"kudeatzailea","twitter_card":"summary_large_image","twitter_misc":{"Escrito por":"kudeatzailea","Tiempo de lectura":"1 minuto"},"schema":{"@context":"https:\/\/schema.org","@graph":[{"@type":"Article","@id":"https:\/\/iraurgiberritzen.eus\/es\/iraurgi-berritzen-ayudara-en-la-gestion-de-las-subvenciones-que-activaran-diferentes-instituciones-publicas-para-hacer-frente-a-los-danos-economicos-causados-por-el-virus-covid-19\/#article","isPartOf":{"@id":"https:\/\/iraurgiberritzen.eus\/es\/iraurgi-berritzen-ayudara-en-la-gestion-de-las-subvenciones-que-activaran-diferentes-instituciones-publicas-para-hacer-frente-a-los-danos-economicos-causados-por-el-virus-covid-19\/"},"author":{"name":"kudeatzailea","@id":"https:\/\/iraurgiberritzen.eus\/es\/#\/schema\/person\/5ab41aaf388a9097177601ebf45738d2"},"headline":"Iraurgi Berritzen ayudar\u00e1 en la gesti\u00f3n de las subvenciones que activar\u00e1n diferentes instituciones p\u00fablicas, para hacer frente a los da\u00f1os econ\u00f3micos causados por el virus Covid-19","datePublished":"2020-03-18T10:55:19+00:00","mainEntityOfPage":{"@id":"https:\/\/iraurgiberritzen.eus\/es\/iraurgi-berritzen-ayudara-en-la-gestion-de-las-subvenciones-que-activaran-diferentes-instituciones-publicas-para-hacer-frente-a-los-danos-economicos-causados-por-el-virus-covid-19\/"},"wordCount":133,"publisher":{"@id":"https:\/\/iraurgiberritzen.eus\/es\/#organization"},"image":{"@id":"https:\/\/iraurgiberritzen.eus\/es\/iraurgi-berritzen-ayudara-en-la-gestion-de-las-subvenciones-que-activaran-diferentes-instituciones-publicas-para-hacer-frente-a-los-danos-economicos-causados-por-el-virus-covid-19\/#primaryimage"},"thumbnailUrl":"https:\/\/iraurgiberritzen.eus\/wp-content\/uploads\/2023\/09\/1789963c93f14377406204a5c197f3cc.jpg","articleSection":["Noticias"],"inLanguage":"es"},{"@type":"WebPage","@id":"https:\/\/iraurgiberritzen.eus\/es\/iraurgi-berritzen-ayudara-en-la-gestion-de-las-subvenciones-que-activaran-diferentes-instituciones-publicas-para-hacer-frente-a-los-danos-economicos-causados-por-el-virus-covid-19\/","url":"https:\/\/iraurgiberritzen.eus\/es\/iraurgi-berritzen-ayudara-en-la-gestion-de-las-subvenciones-que-activaran-diferentes-instituciones-publicas-para-hacer-frente-a-los-danos-economicos-causados-por-el-virus-covid-19\/","name":"Iraurgi Berritzen ayudar\u00e1 en la gesti\u00f3n de las subvenciones que activar\u00e1n diferentes instituciones p\u00fablicas, para hacer frente a los da\u00f1os econ\u00f3micos causados por el virus Covid-19 - Iraurgi Berritzen","isPartOf":{"@id":"https:\/\/iraurgiberritzen.eus\/es\/#website"},"primaryImageOfPage":{"@id":"https:\/\/iraurgiberritzen.eus\/es\/iraurgi-berritzen-ayudara-en-la-gestion-de-las-subvenciones-que-activaran-diferentes-instituciones-publicas-para-hacer-frente-a-los-danos-economicos-causados-por-el-virus-covid-19\/#primaryimage"},"image":{"@id":"https:\/\/iraurgiberritzen.eus\/es\/iraurgi-berritzen-ayudara-en-la-gestion-de-las-subvenciones-que-activaran-diferentes-instituciones-publicas-para-hacer-frente-a-los-danos-economicos-causados-por-el-virus-covid-19\/#primaryimage"},"thumbnailUrl":"https:\/\/iraurgiberritzen.eus\/wp-content\/uploads\/2023\/09\/1789963c93f14377406204a5c197f3cc.jpg","datePublished":"2020-03-18T10:55:19+00:00","breadcrumb":{"@id":"https:\/\/iraurgiberritzen.eus\/es\/iraurgi-berritzen-ayudara-en-la-gestion-de-las-subvenciones-que-activaran-diferentes-instituciones-publicas-para-hacer-frente-a-los-danos-economicos-causados-por-el-virus-covid-19\/#breadcrumb"},"inLanguage":"es","potentialAction":[{"@type":"ReadAction","target":["https:\/\/iraurgiberritzen.eus\/es\/iraurgi-berritzen-ayudara-en-la-gestion-de-las-subvenciones-que-activaran-diferentes-instituciones-publicas-para-hacer-frente-a-los-danos-economicos-causados-por-el-virus-covid-19\/"]}]},{"@type":"ImageObject","inLanguage":"es","@id":"https:\/\/iraurgiberritzen.eus\/es\/iraurgi-berritzen-ayudara-en-la-gestion-de-las-subvenciones-que-activaran-diferentes-instituciones-publicas-para-hacer-frente-a-los-danos-economicos-causados-por-el-virus-covid-19\/#primaryimage","url":"https:\/\/iraurgiberritzen.eus\/wp-content\/uploads\/2023\/09\/1789963c93f14377406204a5c197f3cc.jpg","contentUrl":"https:\/\/iraurgiberritzen.eus\/wp-content\/uploads\/2023\/09\/1789963c93f14377406204a5c197f3cc.jpg","width":600,"height":386},{"@type":"BreadcrumbList","@id":"https:\/\/iraurgiberritzen.eus\/es\/iraurgi-berritzen-ayudara-en-la-gestion-de-las-subvenciones-que-activaran-diferentes-instituciones-publicas-para-hacer-frente-a-los-danos-economicos-causados-por-el-virus-covid-19\/#breadcrumb","itemListElement":[{"@type":"ListItem","position":1,"name":"Home","item":"https:\/\/iraurgiberritzen.eus\/es\/"},{"@type":"ListItem","position":2,"name":"Iraurgi Berritzen ayudar\u00e1 en la gesti\u00f3n de las subvenciones que activar\u00e1n diferentes instituciones p\u00fablicas, para hacer frente a los da\u00f1os econ\u00f3micos causados por el virus Covid-19"}]},{"@type":"WebSite","@id":"https:\/\/iraurgiberritzen.eus\/es\/#website","url":"https:\/\/iraurgiberritzen.eus\/es\/","name":"Iraurgi Berritzen","description":"Urola Erdiko Garapen Agentzia","publisher":{"@id":"https:\/\/iraurgiberritzen.eus\/es\/#organization"},"potentialAction":[{"@type":"SearchAction","target":{"@type":"EntryPoint","urlTemplate":"https:\/\/iraurgiberritzen.eus\/es\/?s={search_term_string}"},"query-input":{"@type":"PropertyValueSpecification","valueRequired":true,"valueName":"search_term_string"}}],"inLanguage":"es"},{"@type":"Organization","@id":"https:\/\/iraurgiberritzen.eus\/es\/#organization","name":"Iraurgi Berritzen","url":"https:\/\/iraurgiberritzen.eus\/es\/","logo":{"@type":"ImageObject","inLanguage":"es","@id":"https:\/\/iraurgiberritzen.eus\/es\/#\/schema\/logo\/image\/","url":"https:\/\/iraurgiberritzen.eus\/wp-content\/uploads\/2024\/02\/IRAURGI-BERRITZEN-logotipoa_2.png","contentUrl":"https:\/\/iraurgiberritzen.eus\/wp-content\/uploads\/2024\/02\/IRAURGI-BERRITZEN-logotipoa_2.png","width":496,"height":190,"caption":"Iraurgi Berritzen"},"image":{"@id":"https:\/\/iraurgiberritzen.eus\/es\/#\/schema\/logo\/image\/"}},{"@type":"Person","@id":"https:\/\/iraurgiberritzen.eus\/es\/#\/schema\/person\/5ab41aaf388a9097177601ebf45738d2","name":"kudeatzailea","sameAs":["https:\/\/iraurgiberritzen.eus"]}]}},"_links":{"self":[{"href":"https:\/\/iraurgiberritzen.eus\/es\/wp-json\/wp\/v2\/posts\/12876","targetHints":{"allow":["GET"]}}],"collection":[{"href":"https:\/\/iraurgiberritzen.eus\/es\/wp-json\/wp\/v2\/posts"}],"about":[{"href":"https:\/\/iraurgiberritzen.eus\/es\/wp-json\/wp\/v2\/types\/post"}],"author":[{"embeddable":true,"href":"https:\/\/iraurgiberritzen.eus\/es\/wp-json\/wp\/v2\/users\/1"}],"replies":[{"embeddable":true,"href":"https:\/\/iraurgiberritzen.eus\/es\/wp-json\/wp\/v2\/comments?post=12876"}],"version-history":[{"count":0,"href":"https:\/\/iraurgiberritzen.eus\/es\/wp-json\/wp\/v2\/posts\/12876\/revisions"}],"wp:featuredmedia":[{"embeddable":true,"href":"https:\/\/iraurgiberritzen.eus\/es\/wp-json\/wp\/v2\/media\/17727"}],"wp:attachment":[{"href":"https:\/\/iraurgiberritzen.eus\/es\/wp-json\/wp\/v2\/media?parent=12876"}],"wp:term":[{"taxonomy":"category","embeddable":true,"href":"https:\/\/iraurgiberritzen.eus\/es\/wp-json\/wp\/v2\/categories?post=12876"},{"taxonomy":"post_tag","embeddable":true,"href":"https:\/\/iraurgiberritzen.eus\/es\/wp-json\/wp\/v2\/tags?post=12876"}],"curies":[{"name":"wp","href":"https:\/\/api.w.org\/{rel}","templated":true}]}}