{"id":12879,"date":"2020-03-21T10:15:51","date_gmt":"2020-03-21T08:15:51","guid":{"rendered":"https:\/\/iraurgiberritzen.eus\/la-atencion-presencial-de-empleo-se-interrumpe-pero-se-atendera-por-telefono-y-o-por-email\/"},"modified":"2020-03-21T10:15:51","modified_gmt":"2020-03-21T08:15:51","slug":"la-atencion-presencial-de-empleo-se-interrumpe-pero-se-atendera-por-telefono-y-o-por-email","status":"publish","type":"post","link":"https:\/\/iraurgiberritzen.eus\/es\/la-atencion-presencial-de-empleo-se-interrumpe-pero-se-atendera-por-telefono-y-o-por-email\/","title":{"rendered":"La atenci\u00f3n presencial de Empleo se interrumpe pero se atender\u00e1 por tel\u00e9fono y\/o por email"},"content":{"rendered":"<p>Desde del departamento de Empleo de Iraurgi Berritzen se comunica que aunque no se est\u00e1 atendiendo presencialmente, se responder\u00e1 por tel\u00e9fono y\/o email.<\/p>\n<p>Contactos:<\/p>\n<ul>\n<li>Servicio de Orientaci\u00f3n &#8211; 688 758 494 (Maite)&nbsp;<a href=\"mailto:orientazioa@iraurgiberritzen.eus\">orientazioa@iraurgiberritzen.eus<\/a><\/li>\n<li>Centro de Empleo &#8211; 688 759 590 (David)&nbsp;<a href=\"mailto:enpleguzentroa@iraurgiberritzen.eus\">enpleguzentroa@iraurgiberritzen.eus<\/a><\/li>\n<li>Programa Hazilan, Pr\u00e1cticas\/Proyecto Fin Grado y Lehen Aukera &#8211; 688 873 589 (Sandra)&nbsp;<a href=\"mailto:sfernandez@iraurgiberritzen.eus\">sfernandez@iraurgiberritzen.eus<\/a><\/li>\n<\/ul>\n","protected":false},"excerpt":{"rendered":"<p>Desde del departamento de Empleo de Iraurgi Berritzen se comunica que aunque no se est\u00e1 atendiendo presencialmente, se responder\u00e1 por tel\u00e9fono y\/o email. Contactos: Servicio de Orientaci\u00f3n &#8211; 688 758 494 (Maite)&nbsp;orientazioa@iraurgiberritzen.eus Centro de Empleo &#8211; 688 759 590 (David)&nbsp;enpleguzentroa@iraurgiberritzen.eus Programa Hazilan, Pr\u00e1cticas\/Proyecto Fin Grado y Lehen Aukera &#8211; 688 873 589 (Sandra)&nbsp;sfernandez@iraurgiberritzen.eus<\/p>\n","protected":false},"author":1,"featured_media":17728,"comment_status":"","ping_status":"closed","sticky":false,"template":"","format":"standard","meta":{"_acf_changed":false,"footnotes":""},"categories":[4],"tags":[],"class_list":["post-12879","post","type-post","status-publish","format-standard","has-post-thumbnail","hentry","category-noticias"],"acf":[],"yoast_head":"<!-- This site is optimized with the Yoast SEO plugin v27.4 - https:\/\/yoast.com\/product\/yoast-seo-wordpress\/ -->\n<title>La atenci\u00f3n presencial de Empleo se interrumpe pero se atender\u00e1 por tel\u00e9fono y\/o por email - Iraurgi Berritzen<\/title>\n<meta name=\"robots\" content=\"index, follow, max-snippet:-1, max-image-preview:large, max-video-preview:-1\" \/>\n<link rel=\"canonical\" href=\"https:\/\/iraurgiberritzen.eus\/es\/la-atencion-presencial-de-empleo-se-interrumpe-pero-se-atendera-por-telefono-y-o-por-email\/\" \/>\n<meta property=\"og:locale\" content=\"es_ES\" \/>\n<meta property=\"og:type\" content=\"article\" \/>\n<meta property=\"og:title\" content=\"La atenci\u00f3n presencial de Empleo se interrumpe pero se atender\u00e1 por tel\u00e9fono y\/o por email - Iraurgi Berritzen\" \/>\n<meta property=\"og:description\" content=\"Desde del departamento de Empleo de Iraurgi Berritzen se comunica que aunque no se est\u00e1 atendiendo presencialmente, se responder\u00e1 por tel\u00e9fono y\/o email. Contactos: Servicio de Orientaci\u00f3n &#8211; 688 758 494 (Maite)&nbsp;orientazioa@iraurgiberritzen.eus Centro de Empleo &#8211; 688 759 590 (David)&nbsp;enpleguzentroa@iraurgiberritzen.eus Programa Hazilan, Pr\u00e1cticas\/Proyecto Fin Grado y Lehen Aukera &#8211; 688 873 589 (Sandra)&nbsp;sfernandez@iraurgiberritzen.eus\" \/>\n<meta property=\"og:url\" content=\"https:\/\/iraurgiberritzen.eus\/es\/la-atencion-presencial-de-empleo-se-interrumpe-pero-se-atendera-por-telefono-y-o-por-email\/\" \/>\n<meta property=\"og:site_name\" content=\"Iraurgi Berritzen\" \/>\n<meta property=\"article:published_time\" content=\"2020-03-21T08:15:51+00:00\" \/>\n<meta name=\"author\" content=\"kudeatzailea\" \/>\n<meta name=\"twitter:card\" content=\"summary_large_image\" \/>\n<meta name=\"twitter:label1\" content=\"Escrito por\" \/>\n\t<meta name=\"twitter:data1\" content=\"kudeatzailea\" \/>\n<script type=\"application\/ld+json\" class=\"yoast-schema-graph\">{\"@context\":\"https:\\\/\\\/schema.org\",\"@graph\":[{\"@type\":\"Article\",\"@id\":\"https:\\\/\\\/iraurgiberritzen.eus\\\/es\\\/la-atencion-presencial-de-empleo-se-interrumpe-pero-se-atendera-por-telefono-y-o-por-email\\\/#article\",\"isPartOf\":{\"@id\":\"https:\\\/\\\/iraurgiberritzen.eus\\\/es\\\/la-atencion-presencial-de-empleo-se-interrumpe-pero-se-atendera-por-telefono-y-o-por-email\\\/\"},\"author\":{\"name\":\"kudeatzailea\",\"@id\":\"https:\\\/\\\/iraurgiberritzen.eus\\\/es\\\/#\\\/schema\\\/person\\\/5ab41aaf388a9097177601ebf45738d2\"},\"headline\":\"La atenci\u00f3n presencial de Empleo se interrumpe pero se atender\u00e1 por tel\u00e9fono y\\\/o por email\",\"datePublished\":\"2020-03-21T08:15:51+00:00\",\"mainEntityOfPage\":{\"@id\":\"https:\\\/\\\/iraurgiberritzen.eus\\\/es\\\/la-atencion-presencial-de-empleo-se-interrumpe-pero-se-atendera-por-telefono-y-o-por-email\\\/\"},\"wordCount\":79,\"publisher\":{\"@id\":\"https:\\\/\\\/iraurgiberritzen.eus\\\/es\\\/#organization\"},\"image\":{\"@id\":\"https:\\\/\\\/iraurgiberritzen.eus\\\/es\\\/la-atencion-presencial-de-empleo-se-interrumpe-pero-se-atendera-por-telefono-y-o-por-email\\\/#primaryimage\"},\"thumbnailUrl\":\"https:\\\/\\\/iraurgiberritzen.eus\\\/wp-content\\\/uploads\\\/2023\\\/09\\\/5ff2da698b3b76e8cdb9d0576e73d737.jpg\",\"articleSection\":[\"Noticias\"],\"inLanguage\":\"es\"},{\"@type\":\"WebPage\",\"@id\":\"https:\\\/\\\/iraurgiberritzen.eus\\\/es\\\/la-atencion-presencial-de-empleo-se-interrumpe-pero-se-atendera-por-telefono-y-o-por-email\\\/\",\"url\":\"https:\\\/\\\/iraurgiberritzen.eus\\\/es\\\/la-atencion-presencial-de-empleo-se-interrumpe-pero-se-atendera-por-telefono-y-o-por-email\\\/\",\"name\":\"La atenci\u00f3n presencial de Empleo se interrumpe pero se atender\u00e1 por tel\u00e9fono y\\\/o por email - Iraurgi Berritzen\",\"isPartOf\":{\"@id\":\"https:\\\/\\\/iraurgiberritzen.eus\\\/es\\\/#website\"},\"primaryImageOfPage\":{\"@id\":\"https:\\\/\\\/iraurgiberritzen.eus\\\/es\\\/la-atencion-presencial-de-empleo-se-interrumpe-pero-se-atendera-por-telefono-y-o-por-email\\\/#primaryimage\"},\"image\":{\"@id\":\"https:\\\/\\\/iraurgiberritzen.eus\\\/es\\\/la-atencion-presencial-de-empleo-se-interrumpe-pero-se-atendera-por-telefono-y-o-por-email\\\/#primaryimage\"},\"thumbnailUrl\":\"https:\\\/\\\/iraurgiberritzen.eus\\\/wp-content\\\/uploads\\\/2023\\\/09\\\/5ff2da698b3b76e8cdb9d0576e73d737.jpg\",\"datePublished\":\"2020-03-21T08:15:51+00:00\",\"breadcrumb\":{\"@id\":\"https:\\\/\\\/iraurgiberritzen.eus\\\/es\\\/la-atencion-presencial-de-empleo-se-interrumpe-pero-se-atendera-por-telefono-y-o-por-email\\\/#breadcrumb\"},\"inLanguage\":\"es\",\"potentialAction\":[{\"@type\":\"ReadAction\",\"target\":[\"https:\\\/\\\/iraurgiberritzen.eus\\\/es\\\/la-atencion-presencial-de-empleo-se-interrumpe-pero-se-atendera-por-telefono-y-o-por-email\\\/\"]}]},{\"@type\":\"ImageObject\",\"inLanguage\":\"es\",\"@id\":\"https:\\\/\\\/iraurgiberritzen.eus\\\/es\\\/la-atencion-presencial-de-empleo-se-interrumpe-pero-se-atendera-por-telefono-y-o-por-email\\\/#primaryimage\",\"url\":\"https:\\\/\\\/iraurgiberritzen.eus\\\/wp-content\\\/uploads\\\/2023\\\/09\\\/5ff2da698b3b76e8cdb9d0576e73d737.jpg\",\"contentUrl\":\"https:\\\/\\\/iraurgiberritzen.eus\\\/wp-content\\\/uploads\\\/2023\\\/09\\\/5ff2da698b3b76e8cdb9d0576e73d737.jpg\",\"width\":600,\"height\":300},{\"@type\":\"BreadcrumbList\",\"@id\":\"https:\\\/\\\/iraurgiberritzen.eus\\\/es\\\/la-atencion-presencial-de-empleo-se-interrumpe-pero-se-atendera-por-telefono-y-o-por-email\\\/#breadcrumb\",\"itemListElement\":[{\"@type\":\"ListItem\",\"position\":1,\"name\":\"Home\",\"item\":\"https:\\\/\\\/iraurgiberritzen.eus\\\/es\\\/\"},{\"@type\":\"ListItem\",\"position\":2,\"name\":\"La atenci\u00f3n presencial de Empleo se interrumpe pero se atender\u00e1 por tel\u00e9fono y\\\/o por email\"}]},{\"@type\":\"WebSite\",\"@id\":\"https:\\\/\\\/iraurgiberritzen.eus\\\/es\\\/#website\",\"url\":\"https:\\\/\\\/iraurgiberritzen.eus\\\/es\\\/\",\"name\":\"Iraurgi Berritzen\",\"description\":\"Urola Erdiko Garapen Agentzia\",\"publisher\":{\"@id\":\"https:\\\/\\\/iraurgiberritzen.eus\\\/es\\\/#organization\"},\"potentialAction\":[{\"@type\":\"SearchAction\",\"target\":{\"@type\":\"EntryPoint\",\"urlTemplate\":\"https:\\\/\\\/iraurgiberritzen.eus\\\/es\\\/?s={search_term_string}\"},\"query-input\":{\"@type\":\"PropertyValueSpecification\",\"valueRequired\":true,\"valueName\":\"search_term_string\"}}],\"inLanguage\":\"es\"},{\"@type\":\"Organization\",\"@id\":\"https:\\\/\\\/iraurgiberritzen.eus\\\/es\\\/#organization\",\"name\":\"Iraurgi Berritzen\",\"url\":\"https:\\\/\\\/iraurgiberritzen.eus\\\/es\\\/\",\"logo\":{\"@type\":\"ImageObject\",\"inLanguage\":\"es\",\"@id\":\"https:\\\/\\\/iraurgiberritzen.eus\\\/es\\\/#\\\/schema\\\/logo\\\/image\\\/\",\"url\":\"https:\\\/\\\/iraurgiberritzen.eus\\\/wp-content\\\/uploads\\\/2024\\\/02\\\/IRAURGI-BERRITZEN-logotipoa_2.png\",\"contentUrl\":\"https:\\\/\\\/iraurgiberritzen.eus\\\/wp-content\\\/uploads\\\/2024\\\/02\\\/IRAURGI-BERRITZEN-logotipoa_2.png\",\"width\":496,\"height\":190,\"caption\":\"Iraurgi Berritzen\"},\"image\":{\"@id\":\"https:\\\/\\\/iraurgiberritzen.eus\\\/es\\\/#\\\/schema\\\/logo\\\/image\\\/\"}},{\"@type\":\"Person\",\"@id\":\"https:\\\/\\\/iraurgiberritzen.eus\\\/es\\\/#\\\/schema\\\/person\\\/5ab41aaf388a9097177601ebf45738d2\",\"name\":\"kudeatzailea\",\"sameAs\":[\"https:\\\/\\\/iraurgiberritzen.eus\"]}]}<\/script>\n<!-- \/ Yoast SEO plugin. -->","yoast_head_json":{"title":"La atenci\u00f3n presencial de Empleo se interrumpe pero se atender\u00e1 por tel\u00e9fono y\/o por email - Iraurgi Berritzen","robots":{"index":"index","follow":"follow","max-snippet":"max-snippet:-1","max-image-preview":"max-image-preview:large","max-video-preview":"max-video-preview:-1"},"canonical":"https:\/\/iraurgiberritzen.eus\/es\/la-atencion-presencial-de-empleo-se-interrumpe-pero-se-atendera-por-telefono-y-o-por-email\/","og_locale":"es_ES","og_type":"article","og_title":"La atenci\u00f3n presencial de Empleo se interrumpe pero se atender\u00e1 por tel\u00e9fono y\/o por email - Iraurgi Berritzen","og_description":"Desde del departamento de Empleo de Iraurgi Berritzen se comunica que aunque no se est\u00e1 atendiendo presencialmente, se responder\u00e1 por tel\u00e9fono y\/o email. Contactos: Servicio de Orientaci\u00f3n &#8211; 688 758 494 (Maite)&nbsp;orientazioa@iraurgiberritzen.eus Centro de Empleo &#8211; 688 759 590 (David)&nbsp;enpleguzentroa@iraurgiberritzen.eus Programa Hazilan, Pr\u00e1cticas\/Proyecto Fin Grado y Lehen Aukera &#8211; 688 873 589 (Sandra)&nbsp;sfernandez@iraurgiberritzen.eus","og_url":"https:\/\/iraurgiberritzen.eus\/es\/la-atencion-presencial-de-empleo-se-interrumpe-pero-se-atendera-por-telefono-y-o-por-email\/","og_site_name":"Iraurgi Berritzen","article_published_time":"2020-03-21T08:15:51+00:00","author":"kudeatzailea","twitter_card":"summary_large_image","twitter_misc":{"Escrito por":"kudeatzailea"},"schema":{"@context":"https:\/\/schema.org","@graph":[{"@type":"Article","@id":"https:\/\/iraurgiberritzen.eus\/es\/la-atencion-presencial-de-empleo-se-interrumpe-pero-se-atendera-por-telefono-y-o-por-email\/#article","isPartOf":{"@id":"https:\/\/iraurgiberritzen.eus\/es\/la-atencion-presencial-de-empleo-se-interrumpe-pero-se-atendera-por-telefono-y-o-por-email\/"},"author":{"name":"kudeatzailea","@id":"https:\/\/iraurgiberritzen.eus\/es\/#\/schema\/person\/5ab41aaf388a9097177601ebf45738d2"},"headline":"La atenci\u00f3n presencial de Empleo se interrumpe pero se atender\u00e1 por tel\u00e9fono y\/o por email","datePublished":"2020-03-21T08:15:51+00:00","mainEntityOfPage":{"@id":"https:\/\/iraurgiberritzen.eus\/es\/la-atencion-presencial-de-empleo-se-interrumpe-pero-se-atendera-por-telefono-y-o-por-email\/"},"wordCount":79,"publisher":{"@id":"https:\/\/iraurgiberritzen.eus\/es\/#organization"},"image":{"@id":"https:\/\/iraurgiberritzen.eus\/es\/la-atencion-presencial-de-empleo-se-interrumpe-pero-se-atendera-por-telefono-y-o-por-email\/#primaryimage"},"thumbnailUrl":"https:\/\/iraurgiberritzen.eus\/wp-content\/uploads\/2023\/09\/5ff2da698b3b76e8cdb9d0576e73d737.jpg","articleSection":["Noticias"],"inLanguage":"es"},{"@type":"WebPage","@id":"https:\/\/iraurgiberritzen.eus\/es\/la-atencion-presencial-de-empleo-se-interrumpe-pero-se-atendera-por-telefono-y-o-por-email\/","url":"https:\/\/iraurgiberritzen.eus\/es\/la-atencion-presencial-de-empleo-se-interrumpe-pero-se-atendera-por-telefono-y-o-por-email\/","name":"La atenci\u00f3n presencial de Empleo se interrumpe pero se atender\u00e1 por tel\u00e9fono y\/o por email - Iraurgi Berritzen","isPartOf":{"@id":"https:\/\/iraurgiberritzen.eus\/es\/#website"},"primaryImageOfPage":{"@id":"https:\/\/iraurgiberritzen.eus\/es\/la-atencion-presencial-de-empleo-se-interrumpe-pero-se-atendera-por-telefono-y-o-por-email\/#primaryimage"},"image":{"@id":"https:\/\/iraurgiberritzen.eus\/es\/la-atencion-presencial-de-empleo-se-interrumpe-pero-se-atendera-por-telefono-y-o-por-email\/#primaryimage"},"thumbnailUrl":"https:\/\/iraurgiberritzen.eus\/wp-content\/uploads\/2023\/09\/5ff2da698b3b76e8cdb9d0576e73d737.jpg","datePublished":"2020-03-21T08:15:51+00:00","breadcrumb":{"@id":"https:\/\/iraurgiberritzen.eus\/es\/la-atencion-presencial-de-empleo-se-interrumpe-pero-se-atendera-por-telefono-y-o-por-email\/#breadcrumb"},"inLanguage":"es","potentialAction":[{"@type":"ReadAction","target":["https:\/\/iraurgiberritzen.eus\/es\/la-atencion-presencial-de-empleo-se-interrumpe-pero-se-atendera-por-telefono-y-o-por-email\/"]}]},{"@type":"ImageObject","inLanguage":"es","@id":"https:\/\/iraurgiberritzen.eus\/es\/la-atencion-presencial-de-empleo-se-interrumpe-pero-se-atendera-por-telefono-y-o-por-email\/#primaryimage","url":"https:\/\/iraurgiberritzen.eus\/wp-content\/uploads\/2023\/09\/5ff2da698b3b76e8cdb9d0576e73d737.jpg","contentUrl":"https:\/\/iraurgiberritzen.eus\/wp-content\/uploads\/2023\/09\/5ff2da698b3b76e8cdb9d0576e73d737.jpg","width":600,"height":300},{"@type":"BreadcrumbList","@id":"https:\/\/iraurgiberritzen.eus\/es\/la-atencion-presencial-de-empleo-se-interrumpe-pero-se-atendera-por-telefono-y-o-por-email\/#breadcrumb","itemListElement":[{"@type":"ListItem","position":1,"name":"Home","item":"https:\/\/iraurgiberritzen.eus\/es\/"},{"@type":"ListItem","position":2,"name":"La atenci\u00f3n presencial de Empleo se interrumpe pero se atender\u00e1 por tel\u00e9fono y\/o por email"}]},{"@type":"WebSite","@id":"https:\/\/iraurgiberritzen.eus\/es\/#website","url":"https:\/\/iraurgiberritzen.eus\/es\/","name":"Iraurgi Berritzen","description":"Urola Erdiko Garapen Agentzia","publisher":{"@id":"https:\/\/iraurgiberritzen.eus\/es\/#organization"},"potentialAction":[{"@type":"SearchAction","target":{"@type":"EntryPoint","urlTemplate":"https:\/\/iraurgiberritzen.eus\/es\/?s={search_term_string}"},"query-input":{"@type":"PropertyValueSpecification","valueRequired":true,"valueName":"search_term_string"}}],"inLanguage":"es"},{"@type":"Organization","@id":"https:\/\/iraurgiberritzen.eus\/es\/#organization","name":"Iraurgi Berritzen","url":"https:\/\/iraurgiberritzen.eus\/es\/","logo":{"@type":"ImageObject","inLanguage":"es","@id":"https:\/\/iraurgiberritzen.eus\/es\/#\/schema\/logo\/image\/","url":"https:\/\/iraurgiberritzen.eus\/wp-content\/uploads\/2024\/02\/IRAURGI-BERRITZEN-logotipoa_2.png","contentUrl":"https:\/\/iraurgiberritzen.eus\/wp-content\/uploads\/2024\/02\/IRAURGI-BERRITZEN-logotipoa_2.png","width":496,"height":190,"caption":"Iraurgi Berritzen"},"image":{"@id":"https:\/\/iraurgiberritzen.eus\/es\/#\/schema\/logo\/image\/"}},{"@type":"Person","@id":"https:\/\/iraurgiberritzen.eus\/es\/#\/schema\/person\/5ab41aaf388a9097177601ebf45738d2","name":"kudeatzailea","sameAs":["https:\/\/iraurgiberritzen.eus"]}]}},"_links":{"self":[{"href":"https:\/\/iraurgiberritzen.eus\/es\/wp-json\/wp\/v2\/posts\/12879","targetHints":{"allow":["GET"]}}],"collection":[{"href":"https:\/\/iraurgiberritzen.eus\/es\/wp-json\/wp\/v2\/posts"}],"about":[{"href":"https:\/\/iraurgiberritzen.eus\/es\/wp-json\/wp\/v2\/types\/post"}],"author":[{"embeddable":true,"href":"https:\/\/iraurgiberritzen.eus\/es\/wp-json\/wp\/v2\/users\/1"}],"replies":[{"embeddable":true,"href":"https:\/\/iraurgiberritzen.eus\/es\/wp-json\/wp\/v2\/comments?post=12879"}],"version-history":[{"count":0,"href":"https:\/\/iraurgiberritzen.eus\/es\/wp-json\/wp\/v2\/posts\/12879\/revisions"}],"wp:featuredmedia":[{"embeddable":true,"href":"https:\/\/iraurgiberritzen.eus\/es\/wp-json\/wp\/v2\/media\/17728"}],"wp:attachment":[{"href":"https:\/\/iraurgiberritzen.eus\/es\/wp-json\/wp\/v2\/media?parent=12879"}],"wp:term":[{"taxonomy":"category","embeddable":true,"href":"https:\/\/iraurgiberritzen.eus\/es\/wp-json\/wp\/v2\/categories?post=12879"},{"taxonomy":"post_tag","embeddable":true,"href":"https:\/\/iraurgiberritzen.eus\/es\/wp-json\/wp\/v2\/tags?post=12879"}],"curies":[{"name":"wp","href":"https:\/\/api.w.org\/{rel}","templated":true}]}}