{"id":12882,"date":"2020-04-02T10:37:23","date_gmt":"2020-04-02T08:37:23","guid":{"rendered":"https:\/\/iraurgiberritzen.eus\/estabamos-estamos-estaremos-bertan-herrixen-zestoan\/"},"modified":"2020-04-02T10:37:23","modified_gmt":"2020-04-02T08:37:23","slug":"estabamos-estamos-estaremos-bertan-herrixen-zestoan","status":"publish","type":"post","link":"https:\/\/iraurgiberritzen.eus\/es\/estabamos-estamos-estaremos-bertan-herrixen-zestoan\/","title":{"rendered":"Est\u00e1bamos, estamos, estaremos Bertan\/Herrixen\/Zestoan"},"content":{"rendered":"<p style=\"text-align: justify;\">Las Asociaciones de Comerciantes de Azpeitia, Azkoitia y Zestoa, junto con la Agencia de Desarrollo Iraurgi Berritzen, hacen llegar el siguiente mensaje:<\/p>\n<p style=\"text-align: justify;\">El estado de alerta que ha generado el Covid-19 ha obligado a cerrar algunos comercios de la localidad, con lo duro que es \u00e9sto para un aut\u00f3nomo. Cerrar todo su oficio. Pero lo han hecho sin poner ning\u00fan obst\u00e1culo, por la Salud Ciudadana, por el bien de todos.<\/p>\n<p style=\"text-align: justify;\">Llevan d\u00edas con las puertas de la tienda cerradas, pero trabajando desde dentro. Algunos trabajan con la fuerza de recibir con ilusi\u00f3n el nuevo g\u00e9nero y de tenerlo todo listo para el d\u00eda de la apertura. Otros han puesto en marcha el servicio del tel\u00e9fono y el sistema de entrega a domicilio. Siempre pensando en la ciudadan\u00eda, que no les falte de nada. Por cierto, se agradece el trabajo de los voluntarios que est\u00e1n ayudando a los ciudadanos que tienen necesidad de ayudar en hacer sus compras.<\/p>\n<p style=\"text-align: justify;\">Otros comercios est\u00e1n abiertos, tales como los que se orientan a satisfacer las primeras necesidades. Estos se encuentran abiertos desde el primer minuto, atienden a los ciudadanos, poniendo en peligro su salud de forma exponencial, son los que dan de comer al pueblo, y los que en estos momentos dif\u00edciles dan un poco de normalidad a las calles y tambi\u00e9n a uno mismo.<\/p>\n<p style=\"text-align: justify;\">En una \u00e9poca en la que la situaci\u00f3n es dura para todos, los comercios del pueblo siguen aportando su cercan\u00eda, confianza, tranquilidad y calor. Como siempre lo han hecho, ahora tambi\u00e9n est\u00e1n ah\u00ed.<\/p>\n<p style=\"text-align: justify;\">Cuando todo esto se normalice ser\u00e1n muchos los comercios que tendr\u00e1n dificultades para mantener abiertas sus puertas. Necesitar\u00e1n clientes para hacer frente a su d\u00eda a d\u00eda, como lo necesitan los clientes ahora.<\/p>\n<p style=\"text-align: justify;\">Ahora las tiendas cuidan al cliente, tomando todas las medidas de protecci\u00f3n para que pueda realizar sus compras tranquilamente. Despu\u00e9s, ser\u00e1 a la inversa, el cliente ser\u00e1 el que tendr\u00e1 que cuidar al peque\u00f1o comercio, si no quiere perderlo. No lo olvidemos nunca.<\/p>\n","protected":false},"excerpt":{"rendered":"<p>Las Asociaciones de Comerciantes de Azpeitia, Azkoitia y Zestoa, junto con la Agencia de Desarrollo Iraurgi Berritzen, hacen llegar el siguiente mensaje: El estado de alerta que ha generado el Covid-19 ha obligado a cerrar algunos comercios de la localidad, con lo duro que es \u00e9sto para un aut\u00f3nomo. Cerrar todo su oficio. Pero lo [&hellip;]<\/p>\n","protected":false},"author":1,"featured_media":17729,"comment_status":"","ping_status":"closed","sticky":false,"template":"","format":"standard","meta":{"_acf_changed":false,"footnotes":""},"categories":[4],"tags":[],"class_list":["post-12882","post","type-post","status-publish","format-standard","has-post-thumbnail","hentry","category-noticias"],"acf":[],"yoast_head":"<!-- This site is optimized with the Yoast SEO plugin v27.4 - https:\/\/yoast.com\/product\/yoast-seo-wordpress\/ -->\n<title>Est\u00e1bamos, estamos, estaremos Bertan\/Herrixen\/Zestoan - Iraurgi Berritzen<\/title>\n<meta name=\"robots\" content=\"index, follow, max-snippet:-1, max-image-preview:large, max-video-preview:-1\" \/>\n<link rel=\"canonical\" href=\"https:\/\/iraurgiberritzen.eus\/es\/estabamos-estamos-estaremos-bertan-herrixen-zestoan\/\" \/>\n<meta property=\"og:locale\" content=\"es_ES\" \/>\n<meta property=\"og:type\" content=\"article\" \/>\n<meta property=\"og:title\" content=\"Est\u00e1bamos, estamos, estaremos Bertan\/Herrixen\/Zestoan - Iraurgi Berritzen\" \/>\n<meta property=\"og:description\" content=\"Las Asociaciones de Comerciantes de Azpeitia, Azkoitia y Zestoa, junto con la Agencia de Desarrollo Iraurgi Berritzen, hacen llegar el siguiente mensaje: El estado de alerta que ha generado el Covid-19 ha obligado a cerrar algunos comercios de la localidad, con lo duro que es \u00e9sto para un aut\u00f3nomo. Cerrar todo su oficio. Pero lo [&hellip;]\" \/>\n<meta property=\"og:url\" content=\"https:\/\/iraurgiberritzen.eus\/es\/estabamos-estamos-estaremos-bertan-herrixen-zestoan\/\" \/>\n<meta property=\"og:site_name\" content=\"Iraurgi Berritzen\" \/>\n<meta property=\"article:published_time\" content=\"2020-04-02T08:37:23+00:00\" \/>\n<meta name=\"author\" content=\"kudeatzailea\" \/>\n<meta name=\"twitter:card\" content=\"summary_large_image\" \/>\n<meta name=\"twitter:label1\" content=\"Escrito por\" \/>\n\t<meta name=\"twitter:data1\" content=\"kudeatzailea\" \/>\n\t<meta name=\"twitter:label2\" content=\"Tiempo de lectura\" \/>\n\t<meta name=\"twitter:data2\" content=\"2 minutos\" \/>\n<script type=\"application\/ld+json\" class=\"yoast-schema-graph\">{\"@context\":\"https:\\\/\\\/schema.org\",\"@graph\":[{\"@type\":\"Article\",\"@id\":\"https:\\\/\\\/iraurgiberritzen.eus\\\/es\\\/estabamos-estamos-estaremos-bertan-herrixen-zestoan\\\/#article\",\"isPartOf\":{\"@id\":\"https:\\\/\\\/iraurgiberritzen.eus\\\/es\\\/estabamos-estamos-estaremos-bertan-herrixen-zestoan\\\/\"},\"author\":{\"name\":\"kudeatzailea\",\"@id\":\"https:\\\/\\\/iraurgiberritzen.eus\\\/es\\\/#\\\/schema\\\/person\\\/5ab41aaf388a9097177601ebf45738d2\"},\"headline\":\"Est\u00e1bamos, estamos, estaremos Bertan\\\/Herrixen\\\/Zestoan\",\"datePublished\":\"2020-04-02T08:37:23+00:00\",\"mainEntityOfPage\":{\"@id\":\"https:\\\/\\\/iraurgiberritzen.eus\\\/es\\\/estabamos-estamos-estaremos-bertan-herrixen-zestoan\\\/\"},\"wordCount\":361,\"publisher\":{\"@id\":\"https:\\\/\\\/iraurgiberritzen.eus\\\/es\\\/#organization\"},\"image\":{\"@id\":\"https:\\\/\\\/iraurgiberritzen.eus\\\/es\\\/estabamos-estamos-estaremos-bertan-herrixen-zestoan\\\/#primaryimage\"},\"thumbnailUrl\":\"https:\\\/\\\/iraurgiberritzen.eus\\\/wp-content\\\/uploads\\\/2023\\\/09\\\/19ace523c3fcf08ab0aa2a0aa1b550ec.jpg\",\"articleSection\":[\"Noticias\"],\"inLanguage\":\"es\"},{\"@type\":\"WebPage\",\"@id\":\"https:\\\/\\\/iraurgiberritzen.eus\\\/es\\\/estabamos-estamos-estaremos-bertan-herrixen-zestoan\\\/\",\"url\":\"https:\\\/\\\/iraurgiberritzen.eus\\\/es\\\/estabamos-estamos-estaremos-bertan-herrixen-zestoan\\\/\",\"name\":\"Est\u00e1bamos, estamos, estaremos Bertan\\\/Herrixen\\\/Zestoan - Iraurgi Berritzen\",\"isPartOf\":{\"@id\":\"https:\\\/\\\/iraurgiberritzen.eus\\\/es\\\/#website\"},\"primaryImageOfPage\":{\"@id\":\"https:\\\/\\\/iraurgiberritzen.eus\\\/es\\\/estabamos-estamos-estaremos-bertan-herrixen-zestoan\\\/#primaryimage\"},\"image\":{\"@id\":\"https:\\\/\\\/iraurgiberritzen.eus\\\/es\\\/estabamos-estamos-estaremos-bertan-herrixen-zestoan\\\/#primaryimage\"},\"thumbnailUrl\":\"https:\\\/\\\/iraurgiberritzen.eus\\\/wp-content\\\/uploads\\\/2023\\\/09\\\/19ace523c3fcf08ab0aa2a0aa1b550ec.jpg\",\"datePublished\":\"2020-04-02T08:37:23+00:00\",\"breadcrumb\":{\"@id\":\"https:\\\/\\\/iraurgiberritzen.eus\\\/es\\\/estabamos-estamos-estaremos-bertan-herrixen-zestoan\\\/#breadcrumb\"},\"inLanguage\":\"es\",\"potentialAction\":[{\"@type\":\"ReadAction\",\"target\":[\"https:\\\/\\\/iraurgiberritzen.eus\\\/es\\\/estabamos-estamos-estaremos-bertan-herrixen-zestoan\\\/\"]}]},{\"@type\":\"ImageObject\",\"inLanguage\":\"es\",\"@id\":\"https:\\\/\\\/iraurgiberritzen.eus\\\/es\\\/estabamos-estamos-estaremos-bertan-herrixen-zestoan\\\/#primaryimage\",\"url\":\"https:\\\/\\\/iraurgiberritzen.eus\\\/wp-content\\\/uploads\\\/2023\\\/09\\\/19ace523c3fcf08ab0aa2a0aa1b550ec.jpg\",\"contentUrl\":\"https:\\\/\\\/iraurgiberritzen.eus\\\/wp-content\\\/uploads\\\/2023\\\/09\\\/19ace523c3fcf08ab0aa2a0aa1b550ec.jpg\",\"width\":600,\"height\":386},{\"@type\":\"BreadcrumbList\",\"@id\":\"https:\\\/\\\/iraurgiberritzen.eus\\\/es\\\/estabamos-estamos-estaremos-bertan-herrixen-zestoan\\\/#breadcrumb\",\"itemListElement\":[{\"@type\":\"ListItem\",\"position\":1,\"name\":\"Home\",\"item\":\"https:\\\/\\\/iraurgiberritzen.eus\\\/es\\\/\"},{\"@type\":\"ListItem\",\"position\":2,\"name\":\"Est\u00e1bamos, estamos, estaremos Bertan\\\/Herrixen\\\/Zestoan\"}]},{\"@type\":\"WebSite\",\"@id\":\"https:\\\/\\\/iraurgiberritzen.eus\\\/es\\\/#website\",\"url\":\"https:\\\/\\\/iraurgiberritzen.eus\\\/es\\\/\",\"name\":\"Iraurgi Berritzen\",\"description\":\"Urola Erdiko Garapen Agentzia\",\"publisher\":{\"@id\":\"https:\\\/\\\/iraurgiberritzen.eus\\\/es\\\/#organization\"},\"potentialAction\":[{\"@type\":\"SearchAction\",\"target\":{\"@type\":\"EntryPoint\",\"urlTemplate\":\"https:\\\/\\\/iraurgiberritzen.eus\\\/es\\\/?s={search_term_string}\"},\"query-input\":{\"@type\":\"PropertyValueSpecification\",\"valueRequired\":true,\"valueName\":\"search_term_string\"}}],\"inLanguage\":\"es\"},{\"@type\":\"Organization\",\"@id\":\"https:\\\/\\\/iraurgiberritzen.eus\\\/es\\\/#organization\",\"name\":\"Iraurgi Berritzen\",\"url\":\"https:\\\/\\\/iraurgiberritzen.eus\\\/es\\\/\",\"logo\":{\"@type\":\"ImageObject\",\"inLanguage\":\"es\",\"@id\":\"https:\\\/\\\/iraurgiberritzen.eus\\\/es\\\/#\\\/schema\\\/logo\\\/image\\\/\",\"url\":\"https:\\\/\\\/iraurgiberritzen.eus\\\/wp-content\\\/uploads\\\/2024\\\/02\\\/IRAURGI-BERRITZEN-logotipoa_2.png\",\"contentUrl\":\"https:\\\/\\\/iraurgiberritzen.eus\\\/wp-content\\\/uploads\\\/2024\\\/02\\\/IRAURGI-BERRITZEN-logotipoa_2.png\",\"width\":496,\"height\":190,\"caption\":\"Iraurgi Berritzen\"},\"image\":{\"@id\":\"https:\\\/\\\/iraurgiberritzen.eus\\\/es\\\/#\\\/schema\\\/logo\\\/image\\\/\"}},{\"@type\":\"Person\",\"@id\":\"https:\\\/\\\/iraurgiberritzen.eus\\\/es\\\/#\\\/schema\\\/person\\\/5ab41aaf388a9097177601ebf45738d2\",\"name\":\"kudeatzailea\",\"sameAs\":[\"https:\\\/\\\/iraurgiberritzen.eus\"]}]}<\/script>\n<!-- \/ Yoast SEO plugin. -->","yoast_head_json":{"title":"Est\u00e1bamos, estamos, estaremos Bertan\/Herrixen\/Zestoan - Iraurgi Berritzen","robots":{"index":"index","follow":"follow","max-snippet":"max-snippet:-1","max-image-preview":"max-image-preview:large","max-video-preview":"max-video-preview:-1"},"canonical":"https:\/\/iraurgiberritzen.eus\/es\/estabamos-estamos-estaremos-bertan-herrixen-zestoan\/","og_locale":"es_ES","og_type":"article","og_title":"Est\u00e1bamos, estamos, estaremos Bertan\/Herrixen\/Zestoan - Iraurgi Berritzen","og_description":"Las Asociaciones de Comerciantes de Azpeitia, Azkoitia y Zestoa, junto con la Agencia de Desarrollo Iraurgi Berritzen, hacen llegar el siguiente mensaje: El estado de alerta que ha generado el Covid-19 ha obligado a cerrar algunos comercios de la localidad, con lo duro que es \u00e9sto para un aut\u00f3nomo. Cerrar todo su oficio. Pero lo [&hellip;]","og_url":"https:\/\/iraurgiberritzen.eus\/es\/estabamos-estamos-estaremos-bertan-herrixen-zestoan\/","og_site_name":"Iraurgi Berritzen","article_published_time":"2020-04-02T08:37:23+00:00","author":"kudeatzailea","twitter_card":"summary_large_image","twitter_misc":{"Escrito por":"kudeatzailea","Tiempo de lectura":"2 minutos"},"schema":{"@context":"https:\/\/schema.org","@graph":[{"@type":"Article","@id":"https:\/\/iraurgiberritzen.eus\/es\/estabamos-estamos-estaremos-bertan-herrixen-zestoan\/#article","isPartOf":{"@id":"https:\/\/iraurgiberritzen.eus\/es\/estabamos-estamos-estaremos-bertan-herrixen-zestoan\/"},"author":{"name":"kudeatzailea","@id":"https:\/\/iraurgiberritzen.eus\/es\/#\/schema\/person\/5ab41aaf388a9097177601ebf45738d2"},"headline":"Est\u00e1bamos, estamos, estaremos Bertan\/Herrixen\/Zestoan","datePublished":"2020-04-02T08:37:23+00:00","mainEntityOfPage":{"@id":"https:\/\/iraurgiberritzen.eus\/es\/estabamos-estamos-estaremos-bertan-herrixen-zestoan\/"},"wordCount":361,"publisher":{"@id":"https:\/\/iraurgiberritzen.eus\/es\/#organization"},"image":{"@id":"https:\/\/iraurgiberritzen.eus\/es\/estabamos-estamos-estaremos-bertan-herrixen-zestoan\/#primaryimage"},"thumbnailUrl":"https:\/\/iraurgiberritzen.eus\/wp-content\/uploads\/2023\/09\/19ace523c3fcf08ab0aa2a0aa1b550ec.jpg","articleSection":["Noticias"],"inLanguage":"es"},{"@type":"WebPage","@id":"https:\/\/iraurgiberritzen.eus\/es\/estabamos-estamos-estaremos-bertan-herrixen-zestoan\/","url":"https:\/\/iraurgiberritzen.eus\/es\/estabamos-estamos-estaremos-bertan-herrixen-zestoan\/","name":"Est\u00e1bamos, estamos, estaremos Bertan\/Herrixen\/Zestoan - Iraurgi Berritzen","isPartOf":{"@id":"https:\/\/iraurgiberritzen.eus\/es\/#website"},"primaryImageOfPage":{"@id":"https:\/\/iraurgiberritzen.eus\/es\/estabamos-estamos-estaremos-bertan-herrixen-zestoan\/#primaryimage"},"image":{"@id":"https:\/\/iraurgiberritzen.eus\/es\/estabamos-estamos-estaremos-bertan-herrixen-zestoan\/#primaryimage"},"thumbnailUrl":"https:\/\/iraurgiberritzen.eus\/wp-content\/uploads\/2023\/09\/19ace523c3fcf08ab0aa2a0aa1b550ec.jpg","datePublished":"2020-04-02T08:37:23+00:00","breadcrumb":{"@id":"https:\/\/iraurgiberritzen.eus\/es\/estabamos-estamos-estaremos-bertan-herrixen-zestoan\/#breadcrumb"},"inLanguage":"es","potentialAction":[{"@type":"ReadAction","target":["https:\/\/iraurgiberritzen.eus\/es\/estabamos-estamos-estaremos-bertan-herrixen-zestoan\/"]}]},{"@type":"ImageObject","inLanguage":"es","@id":"https:\/\/iraurgiberritzen.eus\/es\/estabamos-estamos-estaremos-bertan-herrixen-zestoan\/#primaryimage","url":"https:\/\/iraurgiberritzen.eus\/wp-content\/uploads\/2023\/09\/19ace523c3fcf08ab0aa2a0aa1b550ec.jpg","contentUrl":"https:\/\/iraurgiberritzen.eus\/wp-content\/uploads\/2023\/09\/19ace523c3fcf08ab0aa2a0aa1b550ec.jpg","width":600,"height":386},{"@type":"BreadcrumbList","@id":"https:\/\/iraurgiberritzen.eus\/es\/estabamos-estamos-estaremos-bertan-herrixen-zestoan\/#breadcrumb","itemListElement":[{"@type":"ListItem","position":1,"name":"Home","item":"https:\/\/iraurgiberritzen.eus\/es\/"},{"@type":"ListItem","position":2,"name":"Est\u00e1bamos, estamos, estaremos Bertan\/Herrixen\/Zestoan"}]},{"@type":"WebSite","@id":"https:\/\/iraurgiberritzen.eus\/es\/#website","url":"https:\/\/iraurgiberritzen.eus\/es\/","name":"Iraurgi Berritzen","description":"Urola Erdiko Garapen Agentzia","publisher":{"@id":"https:\/\/iraurgiberritzen.eus\/es\/#organization"},"potentialAction":[{"@type":"SearchAction","target":{"@type":"EntryPoint","urlTemplate":"https:\/\/iraurgiberritzen.eus\/es\/?s={search_term_string}"},"query-input":{"@type":"PropertyValueSpecification","valueRequired":true,"valueName":"search_term_string"}}],"inLanguage":"es"},{"@type":"Organization","@id":"https:\/\/iraurgiberritzen.eus\/es\/#organization","name":"Iraurgi Berritzen","url":"https:\/\/iraurgiberritzen.eus\/es\/","logo":{"@type":"ImageObject","inLanguage":"es","@id":"https:\/\/iraurgiberritzen.eus\/es\/#\/schema\/logo\/image\/","url":"https:\/\/iraurgiberritzen.eus\/wp-content\/uploads\/2024\/02\/IRAURGI-BERRITZEN-logotipoa_2.png","contentUrl":"https:\/\/iraurgiberritzen.eus\/wp-content\/uploads\/2024\/02\/IRAURGI-BERRITZEN-logotipoa_2.png","width":496,"height":190,"caption":"Iraurgi Berritzen"},"image":{"@id":"https:\/\/iraurgiberritzen.eus\/es\/#\/schema\/logo\/image\/"}},{"@type":"Person","@id":"https:\/\/iraurgiberritzen.eus\/es\/#\/schema\/person\/5ab41aaf388a9097177601ebf45738d2","name":"kudeatzailea","sameAs":["https:\/\/iraurgiberritzen.eus"]}]}},"_links":{"self":[{"href":"https:\/\/iraurgiberritzen.eus\/es\/wp-json\/wp\/v2\/posts\/12882","targetHints":{"allow":["GET"]}}],"collection":[{"href":"https:\/\/iraurgiberritzen.eus\/es\/wp-json\/wp\/v2\/posts"}],"about":[{"href":"https:\/\/iraurgiberritzen.eus\/es\/wp-json\/wp\/v2\/types\/post"}],"author":[{"embeddable":true,"href":"https:\/\/iraurgiberritzen.eus\/es\/wp-json\/wp\/v2\/users\/1"}],"replies":[{"embeddable":true,"href":"https:\/\/iraurgiberritzen.eus\/es\/wp-json\/wp\/v2\/comments?post=12882"}],"version-history":[{"count":0,"href":"https:\/\/iraurgiberritzen.eus\/es\/wp-json\/wp\/v2\/posts\/12882\/revisions"}],"wp:featuredmedia":[{"embeddable":true,"href":"https:\/\/iraurgiberritzen.eus\/es\/wp-json\/wp\/v2\/media\/17729"}],"wp:attachment":[{"href":"https:\/\/iraurgiberritzen.eus\/es\/wp-json\/wp\/v2\/media?parent=12882"}],"wp:term":[{"taxonomy":"category","embeddable":true,"href":"https:\/\/iraurgiberritzen.eus\/es\/wp-json\/wp\/v2\/categories?post=12882"},{"taxonomy":"post_tag","embeddable":true,"href":"https:\/\/iraurgiberritzen.eus\/es\/wp-json\/wp\/v2\/tags?post=12882"}],"curies":[{"name":"wp","href":"https:\/\/api.w.org\/{rel}","templated":true}]}}