{"id":12891,"date":"2020-05-22T07:10:31","date_gmt":"2020-05-22T05:10:31","guid":{"rendered":"https:\/\/iraurgiberritzen.eus\/enpresa-gunea-y-los-ayuntamientos-de-la-comarca-en-colaboracion\/"},"modified":"2020-05-22T07:10:31","modified_gmt":"2020-05-22T05:10:31","slug":"enpresa-gunea-y-los-ayuntamientos-de-la-comarca-en-colaboracion","status":"publish","type":"post","link":"https:\/\/iraurgiberritzen.eus\/es\/enpresa-gunea-y-los-ayuntamientos-de-la-comarca-en-colaboracion\/","title":{"rendered":"Enpresa Gunea y los Ayuntamientos de la comarca en colaboraci\u00f3n"},"content":{"rendered":"<p style=\"text-align: justify;\">Enpresa Gunea de Urola Erdia, formada por 10 empresas de diferentes sectores y tama\u00f1os de la comarca, se reuni\u00f3 el pasado 14 de mayo con los alcaldes y representantes municipales de Azpeitia, Azkoitia y Zestoa para analizar el impacto que la situaci\u00f3n de crisis Covid 19 est\u00e1 teniendo en las empresas y exponer los retos y necesidades del tejido industrial de cara al futuro.<\/p>\n<p style=\"text-align: justify;\">Seg\u00fan explicaron los participantes en la reuni\u00f3n, la ca\u00edda de la actividad en la industria est\u00e1 siendo notable, afectando en distinta medida seg\u00fan el sector (especialmente se ha visto afectado el sector de la automoci\u00f3n) y tambi\u00e9n se destac\u00f3 la especial preocupaci\u00f3n de las empresas que tienen clientes extranjeros, dada la incertidumbre sobre la tendencia del mercado a medio plazo. Tambi\u00e9n informaron de que, desde el punto de vista de seguridad, todas las empresas han puesto en marcha los protocolos y medidas necesarias para su prevenci\u00f3n.<\/p>\n<p style=\"text-align: justify;\">Por otro lado, qued\u00f3 claro que las empresas ten\u00edan grandes retos en la gesti\u00f3n de la organizaci\u00f3n interna, as\u00ed como en la gesti\u00f3n de nuevas personas y tecnolog\u00edas, la implantaci\u00f3n del teletrabajo y la importancia de las tecnolog\u00edas. Se subray\u00f3 que se adoptaron medidas en turnos y horarios de los trabajadores de las \u00e1reas de producci\u00f3n, priorizando las medidas para hacer posible la seguridad, la flexibilizaci\u00f3n y la conciliaci\u00f3n. Desde el punto de vista del empleo, algunas empresas que se encontraban en situaci\u00f3n de ERTE tambi\u00e9n expusieron su situaci\u00f3n. En el \u00e1mbito financiero, la mayor\u00eda de empresas mostraron su preocupaci\u00f3n por los problemas de liquidez que crear\u00e1 esta crisis, confirmando que gran parte de las empresas han solicitado las l\u00edneas de ayudas de Elkargi e ICO.<\/p>\n<p style=\"text-align: justify;\">Seg\u00fan las propuestas aprobadas en la reuni\u00f3n, la colaboraci\u00f3n de los agentes econ\u00f3micos de la comarca ser\u00e1 cr\u00edtica para ayudar a afrontar las dificultades de esta crisis, y en este sentido, se activar\u00e1n las diferentes posibilidades de colaboraci\u00f3n, poniendo en valor la red de colaboraci\u00f3n empresarial impulsada en los \u00faltimos a\u00f1os.<\/p>\n<p style=\"text-align: justify;\">En este sentido, se aprob\u00f3 celebrar mensualmente <strong>la reuni\u00f3n entre empresas y ayuntamientos<\/strong>, por un lado, para conocer la situaci\u00f3n de las empresas de la comarca, y por otro lado, dada la incertidumbre que esta situaci\u00f3n est\u00e1 generando en el \u00e1rea de la gesti\u00f3n, dentro del programa Ikasiz se organizar\u00e1n <strong>sesiones de trabajo telem\u00e1ticas<\/strong>, para compartir experiencias y conocimientos sobre la gesti\u00f3n de diferentes \u00e1mbitos de la empresa. Por \u00faltimo, se har\u00e1 llegar un <strong>segundo cuestionario a las empresas de la comarca<\/strong> para conocer la situaci\u00f3n actualizada y analizar posibles l\u00edneas de actuaci\u00f3n.<\/p>\n<p style=\"text-align: justify;\">Adem\u00e1s de estas l\u00edneas, IB seguir\u00e1 con la difusi\u00f3n e intermediaci\u00f3n de las ayudas que ha activado desde el inicio de la crisis, profundizando en otras l\u00edneas de trabajo tanto municipales como en colaboraci\u00f3n con la Diputaci\u00f3n Foral de Gipuzkoa e Innobasque (Estrategia, Competitividad, Diversificaci\u00f3n, Talento, Industria 4.0, Nuevos entornos laborales en la gesti\u00f3n empresarial, etc.).<\/p>\n","protected":false},"excerpt":{"rendered":"<p>Enpresa Gunea de Urola Erdia, formada por 10 empresas de diferentes sectores y tama\u00f1os de la comarca, se reuni\u00f3 el pasado 14 de mayo con los alcaldes y representantes municipales de Azpeitia, Azkoitia y Zestoa para analizar el impacto que la situaci\u00f3n de crisis Covid 19 est\u00e1 teniendo en las empresas y exponer los retos [&hellip;]<\/p>\n","protected":false},"author":1,"featured_media":17732,"comment_status":"","ping_status":"closed","sticky":false,"template":"","format":"standard","meta":{"_acf_changed":false,"footnotes":""},"categories":[4],"tags":[],"class_list":["post-12891","post","type-post","status-publish","format-standard","has-post-thumbnail","hentry","category-noticias"],"acf":[],"yoast_head":"<!-- This site is optimized with the Yoast SEO plugin v27.4 - https:\/\/yoast.com\/product\/yoast-seo-wordpress\/ -->\n<title>Enpresa Gunea y los Ayuntamientos de la comarca en colaboraci\u00f3n - Iraurgi Berritzen<\/title>\n<meta name=\"robots\" content=\"index, follow, max-snippet:-1, max-image-preview:large, max-video-preview:-1\" \/>\n<link rel=\"canonical\" href=\"https:\/\/iraurgiberritzen.eus\/es\/enpresa-gunea-y-los-ayuntamientos-de-la-comarca-en-colaboracion\/\" \/>\n<meta property=\"og:locale\" content=\"es_ES\" \/>\n<meta property=\"og:type\" content=\"article\" \/>\n<meta property=\"og:title\" content=\"Enpresa Gunea y los Ayuntamientos de la comarca en colaboraci\u00f3n - Iraurgi Berritzen\" \/>\n<meta property=\"og:description\" content=\"Enpresa Gunea de Urola Erdia, formada por 10 empresas de diferentes sectores y tama\u00f1os de la comarca, se reuni\u00f3 el pasado 14 de mayo con los alcaldes y representantes municipales de Azpeitia, Azkoitia y Zestoa para analizar el impacto que la situaci\u00f3n de crisis Covid 19 est\u00e1 teniendo en las empresas y exponer los retos [&hellip;]\" \/>\n<meta property=\"og:url\" content=\"https:\/\/iraurgiberritzen.eus\/es\/enpresa-gunea-y-los-ayuntamientos-de-la-comarca-en-colaboracion\/\" \/>\n<meta property=\"og:site_name\" content=\"Iraurgi Berritzen\" \/>\n<meta property=\"article:published_time\" content=\"2020-05-22T05:10:31+00:00\" \/>\n<meta name=\"author\" content=\"kudeatzailea\" \/>\n<meta name=\"twitter:card\" content=\"summary_large_image\" \/>\n<meta name=\"twitter:label1\" content=\"Escrito por\" \/>\n\t<meta name=\"twitter:data1\" content=\"kudeatzailea\" \/>\n\t<meta name=\"twitter:label2\" content=\"Tiempo de lectura\" \/>\n\t<meta name=\"twitter:data2\" content=\"3 minutos\" \/>\n<script type=\"application\/ld+json\" class=\"yoast-schema-graph\">{\"@context\":\"https:\\\/\\\/schema.org\",\"@graph\":[{\"@type\":\"Article\",\"@id\":\"https:\\\/\\\/iraurgiberritzen.eus\\\/es\\\/enpresa-gunea-y-los-ayuntamientos-de-la-comarca-en-colaboracion\\\/#article\",\"isPartOf\":{\"@id\":\"https:\\\/\\\/iraurgiberritzen.eus\\\/es\\\/enpresa-gunea-y-los-ayuntamientos-de-la-comarca-en-colaboracion\\\/\"},\"author\":{\"name\":\"kudeatzailea\",\"@id\":\"https:\\\/\\\/iraurgiberritzen.eus\\\/es\\\/#\\\/schema\\\/person\\\/5ab41aaf388a9097177601ebf45738d2\"},\"headline\":\"Enpresa Gunea y los Ayuntamientos de la comarca en colaboraci\u00f3n\",\"datePublished\":\"2020-05-22T05:10:31+00:00\",\"mainEntityOfPage\":{\"@id\":\"https:\\\/\\\/iraurgiberritzen.eus\\\/es\\\/enpresa-gunea-y-los-ayuntamientos-de-la-comarca-en-colaboracion\\\/\"},\"wordCount\":538,\"publisher\":{\"@id\":\"https:\\\/\\\/iraurgiberritzen.eus\\\/es\\\/#organization\"},\"image\":{\"@id\":\"https:\\\/\\\/iraurgiberritzen.eus\\\/es\\\/enpresa-gunea-y-los-ayuntamientos-de-la-comarca-en-colaboracion\\\/#primaryimage\"},\"thumbnailUrl\":\"https:\\\/\\\/iraurgiberritzen.eus\\\/wp-content\\\/uploads\\\/2023\\\/09\\\/d72b92e7a132ff40fb2049dc48920977.jpg\",\"articleSection\":[\"Noticias\"],\"inLanguage\":\"es\"},{\"@type\":\"WebPage\",\"@id\":\"https:\\\/\\\/iraurgiberritzen.eus\\\/es\\\/enpresa-gunea-y-los-ayuntamientos-de-la-comarca-en-colaboracion\\\/\",\"url\":\"https:\\\/\\\/iraurgiberritzen.eus\\\/es\\\/enpresa-gunea-y-los-ayuntamientos-de-la-comarca-en-colaboracion\\\/\",\"name\":\"Enpresa Gunea y los Ayuntamientos de la comarca en colaboraci\u00f3n - Iraurgi Berritzen\",\"isPartOf\":{\"@id\":\"https:\\\/\\\/iraurgiberritzen.eus\\\/es\\\/#website\"},\"primaryImageOfPage\":{\"@id\":\"https:\\\/\\\/iraurgiberritzen.eus\\\/es\\\/enpresa-gunea-y-los-ayuntamientos-de-la-comarca-en-colaboracion\\\/#primaryimage\"},\"image\":{\"@id\":\"https:\\\/\\\/iraurgiberritzen.eus\\\/es\\\/enpresa-gunea-y-los-ayuntamientos-de-la-comarca-en-colaboracion\\\/#primaryimage\"},\"thumbnailUrl\":\"https:\\\/\\\/iraurgiberritzen.eus\\\/wp-content\\\/uploads\\\/2023\\\/09\\\/d72b92e7a132ff40fb2049dc48920977.jpg\",\"datePublished\":\"2020-05-22T05:10:31+00:00\",\"breadcrumb\":{\"@id\":\"https:\\\/\\\/iraurgiberritzen.eus\\\/es\\\/enpresa-gunea-y-los-ayuntamientos-de-la-comarca-en-colaboracion\\\/#breadcrumb\"},\"inLanguage\":\"es\",\"potentialAction\":[{\"@type\":\"ReadAction\",\"target\":[\"https:\\\/\\\/iraurgiberritzen.eus\\\/es\\\/enpresa-gunea-y-los-ayuntamientos-de-la-comarca-en-colaboracion\\\/\"]}]},{\"@type\":\"ImageObject\",\"inLanguage\":\"es\",\"@id\":\"https:\\\/\\\/iraurgiberritzen.eus\\\/es\\\/enpresa-gunea-y-los-ayuntamientos-de-la-comarca-en-colaboracion\\\/#primaryimage\",\"url\":\"https:\\\/\\\/iraurgiberritzen.eus\\\/wp-content\\\/uploads\\\/2023\\\/09\\\/d72b92e7a132ff40fb2049dc48920977.jpg\",\"contentUrl\":\"https:\\\/\\\/iraurgiberritzen.eus\\\/wp-content\\\/uploads\\\/2023\\\/09\\\/d72b92e7a132ff40fb2049dc48920977.jpg\",\"width\":600,\"height\":386},{\"@type\":\"BreadcrumbList\",\"@id\":\"https:\\\/\\\/iraurgiberritzen.eus\\\/es\\\/enpresa-gunea-y-los-ayuntamientos-de-la-comarca-en-colaboracion\\\/#breadcrumb\",\"itemListElement\":[{\"@type\":\"ListItem\",\"position\":1,\"name\":\"Home\",\"item\":\"https:\\\/\\\/iraurgiberritzen.eus\\\/es\\\/\"},{\"@type\":\"ListItem\",\"position\":2,\"name\":\"Enpresa Gunea y los Ayuntamientos de la comarca en colaboraci\u00f3n\"}]},{\"@type\":\"WebSite\",\"@id\":\"https:\\\/\\\/iraurgiberritzen.eus\\\/es\\\/#website\",\"url\":\"https:\\\/\\\/iraurgiberritzen.eus\\\/es\\\/\",\"name\":\"Iraurgi Berritzen\",\"description\":\"Urola Erdiko Garapen Agentzia\",\"publisher\":{\"@id\":\"https:\\\/\\\/iraurgiberritzen.eus\\\/es\\\/#organization\"},\"potentialAction\":[{\"@type\":\"SearchAction\",\"target\":{\"@type\":\"EntryPoint\",\"urlTemplate\":\"https:\\\/\\\/iraurgiberritzen.eus\\\/es\\\/?s={search_term_string}\"},\"query-input\":{\"@type\":\"PropertyValueSpecification\",\"valueRequired\":true,\"valueName\":\"search_term_string\"}}],\"inLanguage\":\"es\"},{\"@type\":\"Organization\",\"@id\":\"https:\\\/\\\/iraurgiberritzen.eus\\\/es\\\/#organization\",\"name\":\"Iraurgi Berritzen\",\"url\":\"https:\\\/\\\/iraurgiberritzen.eus\\\/es\\\/\",\"logo\":{\"@type\":\"ImageObject\",\"inLanguage\":\"es\",\"@id\":\"https:\\\/\\\/iraurgiberritzen.eus\\\/es\\\/#\\\/schema\\\/logo\\\/image\\\/\",\"url\":\"https:\\\/\\\/iraurgiberritzen.eus\\\/wp-content\\\/uploads\\\/2024\\\/02\\\/IRAURGI-BERRITZEN-logotipoa_2.png\",\"contentUrl\":\"https:\\\/\\\/iraurgiberritzen.eus\\\/wp-content\\\/uploads\\\/2024\\\/02\\\/IRAURGI-BERRITZEN-logotipoa_2.png\",\"width\":496,\"height\":190,\"caption\":\"Iraurgi Berritzen\"},\"image\":{\"@id\":\"https:\\\/\\\/iraurgiberritzen.eus\\\/es\\\/#\\\/schema\\\/logo\\\/image\\\/\"}},{\"@type\":\"Person\",\"@id\":\"https:\\\/\\\/iraurgiberritzen.eus\\\/es\\\/#\\\/schema\\\/person\\\/5ab41aaf388a9097177601ebf45738d2\",\"name\":\"kudeatzailea\",\"sameAs\":[\"https:\\\/\\\/iraurgiberritzen.eus\"]}]}<\/script>\n<!-- \/ Yoast SEO plugin. -->","yoast_head_json":{"title":"Enpresa Gunea y los Ayuntamientos de la comarca en colaboraci\u00f3n - Iraurgi Berritzen","robots":{"index":"index","follow":"follow","max-snippet":"max-snippet:-1","max-image-preview":"max-image-preview:large","max-video-preview":"max-video-preview:-1"},"canonical":"https:\/\/iraurgiberritzen.eus\/es\/enpresa-gunea-y-los-ayuntamientos-de-la-comarca-en-colaboracion\/","og_locale":"es_ES","og_type":"article","og_title":"Enpresa Gunea y los Ayuntamientos de la comarca en colaboraci\u00f3n - Iraurgi Berritzen","og_description":"Enpresa Gunea de Urola Erdia, formada por 10 empresas de diferentes sectores y tama\u00f1os de la comarca, se reuni\u00f3 el pasado 14 de mayo con los alcaldes y representantes municipales de Azpeitia, Azkoitia y Zestoa para analizar el impacto que la situaci\u00f3n de crisis Covid 19 est\u00e1 teniendo en las empresas y exponer los retos [&hellip;]","og_url":"https:\/\/iraurgiberritzen.eus\/es\/enpresa-gunea-y-los-ayuntamientos-de-la-comarca-en-colaboracion\/","og_site_name":"Iraurgi Berritzen","article_published_time":"2020-05-22T05:10:31+00:00","author":"kudeatzailea","twitter_card":"summary_large_image","twitter_misc":{"Escrito por":"kudeatzailea","Tiempo de lectura":"3 minutos"},"schema":{"@context":"https:\/\/schema.org","@graph":[{"@type":"Article","@id":"https:\/\/iraurgiberritzen.eus\/es\/enpresa-gunea-y-los-ayuntamientos-de-la-comarca-en-colaboracion\/#article","isPartOf":{"@id":"https:\/\/iraurgiberritzen.eus\/es\/enpresa-gunea-y-los-ayuntamientos-de-la-comarca-en-colaboracion\/"},"author":{"name":"kudeatzailea","@id":"https:\/\/iraurgiberritzen.eus\/es\/#\/schema\/person\/5ab41aaf388a9097177601ebf45738d2"},"headline":"Enpresa Gunea y los Ayuntamientos de la comarca en colaboraci\u00f3n","datePublished":"2020-05-22T05:10:31+00:00","mainEntityOfPage":{"@id":"https:\/\/iraurgiberritzen.eus\/es\/enpresa-gunea-y-los-ayuntamientos-de-la-comarca-en-colaboracion\/"},"wordCount":538,"publisher":{"@id":"https:\/\/iraurgiberritzen.eus\/es\/#organization"},"image":{"@id":"https:\/\/iraurgiberritzen.eus\/es\/enpresa-gunea-y-los-ayuntamientos-de-la-comarca-en-colaboracion\/#primaryimage"},"thumbnailUrl":"https:\/\/iraurgiberritzen.eus\/wp-content\/uploads\/2023\/09\/d72b92e7a132ff40fb2049dc48920977.jpg","articleSection":["Noticias"],"inLanguage":"es"},{"@type":"WebPage","@id":"https:\/\/iraurgiberritzen.eus\/es\/enpresa-gunea-y-los-ayuntamientos-de-la-comarca-en-colaboracion\/","url":"https:\/\/iraurgiberritzen.eus\/es\/enpresa-gunea-y-los-ayuntamientos-de-la-comarca-en-colaboracion\/","name":"Enpresa Gunea y los Ayuntamientos de la comarca en colaboraci\u00f3n - Iraurgi Berritzen","isPartOf":{"@id":"https:\/\/iraurgiberritzen.eus\/es\/#website"},"primaryImageOfPage":{"@id":"https:\/\/iraurgiberritzen.eus\/es\/enpresa-gunea-y-los-ayuntamientos-de-la-comarca-en-colaboracion\/#primaryimage"},"image":{"@id":"https:\/\/iraurgiberritzen.eus\/es\/enpresa-gunea-y-los-ayuntamientos-de-la-comarca-en-colaboracion\/#primaryimage"},"thumbnailUrl":"https:\/\/iraurgiberritzen.eus\/wp-content\/uploads\/2023\/09\/d72b92e7a132ff40fb2049dc48920977.jpg","datePublished":"2020-05-22T05:10:31+00:00","breadcrumb":{"@id":"https:\/\/iraurgiberritzen.eus\/es\/enpresa-gunea-y-los-ayuntamientos-de-la-comarca-en-colaboracion\/#breadcrumb"},"inLanguage":"es","potentialAction":[{"@type":"ReadAction","target":["https:\/\/iraurgiberritzen.eus\/es\/enpresa-gunea-y-los-ayuntamientos-de-la-comarca-en-colaboracion\/"]}]},{"@type":"ImageObject","inLanguage":"es","@id":"https:\/\/iraurgiberritzen.eus\/es\/enpresa-gunea-y-los-ayuntamientos-de-la-comarca-en-colaboracion\/#primaryimage","url":"https:\/\/iraurgiberritzen.eus\/wp-content\/uploads\/2023\/09\/d72b92e7a132ff40fb2049dc48920977.jpg","contentUrl":"https:\/\/iraurgiberritzen.eus\/wp-content\/uploads\/2023\/09\/d72b92e7a132ff40fb2049dc48920977.jpg","width":600,"height":386},{"@type":"BreadcrumbList","@id":"https:\/\/iraurgiberritzen.eus\/es\/enpresa-gunea-y-los-ayuntamientos-de-la-comarca-en-colaboracion\/#breadcrumb","itemListElement":[{"@type":"ListItem","position":1,"name":"Home","item":"https:\/\/iraurgiberritzen.eus\/es\/"},{"@type":"ListItem","position":2,"name":"Enpresa Gunea y los Ayuntamientos de la comarca en colaboraci\u00f3n"}]},{"@type":"WebSite","@id":"https:\/\/iraurgiberritzen.eus\/es\/#website","url":"https:\/\/iraurgiberritzen.eus\/es\/","name":"Iraurgi Berritzen","description":"Urola Erdiko Garapen Agentzia","publisher":{"@id":"https:\/\/iraurgiberritzen.eus\/es\/#organization"},"potentialAction":[{"@type":"SearchAction","target":{"@type":"EntryPoint","urlTemplate":"https:\/\/iraurgiberritzen.eus\/es\/?s={search_term_string}"},"query-input":{"@type":"PropertyValueSpecification","valueRequired":true,"valueName":"search_term_string"}}],"inLanguage":"es"},{"@type":"Organization","@id":"https:\/\/iraurgiberritzen.eus\/es\/#organization","name":"Iraurgi Berritzen","url":"https:\/\/iraurgiberritzen.eus\/es\/","logo":{"@type":"ImageObject","inLanguage":"es","@id":"https:\/\/iraurgiberritzen.eus\/es\/#\/schema\/logo\/image\/","url":"https:\/\/iraurgiberritzen.eus\/wp-content\/uploads\/2024\/02\/IRAURGI-BERRITZEN-logotipoa_2.png","contentUrl":"https:\/\/iraurgiberritzen.eus\/wp-content\/uploads\/2024\/02\/IRAURGI-BERRITZEN-logotipoa_2.png","width":496,"height":190,"caption":"Iraurgi Berritzen"},"image":{"@id":"https:\/\/iraurgiberritzen.eus\/es\/#\/schema\/logo\/image\/"}},{"@type":"Person","@id":"https:\/\/iraurgiberritzen.eus\/es\/#\/schema\/person\/5ab41aaf388a9097177601ebf45738d2","name":"kudeatzailea","sameAs":["https:\/\/iraurgiberritzen.eus"]}]}},"_links":{"self":[{"href":"https:\/\/iraurgiberritzen.eus\/es\/wp-json\/wp\/v2\/posts\/12891","targetHints":{"allow":["GET"]}}],"collection":[{"href":"https:\/\/iraurgiberritzen.eus\/es\/wp-json\/wp\/v2\/posts"}],"about":[{"href":"https:\/\/iraurgiberritzen.eus\/es\/wp-json\/wp\/v2\/types\/post"}],"author":[{"embeddable":true,"href":"https:\/\/iraurgiberritzen.eus\/es\/wp-json\/wp\/v2\/users\/1"}],"replies":[{"embeddable":true,"href":"https:\/\/iraurgiberritzen.eus\/es\/wp-json\/wp\/v2\/comments?post=12891"}],"version-history":[{"count":0,"href":"https:\/\/iraurgiberritzen.eus\/es\/wp-json\/wp\/v2\/posts\/12891\/revisions"}],"wp:featuredmedia":[{"embeddable":true,"href":"https:\/\/iraurgiberritzen.eus\/es\/wp-json\/wp\/v2\/media\/17732"}],"wp:attachment":[{"href":"https:\/\/iraurgiberritzen.eus\/es\/wp-json\/wp\/v2\/media?parent=12891"}],"wp:term":[{"taxonomy":"category","embeddable":true,"href":"https:\/\/iraurgiberritzen.eus\/es\/wp-json\/wp\/v2\/categories?post=12891"},{"taxonomy":"post_tag","embeddable":true,"href":"https:\/\/iraurgiberritzen.eus\/es\/wp-json\/wp\/v2\/tags?post=12891"}],"curies":[{"name":"wp","href":"https:\/\/api.w.org\/{rel}","templated":true}]}}