{"id":12897,"date":"2020-06-12T10:41:06","date_gmt":"2020-06-12T08:41:06","guid":{"rendered":"https:\/\/iraurgiberritzen.eus\/los-comerciantes-de-azpeitia-azkoitia-y-zestoa-juntos-agradeciendo-el-consumo-en-la-localidad\/"},"modified":"2020-06-12T10:41:06","modified_gmt":"2020-06-12T08:41:06","slug":"los-comerciantes-de-azpeitia-azkoitia-y-zestoa-juntos-agradeciendo-el-consumo-en-la-localidad","status":"publish","type":"post","link":"https:\/\/iraurgiberritzen.eus\/es\/los-comerciantes-de-azpeitia-azkoitia-y-zestoa-juntos-agradeciendo-el-consumo-en-la-localidad\/","title":{"rendered":"Los comerciantes de Azpeitia, Azkoitia y Zestoa juntos, agradeciendo el consumo en la localidad"},"content":{"rendered":"<p style=\"text-align: justify;\">Dentro de la campa\u00f1a surgida en colaboraci\u00f3n entre comerciantes de la comarca, se sortear\u00e1n 200 carros de compra entre los clientes que realicen sus compras en los comercios de las Asociaciaciones Bertan, Herrixen y Zestoa Zuretzat.<\/p>\n<p style=\"text-align: justify;\">El grupo de trabajo conocido como la Mesa de Comercio de Urola Erdia lo conforman: los Ayuntamientos de Azpeitia, Azkoitia y Zestoa, las Asociaciones de Comerciantes, la Agencia de Desarrollo Iraurgi Berritzen, y la Asociaci\u00f3n de Comerciantes de Gipuzkoa Dendartean. El objetivo de esta mesa es fomentar el comercio desde el punto de vista comarcal, estrechando lazos entre los comerciantes de las diferentes localidades y trabajando en colacoraci\u00f3n afrontando diferentes retos. En los \u00faltimos a\u00f1os, el grupo de trabajo ha abordado temas como el traspaso de establecimientos comerciales o la sensibilizaci\u00f3n de los consumidores.<\/p>\n<p style=\"text-align: justify;\">Ahora, tras meses de altibajos provocados por la emergencia sanitaria, se quiere agradecer a los clientes que realicen sus compras en las localidades de la comarca. Para ello, 200 comercios de los tres municipios sortear\u00e1n carros de compra al mismo tiempo. Del 15 al 29 de junio se rellenar\u00e1n boletos a los clientes que realicen sus compras en los establecimientos de Bertan, Herrixen y Zestoa Zuretzat, participando as\u00ed en el sorteo. Cada comercio tendr\u00e1 un carro de compra para sortear. El 30 de junio se realizar\u00e1 el sorteo y los comerciantes se pondr\u00e1n en contacto con los ganadores.<\/p>\n<p style=\"text-align: justify;\">No es casualidad que se entreguen carros de compra como regalo, ya que, tal y como se\u00f1alan los miembros de la Mesa de Comercio, <em>\u00abEl carro de compra es un instrumento que permite seguir comprando en el pueblo, y que re\u00fane los valores de comodidad, cercan\u00eda y sostenibilidad\u00bb<\/em>. De esta manera, se pretende facilitar a quienes compran en el pueblo que sigan por el mismo camino.<\/p>\n<p style=\"text-align: justify;\">Al mismo tiempo, el sorteo tambi\u00e9n quiere ser un agradecimiento. Y es que ahora m\u00e1s que nunca, quienes consumen all\u00ed mantienen vivas las tiendas y, en consecuencia, las calles del pueblo. Por ello, la campa\u00f1a tiene como objetivo premiar y agradecer a aquellos que, bajo el mensaje de Regalo para ti, demuestran ser clientes fieles incluso en los tiempos m\u00e1s duros.<\/p>\n<p style=\"text-align: justify;\">Los carros de compra que se entregar\u00e1n como regalo llevan serigrafiada la imagen del tren del Urola, representando la conexi\u00f3n entre las tres localidades. Se trata de la primera campa\u00f1a conjunta de los comerciantes de Azpeitia, Azkoitia y Zestoa dirigida a sus clientes.<\/p>\n<p style=\"text-align: justify;\">Tal y como se\u00f1alan desde las Asociaciones de Comerciantes, <em>\u00abSigamos viendo muchos carros de la compra en las calles, ya que ser\u00e1 una se\u00f1al de que el pueblo est\u00e1 vivo\u00bb<\/em>.<\/p>\n","protected":false},"excerpt":{"rendered":"<p>Dentro de la campa\u00f1a surgida en colaboraci\u00f3n entre comerciantes de la comarca, se sortear\u00e1n 200 carros de compra entre los clientes que realicen sus compras en los comercios de las Asociaciaciones Bertan, Herrixen y Zestoa Zuretzat. El grupo de trabajo conocido como la Mesa de Comercio de Urola Erdia lo conforman: los Ayuntamientos de Azpeitia, [&hellip;]<\/p>\n","protected":false},"author":1,"featured_media":17714,"comment_status":"closed","ping_status":"closed","sticky":false,"template":"","format":"standard","meta":{"_acf_changed":false,"footnotes":""},"categories":[4],"tags":[],"class_list":["post-12897","post","type-post","status-publish","format-standard","has-post-thumbnail","hentry","category-noticias"],"acf":[],"yoast_head":"<!-- This site is optimized with the Yoast SEO plugin v27.4 - https:\/\/yoast.com\/product\/yoast-seo-wordpress\/ -->\n<title>Los comerciantes de Azpeitia, Azkoitia y Zestoa juntos, agradeciendo el consumo en la localidad - Iraurgi Berritzen<\/title>\n<meta name=\"robots\" content=\"index, follow, max-snippet:-1, max-image-preview:large, max-video-preview:-1\" \/>\n<link rel=\"canonical\" href=\"https:\/\/iraurgiberritzen.eus\/es\/los-comerciantes-de-azpeitia-azkoitia-y-zestoa-juntos-agradeciendo-el-consumo-en-la-localidad\/\" \/>\n<meta property=\"og:locale\" content=\"es_ES\" \/>\n<meta property=\"og:type\" content=\"article\" \/>\n<meta property=\"og:title\" content=\"Los comerciantes de Azpeitia, Azkoitia y Zestoa juntos, agradeciendo el consumo en la localidad - Iraurgi Berritzen\" \/>\n<meta property=\"og:description\" content=\"Dentro de la campa\u00f1a surgida en colaboraci\u00f3n entre comerciantes de la comarca, se sortear\u00e1n 200 carros de compra entre los clientes que realicen sus compras en los comercios de las Asociaciaciones Bertan, Herrixen y Zestoa Zuretzat. El grupo de trabajo conocido como la Mesa de Comercio de Urola Erdia lo conforman: los Ayuntamientos de Azpeitia, [&hellip;]\" \/>\n<meta property=\"og:url\" content=\"https:\/\/iraurgiberritzen.eus\/es\/los-comerciantes-de-azpeitia-azkoitia-y-zestoa-juntos-agradeciendo-el-consumo-en-la-localidad\/\" \/>\n<meta property=\"og:site_name\" content=\"Iraurgi Berritzen\" \/>\n<meta property=\"article:published_time\" content=\"2020-06-12T08:41:06+00:00\" \/>\n<meta name=\"author\" content=\"kudeatzailea\" \/>\n<meta name=\"twitter:card\" content=\"summary_large_image\" \/>\n<meta name=\"twitter:label1\" content=\"Escrito por\" \/>\n\t<meta name=\"twitter:data1\" content=\"kudeatzailea\" \/>\n\t<meta name=\"twitter:label2\" content=\"Tiempo de lectura\" \/>\n\t<meta name=\"twitter:data2\" content=\"2 minutos\" \/>\n<script type=\"application\/ld+json\" class=\"yoast-schema-graph\">{\"@context\":\"https:\\\/\\\/schema.org\",\"@graph\":[{\"@type\":\"Article\",\"@id\":\"https:\\\/\\\/iraurgiberritzen.eus\\\/es\\\/los-comerciantes-de-azpeitia-azkoitia-y-zestoa-juntos-agradeciendo-el-consumo-en-la-localidad\\\/#article\",\"isPartOf\":{\"@id\":\"https:\\\/\\\/iraurgiberritzen.eus\\\/es\\\/los-comerciantes-de-azpeitia-azkoitia-y-zestoa-juntos-agradeciendo-el-consumo-en-la-localidad\\\/\"},\"author\":{\"name\":\"kudeatzailea\",\"@id\":\"https:\\\/\\\/iraurgiberritzen.eus\\\/es\\\/#\\\/schema\\\/person\\\/5ab41aaf388a9097177601ebf45738d2\"},\"headline\":\"Los comerciantes de Azpeitia, Azkoitia y Zestoa juntos, agradeciendo el consumo en la localidad\",\"datePublished\":\"2020-06-12T08:41:06+00:00\",\"mainEntityOfPage\":{\"@id\":\"https:\\\/\\\/iraurgiberritzen.eus\\\/es\\\/los-comerciantes-de-azpeitia-azkoitia-y-zestoa-juntos-agradeciendo-el-consumo-en-la-localidad\\\/\"},\"wordCount\":459,\"publisher\":{\"@id\":\"https:\\\/\\\/iraurgiberritzen.eus\\\/es\\\/#organization\"},\"image\":{\"@id\":\"https:\\\/\\\/iraurgiberritzen.eus\\\/es\\\/los-comerciantes-de-azpeitia-azkoitia-y-zestoa-juntos-agradeciendo-el-consumo-en-la-localidad\\\/#primaryimage\"},\"thumbnailUrl\":\"https:\\\/\\\/iraurgiberritzen.eus\\\/wp-content\\\/uploads\\\/2023\\\/09\\\/daaafcf8e134c30f448bb4ca14d1f6c4.jpg\",\"articleSection\":[\"Noticias\"],\"inLanguage\":\"es\"},{\"@type\":\"WebPage\",\"@id\":\"https:\\\/\\\/iraurgiberritzen.eus\\\/es\\\/los-comerciantes-de-azpeitia-azkoitia-y-zestoa-juntos-agradeciendo-el-consumo-en-la-localidad\\\/\",\"url\":\"https:\\\/\\\/iraurgiberritzen.eus\\\/es\\\/los-comerciantes-de-azpeitia-azkoitia-y-zestoa-juntos-agradeciendo-el-consumo-en-la-localidad\\\/\",\"name\":\"Los comerciantes de Azpeitia, Azkoitia y Zestoa juntos, agradeciendo el consumo en la localidad - Iraurgi Berritzen\",\"isPartOf\":{\"@id\":\"https:\\\/\\\/iraurgiberritzen.eus\\\/es\\\/#website\"},\"primaryImageOfPage\":{\"@id\":\"https:\\\/\\\/iraurgiberritzen.eus\\\/es\\\/los-comerciantes-de-azpeitia-azkoitia-y-zestoa-juntos-agradeciendo-el-consumo-en-la-localidad\\\/#primaryimage\"},\"image\":{\"@id\":\"https:\\\/\\\/iraurgiberritzen.eus\\\/es\\\/los-comerciantes-de-azpeitia-azkoitia-y-zestoa-juntos-agradeciendo-el-consumo-en-la-localidad\\\/#primaryimage\"},\"thumbnailUrl\":\"https:\\\/\\\/iraurgiberritzen.eus\\\/wp-content\\\/uploads\\\/2023\\\/09\\\/daaafcf8e134c30f448bb4ca14d1f6c4.jpg\",\"datePublished\":\"2020-06-12T08:41:06+00:00\",\"breadcrumb\":{\"@id\":\"https:\\\/\\\/iraurgiberritzen.eus\\\/es\\\/los-comerciantes-de-azpeitia-azkoitia-y-zestoa-juntos-agradeciendo-el-consumo-en-la-localidad\\\/#breadcrumb\"},\"inLanguage\":\"es\",\"potentialAction\":[{\"@type\":\"ReadAction\",\"target\":[\"https:\\\/\\\/iraurgiberritzen.eus\\\/es\\\/los-comerciantes-de-azpeitia-azkoitia-y-zestoa-juntos-agradeciendo-el-consumo-en-la-localidad\\\/\"]}]},{\"@type\":\"ImageObject\",\"inLanguage\":\"es\",\"@id\":\"https:\\\/\\\/iraurgiberritzen.eus\\\/es\\\/los-comerciantes-de-azpeitia-azkoitia-y-zestoa-juntos-agradeciendo-el-consumo-en-la-localidad\\\/#primaryimage\",\"url\":\"https:\\\/\\\/iraurgiberritzen.eus\\\/wp-content\\\/uploads\\\/2023\\\/09\\\/daaafcf8e134c30f448bb4ca14d1f6c4.jpg\",\"contentUrl\":\"https:\\\/\\\/iraurgiberritzen.eus\\\/wp-content\\\/uploads\\\/2023\\\/09\\\/daaafcf8e134c30f448bb4ca14d1f6c4.jpg\",\"width\":600,\"height\":386},{\"@type\":\"BreadcrumbList\",\"@id\":\"https:\\\/\\\/iraurgiberritzen.eus\\\/es\\\/los-comerciantes-de-azpeitia-azkoitia-y-zestoa-juntos-agradeciendo-el-consumo-en-la-localidad\\\/#breadcrumb\",\"itemListElement\":[{\"@type\":\"ListItem\",\"position\":1,\"name\":\"Home\",\"item\":\"https:\\\/\\\/iraurgiberritzen.eus\\\/es\\\/\"},{\"@type\":\"ListItem\",\"position\":2,\"name\":\"Los comerciantes de Azpeitia, Azkoitia y Zestoa juntos, agradeciendo el consumo en la localidad\"}]},{\"@type\":\"WebSite\",\"@id\":\"https:\\\/\\\/iraurgiberritzen.eus\\\/es\\\/#website\",\"url\":\"https:\\\/\\\/iraurgiberritzen.eus\\\/es\\\/\",\"name\":\"Iraurgi Berritzen\",\"description\":\"Urola Erdiko Garapen Agentzia\",\"publisher\":{\"@id\":\"https:\\\/\\\/iraurgiberritzen.eus\\\/es\\\/#organization\"},\"potentialAction\":[{\"@type\":\"SearchAction\",\"target\":{\"@type\":\"EntryPoint\",\"urlTemplate\":\"https:\\\/\\\/iraurgiberritzen.eus\\\/es\\\/?s={search_term_string}\"},\"query-input\":{\"@type\":\"PropertyValueSpecification\",\"valueRequired\":true,\"valueName\":\"search_term_string\"}}],\"inLanguage\":\"es\"},{\"@type\":\"Organization\",\"@id\":\"https:\\\/\\\/iraurgiberritzen.eus\\\/es\\\/#organization\",\"name\":\"Iraurgi Berritzen\",\"url\":\"https:\\\/\\\/iraurgiberritzen.eus\\\/es\\\/\",\"logo\":{\"@type\":\"ImageObject\",\"inLanguage\":\"es\",\"@id\":\"https:\\\/\\\/iraurgiberritzen.eus\\\/es\\\/#\\\/schema\\\/logo\\\/image\\\/\",\"url\":\"https:\\\/\\\/iraurgiberritzen.eus\\\/wp-content\\\/uploads\\\/2024\\\/02\\\/IRAURGI-BERRITZEN-logotipoa_2.png\",\"contentUrl\":\"https:\\\/\\\/iraurgiberritzen.eus\\\/wp-content\\\/uploads\\\/2024\\\/02\\\/IRAURGI-BERRITZEN-logotipoa_2.png\",\"width\":496,\"height\":190,\"caption\":\"Iraurgi Berritzen\"},\"image\":{\"@id\":\"https:\\\/\\\/iraurgiberritzen.eus\\\/es\\\/#\\\/schema\\\/logo\\\/image\\\/\"}},{\"@type\":\"Person\",\"@id\":\"https:\\\/\\\/iraurgiberritzen.eus\\\/es\\\/#\\\/schema\\\/person\\\/5ab41aaf388a9097177601ebf45738d2\",\"name\":\"kudeatzailea\",\"sameAs\":[\"https:\\\/\\\/iraurgiberritzen.eus\"]}]}<\/script>\n<!-- \/ Yoast SEO plugin. -->","yoast_head_json":{"title":"Los comerciantes de Azpeitia, Azkoitia y Zestoa juntos, agradeciendo el consumo en la localidad - Iraurgi Berritzen","robots":{"index":"index","follow":"follow","max-snippet":"max-snippet:-1","max-image-preview":"max-image-preview:large","max-video-preview":"max-video-preview:-1"},"canonical":"https:\/\/iraurgiberritzen.eus\/es\/los-comerciantes-de-azpeitia-azkoitia-y-zestoa-juntos-agradeciendo-el-consumo-en-la-localidad\/","og_locale":"es_ES","og_type":"article","og_title":"Los comerciantes de Azpeitia, Azkoitia y Zestoa juntos, agradeciendo el consumo en la localidad - Iraurgi Berritzen","og_description":"Dentro de la campa\u00f1a surgida en colaboraci\u00f3n entre comerciantes de la comarca, se sortear\u00e1n 200 carros de compra entre los clientes que realicen sus compras en los comercios de las Asociaciaciones Bertan, Herrixen y Zestoa Zuretzat. El grupo de trabajo conocido como la Mesa de Comercio de Urola Erdia lo conforman: los Ayuntamientos de Azpeitia, [&hellip;]","og_url":"https:\/\/iraurgiberritzen.eus\/es\/los-comerciantes-de-azpeitia-azkoitia-y-zestoa-juntos-agradeciendo-el-consumo-en-la-localidad\/","og_site_name":"Iraurgi Berritzen","article_published_time":"2020-06-12T08:41:06+00:00","author":"kudeatzailea","twitter_card":"summary_large_image","twitter_misc":{"Escrito por":"kudeatzailea","Tiempo de lectura":"2 minutos"},"schema":{"@context":"https:\/\/schema.org","@graph":[{"@type":"Article","@id":"https:\/\/iraurgiberritzen.eus\/es\/los-comerciantes-de-azpeitia-azkoitia-y-zestoa-juntos-agradeciendo-el-consumo-en-la-localidad\/#article","isPartOf":{"@id":"https:\/\/iraurgiberritzen.eus\/es\/los-comerciantes-de-azpeitia-azkoitia-y-zestoa-juntos-agradeciendo-el-consumo-en-la-localidad\/"},"author":{"name":"kudeatzailea","@id":"https:\/\/iraurgiberritzen.eus\/es\/#\/schema\/person\/5ab41aaf388a9097177601ebf45738d2"},"headline":"Los comerciantes de Azpeitia, Azkoitia y Zestoa juntos, agradeciendo el consumo en la localidad","datePublished":"2020-06-12T08:41:06+00:00","mainEntityOfPage":{"@id":"https:\/\/iraurgiberritzen.eus\/es\/los-comerciantes-de-azpeitia-azkoitia-y-zestoa-juntos-agradeciendo-el-consumo-en-la-localidad\/"},"wordCount":459,"publisher":{"@id":"https:\/\/iraurgiberritzen.eus\/es\/#organization"},"image":{"@id":"https:\/\/iraurgiberritzen.eus\/es\/los-comerciantes-de-azpeitia-azkoitia-y-zestoa-juntos-agradeciendo-el-consumo-en-la-localidad\/#primaryimage"},"thumbnailUrl":"https:\/\/iraurgiberritzen.eus\/wp-content\/uploads\/2023\/09\/daaafcf8e134c30f448bb4ca14d1f6c4.jpg","articleSection":["Noticias"],"inLanguage":"es"},{"@type":"WebPage","@id":"https:\/\/iraurgiberritzen.eus\/es\/los-comerciantes-de-azpeitia-azkoitia-y-zestoa-juntos-agradeciendo-el-consumo-en-la-localidad\/","url":"https:\/\/iraurgiberritzen.eus\/es\/los-comerciantes-de-azpeitia-azkoitia-y-zestoa-juntos-agradeciendo-el-consumo-en-la-localidad\/","name":"Los comerciantes de Azpeitia, Azkoitia y Zestoa juntos, agradeciendo el consumo en la localidad - Iraurgi Berritzen","isPartOf":{"@id":"https:\/\/iraurgiberritzen.eus\/es\/#website"},"primaryImageOfPage":{"@id":"https:\/\/iraurgiberritzen.eus\/es\/los-comerciantes-de-azpeitia-azkoitia-y-zestoa-juntos-agradeciendo-el-consumo-en-la-localidad\/#primaryimage"},"image":{"@id":"https:\/\/iraurgiberritzen.eus\/es\/los-comerciantes-de-azpeitia-azkoitia-y-zestoa-juntos-agradeciendo-el-consumo-en-la-localidad\/#primaryimage"},"thumbnailUrl":"https:\/\/iraurgiberritzen.eus\/wp-content\/uploads\/2023\/09\/daaafcf8e134c30f448bb4ca14d1f6c4.jpg","datePublished":"2020-06-12T08:41:06+00:00","breadcrumb":{"@id":"https:\/\/iraurgiberritzen.eus\/es\/los-comerciantes-de-azpeitia-azkoitia-y-zestoa-juntos-agradeciendo-el-consumo-en-la-localidad\/#breadcrumb"},"inLanguage":"es","potentialAction":[{"@type":"ReadAction","target":["https:\/\/iraurgiberritzen.eus\/es\/los-comerciantes-de-azpeitia-azkoitia-y-zestoa-juntos-agradeciendo-el-consumo-en-la-localidad\/"]}]},{"@type":"ImageObject","inLanguage":"es","@id":"https:\/\/iraurgiberritzen.eus\/es\/los-comerciantes-de-azpeitia-azkoitia-y-zestoa-juntos-agradeciendo-el-consumo-en-la-localidad\/#primaryimage","url":"https:\/\/iraurgiberritzen.eus\/wp-content\/uploads\/2023\/09\/daaafcf8e134c30f448bb4ca14d1f6c4.jpg","contentUrl":"https:\/\/iraurgiberritzen.eus\/wp-content\/uploads\/2023\/09\/daaafcf8e134c30f448bb4ca14d1f6c4.jpg","width":600,"height":386},{"@type":"BreadcrumbList","@id":"https:\/\/iraurgiberritzen.eus\/es\/los-comerciantes-de-azpeitia-azkoitia-y-zestoa-juntos-agradeciendo-el-consumo-en-la-localidad\/#breadcrumb","itemListElement":[{"@type":"ListItem","position":1,"name":"Home","item":"https:\/\/iraurgiberritzen.eus\/es\/"},{"@type":"ListItem","position":2,"name":"Los comerciantes de Azpeitia, Azkoitia y Zestoa juntos, agradeciendo el consumo en la localidad"}]},{"@type":"WebSite","@id":"https:\/\/iraurgiberritzen.eus\/es\/#website","url":"https:\/\/iraurgiberritzen.eus\/es\/","name":"Iraurgi Berritzen","description":"Urola Erdiko Garapen Agentzia","publisher":{"@id":"https:\/\/iraurgiberritzen.eus\/es\/#organization"},"potentialAction":[{"@type":"SearchAction","target":{"@type":"EntryPoint","urlTemplate":"https:\/\/iraurgiberritzen.eus\/es\/?s={search_term_string}"},"query-input":{"@type":"PropertyValueSpecification","valueRequired":true,"valueName":"search_term_string"}}],"inLanguage":"es"},{"@type":"Organization","@id":"https:\/\/iraurgiberritzen.eus\/es\/#organization","name":"Iraurgi Berritzen","url":"https:\/\/iraurgiberritzen.eus\/es\/","logo":{"@type":"ImageObject","inLanguage":"es","@id":"https:\/\/iraurgiberritzen.eus\/es\/#\/schema\/logo\/image\/","url":"https:\/\/iraurgiberritzen.eus\/wp-content\/uploads\/2024\/02\/IRAURGI-BERRITZEN-logotipoa_2.png","contentUrl":"https:\/\/iraurgiberritzen.eus\/wp-content\/uploads\/2024\/02\/IRAURGI-BERRITZEN-logotipoa_2.png","width":496,"height":190,"caption":"Iraurgi Berritzen"},"image":{"@id":"https:\/\/iraurgiberritzen.eus\/es\/#\/schema\/logo\/image\/"}},{"@type":"Person","@id":"https:\/\/iraurgiberritzen.eus\/es\/#\/schema\/person\/5ab41aaf388a9097177601ebf45738d2","name":"kudeatzailea","sameAs":["https:\/\/iraurgiberritzen.eus"]}]}},"_links":{"self":[{"href":"https:\/\/iraurgiberritzen.eus\/es\/wp-json\/wp\/v2\/posts\/12897","targetHints":{"allow":["GET"]}}],"collection":[{"href":"https:\/\/iraurgiberritzen.eus\/es\/wp-json\/wp\/v2\/posts"}],"about":[{"href":"https:\/\/iraurgiberritzen.eus\/es\/wp-json\/wp\/v2\/types\/post"}],"author":[{"embeddable":true,"href":"https:\/\/iraurgiberritzen.eus\/es\/wp-json\/wp\/v2\/users\/1"}],"replies":[{"embeddable":true,"href":"https:\/\/iraurgiberritzen.eus\/es\/wp-json\/wp\/v2\/comments?post=12897"}],"version-history":[{"count":0,"href":"https:\/\/iraurgiberritzen.eus\/es\/wp-json\/wp\/v2\/posts\/12897\/revisions"}],"wp:featuredmedia":[{"embeddable":true,"href":"https:\/\/iraurgiberritzen.eus\/es\/wp-json\/wp\/v2\/media\/17714"}],"wp:attachment":[{"href":"https:\/\/iraurgiberritzen.eus\/es\/wp-json\/wp\/v2\/media?parent=12897"}],"wp:term":[{"taxonomy":"category","embeddable":true,"href":"https:\/\/iraurgiberritzen.eus\/es\/wp-json\/wp\/v2\/categories?post=12897"},{"taxonomy":"post_tag","embeddable":true,"href":"https:\/\/iraurgiberritzen.eus\/es\/wp-json\/wp\/v2\/tags?post=12897"}],"curies":[{"name":"wp","href":"https:\/\/api.w.org\/{rel}","templated":true}]}}