{"id":12900,"date":"2020-06-18T12:53:48","date_gmt":"2020-06-18T10:53:48","guid":{"rendered":"https:\/\/iraurgiberritzen.eus\/analisis-de-la-situacion-de-la-industria-de-urola-erdia-en-el-contexto-del-covid-19\/"},"modified":"2020-06-18T12:53:48","modified_gmt":"2020-06-18T10:53:48","slug":"analisis-de-la-situacion-de-la-industria-de-urola-erdia-en-el-contexto-del-covid-19","status":"publish","type":"post","link":"https:\/\/iraurgiberritzen.eus\/es\/analisis-de-la-situacion-de-la-industria-de-urola-erdia-en-el-contexto-del-covid-19\/","title":{"rendered":"An\u00e1lisis de la situaci\u00f3n de la Industria de Urola Erdia en el contexto del Covid 19"},"content":{"rendered":"<p style=\"text-align: justify;\">Desde el inicio de la situaci\u00f3n de crisis creada por Covid-19, Iraurgi Berritzen est\u00e1 realizando un seguimiento detallado del impacto que est\u00e1 teniendo sobre las empresas industriales de Urola Erdia.<\/p>\n<p style=\"text-align: justify;\">Entre el 18 de mayo y el 8 de junio, a trav\u00e9s de un cuestionario enviado a 163 empresas industriales, ha realizado un <strong>an\u00e1lisis de la situaci\u00f3n de la industria <\/strong>en la comarca.<\/p>\n<p style=\"text-align: justify;\">El n\u00famero de respuestas recibidas por parte de las empresas representa en torno al 65% del empleo que genera la industria en la comarca, por lo que al ser dos tercios del empleo que genera la industria, los resultados obtenidos pueden considerarse significativos.<\/p>\n<p style=\"text-align: justify;\">Del cuestionario se pueden destacar los siguientes datos:<\/p>\n<ul>\n<li style=\"text-align: justify;\"><span style=\"text-decoration: underline;\"><strong>En cuanto al impacto sufrido en la actividad hasta ahora<\/strong><\/span>, el 87,3% de las empresas muestran una disminuci\u00f3n de pedidos frente al 58,7% que se\u00f1alan una disminuci\u00f3n de la producci\u00f3n. El 31,7% de las empresas se\u00f1alan la necesidad de adecuar las inversiones. El 78% de las empresas ha sufrido una reducci\u00f3n en sus ventas. En cuanto a las medidas que se est\u00e1n adoptando en el \u00e1mbito de la organizaci\u00f3n de la actividad, se est\u00e1 aplicando el teletrabajo en diferentes niveles en un 79,4% de las empresas, reorganizaci\u00f3n de turnos de trabajo en un 57% de las empresas y medidas de conciliaci\u00f3n extraordinarias en un 46% de las empresas. Por su parte, el 32% de las empresas afirma haber aplicado ERTE&#8217;s (Expedientes de Regulaci\u00f3n Temporal de Empleo) de diferentes caracter\u00edsticas.<\/li>\n<li style=\"text-align: justify;\">En cuanto a <span style=\"text-decoration: underline;\"><strong>previsiones futuras<\/strong><\/span>, el 47% de las empresas cree que su actividad se ver\u00e1 afectada. Seg\u00fan las respuestas de las empresas, el 84,1% de las empresas prev\u00e9n reducciones de pedidos, el 65,1% prev\u00e9 una disminuci\u00f3n de la producci\u00f3n, el 49,2% afirma la necesidad de adecuar inversiones, mientras que el 54% prev\u00e9 tensiones de tesorer\u00eda. Al finalizar esta crisis, entre las medidas que tienen previsto adoptar figuran la redefinici\u00f3n de la estrategia a largo plazo (49,2%), la diversificaci\u00f3n de la actividad empresarial (50%), el avance en la digitalizaci\u00f3n (43%) y el impulso del teletrabajo (20%).<\/li>\n<\/ul>\n<p style=\"text-align: justify;\">Por otro lado, Iraurgi Berritzen ha realizado un seguimiento de los diferentes indicadores para analizar la situaci\u00f3n socioecon\u00f3mica de la comarca.<strong> En cuanto al paro, comienza a notarse una tendencia al alza<\/strong>. En mayo de 2020, el \u00edndice de paro comarcal se sit\u00faa en el 9,8%, con un 8,1% en hombres y un 11,9% en mujeres. En los \u00faltimos tres meses, entre febrero y mayo, el n\u00famero de parados en Urola Erdia ha crecido en 277 ciudadanos, hasta llegar a un total de 1.544.<\/p>\n<p style=\"text-align: justify;\">En cuanto a la destrucci\u00f3n del empleo, la evoluci\u00f3n del n\u00famero de afiliados ha descendido respecto a mayo de 2019 (-1,7%). El descenso que se ha dado en los \u00faltimos tres meses se ha dado sobre todo en la construcci\u00f3n y en el sector servicios, especialmente en comercio y hosteler\u00eda.<\/p>\n<p style=\"text-align: justify;\">En cuanto a las Expedientes de Regulaci\u00f3n Temporal de Empleo (ERTE) contabilizadas en la comarca en los \u00faltimos meses, se han realizado 389 solicitudes correspondientes al sector Servicios, suponiendo el 77,9% del total. Mientras tanto, la Industria ha supuesto el 22,7% de las solicitudes. Estas solicitudes han afectado a 2.478 trabajadores entre el 16 de marzo y el 18 de mayo, donde el 82,8% de todos los expedientes registrados han sido destinados a la suspensi\u00f3n de la actividad.<\/p>\n","protected":false},"excerpt":{"rendered":"<p>Desde el inicio de la situaci\u00f3n de crisis creada por Covid-19, Iraurgi Berritzen est\u00e1 realizando un seguimiento detallado del impacto que est\u00e1 teniendo sobre las empresas industriales de Urola Erdia. Entre el 18 de mayo y el 8 de junio, a trav\u00e9s de un cuestionario enviado a 163 empresas industriales, ha realizado un an\u00e1lisis de [&hellip;]<\/p>\n","protected":false},"author":1,"featured_media":17715,"comment_status":"","ping_status":"closed","sticky":false,"template":"","format":"standard","meta":{"_acf_changed":false,"footnotes":""},"categories":[4],"tags":[],"class_list":["post-12900","post","type-post","status-publish","format-standard","has-post-thumbnail","hentry","category-noticias"],"acf":[],"yoast_head":"<!-- This site is optimized with the Yoast SEO plugin v27.4 - https:\/\/yoast.com\/product\/yoast-seo-wordpress\/ -->\n<title>An\u00e1lisis de la situaci\u00f3n de la Industria de Urola Erdia en el contexto del Covid 19 - Iraurgi Berritzen<\/title>\n<meta name=\"robots\" content=\"index, follow, max-snippet:-1, max-image-preview:large, max-video-preview:-1\" \/>\n<link rel=\"canonical\" href=\"https:\/\/iraurgiberritzen.eus\/es\/analisis-de-la-situacion-de-la-industria-de-urola-erdia-en-el-contexto-del-covid-19\/\" \/>\n<meta property=\"og:locale\" content=\"es_ES\" \/>\n<meta property=\"og:type\" content=\"article\" \/>\n<meta property=\"og:title\" content=\"An\u00e1lisis de la situaci\u00f3n de la Industria de Urola Erdia en el contexto del Covid 19 - Iraurgi Berritzen\" \/>\n<meta property=\"og:description\" content=\"Desde el inicio de la situaci\u00f3n de crisis creada por Covid-19, Iraurgi Berritzen est\u00e1 realizando un seguimiento detallado del impacto que est\u00e1 teniendo sobre las empresas industriales de Urola Erdia. Entre el 18 de mayo y el 8 de junio, a trav\u00e9s de un cuestionario enviado a 163 empresas industriales, ha realizado un an\u00e1lisis de [&hellip;]\" \/>\n<meta property=\"og:url\" content=\"https:\/\/iraurgiberritzen.eus\/es\/analisis-de-la-situacion-de-la-industria-de-urola-erdia-en-el-contexto-del-covid-19\/\" \/>\n<meta property=\"og:site_name\" content=\"Iraurgi Berritzen\" \/>\n<meta property=\"article:published_time\" content=\"2020-06-18T10:53:48+00:00\" \/>\n<meta name=\"author\" content=\"kudeatzailea\" \/>\n<meta name=\"twitter:card\" content=\"summary_large_image\" \/>\n<meta name=\"twitter:label1\" content=\"Escrito por\" \/>\n\t<meta name=\"twitter:data1\" content=\"kudeatzailea\" \/>\n\t<meta name=\"twitter:label2\" content=\"Tiempo de lectura\" \/>\n\t<meta name=\"twitter:data2\" content=\"3 minutos\" \/>\n<script type=\"application\/ld+json\" class=\"yoast-schema-graph\">{\"@context\":\"https:\\\/\\\/schema.org\",\"@graph\":[{\"@type\":\"Article\",\"@id\":\"https:\\\/\\\/iraurgiberritzen.eus\\\/es\\\/analisis-de-la-situacion-de-la-industria-de-urola-erdia-en-el-contexto-del-covid-19\\\/#article\",\"isPartOf\":{\"@id\":\"https:\\\/\\\/iraurgiberritzen.eus\\\/es\\\/analisis-de-la-situacion-de-la-industria-de-urola-erdia-en-el-contexto-del-covid-19\\\/\"},\"author\":{\"name\":\"kudeatzailea\",\"@id\":\"https:\\\/\\\/iraurgiberritzen.eus\\\/es\\\/#\\\/schema\\\/person\\\/5ab41aaf388a9097177601ebf45738d2\"},\"headline\":\"An\u00e1lisis de la situaci\u00f3n de la Industria de Urola Erdia en el contexto del Covid 19\",\"datePublished\":\"2020-06-18T10:53:48+00:00\",\"mainEntityOfPage\":{\"@id\":\"https:\\\/\\\/iraurgiberritzen.eus\\\/es\\\/analisis-de-la-situacion-de-la-industria-de-urola-erdia-en-el-contexto-del-covid-19\\\/\"},\"wordCount\":570,\"publisher\":{\"@id\":\"https:\\\/\\\/iraurgiberritzen.eus\\\/es\\\/#organization\"},\"image\":{\"@id\":\"https:\\\/\\\/iraurgiberritzen.eus\\\/es\\\/analisis-de-la-situacion-de-la-industria-de-urola-erdia-en-el-contexto-del-covid-19\\\/#primaryimage\"},\"thumbnailUrl\":\"https:\\\/\\\/iraurgiberritzen.eus\\\/wp-content\\\/uploads\\\/2023\\\/09\\\/e8b2abdaaba787535adb9b019745b649.jpg\",\"articleSection\":[\"Noticias\"],\"inLanguage\":\"es\"},{\"@type\":\"WebPage\",\"@id\":\"https:\\\/\\\/iraurgiberritzen.eus\\\/es\\\/analisis-de-la-situacion-de-la-industria-de-urola-erdia-en-el-contexto-del-covid-19\\\/\",\"url\":\"https:\\\/\\\/iraurgiberritzen.eus\\\/es\\\/analisis-de-la-situacion-de-la-industria-de-urola-erdia-en-el-contexto-del-covid-19\\\/\",\"name\":\"An\u00e1lisis de la situaci\u00f3n de la Industria de Urola Erdia en el contexto del Covid 19 - Iraurgi Berritzen\",\"isPartOf\":{\"@id\":\"https:\\\/\\\/iraurgiberritzen.eus\\\/es\\\/#website\"},\"primaryImageOfPage\":{\"@id\":\"https:\\\/\\\/iraurgiberritzen.eus\\\/es\\\/analisis-de-la-situacion-de-la-industria-de-urola-erdia-en-el-contexto-del-covid-19\\\/#primaryimage\"},\"image\":{\"@id\":\"https:\\\/\\\/iraurgiberritzen.eus\\\/es\\\/analisis-de-la-situacion-de-la-industria-de-urola-erdia-en-el-contexto-del-covid-19\\\/#primaryimage\"},\"thumbnailUrl\":\"https:\\\/\\\/iraurgiberritzen.eus\\\/wp-content\\\/uploads\\\/2023\\\/09\\\/e8b2abdaaba787535adb9b019745b649.jpg\",\"datePublished\":\"2020-06-18T10:53:48+00:00\",\"breadcrumb\":{\"@id\":\"https:\\\/\\\/iraurgiberritzen.eus\\\/es\\\/analisis-de-la-situacion-de-la-industria-de-urola-erdia-en-el-contexto-del-covid-19\\\/#breadcrumb\"},\"inLanguage\":\"es\",\"potentialAction\":[{\"@type\":\"ReadAction\",\"target\":[\"https:\\\/\\\/iraurgiberritzen.eus\\\/es\\\/analisis-de-la-situacion-de-la-industria-de-urola-erdia-en-el-contexto-del-covid-19\\\/\"]}]},{\"@type\":\"ImageObject\",\"inLanguage\":\"es\",\"@id\":\"https:\\\/\\\/iraurgiberritzen.eus\\\/es\\\/analisis-de-la-situacion-de-la-industria-de-urola-erdia-en-el-contexto-del-covid-19\\\/#primaryimage\",\"url\":\"https:\\\/\\\/iraurgiberritzen.eus\\\/wp-content\\\/uploads\\\/2023\\\/09\\\/e8b2abdaaba787535adb9b019745b649.jpg\",\"contentUrl\":\"https:\\\/\\\/iraurgiberritzen.eus\\\/wp-content\\\/uploads\\\/2023\\\/09\\\/e8b2abdaaba787535adb9b019745b649.jpg\",\"width\":600,\"height\":386},{\"@type\":\"BreadcrumbList\",\"@id\":\"https:\\\/\\\/iraurgiberritzen.eus\\\/es\\\/analisis-de-la-situacion-de-la-industria-de-urola-erdia-en-el-contexto-del-covid-19\\\/#breadcrumb\",\"itemListElement\":[{\"@type\":\"ListItem\",\"position\":1,\"name\":\"Home\",\"item\":\"https:\\\/\\\/iraurgiberritzen.eus\\\/es\\\/\"},{\"@type\":\"ListItem\",\"position\":2,\"name\":\"An\u00e1lisis de la situaci\u00f3n de la Industria de Urola Erdia en el contexto del Covid 19\"}]},{\"@type\":\"WebSite\",\"@id\":\"https:\\\/\\\/iraurgiberritzen.eus\\\/es\\\/#website\",\"url\":\"https:\\\/\\\/iraurgiberritzen.eus\\\/es\\\/\",\"name\":\"Iraurgi Berritzen\",\"description\":\"Urola Erdiko Garapen Agentzia\",\"publisher\":{\"@id\":\"https:\\\/\\\/iraurgiberritzen.eus\\\/es\\\/#organization\"},\"potentialAction\":[{\"@type\":\"SearchAction\",\"target\":{\"@type\":\"EntryPoint\",\"urlTemplate\":\"https:\\\/\\\/iraurgiberritzen.eus\\\/es\\\/?s={search_term_string}\"},\"query-input\":{\"@type\":\"PropertyValueSpecification\",\"valueRequired\":true,\"valueName\":\"search_term_string\"}}],\"inLanguage\":\"es\"},{\"@type\":\"Organization\",\"@id\":\"https:\\\/\\\/iraurgiberritzen.eus\\\/es\\\/#organization\",\"name\":\"Iraurgi Berritzen\",\"url\":\"https:\\\/\\\/iraurgiberritzen.eus\\\/es\\\/\",\"logo\":{\"@type\":\"ImageObject\",\"inLanguage\":\"es\",\"@id\":\"https:\\\/\\\/iraurgiberritzen.eus\\\/es\\\/#\\\/schema\\\/logo\\\/image\\\/\",\"url\":\"https:\\\/\\\/iraurgiberritzen.eus\\\/wp-content\\\/uploads\\\/2024\\\/02\\\/IRAURGI-BERRITZEN-logotipoa_2.png\",\"contentUrl\":\"https:\\\/\\\/iraurgiberritzen.eus\\\/wp-content\\\/uploads\\\/2024\\\/02\\\/IRAURGI-BERRITZEN-logotipoa_2.png\",\"width\":496,\"height\":190,\"caption\":\"Iraurgi Berritzen\"},\"image\":{\"@id\":\"https:\\\/\\\/iraurgiberritzen.eus\\\/es\\\/#\\\/schema\\\/logo\\\/image\\\/\"}},{\"@type\":\"Person\",\"@id\":\"https:\\\/\\\/iraurgiberritzen.eus\\\/es\\\/#\\\/schema\\\/person\\\/5ab41aaf388a9097177601ebf45738d2\",\"name\":\"kudeatzailea\",\"sameAs\":[\"https:\\\/\\\/iraurgiberritzen.eus\"]}]}<\/script>\n<!-- \/ Yoast SEO plugin. -->","yoast_head_json":{"title":"An\u00e1lisis de la situaci\u00f3n de la Industria de Urola Erdia en el contexto del Covid 19 - Iraurgi Berritzen","robots":{"index":"index","follow":"follow","max-snippet":"max-snippet:-1","max-image-preview":"max-image-preview:large","max-video-preview":"max-video-preview:-1"},"canonical":"https:\/\/iraurgiberritzen.eus\/es\/analisis-de-la-situacion-de-la-industria-de-urola-erdia-en-el-contexto-del-covid-19\/","og_locale":"es_ES","og_type":"article","og_title":"An\u00e1lisis de la situaci\u00f3n de la Industria de Urola Erdia en el contexto del Covid 19 - Iraurgi Berritzen","og_description":"Desde el inicio de la situaci\u00f3n de crisis creada por Covid-19, Iraurgi Berritzen est\u00e1 realizando un seguimiento detallado del impacto que est\u00e1 teniendo sobre las empresas industriales de Urola Erdia. Entre el 18 de mayo y el 8 de junio, a trav\u00e9s de un cuestionario enviado a 163 empresas industriales, ha realizado un an\u00e1lisis de [&hellip;]","og_url":"https:\/\/iraurgiberritzen.eus\/es\/analisis-de-la-situacion-de-la-industria-de-urola-erdia-en-el-contexto-del-covid-19\/","og_site_name":"Iraurgi Berritzen","article_published_time":"2020-06-18T10:53:48+00:00","author":"kudeatzailea","twitter_card":"summary_large_image","twitter_misc":{"Escrito por":"kudeatzailea","Tiempo de lectura":"3 minutos"},"schema":{"@context":"https:\/\/schema.org","@graph":[{"@type":"Article","@id":"https:\/\/iraurgiberritzen.eus\/es\/analisis-de-la-situacion-de-la-industria-de-urola-erdia-en-el-contexto-del-covid-19\/#article","isPartOf":{"@id":"https:\/\/iraurgiberritzen.eus\/es\/analisis-de-la-situacion-de-la-industria-de-urola-erdia-en-el-contexto-del-covid-19\/"},"author":{"name":"kudeatzailea","@id":"https:\/\/iraurgiberritzen.eus\/es\/#\/schema\/person\/5ab41aaf388a9097177601ebf45738d2"},"headline":"An\u00e1lisis de la situaci\u00f3n de la Industria de Urola Erdia en el contexto del Covid 19","datePublished":"2020-06-18T10:53:48+00:00","mainEntityOfPage":{"@id":"https:\/\/iraurgiberritzen.eus\/es\/analisis-de-la-situacion-de-la-industria-de-urola-erdia-en-el-contexto-del-covid-19\/"},"wordCount":570,"publisher":{"@id":"https:\/\/iraurgiberritzen.eus\/es\/#organization"},"image":{"@id":"https:\/\/iraurgiberritzen.eus\/es\/analisis-de-la-situacion-de-la-industria-de-urola-erdia-en-el-contexto-del-covid-19\/#primaryimage"},"thumbnailUrl":"https:\/\/iraurgiberritzen.eus\/wp-content\/uploads\/2023\/09\/e8b2abdaaba787535adb9b019745b649.jpg","articleSection":["Noticias"],"inLanguage":"es"},{"@type":"WebPage","@id":"https:\/\/iraurgiberritzen.eus\/es\/analisis-de-la-situacion-de-la-industria-de-urola-erdia-en-el-contexto-del-covid-19\/","url":"https:\/\/iraurgiberritzen.eus\/es\/analisis-de-la-situacion-de-la-industria-de-urola-erdia-en-el-contexto-del-covid-19\/","name":"An\u00e1lisis de la situaci\u00f3n de la Industria de Urola Erdia en el contexto del Covid 19 - Iraurgi Berritzen","isPartOf":{"@id":"https:\/\/iraurgiberritzen.eus\/es\/#website"},"primaryImageOfPage":{"@id":"https:\/\/iraurgiberritzen.eus\/es\/analisis-de-la-situacion-de-la-industria-de-urola-erdia-en-el-contexto-del-covid-19\/#primaryimage"},"image":{"@id":"https:\/\/iraurgiberritzen.eus\/es\/analisis-de-la-situacion-de-la-industria-de-urola-erdia-en-el-contexto-del-covid-19\/#primaryimage"},"thumbnailUrl":"https:\/\/iraurgiberritzen.eus\/wp-content\/uploads\/2023\/09\/e8b2abdaaba787535adb9b019745b649.jpg","datePublished":"2020-06-18T10:53:48+00:00","breadcrumb":{"@id":"https:\/\/iraurgiberritzen.eus\/es\/analisis-de-la-situacion-de-la-industria-de-urola-erdia-en-el-contexto-del-covid-19\/#breadcrumb"},"inLanguage":"es","potentialAction":[{"@type":"ReadAction","target":["https:\/\/iraurgiberritzen.eus\/es\/analisis-de-la-situacion-de-la-industria-de-urola-erdia-en-el-contexto-del-covid-19\/"]}]},{"@type":"ImageObject","inLanguage":"es","@id":"https:\/\/iraurgiberritzen.eus\/es\/analisis-de-la-situacion-de-la-industria-de-urola-erdia-en-el-contexto-del-covid-19\/#primaryimage","url":"https:\/\/iraurgiberritzen.eus\/wp-content\/uploads\/2023\/09\/e8b2abdaaba787535adb9b019745b649.jpg","contentUrl":"https:\/\/iraurgiberritzen.eus\/wp-content\/uploads\/2023\/09\/e8b2abdaaba787535adb9b019745b649.jpg","width":600,"height":386},{"@type":"BreadcrumbList","@id":"https:\/\/iraurgiberritzen.eus\/es\/analisis-de-la-situacion-de-la-industria-de-urola-erdia-en-el-contexto-del-covid-19\/#breadcrumb","itemListElement":[{"@type":"ListItem","position":1,"name":"Home","item":"https:\/\/iraurgiberritzen.eus\/es\/"},{"@type":"ListItem","position":2,"name":"An\u00e1lisis de la situaci\u00f3n de la Industria de Urola Erdia en el contexto del Covid 19"}]},{"@type":"WebSite","@id":"https:\/\/iraurgiberritzen.eus\/es\/#website","url":"https:\/\/iraurgiberritzen.eus\/es\/","name":"Iraurgi Berritzen","description":"Urola Erdiko Garapen Agentzia","publisher":{"@id":"https:\/\/iraurgiberritzen.eus\/es\/#organization"},"potentialAction":[{"@type":"SearchAction","target":{"@type":"EntryPoint","urlTemplate":"https:\/\/iraurgiberritzen.eus\/es\/?s={search_term_string}"},"query-input":{"@type":"PropertyValueSpecification","valueRequired":true,"valueName":"search_term_string"}}],"inLanguage":"es"},{"@type":"Organization","@id":"https:\/\/iraurgiberritzen.eus\/es\/#organization","name":"Iraurgi Berritzen","url":"https:\/\/iraurgiberritzen.eus\/es\/","logo":{"@type":"ImageObject","inLanguage":"es","@id":"https:\/\/iraurgiberritzen.eus\/es\/#\/schema\/logo\/image\/","url":"https:\/\/iraurgiberritzen.eus\/wp-content\/uploads\/2024\/02\/IRAURGI-BERRITZEN-logotipoa_2.png","contentUrl":"https:\/\/iraurgiberritzen.eus\/wp-content\/uploads\/2024\/02\/IRAURGI-BERRITZEN-logotipoa_2.png","width":496,"height":190,"caption":"Iraurgi Berritzen"},"image":{"@id":"https:\/\/iraurgiberritzen.eus\/es\/#\/schema\/logo\/image\/"}},{"@type":"Person","@id":"https:\/\/iraurgiberritzen.eus\/es\/#\/schema\/person\/5ab41aaf388a9097177601ebf45738d2","name":"kudeatzailea","sameAs":["https:\/\/iraurgiberritzen.eus"]}]}},"_links":{"self":[{"href":"https:\/\/iraurgiberritzen.eus\/es\/wp-json\/wp\/v2\/posts\/12900","targetHints":{"allow":["GET"]}}],"collection":[{"href":"https:\/\/iraurgiberritzen.eus\/es\/wp-json\/wp\/v2\/posts"}],"about":[{"href":"https:\/\/iraurgiberritzen.eus\/es\/wp-json\/wp\/v2\/types\/post"}],"author":[{"embeddable":true,"href":"https:\/\/iraurgiberritzen.eus\/es\/wp-json\/wp\/v2\/users\/1"}],"replies":[{"embeddable":true,"href":"https:\/\/iraurgiberritzen.eus\/es\/wp-json\/wp\/v2\/comments?post=12900"}],"version-history":[{"count":0,"href":"https:\/\/iraurgiberritzen.eus\/es\/wp-json\/wp\/v2\/posts\/12900\/revisions"}],"wp:featuredmedia":[{"embeddable":true,"href":"https:\/\/iraurgiberritzen.eus\/es\/wp-json\/wp\/v2\/media\/17715"}],"wp:attachment":[{"href":"https:\/\/iraurgiberritzen.eus\/es\/wp-json\/wp\/v2\/media?parent=12900"}],"wp:term":[{"taxonomy":"category","embeddable":true,"href":"https:\/\/iraurgiberritzen.eus\/es\/wp-json\/wp\/v2\/categories?post=12900"},{"taxonomy":"post_tag","embeddable":true,"href":"https:\/\/iraurgiberritzen.eus\/es\/wp-json\/wp\/v2\/tags?post=12900"}],"curies":[{"name":"wp","href":"https:\/\/api.w.org\/{rel}","templated":true}]}}