{"id":12906,"date":"2020-06-23T15:18:10","date_gmt":"2020-06-23T13:18:10","guid":{"rendered":"https:\/\/iraurgiberritzen.eus\/hezkuntza-gunea-celebra-una-reunion-para-compartir-experiencias-y-reflexionar-sobre-retos-futuros\/"},"modified":"2020-06-23T15:18:10","modified_gmt":"2020-06-23T13:18:10","slug":"hezkuntza-gunea-celebra-una-reunion-para-compartir-experiencias-y-reflexionar-sobre-retos-futuros","status":"publish","type":"post","link":"https:\/\/iraurgiberritzen.eus\/es\/hezkuntza-gunea-celebra-una-reunion-para-compartir-experiencias-y-reflexionar-sobre-retos-futuros\/","title":{"rendered":"\u201cHezkuntza Gunea\u201d celebra una reuni\u00f3n para compartir experiencias y reflexionar sobre retos futuros"},"content":{"rendered":"<p style=\"text-align: justify;\">En el marco de la red de agentes de Iraurgi Berritzen, \u00abHezkuntza Gunea\u00bb -espacio de colaboraci\u00f3n de los centros de la comarca a nivel de ESO y bachillerato-, celebr\u00f3 una reuni\u00f3n telem\u00e1tica el 19 de junio, viernes.<\/p>\n<p style=\"text-align: justify;\">La reuni\u00f3n de trabajo pretend\u00eda intercambiar las experiencias vividas en las \u00faltimas semanas y reflexionar sobre distintos retos. Entre otras cuestiones, se habl\u00f3 de la digitalizaci\u00f3n, de los procedimientos de organizaci\u00f3n interna o los canales de comunicaci\u00f3n empleados con los alumnos durante las \u00faltimas semanas.<\/p>\n<p>A su vez, la reuni\u00f3n de trabajo sirvi\u00f3 para hacer un seguimiento de los proyectos y acciones que se han trabajado a lo largo del curso. A principios de \u00e9ste, \u00abHezkuntza Gunea\u00bb prioriz\u00f3 el desarrollo de 4 proyectos de colaboraci\u00f3n: <a href=\"index.php\/es\/hezkuntza-proiektuak\/item\/806-elkarrekin-eraikitzen\" target=\"_blank\" rel=\"noopener\">\u00abElkarrekin Eraikitzen\u00bb<\/a>, <a href=\"index.php\/es\/hezkuntza-proiektuak\/item\/807-proiektugintza-zientzia-eta-teknologia-irakasgaietan\" target=\"_blank\" rel=\"noopener\">\u00abZTIM Urola Erdian\u00bb<\/a>, <a href=\"index.php\/es\/hezkuntza-proiektuak\/item\/808-gerolan\" target=\"_blank\" rel=\"noopener\">\u00abGerolan\u00bb<\/a> e <a href=\"index.php\/es\/hezkuntza-proiektuak\/item\/809-izan-ekintzaile\" target=\"_blank\" rel=\"noopener\">\u00abIzan Ekintzaile!\u00bb<\/a>. Estos proyectos tienen como objetivo dar respuesta a las necesidades comunes de los centros y han sido trabajados en colaboraci\u00f3n por profesores de distintos centros en los \u00faltimos cursos.<\/p>\n<p style=\"text-align: justify;\">Sin embargo, el curso 2019\/20 no ha sido el esperado por la pandemia del Covid-19. Algunas acciones planificadas a inicio del curso han sido supendidas tal y como ha ocurrido por ejemplo con la Feria de Ciencia y Tecnolog\u00eda del Urola Medio. Mientras tanto, otras acciones han sido modificadas y desarrolladas a trav\u00e9s de herramientas digitales debido al estado de excepci\u00f3n.<\/p>\n<p style=\"text-align: justify;\">En lo que respecta al pr\u00f3ximo curso escolar, en Septiembre, se prev\u00e9n realizar distintas reuniones con los comit\u00e9s de direcci\u00f3n de los centros y con diferentes grupos de proyectos para planificar las pr\u00f3ximas acciones a desarrollar. Para ello, se analizar\u00e1 la situaci\u00f3n, se priorizar\u00e1n las l\u00edneas de trabajo y se acordar\u00e1n las adaptaciones necesarias entre los diferentes centros.<\/p>\n<p style=\"text-align: justify;\"><span style=\"text-decoration: underline;\">Estrechar relaciones entre los diferentes centros y agentes de la comarca como prioridad<\/span><\/p>\n<p style=\"text-align: justify;\">Durante el curso 2019\/20 se han realizado acciones para estrechar lazos entre los centros escolares y agentes socioecon\u00f3micos de la comarca e identificar nuevas oportunidades de colaboraci\u00f3n.<\/p>\n<p style=\"text-align: justify;\">De hecho, en los \u00faltimos cursos son varios los agentes que participan en los proyectos de colaboraci\u00f3n y de cara al futuro se considera prioritario seguir consolidando estas relaciones. Entre los agentes socioecon\u00f3micos que han participado en el desarrollo de las diferentes l\u00edneas de trabajo destacan empresas industriales de la comarca, centros de salud, asociaciones comerciales, Urkome -Agencia de Desarrollo Rural de Urola Kosta, diferentes emprendedores o los servicios sociales de distintos municipios.<\/p>\n","protected":false},"excerpt":{"rendered":"<p>En el marco de la red de agentes de Iraurgi Berritzen, \u00abHezkuntza Gunea\u00bb -espacio de colaboraci\u00f3n de los centros de la comarca a nivel de ESO y bachillerato-, celebr\u00f3 una reuni\u00f3n telem\u00e1tica el 19 de junio, viernes. La reuni\u00f3n de trabajo pretend\u00eda intercambiar las experiencias vividas en las \u00faltimas semanas y reflexionar sobre distintos retos. [&hellip;]<\/p>\n","protected":false},"author":1,"featured_media":17717,"comment_status":"","ping_status":"closed","sticky":false,"template":"","format":"standard","meta":{"_acf_changed":false,"footnotes":""},"categories":[4],"tags":[],"class_list":["post-12906","post","type-post","status-publish","format-standard","has-post-thumbnail","hentry","category-noticias"],"acf":[],"yoast_head":"<!-- This site is optimized with the Yoast SEO plugin v27.4 - https:\/\/yoast.com\/product\/yoast-seo-wordpress\/ -->\n<title>\u201cHezkuntza Gunea\u201d celebra una reuni\u00f3n para compartir experiencias y reflexionar sobre retos futuros - Iraurgi Berritzen<\/title>\n<meta name=\"robots\" content=\"index, follow, max-snippet:-1, max-image-preview:large, max-video-preview:-1\" \/>\n<link rel=\"canonical\" href=\"https:\/\/iraurgiberritzen.eus\/es\/hezkuntza-gunea-celebra-una-reunion-para-compartir-experiencias-y-reflexionar-sobre-retos-futuros\/\" \/>\n<meta property=\"og:locale\" content=\"es_ES\" \/>\n<meta property=\"og:type\" content=\"article\" \/>\n<meta property=\"og:title\" content=\"\u201cHezkuntza Gunea\u201d celebra una reuni\u00f3n para compartir experiencias y reflexionar sobre retos futuros - Iraurgi Berritzen\" \/>\n<meta property=\"og:description\" content=\"En el marco de la red de agentes de Iraurgi Berritzen, \u00abHezkuntza Gunea\u00bb -espacio de colaboraci\u00f3n de los centros de la comarca a nivel de ESO y bachillerato-, celebr\u00f3 una reuni\u00f3n telem\u00e1tica el 19 de junio, viernes. La reuni\u00f3n de trabajo pretend\u00eda intercambiar las experiencias vividas en las \u00faltimas semanas y reflexionar sobre distintos retos. [&hellip;]\" \/>\n<meta property=\"og:url\" content=\"https:\/\/iraurgiberritzen.eus\/es\/hezkuntza-gunea-celebra-una-reunion-para-compartir-experiencias-y-reflexionar-sobre-retos-futuros\/\" \/>\n<meta property=\"og:site_name\" content=\"Iraurgi Berritzen\" \/>\n<meta property=\"article:published_time\" content=\"2020-06-23T13:18:10+00:00\" \/>\n<meta name=\"author\" content=\"kudeatzailea\" \/>\n<meta name=\"twitter:card\" content=\"summary_large_image\" \/>\n<meta name=\"twitter:label1\" content=\"Escrito por\" \/>\n\t<meta name=\"twitter:data1\" content=\"kudeatzailea\" \/>\n\t<meta name=\"twitter:label2\" content=\"Tiempo de lectura\" \/>\n\t<meta name=\"twitter:data2\" content=\"2 minutos\" \/>\n<script type=\"application\/ld+json\" class=\"yoast-schema-graph\">{\"@context\":\"https:\\\/\\\/schema.org\",\"@graph\":[{\"@type\":\"Article\",\"@id\":\"https:\\\/\\\/iraurgiberritzen.eus\\\/es\\\/hezkuntza-gunea-celebra-una-reunion-para-compartir-experiencias-y-reflexionar-sobre-retos-futuros\\\/#article\",\"isPartOf\":{\"@id\":\"https:\\\/\\\/iraurgiberritzen.eus\\\/es\\\/hezkuntza-gunea-celebra-una-reunion-para-compartir-experiencias-y-reflexionar-sobre-retos-futuros\\\/\"},\"author\":{\"name\":\"kudeatzailea\",\"@id\":\"https:\\\/\\\/iraurgiberritzen.eus\\\/es\\\/#\\\/schema\\\/person\\\/5ab41aaf388a9097177601ebf45738d2\"},\"headline\":\"\u201cHezkuntza Gunea\u201d celebra una reuni\u00f3n para compartir experiencias y reflexionar sobre retos futuros\",\"datePublished\":\"2020-06-23T13:18:10+00:00\",\"mainEntityOfPage\":{\"@id\":\"https:\\\/\\\/iraurgiberritzen.eus\\\/es\\\/hezkuntza-gunea-celebra-una-reunion-para-compartir-experiencias-y-reflexionar-sobre-retos-futuros\\\/\"},\"wordCount\":430,\"publisher\":{\"@id\":\"https:\\\/\\\/iraurgiberritzen.eus\\\/es\\\/#organization\"},\"image\":{\"@id\":\"https:\\\/\\\/iraurgiberritzen.eus\\\/es\\\/hezkuntza-gunea-celebra-una-reunion-para-compartir-experiencias-y-reflexionar-sobre-retos-futuros\\\/#primaryimage\"},\"thumbnailUrl\":\"https:\\\/\\\/iraurgiberritzen.eus\\\/wp-content\\\/uploads\\\/2023\\\/09\\\/5d9106cd3b26b3ecac196958778c9f70.jpg\",\"articleSection\":[\"Noticias\"],\"inLanguage\":\"es\"},{\"@type\":\"WebPage\",\"@id\":\"https:\\\/\\\/iraurgiberritzen.eus\\\/es\\\/hezkuntza-gunea-celebra-una-reunion-para-compartir-experiencias-y-reflexionar-sobre-retos-futuros\\\/\",\"url\":\"https:\\\/\\\/iraurgiberritzen.eus\\\/es\\\/hezkuntza-gunea-celebra-una-reunion-para-compartir-experiencias-y-reflexionar-sobre-retos-futuros\\\/\",\"name\":\"\u201cHezkuntza Gunea\u201d celebra una reuni\u00f3n para compartir experiencias y reflexionar sobre retos futuros - Iraurgi Berritzen\",\"isPartOf\":{\"@id\":\"https:\\\/\\\/iraurgiberritzen.eus\\\/es\\\/#website\"},\"primaryImageOfPage\":{\"@id\":\"https:\\\/\\\/iraurgiberritzen.eus\\\/es\\\/hezkuntza-gunea-celebra-una-reunion-para-compartir-experiencias-y-reflexionar-sobre-retos-futuros\\\/#primaryimage\"},\"image\":{\"@id\":\"https:\\\/\\\/iraurgiberritzen.eus\\\/es\\\/hezkuntza-gunea-celebra-una-reunion-para-compartir-experiencias-y-reflexionar-sobre-retos-futuros\\\/#primaryimage\"},\"thumbnailUrl\":\"https:\\\/\\\/iraurgiberritzen.eus\\\/wp-content\\\/uploads\\\/2023\\\/09\\\/5d9106cd3b26b3ecac196958778c9f70.jpg\",\"datePublished\":\"2020-06-23T13:18:10+00:00\",\"breadcrumb\":{\"@id\":\"https:\\\/\\\/iraurgiberritzen.eus\\\/es\\\/hezkuntza-gunea-celebra-una-reunion-para-compartir-experiencias-y-reflexionar-sobre-retos-futuros\\\/#breadcrumb\"},\"inLanguage\":\"es\",\"potentialAction\":[{\"@type\":\"ReadAction\",\"target\":[\"https:\\\/\\\/iraurgiberritzen.eus\\\/es\\\/hezkuntza-gunea-celebra-una-reunion-para-compartir-experiencias-y-reflexionar-sobre-retos-futuros\\\/\"]}]},{\"@type\":\"ImageObject\",\"inLanguage\":\"es\",\"@id\":\"https:\\\/\\\/iraurgiberritzen.eus\\\/es\\\/hezkuntza-gunea-celebra-una-reunion-para-compartir-experiencias-y-reflexionar-sobre-retos-futuros\\\/#primaryimage\",\"url\":\"https:\\\/\\\/iraurgiberritzen.eus\\\/wp-content\\\/uploads\\\/2023\\\/09\\\/5d9106cd3b26b3ecac196958778c9f70.jpg\",\"contentUrl\":\"https:\\\/\\\/iraurgiberritzen.eus\\\/wp-content\\\/uploads\\\/2023\\\/09\\\/5d9106cd3b26b3ecac196958778c9f70.jpg\",\"width\":600,\"height\":386},{\"@type\":\"BreadcrumbList\",\"@id\":\"https:\\\/\\\/iraurgiberritzen.eus\\\/es\\\/hezkuntza-gunea-celebra-una-reunion-para-compartir-experiencias-y-reflexionar-sobre-retos-futuros\\\/#breadcrumb\",\"itemListElement\":[{\"@type\":\"ListItem\",\"position\":1,\"name\":\"Home\",\"item\":\"https:\\\/\\\/iraurgiberritzen.eus\\\/es\\\/\"},{\"@type\":\"ListItem\",\"position\":2,\"name\":\"\u201cHezkuntza Gunea\u201d celebra una reuni\u00f3n para compartir experiencias y reflexionar sobre retos futuros\"}]},{\"@type\":\"WebSite\",\"@id\":\"https:\\\/\\\/iraurgiberritzen.eus\\\/es\\\/#website\",\"url\":\"https:\\\/\\\/iraurgiberritzen.eus\\\/es\\\/\",\"name\":\"Iraurgi Berritzen\",\"description\":\"Urola Erdiko Garapen Agentzia\",\"publisher\":{\"@id\":\"https:\\\/\\\/iraurgiberritzen.eus\\\/es\\\/#organization\"},\"potentialAction\":[{\"@type\":\"SearchAction\",\"target\":{\"@type\":\"EntryPoint\",\"urlTemplate\":\"https:\\\/\\\/iraurgiberritzen.eus\\\/es\\\/?s={search_term_string}\"},\"query-input\":{\"@type\":\"PropertyValueSpecification\",\"valueRequired\":true,\"valueName\":\"search_term_string\"}}],\"inLanguage\":\"es\"},{\"@type\":\"Organization\",\"@id\":\"https:\\\/\\\/iraurgiberritzen.eus\\\/es\\\/#organization\",\"name\":\"Iraurgi Berritzen\",\"url\":\"https:\\\/\\\/iraurgiberritzen.eus\\\/es\\\/\",\"logo\":{\"@type\":\"ImageObject\",\"inLanguage\":\"es\",\"@id\":\"https:\\\/\\\/iraurgiberritzen.eus\\\/es\\\/#\\\/schema\\\/logo\\\/image\\\/\",\"url\":\"https:\\\/\\\/iraurgiberritzen.eus\\\/wp-content\\\/uploads\\\/2024\\\/02\\\/IRAURGI-BERRITZEN-logotipoa_2.png\",\"contentUrl\":\"https:\\\/\\\/iraurgiberritzen.eus\\\/wp-content\\\/uploads\\\/2024\\\/02\\\/IRAURGI-BERRITZEN-logotipoa_2.png\",\"width\":496,\"height\":190,\"caption\":\"Iraurgi Berritzen\"},\"image\":{\"@id\":\"https:\\\/\\\/iraurgiberritzen.eus\\\/es\\\/#\\\/schema\\\/logo\\\/image\\\/\"}},{\"@type\":\"Person\",\"@id\":\"https:\\\/\\\/iraurgiberritzen.eus\\\/es\\\/#\\\/schema\\\/person\\\/5ab41aaf388a9097177601ebf45738d2\",\"name\":\"kudeatzailea\",\"sameAs\":[\"https:\\\/\\\/iraurgiberritzen.eus\"]}]}<\/script>\n<!-- \/ Yoast SEO plugin. -->","yoast_head_json":{"title":"\u201cHezkuntza Gunea\u201d celebra una reuni\u00f3n para compartir experiencias y reflexionar sobre retos futuros - Iraurgi Berritzen","robots":{"index":"index","follow":"follow","max-snippet":"max-snippet:-1","max-image-preview":"max-image-preview:large","max-video-preview":"max-video-preview:-1"},"canonical":"https:\/\/iraurgiberritzen.eus\/es\/hezkuntza-gunea-celebra-una-reunion-para-compartir-experiencias-y-reflexionar-sobre-retos-futuros\/","og_locale":"es_ES","og_type":"article","og_title":"\u201cHezkuntza Gunea\u201d celebra una reuni\u00f3n para compartir experiencias y reflexionar sobre retos futuros - Iraurgi Berritzen","og_description":"En el marco de la red de agentes de Iraurgi Berritzen, \u00abHezkuntza Gunea\u00bb -espacio de colaboraci\u00f3n de los centros de la comarca a nivel de ESO y bachillerato-, celebr\u00f3 una reuni\u00f3n telem\u00e1tica el 19 de junio, viernes. La reuni\u00f3n de trabajo pretend\u00eda intercambiar las experiencias vividas en las \u00faltimas semanas y reflexionar sobre distintos retos. [&hellip;]","og_url":"https:\/\/iraurgiberritzen.eus\/es\/hezkuntza-gunea-celebra-una-reunion-para-compartir-experiencias-y-reflexionar-sobre-retos-futuros\/","og_site_name":"Iraurgi Berritzen","article_published_time":"2020-06-23T13:18:10+00:00","author":"kudeatzailea","twitter_card":"summary_large_image","twitter_misc":{"Escrito por":"kudeatzailea","Tiempo de lectura":"2 minutos"},"schema":{"@context":"https:\/\/schema.org","@graph":[{"@type":"Article","@id":"https:\/\/iraurgiberritzen.eus\/es\/hezkuntza-gunea-celebra-una-reunion-para-compartir-experiencias-y-reflexionar-sobre-retos-futuros\/#article","isPartOf":{"@id":"https:\/\/iraurgiberritzen.eus\/es\/hezkuntza-gunea-celebra-una-reunion-para-compartir-experiencias-y-reflexionar-sobre-retos-futuros\/"},"author":{"name":"kudeatzailea","@id":"https:\/\/iraurgiberritzen.eus\/es\/#\/schema\/person\/5ab41aaf388a9097177601ebf45738d2"},"headline":"\u201cHezkuntza Gunea\u201d celebra una reuni\u00f3n para compartir experiencias y reflexionar sobre retos futuros","datePublished":"2020-06-23T13:18:10+00:00","mainEntityOfPage":{"@id":"https:\/\/iraurgiberritzen.eus\/es\/hezkuntza-gunea-celebra-una-reunion-para-compartir-experiencias-y-reflexionar-sobre-retos-futuros\/"},"wordCount":430,"publisher":{"@id":"https:\/\/iraurgiberritzen.eus\/es\/#organization"},"image":{"@id":"https:\/\/iraurgiberritzen.eus\/es\/hezkuntza-gunea-celebra-una-reunion-para-compartir-experiencias-y-reflexionar-sobre-retos-futuros\/#primaryimage"},"thumbnailUrl":"https:\/\/iraurgiberritzen.eus\/wp-content\/uploads\/2023\/09\/5d9106cd3b26b3ecac196958778c9f70.jpg","articleSection":["Noticias"],"inLanguage":"es"},{"@type":"WebPage","@id":"https:\/\/iraurgiberritzen.eus\/es\/hezkuntza-gunea-celebra-una-reunion-para-compartir-experiencias-y-reflexionar-sobre-retos-futuros\/","url":"https:\/\/iraurgiberritzen.eus\/es\/hezkuntza-gunea-celebra-una-reunion-para-compartir-experiencias-y-reflexionar-sobre-retos-futuros\/","name":"\u201cHezkuntza Gunea\u201d celebra una reuni\u00f3n para compartir experiencias y reflexionar sobre retos futuros - Iraurgi Berritzen","isPartOf":{"@id":"https:\/\/iraurgiberritzen.eus\/es\/#website"},"primaryImageOfPage":{"@id":"https:\/\/iraurgiberritzen.eus\/es\/hezkuntza-gunea-celebra-una-reunion-para-compartir-experiencias-y-reflexionar-sobre-retos-futuros\/#primaryimage"},"image":{"@id":"https:\/\/iraurgiberritzen.eus\/es\/hezkuntza-gunea-celebra-una-reunion-para-compartir-experiencias-y-reflexionar-sobre-retos-futuros\/#primaryimage"},"thumbnailUrl":"https:\/\/iraurgiberritzen.eus\/wp-content\/uploads\/2023\/09\/5d9106cd3b26b3ecac196958778c9f70.jpg","datePublished":"2020-06-23T13:18:10+00:00","breadcrumb":{"@id":"https:\/\/iraurgiberritzen.eus\/es\/hezkuntza-gunea-celebra-una-reunion-para-compartir-experiencias-y-reflexionar-sobre-retos-futuros\/#breadcrumb"},"inLanguage":"es","potentialAction":[{"@type":"ReadAction","target":["https:\/\/iraurgiberritzen.eus\/es\/hezkuntza-gunea-celebra-una-reunion-para-compartir-experiencias-y-reflexionar-sobre-retos-futuros\/"]}]},{"@type":"ImageObject","inLanguage":"es","@id":"https:\/\/iraurgiberritzen.eus\/es\/hezkuntza-gunea-celebra-una-reunion-para-compartir-experiencias-y-reflexionar-sobre-retos-futuros\/#primaryimage","url":"https:\/\/iraurgiberritzen.eus\/wp-content\/uploads\/2023\/09\/5d9106cd3b26b3ecac196958778c9f70.jpg","contentUrl":"https:\/\/iraurgiberritzen.eus\/wp-content\/uploads\/2023\/09\/5d9106cd3b26b3ecac196958778c9f70.jpg","width":600,"height":386},{"@type":"BreadcrumbList","@id":"https:\/\/iraurgiberritzen.eus\/es\/hezkuntza-gunea-celebra-una-reunion-para-compartir-experiencias-y-reflexionar-sobre-retos-futuros\/#breadcrumb","itemListElement":[{"@type":"ListItem","position":1,"name":"Home","item":"https:\/\/iraurgiberritzen.eus\/es\/"},{"@type":"ListItem","position":2,"name":"\u201cHezkuntza Gunea\u201d celebra una reuni\u00f3n para compartir experiencias y reflexionar sobre retos futuros"}]},{"@type":"WebSite","@id":"https:\/\/iraurgiberritzen.eus\/es\/#website","url":"https:\/\/iraurgiberritzen.eus\/es\/","name":"Iraurgi Berritzen","description":"Urola Erdiko Garapen Agentzia","publisher":{"@id":"https:\/\/iraurgiberritzen.eus\/es\/#organization"},"potentialAction":[{"@type":"SearchAction","target":{"@type":"EntryPoint","urlTemplate":"https:\/\/iraurgiberritzen.eus\/es\/?s={search_term_string}"},"query-input":{"@type":"PropertyValueSpecification","valueRequired":true,"valueName":"search_term_string"}}],"inLanguage":"es"},{"@type":"Organization","@id":"https:\/\/iraurgiberritzen.eus\/es\/#organization","name":"Iraurgi Berritzen","url":"https:\/\/iraurgiberritzen.eus\/es\/","logo":{"@type":"ImageObject","inLanguage":"es","@id":"https:\/\/iraurgiberritzen.eus\/es\/#\/schema\/logo\/image\/","url":"https:\/\/iraurgiberritzen.eus\/wp-content\/uploads\/2024\/02\/IRAURGI-BERRITZEN-logotipoa_2.png","contentUrl":"https:\/\/iraurgiberritzen.eus\/wp-content\/uploads\/2024\/02\/IRAURGI-BERRITZEN-logotipoa_2.png","width":496,"height":190,"caption":"Iraurgi Berritzen"},"image":{"@id":"https:\/\/iraurgiberritzen.eus\/es\/#\/schema\/logo\/image\/"}},{"@type":"Person","@id":"https:\/\/iraurgiberritzen.eus\/es\/#\/schema\/person\/5ab41aaf388a9097177601ebf45738d2","name":"kudeatzailea","sameAs":["https:\/\/iraurgiberritzen.eus"]}]}},"_links":{"self":[{"href":"https:\/\/iraurgiberritzen.eus\/es\/wp-json\/wp\/v2\/posts\/12906","targetHints":{"allow":["GET"]}}],"collection":[{"href":"https:\/\/iraurgiberritzen.eus\/es\/wp-json\/wp\/v2\/posts"}],"about":[{"href":"https:\/\/iraurgiberritzen.eus\/es\/wp-json\/wp\/v2\/types\/post"}],"author":[{"embeddable":true,"href":"https:\/\/iraurgiberritzen.eus\/es\/wp-json\/wp\/v2\/users\/1"}],"replies":[{"embeddable":true,"href":"https:\/\/iraurgiberritzen.eus\/es\/wp-json\/wp\/v2\/comments?post=12906"}],"version-history":[{"count":0,"href":"https:\/\/iraurgiberritzen.eus\/es\/wp-json\/wp\/v2\/posts\/12906\/revisions"}],"wp:featuredmedia":[{"embeddable":true,"href":"https:\/\/iraurgiberritzen.eus\/es\/wp-json\/wp\/v2\/media\/17717"}],"wp:attachment":[{"href":"https:\/\/iraurgiberritzen.eus\/es\/wp-json\/wp\/v2\/media?parent=12906"}],"wp:term":[{"taxonomy":"category","embeddable":true,"href":"https:\/\/iraurgiberritzen.eus\/es\/wp-json\/wp\/v2\/categories?post=12906"},{"taxonomy":"post_tag","embeddable":true,"href":"https:\/\/iraurgiberritzen.eus\/es\/wp-json\/wp\/v2\/tags?post=12906"}],"curies":[{"name":"wp","href":"https:\/\/api.w.org\/{rel}","templated":true}]}}