{"id":12909,"date":"2020-06-24T06:21:34","date_gmt":"2020-06-24T04:21:34","guid":{"rendered":"https:\/\/iraurgiberritzen.eus\/ya-estan-en-marcha-los-servicios-presenciales-de-los-centros-de-empleo-y-orientacion\/"},"modified":"2020-06-24T06:21:34","modified_gmt":"2020-06-24T04:21:34","slug":"ya-estan-en-marcha-los-servicios-presenciales-de-los-centros-de-empleo-y-orientacion","status":"publish","type":"post","link":"https:\/\/iraurgiberritzen.eus\/es\/ya-estan-en-marcha-los-servicios-presenciales-de-los-centros-de-empleo-y-orientacion\/","title":{"rendered":"Ya est\u00e1n en marcha los servicios presenciales de los Centros de Empleo y Orientaci\u00f3n"},"content":{"rendered":"<p>Iraurgi Berritzen, Agencia de Desarrollo e Innovaci\u00f3n de Urola Erdia, informa de que los servicios presenciales del Centro de Empleo y Orientaci\u00f3n est\u00e1n de nuevo operativos desde del 8 de junio.<\/p>\n<p><strong>El Centro de Empleo<\/strong>, como es habitual, ofrecer\u00e1 gesti\u00f3n y apoyo a las empresas, entidades y usuarios en las siguientes \u00e1reas:<\/p>\n<ul>\n<li>Gesti\u00f3n de ofertas de empleo comarcales y publicaci\u00f3n y difusi\u00f3n en <a href=\"http:\/\/www.urolanprest.eus\">www.urolanprest.eus<\/a><\/li>\n<li>Gesti\u00f3n de candidatos.<\/li>\n<li>Informaci\u00f3n sobre las ofertas de empleo y sobre la inscripci\u00f3n en las mismas.<\/li>\n<li>B\u00fasqueda activa de empleo.<\/li>\n<li>Asesoramiento sobre el uso de las TIC en la b\u00fasqueda activa de empleo.<\/li>\n<\/ul>\n<p>Adem\u00e1s, ofrecer\u00e1 a los usuarios los siguientes servicios:<\/p>\n<ul>\n<li>Tabl\u00f3n de anuncios y p\u00e1gina web con las ofertas de empleo y los servicios de formaci\u00f3n de la comarca: <a href=\"http:\/\/www.urolanprest.eus\">www.urolanprest.eus<\/a><\/li>\n<li>Ordenadores para la b\u00fasqueda de ofertas de empleo.<\/li>\n<\/ul>\n<p><strong>El Servicio de Orientaci\u00f3n<\/strong> continuar\u00e1 ofreciendo asesoramiento personalizado a los\/as usuarios\/as. Orientaci\u00f3n integral adaptada a las necesidades de cada persona, analizando las necesidades de empleo y formaci\u00f3n, siempre con el objetivo de mejorar su empleabilidad.<\/p>\n<p>Tambi\u00e9n ofrecer\u00e1 los siguientes servicios de apoyo personalizado:<\/p>\n<ul>\n<li>Ayuda en la b\u00fasqueda activa de empleo y desarrollo de la trayectoria.<\/li>\n<li>Elaboraci\u00f3n del curr\u00edculum y la carta de presentaci\u00f3n.<\/li>\n<li>An\u00e1lisis de las necesidades formativas.<\/li>\n<li>nformaci\u00f3n sobre la actualidad del mercado de trabajo.<\/li>\n<\/ul>\n<p>Por \u00faltimo, como viene siendo habitual, Iraurgi Berritzen ofrecer\u00e1 el servicio de gesti\u00f3n de los siguientes programas de inserci\u00f3n laboral:<\/p>\n<ul>\n<li>Proyecto Fin de Carrera y gesti\u00f3n de pr\u00e1cticas.<\/li>\n<li>Programa Hazilan.<\/li>\n<li>Bidelan.<\/li>\n<\/ul>\n<p><strong>HORARIOS:<\/strong><\/p>\n<ul>\n<li style=\"text-align: justify;\"><strong>Centro de Empleo:<\/strong><\/li>\n<\/ul>\n<p style=\"text-align: justify;\">Azpeitia: Lunes, mi\u00e9rcoles y viernes 9:00 14:00, 15:00-17:00<br \/>Azkoitia: Martes y jueves 9:00-14:00, 15:00-17:00<\/p>\n<ul>\n<li><strong>Servicio de Orientaci\u00f3n:<\/strong><\/li>\n<\/ul>\n<p>Azpeitia: Martes 12:00-14:00, jueves y viernes 9:00-14:00<br \/>Azkoitia: Martes y mi\u00e9rcoles 9:00-14:00<br \/>Zestoa: Martes 9:15-11:45<\/p>\n","protected":false},"excerpt":{"rendered":"<p>Iraurgi Berritzen, Agencia de Desarrollo e Innovaci\u00f3n de Urola Erdia, informa de que los servicios presenciales del Centro de Empleo y Orientaci\u00f3n est\u00e1n de nuevo operativos desde del 8 de junio. El Centro de Empleo, como es habitual, ofrecer\u00e1 gesti\u00f3n y apoyo a las empresas, entidades y usuarios en las siguientes \u00e1reas: Gesti\u00f3n de ofertas [&hellip;]<\/p>\n","protected":false},"author":1,"featured_media":17718,"comment_status":"","ping_status":"closed","sticky":false,"template":"","format":"standard","meta":{"_acf_changed":false,"footnotes":""},"categories":[4],"tags":[],"class_list":["post-12909","post","type-post","status-publish","format-standard","has-post-thumbnail","hentry","category-noticias"],"acf":[],"yoast_head":"<!-- This site is optimized with the Yoast SEO plugin v27.4 - https:\/\/yoast.com\/product\/yoast-seo-wordpress\/ -->\n<title>Ya est\u00e1n en marcha los servicios presenciales de los Centros de Empleo y Orientaci\u00f3n - Iraurgi Berritzen<\/title>\n<meta name=\"robots\" content=\"index, follow, max-snippet:-1, max-image-preview:large, max-video-preview:-1\" \/>\n<link rel=\"canonical\" href=\"https:\/\/iraurgiberritzen.eus\/es\/ya-estan-en-marcha-los-servicios-presenciales-de-los-centros-de-empleo-y-orientacion\/\" \/>\n<meta property=\"og:locale\" content=\"es_ES\" \/>\n<meta property=\"og:type\" content=\"article\" \/>\n<meta property=\"og:title\" content=\"Ya est\u00e1n en marcha los servicios presenciales de los Centros de Empleo y Orientaci\u00f3n - Iraurgi Berritzen\" \/>\n<meta property=\"og:description\" content=\"Iraurgi Berritzen, Agencia de Desarrollo e Innovaci\u00f3n de Urola Erdia, informa de que los servicios presenciales del Centro de Empleo y Orientaci\u00f3n est\u00e1n de nuevo operativos desde del 8 de junio. El Centro de Empleo, como es habitual, ofrecer\u00e1 gesti\u00f3n y apoyo a las empresas, entidades y usuarios en las siguientes \u00e1reas: Gesti\u00f3n de ofertas [&hellip;]\" \/>\n<meta property=\"og:url\" content=\"https:\/\/iraurgiberritzen.eus\/es\/ya-estan-en-marcha-los-servicios-presenciales-de-los-centros-de-empleo-y-orientacion\/\" \/>\n<meta property=\"og:site_name\" content=\"Iraurgi Berritzen\" \/>\n<meta property=\"article:published_time\" content=\"2020-06-24T04:21:34+00:00\" \/>\n<meta name=\"author\" content=\"kudeatzailea\" \/>\n<meta name=\"twitter:card\" content=\"summary_large_image\" \/>\n<meta name=\"twitter:label1\" content=\"Escrito por\" \/>\n\t<meta name=\"twitter:data1\" content=\"kudeatzailea\" \/>\n\t<meta name=\"twitter:label2\" content=\"Tiempo de lectura\" \/>\n\t<meta name=\"twitter:data2\" content=\"2 minutos\" \/>\n<script type=\"application\/ld+json\" class=\"yoast-schema-graph\">{\"@context\":\"https:\\\/\\\/schema.org\",\"@graph\":[{\"@type\":\"Article\",\"@id\":\"https:\\\/\\\/iraurgiberritzen.eus\\\/es\\\/ya-estan-en-marcha-los-servicios-presenciales-de-los-centros-de-empleo-y-orientacion\\\/#article\",\"isPartOf\":{\"@id\":\"https:\\\/\\\/iraurgiberritzen.eus\\\/es\\\/ya-estan-en-marcha-los-servicios-presenciales-de-los-centros-de-empleo-y-orientacion\\\/\"},\"author\":{\"name\":\"kudeatzailea\",\"@id\":\"https:\\\/\\\/iraurgiberritzen.eus\\\/es\\\/#\\\/schema\\\/person\\\/5ab41aaf388a9097177601ebf45738d2\"},\"headline\":\"Ya est\u00e1n en marcha los servicios presenciales de los Centros de Empleo y Orientaci\u00f3n\",\"datePublished\":\"2020-06-24T04:21:34+00:00\",\"mainEntityOfPage\":{\"@id\":\"https:\\\/\\\/iraurgiberritzen.eus\\\/es\\\/ya-estan-en-marcha-los-servicios-presenciales-de-los-centros-de-empleo-y-orientacion\\\/\"},\"wordCount\":329,\"publisher\":{\"@id\":\"https:\\\/\\\/iraurgiberritzen.eus\\\/es\\\/#organization\"},\"image\":{\"@id\":\"https:\\\/\\\/iraurgiberritzen.eus\\\/es\\\/ya-estan-en-marcha-los-servicios-presenciales-de-los-centros-de-empleo-y-orientacion\\\/#primaryimage\"},\"thumbnailUrl\":\"https:\\\/\\\/iraurgiberritzen.eus\\\/wp-content\\\/uploads\\\/2023\\\/09\\\/1989b63796ddb198c6c6f884b17b0892.jpg\",\"articleSection\":[\"Noticias\"],\"inLanguage\":\"es\"},{\"@type\":\"WebPage\",\"@id\":\"https:\\\/\\\/iraurgiberritzen.eus\\\/es\\\/ya-estan-en-marcha-los-servicios-presenciales-de-los-centros-de-empleo-y-orientacion\\\/\",\"url\":\"https:\\\/\\\/iraurgiberritzen.eus\\\/es\\\/ya-estan-en-marcha-los-servicios-presenciales-de-los-centros-de-empleo-y-orientacion\\\/\",\"name\":\"Ya est\u00e1n en marcha los servicios presenciales de los Centros de Empleo y Orientaci\u00f3n - Iraurgi Berritzen\",\"isPartOf\":{\"@id\":\"https:\\\/\\\/iraurgiberritzen.eus\\\/es\\\/#website\"},\"primaryImageOfPage\":{\"@id\":\"https:\\\/\\\/iraurgiberritzen.eus\\\/es\\\/ya-estan-en-marcha-los-servicios-presenciales-de-los-centros-de-empleo-y-orientacion\\\/#primaryimage\"},\"image\":{\"@id\":\"https:\\\/\\\/iraurgiberritzen.eus\\\/es\\\/ya-estan-en-marcha-los-servicios-presenciales-de-los-centros-de-empleo-y-orientacion\\\/#primaryimage\"},\"thumbnailUrl\":\"https:\\\/\\\/iraurgiberritzen.eus\\\/wp-content\\\/uploads\\\/2023\\\/09\\\/1989b63796ddb198c6c6f884b17b0892.jpg\",\"datePublished\":\"2020-06-24T04:21:34+00:00\",\"breadcrumb\":{\"@id\":\"https:\\\/\\\/iraurgiberritzen.eus\\\/es\\\/ya-estan-en-marcha-los-servicios-presenciales-de-los-centros-de-empleo-y-orientacion\\\/#breadcrumb\"},\"inLanguage\":\"es\",\"potentialAction\":[{\"@type\":\"ReadAction\",\"target\":[\"https:\\\/\\\/iraurgiberritzen.eus\\\/es\\\/ya-estan-en-marcha-los-servicios-presenciales-de-los-centros-de-empleo-y-orientacion\\\/\"]}]},{\"@type\":\"ImageObject\",\"inLanguage\":\"es\",\"@id\":\"https:\\\/\\\/iraurgiberritzen.eus\\\/es\\\/ya-estan-en-marcha-los-servicios-presenciales-de-los-centros-de-empleo-y-orientacion\\\/#primaryimage\",\"url\":\"https:\\\/\\\/iraurgiberritzen.eus\\\/wp-content\\\/uploads\\\/2023\\\/09\\\/1989b63796ddb198c6c6f884b17b0892.jpg\",\"contentUrl\":\"https:\\\/\\\/iraurgiberritzen.eus\\\/wp-content\\\/uploads\\\/2023\\\/09\\\/1989b63796ddb198c6c6f884b17b0892.jpg\",\"width\":600,\"height\":386},{\"@type\":\"BreadcrumbList\",\"@id\":\"https:\\\/\\\/iraurgiberritzen.eus\\\/es\\\/ya-estan-en-marcha-los-servicios-presenciales-de-los-centros-de-empleo-y-orientacion\\\/#breadcrumb\",\"itemListElement\":[{\"@type\":\"ListItem\",\"position\":1,\"name\":\"Home\",\"item\":\"https:\\\/\\\/iraurgiberritzen.eus\\\/es\\\/\"},{\"@type\":\"ListItem\",\"position\":2,\"name\":\"Ya est\u00e1n en marcha los servicios presenciales de los Centros de Empleo y Orientaci\u00f3n\"}]},{\"@type\":\"WebSite\",\"@id\":\"https:\\\/\\\/iraurgiberritzen.eus\\\/es\\\/#website\",\"url\":\"https:\\\/\\\/iraurgiberritzen.eus\\\/es\\\/\",\"name\":\"Iraurgi Berritzen\",\"description\":\"Urola Erdiko Garapen Agentzia\",\"publisher\":{\"@id\":\"https:\\\/\\\/iraurgiberritzen.eus\\\/es\\\/#organization\"},\"potentialAction\":[{\"@type\":\"SearchAction\",\"target\":{\"@type\":\"EntryPoint\",\"urlTemplate\":\"https:\\\/\\\/iraurgiberritzen.eus\\\/es\\\/?s={search_term_string}\"},\"query-input\":{\"@type\":\"PropertyValueSpecification\",\"valueRequired\":true,\"valueName\":\"search_term_string\"}}],\"inLanguage\":\"es\"},{\"@type\":\"Organization\",\"@id\":\"https:\\\/\\\/iraurgiberritzen.eus\\\/es\\\/#organization\",\"name\":\"Iraurgi Berritzen\",\"url\":\"https:\\\/\\\/iraurgiberritzen.eus\\\/es\\\/\",\"logo\":{\"@type\":\"ImageObject\",\"inLanguage\":\"es\",\"@id\":\"https:\\\/\\\/iraurgiberritzen.eus\\\/es\\\/#\\\/schema\\\/logo\\\/image\\\/\",\"url\":\"https:\\\/\\\/iraurgiberritzen.eus\\\/wp-content\\\/uploads\\\/2024\\\/02\\\/IRAURGI-BERRITZEN-logotipoa_2.png\",\"contentUrl\":\"https:\\\/\\\/iraurgiberritzen.eus\\\/wp-content\\\/uploads\\\/2024\\\/02\\\/IRAURGI-BERRITZEN-logotipoa_2.png\",\"width\":496,\"height\":190,\"caption\":\"Iraurgi Berritzen\"},\"image\":{\"@id\":\"https:\\\/\\\/iraurgiberritzen.eus\\\/es\\\/#\\\/schema\\\/logo\\\/image\\\/\"}},{\"@type\":\"Person\",\"@id\":\"https:\\\/\\\/iraurgiberritzen.eus\\\/es\\\/#\\\/schema\\\/person\\\/5ab41aaf388a9097177601ebf45738d2\",\"name\":\"kudeatzailea\",\"sameAs\":[\"https:\\\/\\\/iraurgiberritzen.eus\"]}]}<\/script>\n<!-- \/ Yoast SEO plugin. -->","yoast_head_json":{"title":"Ya est\u00e1n en marcha los servicios presenciales de los Centros de Empleo y Orientaci\u00f3n - Iraurgi Berritzen","robots":{"index":"index","follow":"follow","max-snippet":"max-snippet:-1","max-image-preview":"max-image-preview:large","max-video-preview":"max-video-preview:-1"},"canonical":"https:\/\/iraurgiberritzen.eus\/es\/ya-estan-en-marcha-los-servicios-presenciales-de-los-centros-de-empleo-y-orientacion\/","og_locale":"es_ES","og_type":"article","og_title":"Ya est\u00e1n en marcha los servicios presenciales de los Centros de Empleo y Orientaci\u00f3n - Iraurgi Berritzen","og_description":"Iraurgi Berritzen, Agencia de Desarrollo e Innovaci\u00f3n de Urola Erdia, informa de que los servicios presenciales del Centro de Empleo y Orientaci\u00f3n est\u00e1n de nuevo operativos desde del 8 de junio. El Centro de Empleo, como es habitual, ofrecer\u00e1 gesti\u00f3n y apoyo a las empresas, entidades y usuarios en las siguientes \u00e1reas: Gesti\u00f3n de ofertas [&hellip;]","og_url":"https:\/\/iraurgiberritzen.eus\/es\/ya-estan-en-marcha-los-servicios-presenciales-de-los-centros-de-empleo-y-orientacion\/","og_site_name":"Iraurgi Berritzen","article_published_time":"2020-06-24T04:21:34+00:00","author":"kudeatzailea","twitter_card":"summary_large_image","twitter_misc":{"Escrito por":"kudeatzailea","Tiempo de lectura":"2 minutos"},"schema":{"@context":"https:\/\/schema.org","@graph":[{"@type":"Article","@id":"https:\/\/iraurgiberritzen.eus\/es\/ya-estan-en-marcha-los-servicios-presenciales-de-los-centros-de-empleo-y-orientacion\/#article","isPartOf":{"@id":"https:\/\/iraurgiberritzen.eus\/es\/ya-estan-en-marcha-los-servicios-presenciales-de-los-centros-de-empleo-y-orientacion\/"},"author":{"name":"kudeatzailea","@id":"https:\/\/iraurgiberritzen.eus\/es\/#\/schema\/person\/5ab41aaf388a9097177601ebf45738d2"},"headline":"Ya est\u00e1n en marcha los servicios presenciales de los Centros de Empleo y Orientaci\u00f3n","datePublished":"2020-06-24T04:21:34+00:00","mainEntityOfPage":{"@id":"https:\/\/iraurgiberritzen.eus\/es\/ya-estan-en-marcha-los-servicios-presenciales-de-los-centros-de-empleo-y-orientacion\/"},"wordCount":329,"publisher":{"@id":"https:\/\/iraurgiberritzen.eus\/es\/#organization"},"image":{"@id":"https:\/\/iraurgiberritzen.eus\/es\/ya-estan-en-marcha-los-servicios-presenciales-de-los-centros-de-empleo-y-orientacion\/#primaryimage"},"thumbnailUrl":"https:\/\/iraurgiberritzen.eus\/wp-content\/uploads\/2023\/09\/1989b63796ddb198c6c6f884b17b0892.jpg","articleSection":["Noticias"],"inLanguage":"es"},{"@type":"WebPage","@id":"https:\/\/iraurgiberritzen.eus\/es\/ya-estan-en-marcha-los-servicios-presenciales-de-los-centros-de-empleo-y-orientacion\/","url":"https:\/\/iraurgiberritzen.eus\/es\/ya-estan-en-marcha-los-servicios-presenciales-de-los-centros-de-empleo-y-orientacion\/","name":"Ya est\u00e1n en marcha los servicios presenciales de los Centros de Empleo y Orientaci\u00f3n - Iraurgi Berritzen","isPartOf":{"@id":"https:\/\/iraurgiberritzen.eus\/es\/#website"},"primaryImageOfPage":{"@id":"https:\/\/iraurgiberritzen.eus\/es\/ya-estan-en-marcha-los-servicios-presenciales-de-los-centros-de-empleo-y-orientacion\/#primaryimage"},"image":{"@id":"https:\/\/iraurgiberritzen.eus\/es\/ya-estan-en-marcha-los-servicios-presenciales-de-los-centros-de-empleo-y-orientacion\/#primaryimage"},"thumbnailUrl":"https:\/\/iraurgiberritzen.eus\/wp-content\/uploads\/2023\/09\/1989b63796ddb198c6c6f884b17b0892.jpg","datePublished":"2020-06-24T04:21:34+00:00","breadcrumb":{"@id":"https:\/\/iraurgiberritzen.eus\/es\/ya-estan-en-marcha-los-servicios-presenciales-de-los-centros-de-empleo-y-orientacion\/#breadcrumb"},"inLanguage":"es","potentialAction":[{"@type":"ReadAction","target":["https:\/\/iraurgiberritzen.eus\/es\/ya-estan-en-marcha-los-servicios-presenciales-de-los-centros-de-empleo-y-orientacion\/"]}]},{"@type":"ImageObject","inLanguage":"es","@id":"https:\/\/iraurgiberritzen.eus\/es\/ya-estan-en-marcha-los-servicios-presenciales-de-los-centros-de-empleo-y-orientacion\/#primaryimage","url":"https:\/\/iraurgiberritzen.eus\/wp-content\/uploads\/2023\/09\/1989b63796ddb198c6c6f884b17b0892.jpg","contentUrl":"https:\/\/iraurgiberritzen.eus\/wp-content\/uploads\/2023\/09\/1989b63796ddb198c6c6f884b17b0892.jpg","width":600,"height":386},{"@type":"BreadcrumbList","@id":"https:\/\/iraurgiberritzen.eus\/es\/ya-estan-en-marcha-los-servicios-presenciales-de-los-centros-de-empleo-y-orientacion\/#breadcrumb","itemListElement":[{"@type":"ListItem","position":1,"name":"Home","item":"https:\/\/iraurgiberritzen.eus\/es\/"},{"@type":"ListItem","position":2,"name":"Ya est\u00e1n en marcha los servicios presenciales de los Centros de Empleo y Orientaci\u00f3n"}]},{"@type":"WebSite","@id":"https:\/\/iraurgiberritzen.eus\/es\/#website","url":"https:\/\/iraurgiberritzen.eus\/es\/","name":"Iraurgi Berritzen","description":"Urola Erdiko Garapen Agentzia","publisher":{"@id":"https:\/\/iraurgiberritzen.eus\/es\/#organization"},"potentialAction":[{"@type":"SearchAction","target":{"@type":"EntryPoint","urlTemplate":"https:\/\/iraurgiberritzen.eus\/es\/?s={search_term_string}"},"query-input":{"@type":"PropertyValueSpecification","valueRequired":true,"valueName":"search_term_string"}}],"inLanguage":"es"},{"@type":"Organization","@id":"https:\/\/iraurgiberritzen.eus\/es\/#organization","name":"Iraurgi Berritzen","url":"https:\/\/iraurgiberritzen.eus\/es\/","logo":{"@type":"ImageObject","inLanguage":"es","@id":"https:\/\/iraurgiberritzen.eus\/es\/#\/schema\/logo\/image\/","url":"https:\/\/iraurgiberritzen.eus\/wp-content\/uploads\/2024\/02\/IRAURGI-BERRITZEN-logotipoa_2.png","contentUrl":"https:\/\/iraurgiberritzen.eus\/wp-content\/uploads\/2024\/02\/IRAURGI-BERRITZEN-logotipoa_2.png","width":496,"height":190,"caption":"Iraurgi Berritzen"},"image":{"@id":"https:\/\/iraurgiberritzen.eus\/es\/#\/schema\/logo\/image\/"}},{"@type":"Person","@id":"https:\/\/iraurgiberritzen.eus\/es\/#\/schema\/person\/5ab41aaf388a9097177601ebf45738d2","name":"kudeatzailea","sameAs":["https:\/\/iraurgiberritzen.eus"]}]}},"_links":{"self":[{"href":"https:\/\/iraurgiberritzen.eus\/es\/wp-json\/wp\/v2\/posts\/12909","targetHints":{"allow":["GET"]}}],"collection":[{"href":"https:\/\/iraurgiberritzen.eus\/es\/wp-json\/wp\/v2\/posts"}],"about":[{"href":"https:\/\/iraurgiberritzen.eus\/es\/wp-json\/wp\/v2\/types\/post"}],"author":[{"embeddable":true,"href":"https:\/\/iraurgiberritzen.eus\/es\/wp-json\/wp\/v2\/users\/1"}],"replies":[{"embeddable":true,"href":"https:\/\/iraurgiberritzen.eus\/es\/wp-json\/wp\/v2\/comments?post=12909"}],"version-history":[{"count":0,"href":"https:\/\/iraurgiberritzen.eus\/es\/wp-json\/wp\/v2\/posts\/12909\/revisions"}],"wp:featuredmedia":[{"embeddable":true,"href":"https:\/\/iraurgiberritzen.eus\/es\/wp-json\/wp\/v2\/media\/17718"}],"wp:attachment":[{"href":"https:\/\/iraurgiberritzen.eus\/es\/wp-json\/wp\/v2\/media?parent=12909"}],"wp:term":[{"taxonomy":"category","embeddable":true,"href":"https:\/\/iraurgiberritzen.eus\/es\/wp-json\/wp\/v2\/categories?post=12909"},{"taxonomy":"post_tag","embeddable":true,"href":"https:\/\/iraurgiberritzen.eus\/es\/wp-json\/wp\/v2\/tags?post=12909"}],"curies":[{"name":"wp","href":"https:\/\/api.w.org\/{rel}","templated":true}]}}