{"id":12912,"date":"2020-07-01T10:39:56","date_gmt":"2020-07-01T08:39:56","guid":{"rendered":"https:\/\/iraurgiberritzen.eus\/presentada-la-vuelta-izarraitz-pr-gi-214-nuevo-recurso-de-ocio-para-la-ciudadania-y-atraccion-turistica\/"},"modified":"2020-07-01T10:39:56","modified_gmt":"2020-07-01T08:39:56","slug":"presentada-la-vuelta-izarraitz-pr-gi-214-nuevo-recurso-de-ocio-para-la-ciudadania-y-atraccion-turistica","status":"publish","type":"post","link":"https:\/\/iraurgiberritzen.eus\/es\/presentada-la-vuelta-izarraitz-pr-gi-214-nuevo-recurso-de-ocio-para-la-ciudadania-y-atraccion-turistica\/","title":{"rendered":"Presentada la VUELTA IZARRAITZ PR Gi-214. Nuevo recurso de ocio para la ciudadan\u00eda y atracci\u00f3n tur\u00edstica"},"content":{"rendered":"<p style=\"text-align: justify;\">A las m\u00faltiples posibilidades de ocio y turismo que ofrece el entorno natural de Izarraitz (subidas, escalada, BTT, etc.) se ha a\u00f1adido una ruta homologada y se\u00f1alizada que da la vuelta a toda la sierra a media ladera de monta\u00f1a, con punto de salida opcional en cada uno de los municipios del valle, Azkoitia (Balda Plaza), Azpetia (Izarraizko Atea Parkea) y Zestoa (Portale).<\/p>\n<p style=\"text-align: justify;\">Se puede decir, por tanto, que la<strong> VUELTA IZARRAITZ PR Gi-214<\/strong> la forman por un lado, el recorrido circular que da la vuelta a la sierra hom\u00f3nima a media ladera y, por otro, los tres enlaces que permiten llegar a ella; los de Azkoitia, Azpeitia y Zestoa.<\/p>\n<p style=\"text-align: justify;\">Hoy, 1 de julio, se ha realizado la presentaci\u00f3n de este proyecto en el Parque Izarraizko Atea de Azpeitia, y al tratarse de un <strong>proyecto compartido entre los tres municipios<\/strong>, han asistido al acto de presentaci\u00f3n los alcaldes de las tres localidades. Al tratarse de <strong>un proyecto de visi\u00f3n comarcal<\/strong> que afecta a \u00e1mbitos como el entorno, el ocio y el turismo, se ha desarrollado en el marco del \u00e1rea de Turismo de <strong>Iraurgi Berritzen<\/strong>, entidad responsable de la gesti\u00f3n de los proyectos compartidos de los tres municipios.<\/p>\n<p style=\"text-align: justify;\">Esta iniciativa se enmarca en la estrategia de desarrollo de la oferta tur\u00edstica orientada a distintos segmentos, en concreto y en este caso al turismo natural.<\/p>\n<p style=\"text-align: justify;\">Este recurso nace primero para el uso y disfrute de la ciudadan\u00eda y despu\u00e9s para el uso de todo aquel que quiera realizar actividades en espacios naturales y al aire libre. El objetivo es doble, <strong>ofrecer a la ciudadan\u00eda una alternativa de ocio y al mismo tiempo la atracci\u00f3n tur\u00edstica.<\/strong><\/p>\n<p style=\"text-align: justify;\"><span style=\"text-decoration: underline;\">Datos<\/span><\/p>\n<p style=\"text-align: justify;\">Se\u00f1alizaci\u00f3n integral: paneles informativos de inicio, a lo largo del recorrido flechas direccionales determinando tiempos y distancias, y marcas amarillas y blancas para poder seguir todo el recorrido.<\/p>\n<p>Los de distancia y cartograf\u00eda se pueden encontrar en el&nbsp;<a href=\"images\/iraurgiberritzen\/berriak\/2020\/S001_IZARRAITZ_A3eskuorria_DEF_media.pdf\" target=\"_blank\" rel=\"noopener\">Mapa T\u00e9cnico<\/a>.<\/p>\n<p style=\"text-align: justify;\">Informaci\u00f3n completa de Izarraitz (subidas, rutas, servicios, etc.) en el <a href=\"images\/iraurgiberritzen\/berriak\/2020\/izarraitz_bira_mapa_turistikoa.pdf\" target=\"_blank\" rel=\"noopener\">Mapa tur\u00edstico<\/a>.<\/p>\n<p style=\"text-align: justify;\"><span style=\"text-decoration: underline;\">Turismo sostenible<\/span><\/p>\n<p style=\"text-align: justify;\">El proyecto se ha desarrollado en su conjunto teniendo en cuenta los principales criterios del turismo sostenible:<\/p>\n<ol>\n<li style=\"text-align: justify;\">Cuidado y respeto al medio natural y al medio ambiente: se han utilizado materiales no contaminantes en la se\u00f1al\u00e9tica y diferentes soportes, se han definido y visualizado consejos y \u00f3rdenes de conservaci\u00f3n del medio en diferentes soportes y no se ha realizado ninguna intervenci\u00f3n en el origen del monte o itinerario, adaptandose plenamente a la situaci\u00f3n del monte.<\/li>\n<li style=\"text-align: justify;\">Destino para la ciudadan\u00eda: recurso creado pensando en los ciudadanos. Se cree que lo que gusta y utilizan los ciudadanos de la comarca, tambi\u00e9n debe de gustar a los de fuera.<\/li>\n<li style=\"text-align: justify;\">Lengua y cultura: se ha garantizado y priorizado la presencia del euskera en los soportes de comunicaci\u00f3n y promoci\u00f3n, por ejemplo, la denominaci\u00f3n o marca del producto en euskera, Izarraizko Bira.<\/li>\n<\/ol>\n<p style=\"text-align: justify;\"><span style=\"text-decoration: underline;\">Turismo del interior<\/span><\/p>\n<p style=\"text-align: justify;\">Todas las previsiones apuntan a que el turismo del interior cobrar\u00e1 fuerza de cara al verano. Una de las l\u00edneas de trabajo en la estrategia de Iraurgi Berritzen ha sido siempre la promoci\u00f3n del turismo del interior, y este nuevo producto es un claro exponente de ello. Se estima que esta zona de Izarraitz, incluida la Vuleta de Izarraitz, ser\u00e1 una excelente ocasi\u00f3n para disfrutar de las gentes de las localidades, comarcas y provincias durante este verano.<\/p>\n<p style=\"text-align: justify;\">Se han creado tres herramientas de promoci\u00f3n tur\u00edstica:<\/p>\n<ol>\n<li style=\"text-align: justify;\">Mapa tur\u00edstico de Izarraitz.<\/li>\n<li style=\"text-align: justify;\">Mapa t\u00e9cnico de informaci\u00f3n Izarraizko Bira.<\/li>\n<li style=\"text-align: justify;\">Audiovisual: Spot Izarraizko Bira.<\/li>\n<\/ol>\n<p style=\"text-align: justify;\">La difusi\u00f3n se realizar\u00e1 de nuevo tanto f\u00edsica como v\u00eda online. F\u00edsicamente el mapa tur\u00edstico y t\u00e9cnico se difundir\u00e1 en las oficinas de turismo de Loiola, Azpeitia, Zestoa y Gipuzkoa (Donostia) y en diferentes alojamientos comarcales.<\/p>\n<p>La difusi\u00f3n del spot se realizar\u00e1 en las redes sociales @urolaturismo, y tambi\u00e9n estar\u00e1 disponible en la web (<a href=\"https:\/\/urolaturismo.eus\/es\/\" target=\"_blank\" rel=\"noopener\">www.urolaturismo.eus<\/a>).<br \/>M\u00e1s informaci\u00f3n:<\/p>\n<p style=\"text-align: center;\">Oficina de Turismo de Urola Erdia \u2013 Santuario de Loiola<br \/>Tel. 943 151 878<br \/><a href=\"mailto:I-loiola@urolaturismo.eus\">I-loiola@urolaturismo.eus<\/a><\/p>\n<p style=\"text-align: center;\">&nbsp;<\/p>\n","protected":false},"excerpt":{"rendered":"<p>A las m\u00faltiples posibilidades de ocio y turismo que ofrece el entorno natural de Izarraitz (subidas, escalada, BTT, etc.) se ha a\u00f1adido una ruta homologada y se\u00f1alizada que da la vuelta a toda la sierra a media ladera de monta\u00f1a, con punto de salida opcional en cada uno de los municipios del valle, Azkoitia (Balda [&hellip;]<\/p>\n","protected":false},"author":1,"featured_media":17719,"comment_status":"","ping_status":"closed","sticky":false,"template":"","format":"standard","meta":{"_acf_changed":false,"footnotes":""},"categories":[4],"tags":[],"class_list":["post-12912","post","type-post","status-publish","format-standard","has-post-thumbnail","hentry","category-noticias"],"acf":[],"yoast_head":"<!-- This site is optimized with the Yoast SEO plugin v27.4 - https:\/\/yoast.com\/product\/yoast-seo-wordpress\/ -->\n<title>Presentada la VUELTA IZARRAITZ PR Gi-214. Nuevo recurso de ocio para la ciudadan\u00eda y atracci\u00f3n tur\u00edstica - Iraurgi Berritzen<\/title>\n<meta name=\"robots\" content=\"index, follow, max-snippet:-1, max-image-preview:large, max-video-preview:-1\" \/>\n<link rel=\"canonical\" href=\"https:\/\/iraurgiberritzen.eus\/es\/presentada-la-vuelta-izarraitz-pr-gi-214-nuevo-recurso-de-ocio-para-la-ciudadania-y-atraccion-turistica\/\" \/>\n<meta property=\"og:locale\" content=\"es_ES\" \/>\n<meta property=\"og:type\" content=\"article\" \/>\n<meta property=\"og:title\" content=\"Presentada la VUELTA IZARRAITZ PR Gi-214. Nuevo recurso de ocio para la ciudadan\u00eda y atracci\u00f3n tur\u00edstica - Iraurgi Berritzen\" \/>\n<meta property=\"og:description\" content=\"A las m\u00faltiples posibilidades de ocio y turismo que ofrece el entorno natural de Izarraitz (subidas, escalada, BTT, etc.) se ha a\u00f1adido una ruta homologada y se\u00f1alizada que da la vuelta a toda la sierra a media ladera de monta\u00f1a, con punto de salida opcional en cada uno de los municipios del valle, Azkoitia (Balda [&hellip;]\" \/>\n<meta property=\"og:url\" content=\"https:\/\/iraurgiberritzen.eus\/es\/presentada-la-vuelta-izarraitz-pr-gi-214-nuevo-recurso-de-ocio-para-la-ciudadania-y-atraccion-turistica\/\" \/>\n<meta property=\"og:site_name\" content=\"Iraurgi Berritzen\" \/>\n<meta property=\"article:published_time\" content=\"2020-07-01T08:39:56+00:00\" \/>\n<meta name=\"author\" content=\"kudeatzailea\" \/>\n<meta name=\"twitter:card\" content=\"summary_large_image\" \/>\n<meta name=\"twitter:label1\" content=\"Escrito por\" \/>\n\t<meta name=\"twitter:data1\" content=\"kudeatzailea\" \/>\n\t<meta name=\"twitter:label2\" content=\"Tiempo de lectura\" \/>\n\t<meta name=\"twitter:data2\" content=\"3 minutos\" \/>\n<script type=\"application\/ld+json\" class=\"yoast-schema-graph\">{\"@context\":\"https:\\\/\\\/schema.org\",\"@graph\":[{\"@type\":\"Article\",\"@id\":\"https:\\\/\\\/iraurgiberritzen.eus\\\/es\\\/presentada-la-vuelta-izarraitz-pr-gi-214-nuevo-recurso-de-ocio-para-la-ciudadania-y-atraccion-turistica\\\/#article\",\"isPartOf\":{\"@id\":\"https:\\\/\\\/iraurgiberritzen.eus\\\/es\\\/presentada-la-vuelta-izarraitz-pr-gi-214-nuevo-recurso-de-ocio-para-la-ciudadania-y-atraccion-turistica\\\/\"},\"author\":{\"name\":\"kudeatzailea\",\"@id\":\"https:\\\/\\\/iraurgiberritzen.eus\\\/es\\\/#\\\/schema\\\/person\\\/5ab41aaf388a9097177601ebf45738d2\"},\"headline\":\"Presentada la VUELTA IZARRAITZ PR Gi-214. Nuevo recurso de ocio para la ciudadan\u00eda y atracci\u00f3n tur\u00edstica\",\"datePublished\":\"2020-07-01T08:39:56+00:00\",\"mainEntityOfPage\":{\"@id\":\"https:\\\/\\\/iraurgiberritzen.eus\\\/es\\\/presentada-la-vuelta-izarraitz-pr-gi-214-nuevo-recurso-de-ocio-para-la-ciudadania-y-atraccion-turistica\\\/\"},\"wordCount\":708,\"publisher\":{\"@id\":\"https:\\\/\\\/iraurgiberritzen.eus\\\/es\\\/#organization\"},\"image\":{\"@id\":\"https:\\\/\\\/iraurgiberritzen.eus\\\/es\\\/presentada-la-vuelta-izarraitz-pr-gi-214-nuevo-recurso-de-ocio-para-la-ciudadania-y-atraccion-turistica\\\/#primaryimage\"},\"thumbnailUrl\":\"https:\\\/\\\/iraurgiberritzen.eus\\\/wp-content\\\/uploads\\\/2023\\\/09\\\/15812787389d5e520282cfe444c2e037.jpg\",\"articleSection\":[\"Noticias\"],\"inLanguage\":\"es\"},{\"@type\":\"WebPage\",\"@id\":\"https:\\\/\\\/iraurgiberritzen.eus\\\/es\\\/presentada-la-vuelta-izarraitz-pr-gi-214-nuevo-recurso-de-ocio-para-la-ciudadania-y-atraccion-turistica\\\/\",\"url\":\"https:\\\/\\\/iraurgiberritzen.eus\\\/es\\\/presentada-la-vuelta-izarraitz-pr-gi-214-nuevo-recurso-de-ocio-para-la-ciudadania-y-atraccion-turistica\\\/\",\"name\":\"Presentada la VUELTA IZARRAITZ PR Gi-214. Nuevo recurso de ocio para la ciudadan\u00eda y atracci\u00f3n tur\u00edstica - Iraurgi Berritzen\",\"isPartOf\":{\"@id\":\"https:\\\/\\\/iraurgiberritzen.eus\\\/es\\\/#website\"},\"primaryImageOfPage\":{\"@id\":\"https:\\\/\\\/iraurgiberritzen.eus\\\/es\\\/presentada-la-vuelta-izarraitz-pr-gi-214-nuevo-recurso-de-ocio-para-la-ciudadania-y-atraccion-turistica\\\/#primaryimage\"},\"image\":{\"@id\":\"https:\\\/\\\/iraurgiberritzen.eus\\\/es\\\/presentada-la-vuelta-izarraitz-pr-gi-214-nuevo-recurso-de-ocio-para-la-ciudadania-y-atraccion-turistica\\\/#primaryimage\"},\"thumbnailUrl\":\"https:\\\/\\\/iraurgiberritzen.eus\\\/wp-content\\\/uploads\\\/2023\\\/09\\\/15812787389d5e520282cfe444c2e037.jpg\",\"datePublished\":\"2020-07-01T08:39:56+00:00\",\"breadcrumb\":{\"@id\":\"https:\\\/\\\/iraurgiberritzen.eus\\\/es\\\/presentada-la-vuelta-izarraitz-pr-gi-214-nuevo-recurso-de-ocio-para-la-ciudadania-y-atraccion-turistica\\\/#breadcrumb\"},\"inLanguage\":\"es\",\"potentialAction\":[{\"@type\":\"ReadAction\",\"target\":[\"https:\\\/\\\/iraurgiberritzen.eus\\\/es\\\/presentada-la-vuelta-izarraitz-pr-gi-214-nuevo-recurso-de-ocio-para-la-ciudadania-y-atraccion-turistica\\\/\"]}]},{\"@type\":\"ImageObject\",\"inLanguage\":\"es\",\"@id\":\"https:\\\/\\\/iraurgiberritzen.eus\\\/es\\\/presentada-la-vuelta-izarraitz-pr-gi-214-nuevo-recurso-de-ocio-para-la-ciudadania-y-atraccion-turistica\\\/#primaryimage\",\"url\":\"https:\\\/\\\/iraurgiberritzen.eus\\\/wp-content\\\/uploads\\\/2023\\\/09\\\/15812787389d5e520282cfe444c2e037.jpg\",\"contentUrl\":\"https:\\\/\\\/iraurgiberritzen.eus\\\/wp-content\\\/uploads\\\/2023\\\/09\\\/15812787389d5e520282cfe444c2e037.jpg\",\"width\":600,\"height\":386},{\"@type\":\"BreadcrumbList\",\"@id\":\"https:\\\/\\\/iraurgiberritzen.eus\\\/es\\\/presentada-la-vuelta-izarraitz-pr-gi-214-nuevo-recurso-de-ocio-para-la-ciudadania-y-atraccion-turistica\\\/#breadcrumb\",\"itemListElement\":[{\"@type\":\"ListItem\",\"position\":1,\"name\":\"Home\",\"item\":\"https:\\\/\\\/iraurgiberritzen.eus\\\/es\\\/\"},{\"@type\":\"ListItem\",\"position\":2,\"name\":\"Presentada la VUELTA IZARRAITZ PR Gi-214. Nuevo recurso de ocio para la ciudadan\u00eda y atracci\u00f3n tur\u00edstica\"}]},{\"@type\":\"WebSite\",\"@id\":\"https:\\\/\\\/iraurgiberritzen.eus\\\/es\\\/#website\",\"url\":\"https:\\\/\\\/iraurgiberritzen.eus\\\/es\\\/\",\"name\":\"Iraurgi Berritzen\",\"description\":\"Urola Erdiko Garapen Agentzia\",\"publisher\":{\"@id\":\"https:\\\/\\\/iraurgiberritzen.eus\\\/es\\\/#organization\"},\"potentialAction\":[{\"@type\":\"SearchAction\",\"target\":{\"@type\":\"EntryPoint\",\"urlTemplate\":\"https:\\\/\\\/iraurgiberritzen.eus\\\/es\\\/?s={search_term_string}\"},\"query-input\":{\"@type\":\"PropertyValueSpecification\",\"valueRequired\":true,\"valueName\":\"search_term_string\"}}],\"inLanguage\":\"es\"},{\"@type\":\"Organization\",\"@id\":\"https:\\\/\\\/iraurgiberritzen.eus\\\/es\\\/#organization\",\"name\":\"Iraurgi Berritzen\",\"url\":\"https:\\\/\\\/iraurgiberritzen.eus\\\/es\\\/\",\"logo\":{\"@type\":\"ImageObject\",\"inLanguage\":\"es\",\"@id\":\"https:\\\/\\\/iraurgiberritzen.eus\\\/es\\\/#\\\/schema\\\/logo\\\/image\\\/\",\"url\":\"https:\\\/\\\/iraurgiberritzen.eus\\\/wp-content\\\/uploads\\\/2024\\\/02\\\/IRAURGI-BERRITZEN-logotipoa_2.png\",\"contentUrl\":\"https:\\\/\\\/iraurgiberritzen.eus\\\/wp-content\\\/uploads\\\/2024\\\/02\\\/IRAURGI-BERRITZEN-logotipoa_2.png\",\"width\":496,\"height\":190,\"caption\":\"Iraurgi Berritzen\"},\"image\":{\"@id\":\"https:\\\/\\\/iraurgiberritzen.eus\\\/es\\\/#\\\/schema\\\/logo\\\/image\\\/\"}},{\"@type\":\"Person\",\"@id\":\"https:\\\/\\\/iraurgiberritzen.eus\\\/es\\\/#\\\/schema\\\/person\\\/5ab41aaf388a9097177601ebf45738d2\",\"name\":\"kudeatzailea\",\"sameAs\":[\"https:\\\/\\\/iraurgiberritzen.eus\"]}]}<\/script>\n<!-- \/ Yoast SEO plugin. -->","yoast_head_json":{"title":"Presentada la VUELTA IZARRAITZ PR Gi-214. Nuevo recurso de ocio para la ciudadan\u00eda y atracci\u00f3n tur\u00edstica - Iraurgi Berritzen","robots":{"index":"index","follow":"follow","max-snippet":"max-snippet:-1","max-image-preview":"max-image-preview:large","max-video-preview":"max-video-preview:-1"},"canonical":"https:\/\/iraurgiberritzen.eus\/es\/presentada-la-vuelta-izarraitz-pr-gi-214-nuevo-recurso-de-ocio-para-la-ciudadania-y-atraccion-turistica\/","og_locale":"es_ES","og_type":"article","og_title":"Presentada la VUELTA IZARRAITZ PR Gi-214. Nuevo recurso de ocio para la ciudadan\u00eda y atracci\u00f3n tur\u00edstica - Iraurgi Berritzen","og_description":"A las m\u00faltiples posibilidades de ocio y turismo que ofrece el entorno natural de Izarraitz (subidas, escalada, BTT, etc.) se ha a\u00f1adido una ruta homologada y se\u00f1alizada que da la vuelta a toda la sierra a media ladera de monta\u00f1a, con punto de salida opcional en cada uno de los municipios del valle, Azkoitia (Balda [&hellip;]","og_url":"https:\/\/iraurgiberritzen.eus\/es\/presentada-la-vuelta-izarraitz-pr-gi-214-nuevo-recurso-de-ocio-para-la-ciudadania-y-atraccion-turistica\/","og_site_name":"Iraurgi Berritzen","article_published_time":"2020-07-01T08:39:56+00:00","author":"kudeatzailea","twitter_card":"summary_large_image","twitter_misc":{"Escrito por":"kudeatzailea","Tiempo de lectura":"3 minutos"},"schema":{"@context":"https:\/\/schema.org","@graph":[{"@type":"Article","@id":"https:\/\/iraurgiberritzen.eus\/es\/presentada-la-vuelta-izarraitz-pr-gi-214-nuevo-recurso-de-ocio-para-la-ciudadania-y-atraccion-turistica\/#article","isPartOf":{"@id":"https:\/\/iraurgiberritzen.eus\/es\/presentada-la-vuelta-izarraitz-pr-gi-214-nuevo-recurso-de-ocio-para-la-ciudadania-y-atraccion-turistica\/"},"author":{"name":"kudeatzailea","@id":"https:\/\/iraurgiberritzen.eus\/es\/#\/schema\/person\/5ab41aaf388a9097177601ebf45738d2"},"headline":"Presentada la VUELTA IZARRAITZ PR Gi-214. Nuevo recurso de ocio para la ciudadan\u00eda y atracci\u00f3n tur\u00edstica","datePublished":"2020-07-01T08:39:56+00:00","mainEntityOfPage":{"@id":"https:\/\/iraurgiberritzen.eus\/es\/presentada-la-vuelta-izarraitz-pr-gi-214-nuevo-recurso-de-ocio-para-la-ciudadania-y-atraccion-turistica\/"},"wordCount":708,"publisher":{"@id":"https:\/\/iraurgiberritzen.eus\/es\/#organization"},"image":{"@id":"https:\/\/iraurgiberritzen.eus\/es\/presentada-la-vuelta-izarraitz-pr-gi-214-nuevo-recurso-de-ocio-para-la-ciudadania-y-atraccion-turistica\/#primaryimage"},"thumbnailUrl":"https:\/\/iraurgiberritzen.eus\/wp-content\/uploads\/2023\/09\/15812787389d5e520282cfe444c2e037.jpg","articleSection":["Noticias"],"inLanguage":"es"},{"@type":"WebPage","@id":"https:\/\/iraurgiberritzen.eus\/es\/presentada-la-vuelta-izarraitz-pr-gi-214-nuevo-recurso-de-ocio-para-la-ciudadania-y-atraccion-turistica\/","url":"https:\/\/iraurgiberritzen.eus\/es\/presentada-la-vuelta-izarraitz-pr-gi-214-nuevo-recurso-de-ocio-para-la-ciudadania-y-atraccion-turistica\/","name":"Presentada la VUELTA IZARRAITZ PR Gi-214. Nuevo recurso de ocio para la ciudadan\u00eda y atracci\u00f3n tur\u00edstica - Iraurgi Berritzen","isPartOf":{"@id":"https:\/\/iraurgiberritzen.eus\/es\/#website"},"primaryImageOfPage":{"@id":"https:\/\/iraurgiberritzen.eus\/es\/presentada-la-vuelta-izarraitz-pr-gi-214-nuevo-recurso-de-ocio-para-la-ciudadania-y-atraccion-turistica\/#primaryimage"},"image":{"@id":"https:\/\/iraurgiberritzen.eus\/es\/presentada-la-vuelta-izarraitz-pr-gi-214-nuevo-recurso-de-ocio-para-la-ciudadania-y-atraccion-turistica\/#primaryimage"},"thumbnailUrl":"https:\/\/iraurgiberritzen.eus\/wp-content\/uploads\/2023\/09\/15812787389d5e520282cfe444c2e037.jpg","datePublished":"2020-07-01T08:39:56+00:00","breadcrumb":{"@id":"https:\/\/iraurgiberritzen.eus\/es\/presentada-la-vuelta-izarraitz-pr-gi-214-nuevo-recurso-de-ocio-para-la-ciudadania-y-atraccion-turistica\/#breadcrumb"},"inLanguage":"es","potentialAction":[{"@type":"ReadAction","target":["https:\/\/iraurgiberritzen.eus\/es\/presentada-la-vuelta-izarraitz-pr-gi-214-nuevo-recurso-de-ocio-para-la-ciudadania-y-atraccion-turistica\/"]}]},{"@type":"ImageObject","inLanguage":"es","@id":"https:\/\/iraurgiberritzen.eus\/es\/presentada-la-vuelta-izarraitz-pr-gi-214-nuevo-recurso-de-ocio-para-la-ciudadania-y-atraccion-turistica\/#primaryimage","url":"https:\/\/iraurgiberritzen.eus\/wp-content\/uploads\/2023\/09\/15812787389d5e520282cfe444c2e037.jpg","contentUrl":"https:\/\/iraurgiberritzen.eus\/wp-content\/uploads\/2023\/09\/15812787389d5e520282cfe444c2e037.jpg","width":600,"height":386},{"@type":"BreadcrumbList","@id":"https:\/\/iraurgiberritzen.eus\/es\/presentada-la-vuelta-izarraitz-pr-gi-214-nuevo-recurso-de-ocio-para-la-ciudadania-y-atraccion-turistica\/#breadcrumb","itemListElement":[{"@type":"ListItem","position":1,"name":"Home","item":"https:\/\/iraurgiberritzen.eus\/es\/"},{"@type":"ListItem","position":2,"name":"Presentada la VUELTA IZARRAITZ PR Gi-214. Nuevo recurso de ocio para la ciudadan\u00eda y atracci\u00f3n tur\u00edstica"}]},{"@type":"WebSite","@id":"https:\/\/iraurgiberritzen.eus\/es\/#website","url":"https:\/\/iraurgiberritzen.eus\/es\/","name":"Iraurgi Berritzen","description":"Urola Erdiko Garapen Agentzia","publisher":{"@id":"https:\/\/iraurgiberritzen.eus\/es\/#organization"},"potentialAction":[{"@type":"SearchAction","target":{"@type":"EntryPoint","urlTemplate":"https:\/\/iraurgiberritzen.eus\/es\/?s={search_term_string}"},"query-input":{"@type":"PropertyValueSpecification","valueRequired":true,"valueName":"search_term_string"}}],"inLanguage":"es"},{"@type":"Organization","@id":"https:\/\/iraurgiberritzen.eus\/es\/#organization","name":"Iraurgi Berritzen","url":"https:\/\/iraurgiberritzen.eus\/es\/","logo":{"@type":"ImageObject","inLanguage":"es","@id":"https:\/\/iraurgiberritzen.eus\/es\/#\/schema\/logo\/image\/","url":"https:\/\/iraurgiberritzen.eus\/wp-content\/uploads\/2024\/02\/IRAURGI-BERRITZEN-logotipoa_2.png","contentUrl":"https:\/\/iraurgiberritzen.eus\/wp-content\/uploads\/2024\/02\/IRAURGI-BERRITZEN-logotipoa_2.png","width":496,"height":190,"caption":"Iraurgi Berritzen"},"image":{"@id":"https:\/\/iraurgiberritzen.eus\/es\/#\/schema\/logo\/image\/"}},{"@type":"Person","@id":"https:\/\/iraurgiberritzen.eus\/es\/#\/schema\/person\/5ab41aaf388a9097177601ebf45738d2","name":"kudeatzailea","sameAs":["https:\/\/iraurgiberritzen.eus"]}]}},"_links":{"self":[{"href":"https:\/\/iraurgiberritzen.eus\/es\/wp-json\/wp\/v2\/posts\/12912","targetHints":{"allow":["GET"]}}],"collection":[{"href":"https:\/\/iraurgiberritzen.eus\/es\/wp-json\/wp\/v2\/posts"}],"about":[{"href":"https:\/\/iraurgiberritzen.eus\/es\/wp-json\/wp\/v2\/types\/post"}],"author":[{"embeddable":true,"href":"https:\/\/iraurgiberritzen.eus\/es\/wp-json\/wp\/v2\/users\/1"}],"replies":[{"embeddable":true,"href":"https:\/\/iraurgiberritzen.eus\/es\/wp-json\/wp\/v2\/comments?post=12912"}],"version-history":[{"count":0,"href":"https:\/\/iraurgiberritzen.eus\/es\/wp-json\/wp\/v2\/posts\/12912\/revisions"}],"wp:featuredmedia":[{"embeddable":true,"href":"https:\/\/iraurgiberritzen.eus\/es\/wp-json\/wp\/v2\/media\/17719"}],"wp:attachment":[{"href":"https:\/\/iraurgiberritzen.eus\/es\/wp-json\/wp\/v2\/media?parent=12912"}],"wp:term":[{"taxonomy":"category","embeddable":true,"href":"https:\/\/iraurgiberritzen.eus\/es\/wp-json\/wp\/v2\/categories?post=12912"},{"taxonomy":"post_tag","embeddable":true,"href":"https:\/\/iraurgiberritzen.eus\/es\/wp-json\/wp\/v2\/tags?post=12912"}],"curies":[{"name":"wp","href":"https:\/\/api.w.org\/{rel}","templated":true}]}}