{"id":12918,"date":"2020-07-16T08:58:27","date_gmt":"2020-07-16T06:58:27","guid":{"rendered":"https:\/\/iraurgiberritzen.eus\/iraurgi-berritzen-y-deusto-firman-un-acuerdo-de-colaboracion-para-la-formacion-dual-del-grado-en-turismo-2\/"},"modified":"2020-07-16T08:58:27","modified_gmt":"2020-07-16T06:58:27","slug":"iraurgi-berritzen-y-deusto-firman-un-acuerdo-de-colaboracion-para-la-formacion-dual-del-grado-en-turismo-2","status":"publish","type":"post","link":"https:\/\/iraurgiberritzen.eus\/es\/iraurgi-berritzen-y-deusto-firman-un-acuerdo-de-colaboracion-para-la-formacion-dual-del-grado-en-turismo-2\/","title":{"rendered":"Iraurgi Berritzen y Deusto firman un acuerdo de colaboraci\u00f3n para la formaci\u00f3n dual del grado en Turismo"},"content":{"rendered":"<p style=\"text-align: justify;\">Hoy viernes, d\u00eda 17 de julio, ha tenido lugar en el Palacio Intsausti de Azkoitia, la firma del acuerdo de colaboraci\u00f3n entre la Universidad de Deusto e Iraurgi Berritzen, la agencia de desarrollo e innovaci\u00f3n de Urola Erdia encargada del desarrollo de pol\u00edticas y estrategias p\u00fablicas para la promoci\u00f3n socioecon\u00f3mica de la comarca en colaboraci\u00f3n con los ayuntamientos locales.<\/p>\n<p style=\"text-align: justify;\">El objetivo del acuerdo es la colaboraci\u00f3n institucional para dar respuesta a los retos que la situaci\u00f3n generada por el COVID-19 ha provocado en la realidad tur\u00edstica de la comarca del Urola. A trav\u00e9s de este acuerdo, los estudiantes de 4\u00ba curso del grado en Turismo tendr\u00e1n la oportunidad de realizar un proyecto en el \u00e1mbito de la formaci\u00f3n dual, a trav\u00e9s de estancias de formaci\u00f3n en la organizaci\u00f3n a lo largo del curso acad\u00e9mico que dar\u00e1 comienzo en septiembre del 2020.<\/p>\n<p style=\"text-align: justify;\"><strong>Jose Antonio Rodriguez Ranz<\/strong>, vicerrector de relaciones institucionales y del campus de San Sebastian de la Universidad de Deusto, y <strong>Javier Zubizarreta<\/strong>, presidente de Iraurgi Berritzen y alcalde de Azkoitia, han sido los encargados de firmar el acuerdo entre las dos instituciones. A ellos les han acompa\u00f1ado tambi\u00e9n Bego\u00f1a Beobide, directora de Iraurgi Berritzen y Jesus Mujika, coordinador de Turismo de Iraurgi Berritzen, y Basagaitz Guere\u00f1o, directora del Departamento de Turismo de la Universidad de Deusto.<\/p>\n<p style=\"text-align: justify;\"><span style=\"font-family: Calibri, 'Segoe UI', Calibri, Thonburi, Arial, Verdana, sans-serif, 'Mongolian Baiti', 'Microsoft Yi Baiti', 'Javanese Text'; font-size: 16px; text-align: center; white-space: pre-wrap; background-color: #f9f9f9;\">{myFlickr}photoset_id=72157715131439587{\/myFlickr}<\/span><\/p>\n","protected":false},"excerpt":{"rendered":"<p>Hoy viernes, d\u00eda 17 de julio, ha tenido lugar en el Palacio Intsausti de Azkoitia, la firma del acuerdo de colaboraci\u00f3n entre la Universidad de Deusto e Iraurgi Berritzen, la agencia de desarrollo e innovaci\u00f3n de Urola Erdia encargada del desarrollo de pol\u00edticas y estrategias p\u00fablicas para la promoci\u00f3n socioecon\u00f3mica de la comarca en colaboraci\u00f3n [&hellip;]<\/p>\n","protected":false},"author":1,"featured_media":17721,"comment_status":"","ping_status":"closed","sticky":false,"template":"","format":"standard","meta":{"_acf_changed":false,"footnotes":""},"categories":[4],"tags":[],"class_list":["post-12918","post","type-post","status-publish","format-standard","has-post-thumbnail","hentry","category-noticias"],"acf":[],"yoast_head":"<!-- This site is optimized with the Yoast SEO plugin v27.4 - https:\/\/yoast.com\/product\/yoast-seo-wordpress\/ -->\n<title>Iraurgi Berritzen y Deusto firman un acuerdo de colaboraci\u00f3n para la formaci\u00f3n dual del grado en Turismo - Iraurgi Berritzen<\/title>\n<meta name=\"robots\" content=\"index, follow, max-snippet:-1, max-image-preview:large, max-video-preview:-1\" \/>\n<link rel=\"canonical\" href=\"https:\/\/iraurgiberritzen.eus\/es\/iraurgi-berritzen-y-deusto-firman-un-acuerdo-de-colaboracion-para-la-formacion-dual-del-grado-en-turismo-2\/\" \/>\n<meta property=\"og:locale\" content=\"es_ES\" \/>\n<meta property=\"og:type\" content=\"article\" \/>\n<meta property=\"og:title\" content=\"Iraurgi Berritzen y Deusto firman un acuerdo de colaboraci\u00f3n para la formaci\u00f3n dual del grado en Turismo - Iraurgi Berritzen\" \/>\n<meta property=\"og:description\" content=\"Hoy viernes, d\u00eda 17 de julio, ha tenido lugar en el Palacio Intsausti de Azkoitia, la firma del acuerdo de colaboraci\u00f3n entre la Universidad de Deusto e Iraurgi Berritzen, la agencia de desarrollo e innovaci\u00f3n de Urola Erdia encargada del desarrollo de pol\u00edticas y estrategias p\u00fablicas para la promoci\u00f3n socioecon\u00f3mica de la comarca en colaboraci\u00f3n [&hellip;]\" \/>\n<meta property=\"og:url\" content=\"https:\/\/iraurgiberritzen.eus\/es\/iraurgi-berritzen-y-deusto-firman-un-acuerdo-de-colaboracion-para-la-formacion-dual-del-grado-en-turismo-2\/\" \/>\n<meta property=\"og:site_name\" content=\"Iraurgi Berritzen\" \/>\n<meta property=\"article:published_time\" content=\"2020-07-16T06:58:27+00:00\" \/>\n<meta name=\"author\" content=\"kudeatzailea\" \/>\n<meta name=\"twitter:card\" content=\"summary_large_image\" \/>\n<meta name=\"twitter:label1\" content=\"Escrito por\" \/>\n\t<meta name=\"twitter:data1\" content=\"kudeatzailea\" \/>\n\t<meta name=\"twitter:label2\" content=\"Tiempo de lectura\" \/>\n\t<meta name=\"twitter:data2\" content=\"1 minuto\" \/>\n<script type=\"application\/ld+json\" class=\"yoast-schema-graph\">{\"@context\":\"https:\\\/\\\/schema.org\",\"@graph\":[{\"@type\":\"Article\",\"@id\":\"https:\\\/\\\/iraurgiberritzen.eus\\\/es\\\/iraurgi-berritzen-y-deusto-firman-un-acuerdo-de-colaboracion-para-la-formacion-dual-del-grado-en-turismo-2\\\/#article\",\"isPartOf\":{\"@id\":\"https:\\\/\\\/iraurgiberritzen.eus\\\/es\\\/iraurgi-berritzen-y-deusto-firman-un-acuerdo-de-colaboracion-para-la-formacion-dual-del-grado-en-turismo-2\\\/\"},\"author\":{\"name\":\"kudeatzailea\",\"@id\":\"https:\\\/\\\/iraurgiberritzen.eus\\\/es\\\/#\\\/schema\\\/person\\\/5ab41aaf388a9097177601ebf45738d2\"},\"headline\":\"Iraurgi Berritzen y Deusto firman un acuerdo de colaboraci\u00f3n para la formaci\u00f3n dual del grado en Turismo\",\"datePublished\":\"2020-07-16T06:58:27+00:00\",\"mainEntityOfPage\":{\"@id\":\"https:\\\/\\\/iraurgiberritzen.eus\\\/es\\\/iraurgi-berritzen-y-deusto-firman-un-acuerdo-de-colaboracion-para-la-formacion-dual-del-grado-en-turismo-2\\\/\"},\"wordCount\":259,\"publisher\":{\"@id\":\"https:\\\/\\\/iraurgiberritzen.eus\\\/es\\\/#organization\"},\"image\":{\"@id\":\"https:\\\/\\\/iraurgiberritzen.eus\\\/es\\\/iraurgi-berritzen-y-deusto-firman-un-acuerdo-de-colaboracion-para-la-formacion-dual-del-grado-en-turismo-2\\\/#primaryimage\"},\"thumbnailUrl\":\"https:\\\/\\\/iraurgiberritzen.eus\\\/wp-content\\\/uploads\\\/2023\\\/09\\\/77a1d541d7e5b1220d6ea4607688bef0.jpg\",\"articleSection\":[\"Noticias\"],\"inLanguage\":\"es\"},{\"@type\":\"WebPage\",\"@id\":\"https:\\\/\\\/iraurgiberritzen.eus\\\/es\\\/iraurgi-berritzen-y-deusto-firman-un-acuerdo-de-colaboracion-para-la-formacion-dual-del-grado-en-turismo-2\\\/\",\"url\":\"https:\\\/\\\/iraurgiberritzen.eus\\\/es\\\/iraurgi-berritzen-y-deusto-firman-un-acuerdo-de-colaboracion-para-la-formacion-dual-del-grado-en-turismo-2\\\/\",\"name\":\"Iraurgi Berritzen y Deusto firman un acuerdo de colaboraci\u00f3n para la formaci\u00f3n dual del grado en Turismo - Iraurgi Berritzen\",\"isPartOf\":{\"@id\":\"https:\\\/\\\/iraurgiberritzen.eus\\\/es\\\/#website\"},\"primaryImageOfPage\":{\"@id\":\"https:\\\/\\\/iraurgiberritzen.eus\\\/es\\\/iraurgi-berritzen-y-deusto-firman-un-acuerdo-de-colaboracion-para-la-formacion-dual-del-grado-en-turismo-2\\\/#primaryimage\"},\"image\":{\"@id\":\"https:\\\/\\\/iraurgiberritzen.eus\\\/es\\\/iraurgi-berritzen-y-deusto-firman-un-acuerdo-de-colaboracion-para-la-formacion-dual-del-grado-en-turismo-2\\\/#primaryimage\"},\"thumbnailUrl\":\"https:\\\/\\\/iraurgiberritzen.eus\\\/wp-content\\\/uploads\\\/2023\\\/09\\\/77a1d541d7e5b1220d6ea4607688bef0.jpg\",\"datePublished\":\"2020-07-16T06:58:27+00:00\",\"breadcrumb\":{\"@id\":\"https:\\\/\\\/iraurgiberritzen.eus\\\/es\\\/iraurgi-berritzen-y-deusto-firman-un-acuerdo-de-colaboracion-para-la-formacion-dual-del-grado-en-turismo-2\\\/#breadcrumb\"},\"inLanguage\":\"es\",\"potentialAction\":[{\"@type\":\"ReadAction\",\"target\":[\"https:\\\/\\\/iraurgiberritzen.eus\\\/es\\\/iraurgi-berritzen-y-deusto-firman-un-acuerdo-de-colaboracion-para-la-formacion-dual-del-grado-en-turismo-2\\\/\"]}]},{\"@type\":\"ImageObject\",\"inLanguage\":\"es\",\"@id\":\"https:\\\/\\\/iraurgiberritzen.eus\\\/es\\\/iraurgi-berritzen-y-deusto-firman-un-acuerdo-de-colaboracion-para-la-formacion-dual-del-grado-en-turismo-2\\\/#primaryimage\",\"url\":\"https:\\\/\\\/iraurgiberritzen.eus\\\/wp-content\\\/uploads\\\/2023\\\/09\\\/77a1d541d7e5b1220d6ea4607688bef0.jpg\",\"contentUrl\":\"https:\\\/\\\/iraurgiberritzen.eus\\\/wp-content\\\/uploads\\\/2023\\\/09\\\/77a1d541d7e5b1220d6ea4607688bef0.jpg\",\"width\":600,\"height\":386},{\"@type\":\"BreadcrumbList\",\"@id\":\"https:\\\/\\\/iraurgiberritzen.eus\\\/es\\\/iraurgi-berritzen-y-deusto-firman-un-acuerdo-de-colaboracion-para-la-formacion-dual-del-grado-en-turismo-2\\\/#breadcrumb\",\"itemListElement\":[{\"@type\":\"ListItem\",\"position\":1,\"name\":\"Home\",\"item\":\"https:\\\/\\\/iraurgiberritzen.eus\\\/es\\\/\"},{\"@type\":\"ListItem\",\"position\":2,\"name\":\"Iraurgi Berritzen y Deusto firman un acuerdo de colaboraci\u00f3n para la formaci\u00f3n dual del grado en Turismo\"}]},{\"@type\":\"WebSite\",\"@id\":\"https:\\\/\\\/iraurgiberritzen.eus\\\/es\\\/#website\",\"url\":\"https:\\\/\\\/iraurgiberritzen.eus\\\/es\\\/\",\"name\":\"Iraurgi Berritzen\",\"description\":\"Urola Erdiko Garapen Agentzia\",\"publisher\":{\"@id\":\"https:\\\/\\\/iraurgiberritzen.eus\\\/es\\\/#organization\"},\"potentialAction\":[{\"@type\":\"SearchAction\",\"target\":{\"@type\":\"EntryPoint\",\"urlTemplate\":\"https:\\\/\\\/iraurgiberritzen.eus\\\/es\\\/?s={search_term_string}\"},\"query-input\":{\"@type\":\"PropertyValueSpecification\",\"valueRequired\":true,\"valueName\":\"search_term_string\"}}],\"inLanguage\":\"es\"},{\"@type\":\"Organization\",\"@id\":\"https:\\\/\\\/iraurgiberritzen.eus\\\/es\\\/#organization\",\"name\":\"Iraurgi Berritzen\",\"url\":\"https:\\\/\\\/iraurgiberritzen.eus\\\/es\\\/\",\"logo\":{\"@type\":\"ImageObject\",\"inLanguage\":\"es\",\"@id\":\"https:\\\/\\\/iraurgiberritzen.eus\\\/es\\\/#\\\/schema\\\/logo\\\/image\\\/\",\"url\":\"https:\\\/\\\/iraurgiberritzen.eus\\\/wp-content\\\/uploads\\\/2024\\\/02\\\/IRAURGI-BERRITZEN-logotipoa_2.png\",\"contentUrl\":\"https:\\\/\\\/iraurgiberritzen.eus\\\/wp-content\\\/uploads\\\/2024\\\/02\\\/IRAURGI-BERRITZEN-logotipoa_2.png\",\"width\":496,\"height\":190,\"caption\":\"Iraurgi Berritzen\"},\"image\":{\"@id\":\"https:\\\/\\\/iraurgiberritzen.eus\\\/es\\\/#\\\/schema\\\/logo\\\/image\\\/\"}},{\"@type\":\"Person\",\"@id\":\"https:\\\/\\\/iraurgiberritzen.eus\\\/es\\\/#\\\/schema\\\/person\\\/5ab41aaf388a9097177601ebf45738d2\",\"name\":\"kudeatzailea\",\"sameAs\":[\"https:\\\/\\\/iraurgiberritzen.eus\"]}]}<\/script>\n<!-- \/ Yoast SEO plugin. -->","yoast_head_json":{"title":"Iraurgi Berritzen y Deusto firman un acuerdo de colaboraci\u00f3n para la formaci\u00f3n dual del grado en Turismo - Iraurgi Berritzen","robots":{"index":"index","follow":"follow","max-snippet":"max-snippet:-1","max-image-preview":"max-image-preview:large","max-video-preview":"max-video-preview:-1"},"canonical":"https:\/\/iraurgiberritzen.eus\/es\/iraurgi-berritzen-y-deusto-firman-un-acuerdo-de-colaboracion-para-la-formacion-dual-del-grado-en-turismo-2\/","og_locale":"es_ES","og_type":"article","og_title":"Iraurgi Berritzen y Deusto firman un acuerdo de colaboraci\u00f3n para la formaci\u00f3n dual del grado en Turismo - Iraurgi Berritzen","og_description":"Hoy viernes, d\u00eda 17 de julio, ha tenido lugar en el Palacio Intsausti de Azkoitia, la firma del acuerdo de colaboraci\u00f3n entre la Universidad de Deusto e Iraurgi Berritzen, la agencia de desarrollo e innovaci\u00f3n de Urola Erdia encargada del desarrollo de pol\u00edticas y estrategias p\u00fablicas para la promoci\u00f3n socioecon\u00f3mica de la comarca en colaboraci\u00f3n [&hellip;]","og_url":"https:\/\/iraurgiberritzen.eus\/es\/iraurgi-berritzen-y-deusto-firman-un-acuerdo-de-colaboracion-para-la-formacion-dual-del-grado-en-turismo-2\/","og_site_name":"Iraurgi Berritzen","article_published_time":"2020-07-16T06:58:27+00:00","author":"kudeatzailea","twitter_card":"summary_large_image","twitter_misc":{"Escrito por":"kudeatzailea","Tiempo de lectura":"1 minuto"},"schema":{"@context":"https:\/\/schema.org","@graph":[{"@type":"Article","@id":"https:\/\/iraurgiberritzen.eus\/es\/iraurgi-berritzen-y-deusto-firman-un-acuerdo-de-colaboracion-para-la-formacion-dual-del-grado-en-turismo-2\/#article","isPartOf":{"@id":"https:\/\/iraurgiberritzen.eus\/es\/iraurgi-berritzen-y-deusto-firman-un-acuerdo-de-colaboracion-para-la-formacion-dual-del-grado-en-turismo-2\/"},"author":{"name":"kudeatzailea","@id":"https:\/\/iraurgiberritzen.eus\/es\/#\/schema\/person\/5ab41aaf388a9097177601ebf45738d2"},"headline":"Iraurgi Berritzen y Deusto firman un acuerdo de colaboraci\u00f3n para la formaci\u00f3n dual del grado en Turismo","datePublished":"2020-07-16T06:58:27+00:00","mainEntityOfPage":{"@id":"https:\/\/iraurgiberritzen.eus\/es\/iraurgi-berritzen-y-deusto-firman-un-acuerdo-de-colaboracion-para-la-formacion-dual-del-grado-en-turismo-2\/"},"wordCount":259,"publisher":{"@id":"https:\/\/iraurgiberritzen.eus\/es\/#organization"},"image":{"@id":"https:\/\/iraurgiberritzen.eus\/es\/iraurgi-berritzen-y-deusto-firman-un-acuerdo-de-colaboracion-para-la-formacion-dual-del-grado-en-turismo-2\/#primaryimage"},"thumbnailUrl":"https:\/\/iraurgiberritzen.eus\/wp-content\/uploads\/2023\/09\/77a1d541d7e5b1220d6ea4607688bef0.jpg","articleSection":["Noticias"],"inLanguage":"es"},{"@type":"WebPage","@id":"https:\/\/iraurgiberritzen.eus\/es\/iraurgi-berritzen-y-deusto-firman-un-acuerdo-de-colaboracion-para-la-formacion-dual-del-grado-en-turismo-2\/","url":"https:\/\/iraurgiberritzen.eus\/es\/iraurgi-berritzen-y-deusto-firman-un-acuerdo-de-colaboracion-para-la-formacion-dual-del-grado-en-turismo-2\/","name":"Iraurgi Berritzen y Deusto firman un acuerdo de colaboraci\u00f3n para la formaci\u00f3n dual del grado en Turismo - Iraurgi Berritzen","isPartOf":{"@id":"https:\/\/iraurgiberritzen.eus\/es\/#website"},"primaryImageOfPage":{"@id":"https:\/\/iraurgiberritzen.eus\/es\/iraurgi-berritzen-y-deusto-firman-un-acuerdo-de-colaboracion-para-la-formacion-dual-del-grado-en-turismo-2\/#primaryimage"},"image":{"@id":"https:\/\/iraurgiberritzen.eus\/es\/iraurgi-berritzen-y-deusto-firman-un-acuerdo-de-colaboracion-para-la-formacion-dual-del-grado-en-turismo-2\/#primaryimage"},"thumbnailUrl":"https:\/\/iraurgiberritzen.eus\/wp-content\/uploads\/2023\/09\/77a1d541d7e5b1220d6ea4607688bef0.jpg","datePublished":"2020-07-16T06:58:27+00:00","breadcrumb":{"@id":"https:\/\/iraurgiberritzen.eus\/es\/iraurgi-berritzen-y-deusto-firman-un-acuerdo-de-colaboracion-para-la-formacion-dual-del-grado-en-turismo-2\/#breadcrumb"},"inLanguage":"es","potentialAction":[{"@type":"ReadAction","target":["https:\/\/iraurgiberritzen.eus\/es\/iraurgi-berritzen-y-deusto-firman-un-acuerdo-de-colaboracion-para-la-formacion-dual-del-grado-en-turismo-2\/"]}]},{"@type":"ImageObject","inLanguage":"es","@id":"https:\/\/iraurgiberritzen.eus\/es\/iraurgi-berritzen-y-deusto-firman-un-acuerdo-de-colaboracion-para-la-formacion-dual-del-grado-en-turismo-2\/#primaryimage","url":"https:\/\/iraurgiberritzen.eus\/wp-content\/uploads\/2023\/09\/77a1d541d7e5b1220d6ea4607688bef0.jpg","contentUrl":"https:\/\/iraurgiberritzen.eus\/wp-content\/uploads\/2023\/09\/77a1d541d7e5b1220d6ea4607688bef0.jpg","width":600,"height":386},{"@type":"BreadcrumbList","@id":"https:\/\/iraurgiberritzen.eus\/es\/iraurgi-berritzen-y-deusto-firman-un-acuerdo-de-colaboracion-para-la-formacion-dual-del-grado-en-turismo-2\/#breadcrumb","itemListElement":[{"@type":"ListItem","position":1,"name":"Home","item":"https:\/\/iraurgiberritzen.eus\/es\/"},{"@type":"ListItem","position":2,"name":"Iraurgi Berritzen y Deusto firman un acuerdo de colaboraci\u00f3n para la formaci\u00f3n dual del grado en Turismo"}]},{"@type":"WebSite","@id":"https:\/\/iraurgiberritzen.eus\/es\/#website","url":"https:\/\/iraurgiberritzen.eus\/es\/","name":"Iraurgi Berritzen","description":"Urola Erdiko Garapen Agentzia","publisher":{"@id":"https:\/\/iraurgiberritzen.eus\/es\/#organization"},"potentialAction":[{"@type":"SearchAction","target":{"@type":"EntryPoint","urlTemplate":"https:\/\/iraurgiberritzen.eus\/es\/?s={search_term_string}"},"query-input":{"@type":"PropertyValueSpecification","valueRequired":true,"valueName":"search_term_string"}}],"inLanguage":"es"},{"@type":"Organization","@id":"https:\/\/iraurgiberritzen.eus\/es\/#organization","name":"Iraurgi Berritzen","url":"https:\/\/iraurgiberritzen.eus\/es\/","logo":{"@type":"ImageObject","inLanguage":"es","@id":"https:\/\/iraurgiberritzen.eus\/es\/#\/schema\/logo\/image\/","url":"https:\/\/iraurgiberritzen.eus\/wp-content\/uploads\/2024\/02\/IRAURGI-BERRITZEN-logotipoa_2.png","contentUrl":"https:\/\/iraurgiberritzen.eus\/wp-content\/uploads\/2024\/02\/IRAURGI-BERRITZEN-logotipoa_2.png","width":496,"height":190,"caption":"Iraurgi Berritzen"},"image":{"@id":"https:\/\/iraurgiberritzen.eus\/es\/#\/schema\/logo\/image\/"}},{"@type":"Person","@id":"https:\/\/iraurgiberritzen.eus\/es\/#\/schema\/person\/5ab41aaf388a9097177601ebf45738d2","name":"kudeatzailea","sameAs":["https:\/\/iraurgiberritzen.eus"]}]}},"_links":{"self":[{"href":"https:\/\/iraurgiberritzen.eus\/es\/wp-json\/wp\/v2\/posts\/12918","targetHints":{"allow":["GET"]}}],"collection":[{"href":"https:\/\/iraurgiberritzen.eus\/es\/wp-json\/wp\/v2\/posts"}],"about":[{"href":"https:\/\/iraurgiberritzen.eus\/es\/wp-json\/wp\/v2\/types\/post"}],"author":[{"embeddable":true,"href":"https:\/\/iraurgiberritzen.eus\/es\/wp-json\/wp\/v2\/users\/1"}],"replies":[{"embeddable":true,"href":"https:\/\/iraurgiberritzen.eus\/es\/wp-json\/wp\/v2\/comments?post=12918"}],"version-history":[{"count":0,"href":"https:\/\/iraurgiberritzen.eus\/es\/wp-json\/wp\/v2\/posts\/12918\/revisions"}],"wp:featuredmedia":[{"embeddable":true,"href":"https:\/\/iraurgiberritzen.eus\/es\/wp-json\/wp\/v2\/media\/17721"}],"wp:attachment":[{"href":"https:\/\/iraurgiberritzen.eus\/es\/wp-json\/wp\/v2\/media?parent=12918"}],"wp:term":[{"taxonomy":"category","embeddable":true,"href":"https:\/\/iraurgiberritzen.eus\/es\/wp-json\/wp\/v2\/categories?post=12918"},{"taxonomy":"post_tag","embeddable":true,"href":"https:\/\/iraurgiberritzen.eus\/es\/wp-json\/wp\/v2\/tags?post=12918"}],"curies":[{"name":"wp","href":"https:\/\/api.w.org\/{rel}","templated":true}]}}