{"id":12927,"date":"2020-07-24T05:49:46","date_gmt":"2020-07-24T03:49:46","guid":{"rendered":"https:\/\/iraurgiberritzen.eus\/fomento-de-la-competitividad-empresarial-a-traves-de-la-gobernanza-de-urola-erdia\/"},"modified":"2020-07-24T05:49:46","modified_gmt":"2020-07-24T03:49:46","slug":"fomento-de-la-competitividad-empresarial-a-traves-de-la-gobernanza-de-urola-erdia","status":"publish","type":"post","link":"https:\/\/iraurgiberritzen.eus\/es\/fomento-de-la-competitividad-empresarial-a-traves-de-la-gobernanza-de-urola-erdia\/","title":{"rendered":"Fomento de la Competitividad Empresarial a trav\u00e9s de la Gobernanza de Urola Erdia"},"content":{"rendered":"<p style=\"text-align: justify;\">A propuesta de la Diputaci\u00f3n Foral de Gipuzkoa y Orkestra, el pasado 21 de julio se han presentado <strong>el modelo de gobernanza de Urola Erdia<\/strong> y el modelo de colaboraci\u00f3n que se trabaja en la comarca con el objetivo de <strong>fomentar la competitividad de las Pymes.<\/strong><\/p>\n<p style=\"text-align: justify;\">Iker Estensoro, Director de Promoci\u00f3n Econ\u00f3mica de la Diputaci\u00f3n Foral de Gipuzkoa, se\u00f1ala que el objetivo de la Diputaci\u00f3n es consolidar <strong>un modelo integral de gobernanza<\/strong> colaborativa multinivel, para impulsar un desarrollo territorial eficaz y compartido, y para la mejora de la eficiencia de las pol\u00edticas. En este sentido, con el objetivo de articular un modelo de gobernanza entre comarcas y a nivel de Gipuzkoa, se est\u00e1 realizando un an\u00e1lisis del modelo de gobernanza de cada comarca y especialmente del modelo colaborativo que se trabaja para fomentar la competitividad empresarial.<\/p>\n<p style=\"text-align: justify;\">En la reuni\u00f3n se present\u00f3 en l\u00edneas generales el modelo de gobernanza que se trabaja en el \u00e1mbito socioecon\u00f3mico, de la mano de Iraurgi Berritzen. Los miembros de Enpresa Gunea Karlos Korta (Berritek), Cruz Alberdi (Sidenor) y Naiara Aldazabal (Biele), presentaron la composici\u00f3n, el rol y las l\u00edneas de acci\u00f3n que se trabajan en este contexto.<\/p>\n<p style=\"text-align: justify;\">Ana Azkoitia (Ayuntamiento de Azkoitia) y Leire Goenaga (Ayuntamiento de Azpeitia), miembros del Consejo IB y representantes de los ayuntamientos de Azkoitia y Azpeitia, presentaron la composici\u00f3n, objetivos y din\u00e1mica de trabajo del Consejo, dando a conocer los nuevos proyectos que se est\u00e1n desarrollando gracias a la colaboraci\u00f3n entre los diferentes Gunes de empresa, empleo y educaci\u00f3n. En este sentido, el Director de Izarraitz Lanbide Heziketa Eduardo Sudupe, present\u00f3 las nuevas ofertas formativas que se han puesto en marcha desde la perspectiva comarcal y gracias a la colaboraci\u00f3n entre los agentes.<\/p>\n<p style=\"text-align: justify;\">Enpresa ordezkariek Covid-19 testuinguruan, eskualdeko enpresak izaten ari diren erronkak azaldu zituzten, enpresen jarduerari (eskualdeko enpresen galdeketaren emaitzak) eta persona arduradunei dagokionez, eta erronka hauei erantzuteko, balioan jarri zuten IB eta Enpresa Guneatik sustatutako ekintzak azken hilabeteetan izan duten balorazio positiboa. Enpresa arteko elkarlan eredua oso baliogarria izaten ari dela ondorioztatu zuten, gaur egungo krisi egoeran enpresen erronkei erantzuteko.<\/p>\n<p style=\"text-align: justify;\">Los representantes empresariales explicaron los retos que est\u00e1n teniendo las empresas de la comarca, en el contexto Covid-19, en relaci\u00f3n a la actividad de las empresas (resultados de la encuesta de empresas de la comarca) y a las personas responsables. Para responder a estos retos pusieron en valor el papel de IB y la valoraci\u00f3n positiva que han tenido en los \u00faltimos meses las acciones promovidas desde Enpresa Gunea. Concluyeron que el modelo de colaboraci\u00f3n interempresarial est\u00e1 siendo muy v\u00e1lido para responder a los retos de las empresas en la actual situaci\u00f3n de crisis.<\/p>\n<p style=\"text-align: justify;\">De cara al futuro, tambi\u00e9n se pusieron sobre la mesa propuestas para reforzar el modelo de cooperaci\u00f3n comarcal, entre las que destacan la articulaci\u00f3n con el modelo de gobernanza a nivel de Gipuzkoa, y seguir reforzando los espacios de colaboraci\u00f3n que existen a nivel comarcal, fomentando la colaboraci\u00f3n entre agentes.<\/p>\n<p style=\"text-align: justify;\"><span style=\"font-family: Calibri, 'Segoe UI', Calibri, Thonburi, Arial, Verdana, sans-serif, 'Mongolian Baiti', 'Microsoft Yi Baiti', 'Javanese Text'; font-size: 16px; text-align: center; white-space: pre-wrap;\">{myFlickr}photoset_id=72157715217235412{\/myFlickr}<\/span><\/p>\n","protected":false},"excerpt":{"rendered":"<p>A propuesta de la Diputaci\u00f3n Foral de Gipuzkoa y Orkestra, el pasado 21 de julio se han presentado el modelo de gobernanza de Urola Erdia y el modelo de colaboraci\u00f3n que se trabaja en la comarca con el objetivo de fomentar la competitividad de las Pymes. Iker Estensoro, Director de Promoci\u00f3n Econ\u00f3mica de la Diputaci\u00f3n [&hellip;]<\/p>\n","protected":false},"author":1,"featured_media":17704,"comment_status":"","ping_status":"closed","sticky":false,"template":"","format":"standard","meta":{"_acf_changed":false,"footnotes":""},"categories":[4],"tags":[],"class_list":["post-12927","post","type-post","status-publish","format-standard","has-post-thumbnail","hentry","category-noticias"],"acf":[],"yoast_head":"<!-- This site is optimized with the Yoast SEO plugin v27.4 - https:\/\/yoast.com\/product\/yoast-seo-wordpress\/ -->\n<title>Fomento de la Competitividad Empresarial a trav\u00e9s de la Gobernanza de Urola Erdia - Iraurgi Berritzen<\/title>\n<meta name=\"robots\" content=\"index, follow, max-snippet:-1, max-image-preview:large, max-video-preview:-1\" \/>\n<link rel=\"canonical\" href=\"https:\/\/iraurgiberritzen.eus\/es\/fomento-de-la-competitividad-empresarial-a-traves-de-la-gobernanza-de-urola-erdia\/\" \/>\n<meta property=\"og:locale\" content=\"es_ES\" \/>\n<meta property=\"og:type\" content=\"article\" \/>\n<meta property=\"og:title\" content=\"Fomento de la Competitividad Empresarial a trav\u00e9s de la Gobernanza de Urola Erdia - Iraurgi Berritzen\" \/>\n<meta property=\"og:description\" content=\"A propuesta de la Diputaci\u00f3n Foral de Gipuzkoa y Orkestra, el pasado 21 de julio se han presentado el modelo de gobernanza de Urola Erdia y el modelo de colaboraci\u00f3n que se trabaja en la comarca con el objetivo de fomentar la competitividad de las Pymes. Iker Estensoro, Director de Promoci\u00f3n Econ\u00f3mica de la Diputaci\u00f3n [&hellip;]\" \/>\n<meta property=\"og:url\" content=\"https:\/\/iraurgiberritzen.eus\/es\/fomento-de-la-competitividad-empresarial-a-traves-de-la-gobernanza-de-urola-erdia\/\" \/>\n<meta property=\"og:site_name\" content=\"Iraurgi Berritzen\" \/>\n<meta property=\"article:published_time\" content=\"2020-07-24T03:49:46+00:00\" \/>\n<meta name=\"author\" content=\"kudeatzailea\" \/>\n<meta name=\"twitter:card\" content=\"summary_large_image\" \/>\n<meta name=\"twitter:label1\" content=\"Escrito por\" \/>\n\t<meta name=\"twitter:data1\" content=\"kudeatzailea\" \/>\n\t<meta name=\"twitter:label2\" content=\"Tiempo de lectura\" \/>\n\t<meta name=\"twitter:data2\" content=\"3 minutos\" \/>\n<script type=\"application\/ld+json\" class=\"yoast-schema-graph\">{\"@context\":\"https:\\\/\\\/schema.org\",\"@graph\":[{\"@type\":\"Article\",\"@id\":\"https:\\\/\\\/iraurgiberritzen.eus\\\/es\\\/fomento-de-la-competitividad-empresarial-a-traves-de-la-gobernanza-de-urola-erdia\\\/#article\",\"isPartOf\":{\"@id\":\"https:\\\/\\\/iraurgiberritzen.eus\\\/es\\\/fomento-de-la-competitividad-empresarial-a-traves-de-la-gobernanza-de-urola-erdia\\\/\"},\"author\":{\"name\":\"kudeatzailea\",\"@id\":\"https:\\\/\\\/iraurgiberritzen.eus\\\/es\\\/#\\\/schema\\\/person\\\/5ab41aaf388a9097177601ebf45738d2\"},\"headline\":\"Fomento de la Competitividad Empresarial a trav\u00e9s de la Gobernanza de Urola Erdia\",\"datePublished\":\"2020-07-24T03:49:46+00:00\",\"mainEntityOfPage\":{\"@id\":\"https:\\\/\\\/iraurgiberritzen.eus\\\/es\\\/fomento-de-la-competitividad-empresarial-a-traves-de-la-gobernanza-de-urola-erdia\\\/\"},\"wordCount\":535,\"publisher\":{\"@id\":\"https:\\\/\\\/iraurgiberritzen.eus\\\/es\\\/#organization\"},\"image\":{\"@id\":\"https:\\\/\\\/iraurgiberritzen.eus\\\/es\\\/fomento-de-la-competitividad-empresarial-a-traves-de-la-gobernanza-de-urola-erdia\\\/#primaryimage\"},\"thumbnailUrl\":\"https:\\\/\\\/iraurgiberritzen.eus\\\/wp-content\\\/uploads\\\/2023\\\/09\\\/81d7959d6ac82061e9b059ba05e22fc8.jpg\",\"articleSection\":[\"Noticias\"],\"inLanguage\":\"es\"},{\"@type\":\"WebPage\",\"@id\":\"https:\\\/\\\/iraurgiberritzen.eus\\\/es\\\/fomento-de-la-competitividad-empresarial-a-traves-de-la-gobernanza-de-urola-erdia\\\/\",\"url\":\"https:\\\/\\\/iraurgiberritzen.eus\\\/es\\\/fomento-de-la-competitividad-empresarial-a-traves-de-la-gobernanza-de-urola-erdia\\\/\",\"name\":\"Fomento de la Competitividad Empresarial a trav\u00e9s de la Gobernanza de Urola Erdia - Iraurgi Berritzen\",\"isPartOf\":{\"@id\":\"https:\\\/\\\/iraurgiberritzen.eus\\\/es\\\/#website\"},\"primaryImageOfPage\":{\"@id\":\"https:\\\/\\\/iraurgiberritzen.eus\\\/es\\\/fomento-de-la-competitividad-empresarial-a-traves-de-la-gobernanza-de-urola-erdia\\\/#primaryimage\"},\"image\":{\"@id\":\"https:\\\/\\\/iraurgiberritzen.eus\\\/es\\\/fomento-de-la-competitividad-empresarial-a-traves-de-la-gobernanza-de-urola-erdia\\\/#primaryimage\"},\"thumbnailUrl\":\"https:\\\/\\\/iraurgiberritzen.eus\\\/wp-content\\\/uploads\\\/2023\\\/09\\\/81d7959d6ac82061e9b059ba05e22fc8.jpg\",\"datePublished\":\"2020-07-24T03:49:46+00:00\",\"breadcrumb\":{\"@id\":\"https:\\\/\\\/iraurgiberritzen.eus\\\/es\\\/fomento-de-la-competitividad-empresarial-a-traves-de-la-gobernanza-de-urola-erdia\\\/#breadcrumb\"},\"inLanguage\":\"es\",\"potentialAction\":[{\"@type\":\"ReadAction\",\"target\":[\"https:\\\/\\\/iraurgiberritzen.eus\\\/es\\\/fomento-de-la-competitividad-empresarial-a-traves-de-la-gobernanza-de-urola-erdia\\\/\"]}]},{\"@type\":\"ImageObject\",\"inLanguage\":\"es\",\"@id\":\"https:\\\/\\\/iraurgiberritzen.eus\\\/es\\\/fomento-de-la-competitividad-empresarial-a-traves-de-la-gobernanza-de-urola-erdia\\\/#primaryimage\",\"url\":\"https:\\\/\\\/iraurgiberritzen.eus\\\/wp-content\\\/uploads\\\/2023\\\/09\\\/81d7959d6ac82061e9b059ba05e22fc8.jpg\",\"contentUrl\":\"https:\\\/\\\/iraurgiberritzen.eus\\\/wp-content\\\/uploads\\\/2023\\\/09\\\/81d7959d6ac82061e9b059ba05e22fc8.jpg\",\"width\":600,\"height\":386},{\"@type\":\"BreadcrumbList\",\"@id\":\"https:\\\/\\\/iraurgiberritzen.eus\\\/es\\\/fomento-de-la-competitividad-empresarial-a-traves-de-la-gobernanza-de-urola-erdia\\\/#breadcrumb\",\"itemListElement\":[{\"@type\":\"ListItem\",\"position\":1,\"name\":\"Home\",\"item\":\"https:\\\/\\\/iraurgiberritzen.eus\\\/es\\\/\"},{\"@type\":\"ListItem\",\"position\":2,\"name\":\"Fomento de la Competitividad Empresarial a trav\u00e9s de la Gobernanza de Urola Erdia\"}]},{\"@type\":\"WebSite\",\"@id\":\"https:\\\/\\\/iraurgiberritzen.eus\\\/es\\\/#website\",\"url\":\"https:\\\/\\\/iraurgiberritzen.eus\\\/es\\\/\",\"name\":\"Iraurgi Berritzen\",\"description\":\"Urola Erdiko Garapen Agentzia\",\"publisher\":{\"@id\":\"https:\\\/\\\/iraurgiberritzen.eus\\\/es\\\/#organization\"},\"potentialAction\":[{\"@type\":\"SearchAction\",\"target\":{\"@type\":\"EntryPoint\",\"urlTemplate\":\"https:\\\/\\\/iraurgiberritzen.eus\\\/es\\\/?s={search_term_string}\"},\"query-input\":{\"@type\":\"PropertyValueSpecification\",\"valueRequired\":true,\"valueName\":\"search_term_string\"}}],\"inLanguage\":\"es\"},{\"@type\":\"Organization\",\"@id\":\"https:\\\/\\\/iraurgiberritzen.eus\\\/es\\\/#organization\",\"name\":\"Iraurgi Berritzen\",\"url\":\"https:\\\/\\\/iraurgiberritzen.eus\\\/es\\\/\",\"logo\":{\"@type\":\"ImageObject\",\"inLanguage\":\"es\",\"@id\":\"https:\\\/\\\/iraurgiberritzen.eus\\\/es\\\/#\\\/schema\\\/logo\\\/image\\\/\",\"url\":\"https:\\\/\\\/iraurgiberritzen.eus\\\/wp-content\\\/uploads\\\/2024\\\/02\\\/IRAURGI-BERRITZEN-logotipoa_2.png\",\"contentUrl\":\"https:\\\/\\\/iraurgiberritzen.eus\\\/wp-content\\\/uploads\\\/2024\\\/02\\\/IRAURGI-BERRITZEN-logotipoa_2.png\",\"width\":496,\"height\":190,\"caption\":\"Iraurgi Berritzen\"},\"image\":{\"@id\":\"https:\\\/\\\/iraurgiberritzen.eus\\\/es\\\/#\\\/schema\\\/logo\\\/image\\\/\"}},{\"@type\":\"Person\",\"@id\":\"https:\\\/\\\/iraurgiberritzen.eus\\\/es\\\/#\\\/schema\\\/person\\\/5ab41aaf388a9097177601ebf45738d2\",\"name\":\"kudeatzailea\",\"sameAs\":[\"https:\\\/\\\/iraurgiberritzen.eus\"]}]}<\/script>\n<!-- \/ Yoast SEO plugin. -->","yoast_head_json":{"title":"Fomento de la Competitividad Empresarial a trav\u00e9s de la Gobernanza de Urola Erdia - Iraurgi Berritzen","robots":{"index":"index","follow":"follow","max-snippet":"max-snippet:-1","max-image-preview":"max-image-preview:large","max-video-preview":"max-video-preview:-1"},"canonical":"https:\/\/iraurgiberritzen.eus\/es\/fomento-de-la-competitividad-empresarial-a-traves-de-la-gobernanza-de-urola-erdia\/","og_locale":"es_ES","og_type":"article","og_title":"Fomento de la Competitividad Empresarial a trav\u00e9s de la Gobernanza de Urola Erdia - Iraurgi Berritzen","og_description":"A propuesta de la Diputaci\u00f3n Foral de Gipuzkoa y Orkestra, el pasado 21 de julio se han presentado el modelo de gobernanza de Urola Erdia y el modelo de colaboraci\u00f3n que se trabaja en la comarca con el objetivo de fomentar la competitividad de las Pymes. Iker Estensoro, Director de Promoci\u00f3n Econ\u00f3mica de la Diputaci\u00f3n [&hellip;]","og_url":"https:\/\/iraurgiberritzen.eus\/es\/fomento-de-la-competitividad-empresarial-a-traves-de-la-gobernanza-de-urola-erdia\/","og_site_name":"Iraurgi Berritzen","article_published_time":"2020-07-24T03:49:46+00:00","author":"kudeatzailea","twitter_card":"summary_large_image","twitter_misc":{"Escrito por":"kudeatzailea","Tiempo de lectura":"3 minutos"},"schema":{"@context":"https:\/\/schema.org","@graph":[{"@type":"Article","@id":"https:\/\/iraurgiberritzen.eus\/es\/fomento-de-la-competitividad-empresarial-a-traves-de-la-gobernanza-de-urola-erdia\/#article","isPartOf":{"@id":"https:\/\/iraurgiberritzen.eus\/es\/fomento-de-la-competitividad-empresarial-a-traves-de-la-gobernanza-de-urola-erdia\/"},"author":{"name":"kudeatzailea","@id":"https:\/\/iraurgiberritzen.eus\/es\/#\/schema\/person\/5ab41aaf388a9097177601ebf45738d2"},"headline":"Fomento de la Competitividad Empresarial a trav\u00e9s de la Gobernanza de Urola Erdia","datePublished":"2020-07-24T03:49:46+00:00","mainEntityOfPage":{"@id":"https:\/\/iraurgiberritzen.eus\/es\/fomento-de-la-competitividad-empresarial-a-traves-de-la-gobernanza-de-urola-erdia\/"},"wordCount":535,"publisher":{"@id":"https:\/\/iraurgiberritzen.eus\/es\/#organization"},"image":{"@id":"https:\/\/iraurgiberritzen.eus\/es\/fomento-de-la-competitividad-empresarial-a-traves-de-la-gobernanza-de-urola-erdia\/#primaryimage"},"thumbnailUrl":"https:\/\/iraurgiberritzen.eus\/wp-content\/uploads\/2023\/09\/81d7959d6ac82061e9b059ba05e22fc8.jpg","articleSection":["Noticias"],"inLanguage":"es"},{"@type":"WebPage","@id":"https:\/\/iraurgiberritzen.eus\/es\/fomento-de-la-competitividad-empresarial-a-traves-de-la-gobernanza-de-urola-erdia\/","url":"https:\/\/iraurgiberritzen.eus\/es\/fomento-de-la-competitividad-empresarial-a-traves-de-la-gobernanza-de-urola-erdia\/","name":"Fomento de la Competitividad Empresarial a trav\u00e9s de la Gobernanza de Urola Erdia - Iraurgi Berritzen","isPartOf":{"@id":"https:\/\/iraurgiberritzen.eus\/es\/#website"},"primaryImageOfPage":{"@id":"https:\/\/iraurgiberritzen.eus\/es\/fomento-de-la-competitividad-empresarial-a-traves-de-la-gobernanza-de-urola-erdia\/#primaryimage"},"image":{"@id":"https:\/\/iraurgiberritzen.eus\/es\/fomento-de-la-competitividad-empresarial-a-traves-de-la-gobernanza-de-urola-erdia\/#primaryimage"},"thumbnailUrl":"https:\/\/iraurgiberritzen.eus\/wp-content\/uploads\/2023\/09\/81d7959d6ac82061e9b059ba05e22fc8.jpg","datePublished":"2020-07-24T03:49:46+00:00","breadcrumb":{"@id":"https:\/\/iraurgiberritzen.eus\/es\/fomento-de-la-competitividad-empresarial-a-traves-de-la-gobernanza-de-urola-erdia\/#breadcrumb"},"inLanguage":"es","potentialAction":[{"@type":"ReadAction","target":["https:\/\/iraurgiberritzen.eus\/es\/fomento-de-la-competitividad-empresarial-a-traves-de-la-gobernanza-de-urola-erdia\/"]}]},{"@type":"ImageObject","inLanguage":"es","@id":"https:\/\/iraurgiberritzen.eus\/es\/fomento-de-la-competitividad-empresarial-a-traves-de-la-gobernanza-de-urola-erdia\/#primaryimage","url":"https:\/\/iraurgiberritzen.eus\/wp-content\/uploads\/2023\/09\/81d7959d6ac82061e9b059ba05e22fc8.jpg","contentUrl":"https:\/\/iraurgiberritzen.eus\/wp-content\/uploads\/2023\/09\/81d7959d6ac82061e9b059ba05e22fc8.jpg","width":600,"height":386},{"@type":"BreadcrumbList","@id":"https:\/\/iraurgiberritzen.eus\/es\/fomento-de-la-competitividad-empresarial-a-traves-de-la-gobernanza-de-urola-erdia\/#breadcrumb","itemListElement":[{"@type":"ListItem","position":1,"name":"Home","item":"https:\/\/iraurgiberritzen.eus\/es\/"},{"@type":"ListItem","position":2,"name":"Fomento de la Competitividad Empresarial a trav\u00e9s de la Gobernanza de Urola Erdia"}]},{"@type":"WebSite","@id":"https:\/\/iraurgiberritzen.eus\/es\/#website","url":"https:\/\/iraurgiberritzen.eus\/es\/","name":"Iraurgi Berritzen","description":"Urola Erdiko Garapen Agentzia","publisher":{"@id":"https:\/\/iraurgiberritzen.eus\/es\/#organization"},"potentialAction":[{"@type":"SearchAction","target":{"@type":"EntryPoint","urlTemplate":"https:\/\/iraurgiberritzen.eus\/es\/?s={search_term_string}"},"query-input":{"@type":"PropertyValueSpecification","valueRequired":true,"valueName":"search_term_string"}}],"inLanguage":"es"},{"@type":"Organization","@id":"https:\/\/iraurgiberritzen.eus\/es\/#organization","name":"Iraurgi Berritzen","url":"https:\/\/iraurgiberritzen.eus\/es\/","logo":{"@type":"ImageObject","inLanguage":"es","@id":"https:\/\/iraurgiberritzen.eus\/es\/#\/schema\/logo\/image\/","url":"https:\/\/iraurgiberritzen.eus\/wp-content\/uploads\/2024\/02\/IRAURGI-BERRITZEN-logotipoa_2.png","contentUrl":"https:\/\/iraurgiberritzen.eus\/wp-content\/uploads\/2024\/02\/IRAURGI-BERRITZEN-logotipoa_2.png","width":496,"height":190,"caption":"Iraurgi Berritzen"},"image":{"@id":"https:\/\/iraurgiberritzen.eus\/es\/#\/schema\/logo\/image\/"}},{"@type":"Person","@id":"https:\/\/iraurgiberritzen.eus\/es\/#\/schema\/person\/5ab41aaf388a9097177601ebf45738d2","name":"kudeatzailea","sameAs":["https:\/\/iraurgiberritzen.eus"]}]}},"_links":{"self":[{"href":"https:\/\/iraurgiberritzen.eus\/es\/wp-json\/wp\/v2\/posts\/12927","targetHints":{"allow":["GET"]}}],"collection":[{"href":"https:\/\/iraurgiberritzen.eus\/es\/wp-json\/wp\/v2\/posts"}],"about":[{"href":"https:\/\/iraurgiberritzen.eus\/es\/wp-json\/wp\/v2\/types\/post"}],"author":[{"embeddable":true,"href":"https:\/\/iraurgiberritzen.eus\/es\/wp-json\/wp\/v2\/users\/1"}],"replies":[{"embeddable":true,"href":"https:\/\/iraurgiberritzen.eus\/es\/wp-json\/wp\/v2\/comments?post=12927"}],"version-history":[{"count":0,"href":"https:\/\/iraurgiberritzen.eus\/es\/wp-json\/wp\/v2\/posts\/12927\/revisions"}],"wp:featuredmedia":[{"embeddable":true,"href":"https:\/\/iraurgiberritzen.eus\/es\/wp-json\/wp\/v2\/media\/17704"}],"wp:attachment":[{"href":"https:\/\/iraurgiberritzen.eus\/es\/wp-json\/wp\/v2\/media?parent=12927"}],"wp:term":[{"taxonomy":"category","embeddable":true,"href":"https:\/\/iraurgiberritzen.eus\/es\/wp-json\/wp\/v2\/categories?post=12927"},{"taxonomy":"post_tag","embeddable":true,"href":"https:\/\/iraurgiberritzen.eus\/es\/wp-json\/wp\/v2\/tags?post=12927"}],"curies":[{"name":"wp","href":"https:\/\/api.w.org\/{rel}","templated":true}]}}