{"id":12930,"date":"2020-07-15T08:15:25","date_gmt":"2020-07-15T06:15:25","guid":{"rendered":"https:\/\/iraurgiberritzen.eus\/consejo-de-gestion-ib-celebrada-la-reunion-de-los-representantes-de-empresa-empleo-educacion-y-ayuntamientos\/"},"modified":"2020-07-15T08:15:25","modified_gmt":"2020-07-15T06:15:25","slug":"consejo-de-gestion-ib-celebrada-la-reunion-de-los-representantes-de-empresa-empleo-educacion-y-ayuntamientos","status":"publish","type":"post","link":"https:\/\/iraurgiberritzen.eus\/es\/consejo-de-gestion-ib-celebrada-la-reunion-de-los-representantes-de-empresa-empleo-educacion-y-ayuntamientos\/","title":{"rendered":"Consejo de Gesti\u00f3n IB: Celebrada la reuni\u00f3n de los representantes de empresa, empleo, educaci\u00f3n y ayuntamientos"},"content":{"rendered":"<p style=\"text-align: justify;\">El pasado 15 de julio, el Consejo, compuesto por representantes de los diferentes Gunes, celebr\u00f3 una reuni\u00f3n telem\u00e1tica<\/p>\n<p style=\"text-align: justify;\">En ella, compartieron la situaci\u00f3n de cada Gune, en el actual contexto de crisis, y las acciones puestas en marcha en las \u00faltimas semanas. Entre otros, se presentaron los avances realizados en proyectos de colaboraci\u00f3n entre diferentes agentes. Adem\u00e1s, se analiz\u00f3 la propuesta de un nuevo proyecto , de promoci\u00f3n de comarca sostenible \u00abAgenda 2030\u00bb.<\/p>\n<p style=\"text-align: justify;\">Se inform\u00f3 y se realiz\u00f3 una valoraci\u00f3n de las acciones realizadas en <strong>Enpresa Gunea<\/strong> en los \u00faltimos meses. Se puso en valor la participaci\u00f3n de los representantes municipales en las reuniones de trabajo llevadas a cabo en los \u00faltimos meses en Enpresa Gunea, o el desarrollo del programa \u00abIkasiz\u00bb entre empresas. Respecto a \u00e9ste \u00faltimo, se realiz\u00f3 una valoraci\u00f3n muy positiva de las reuniones telem\u00e1ticas que se han organizado en las \u00faltimas semanas para intercambiar experiencias y conocimientos en la gesti\u00f3n de la crisis. Por otro lado, tambi\u00e9n se puso en valor el servicio de intermediaci\u00f3n de ayudas , y los resultados obtenidos en la gesti\u00f3n de las subvenciones. Para finalizar, se inform\u00f3 de los resultados del estudio realizado para conocer la situaci\u00f3n del tejido industrial de la comarca y de las 3 l\u00edneas priorizadas a desarrollar con las empresas: \u00abRedefinici\u00f3n de la estrategia\u00bb, Gesti\u00f3n \u00abecon\u00f3mico-financiera\u00bb y Avances en la digitalizaci\u00f3n\u00bb.<\/p>\n<p style=\"text-align: justify;\">En cuanto a <strong>Enplegu Gunea<\/strong>, adem\u00e1s de presentarse los datos de desempleo de la comarca, se inform\u00f3 de los servicios y programas en marcha en el \u00e1rea de Empleo. Por otro lado, se present\u00f3 la red de colaboraci\u00f3n \u00abUrolanEkin\u00bb y su plan de acci\u00f3n. \u00c9sta se acaba de formar con 12 agentes de inserci\u00f3n socio-laboral de la comarca. Por otra parte, Lanbide inform\u00f3 de la puesta en marcha de l\u00edneas subvencionables dirigidas a Cooperativas y empresas de car\u00e1cter social.<\/p>\n<p style=\"text-align: justify;\">En<strong> Tokiko Garapen Gunea<\/strong> se explicaron las acciones llevadas a cabo en las \u00faltimas semanas. Los ayuntamientos, en el contexto de la crisis sanitaria, presentaron las medidas que han tomado en las \u00faltimas semanas y expresaron su preocupaci\u00f3n por el aumento de las necesidades en el \u00e1mbito de los servicios sociales. Asimismo, los representantes municipales, pusieron en valor la relaci\u00f3n que han mantenido en las \u00faltimas semanas con empresas y agentes socioecon\u00f3micos de la comarca. En esta situaci\u00f3n de excepci\u00f3n, ten\u00edan la necesidad de estos espacios de colaboraci\u00f3n. En la reuni\u00f3n de trabajo se puso en valor el modelo de gobernanza comarcal y se habl\u00f3 de la importancia de trabajar las relaciones de confianza.<\/p>\n<p style=\"text-align: justify;\">En <strong>Hezkuntza Gunea<\/strong>, tal y como declar\u00f3 el representante de Izarraitz Lanbide Heziketa, en los \u00faltimos meses han tenido que crear y adaptar tanto los procedimientos de \u00abProtocolo Sanitario\u00bb como los de \u00abOrganizaci\u00f3n Interna\u00bb. Asimismo, inform\u00f3 sobre las intenciones del centro de cara al curso 2020\/21. Por un lado, dio a conocer el nuevo ciclo de grado superior de \u00abintegraci\u00f3n Social\u00bb, complet\u00e1ndose la oferta del centro en los \u00faltimos tres cursos con dos nuevos ciclos. Por otro lado, dentro del proyecto \u00abElkar-Ekin\u00bb, Izarraitz Lanbide Heziketa anunci\u00f3 que se encargar\u00e1 de ofrecer el Certificado Profesional de Soldadura a los ciudadanos en situaci\u00f3n de exclusi\u00f3n, y en la misma l\u00ednea, dio a conocer su intenci\u00f3n de poner en marcha en oto\u00f1o un nuevo curso con compromiso de inserci\u00f3n laboral en materia de soldadura.<\/p>\n<p style=\"text-align: justify;\">En <strong>Hezkuntza Gunea, Gune de Centros Escolares<\/strong>, se dio cuenta de las acciones realizadas en los \u00faltimos meses mediante un resumen de los proyectos y l\u00edneas de trabajo previstas para el curso 2019\/20. Asimismo, se citaron los principales retos que han vivido los centros educativos ante la crisis sanitaria \u00abCovid-19\u00bb. Finalmente, de cara al curso 2020\/21, los diferentes centros se comprometieron a completar un plan que se adecuara al contexto de crisis \u00abCovid-19\u00bb y a seguir colaborando conjuntamente.<\/p>\n<p style=\"text-align: justify;\">Finalmente, el Consejo de Gesti\u00f3n acord\u00f3 trabajar en los pr\u00f3ximos meses la iniciativa \u00abAgenda 2030\u00bb, con visi\u00f3n comarcal y con la colaboraci\u00f3n de diferentes agentes.<\/p>\n","protected":false},"excerpt":{"rendered":"<p>El pasado 15 de julio, el Consejo, compuesto por representantes de los diferentes Gunes, celebr\u00f3 una reuni\u00f3n telem\u00e1tica En ella, compartieron la situaci\u00f3n de cada Gune, en el actual contexto de crisis, y las acciones puestas en marcha en las \u00faltimas semanas. Entre otros, se presentaron los avances realizados en proyectos de colaboraci\u00f3n entre diferentes [&hellip;]<\/p>\n","protected":false},"author":1,"featured_media":17705,"comment_status":"","ping_status":"closed","sticky":false,"template":"","format":"standard","meta":{"_acf_changed":false,"footnotes":""},"categories":[4],"tags":[],"class_list":["post-12930","post","type-post","status-publish","format-standard","has-post-thumbnail","hentry","category-noticias"],"acf":[],"yoast_head":"<!-- This site is optimized with the Yoast SEO plugin v27.4 - https:\/\/yoast.com\/product\/yoast-seo-wordpress\/ -->\n<title>Consejo de Gesti\u00f3n IB: Celebrada la reuni\u00f3n de los representantes de empresa, empleo, educaci\u00f3n y ayuntamientos - Iraurgi Berritzen<\/title>\n<meta name=\"robots\" content=\"index, follow, max-snippet:-1, max-image-preview:large, max-video-preview:-1\" \/>\n<link rel=\"canonical\" href=\"https:\/\/iraurgiberritzen.eus\/es\/consejo-de-gestion-ib-celebrada-la-reunion-de-los-representantes-de-empresa-empleo-educacion-y-ayuntamientos\/\" \/>\n<meta property=\"og:locale\" content=\"es_ES\" \/>\n<meta property=\"og:type\" content=\"article\" \/>\n<meta property=\"og:title\" content=\"Consejo de Gesti\u00f3n IB: Celebrada la reuni\u00f3n de los representantes de empresa, empleo, educaci\u00f3n y ayuntamientos - Iraurgi Berritzen\" \/>\n<meta property=\"og:description\" content=\"El pasado 15 de julio, el Consejo, compuesto por representantes de los diferentes Gunes, celebr\u00f3 una reuni\u00f3n telem\u00e1tica En ella, compartieron la situaci\u00f3n de cada Gune, en el actual contexto de crisis, y las acciones puestas en marcha en las \u00faltimas semanas. Entre otros, se presentaron los avances realizados en proyectos de colaboraci\u00f3n entre diferentes [&hellip;]\" \/>\n<meta property=\"og:url\" content=\"https:\/\/iraurgiberritzen.eus\/es\/consejo-de-gestion-ib-celebrada-la-reunion-de-los-representantes-de-empresa-empleo-educacion-y-ayuntamientos\/\" \/>\n<meta property=\"og:site_name\" content=\"Iraurgi Berritzen\" \/>\n<meta property=\"article:published_time\" content=\"2020-07-15T06:15:25+00:00\" \/>\n<meta name=\"author\" content=\"kudeatzailea\" \/>\n<meta name=\"twitter:card\" content=\"summary_large_image\" \/>\n<meta name=\"twitter:label1\" content=\"Escrito por\" \/>\n\t<meta name=\"twitter:data1\" content=\"kudeatzailea\" \/>\n\t<meta name=\"twitter:label2\" content=\"Tiempo de lectura\" \/>\n\t<meta name=\"twitter:data2\" content=\"3 minutos\" \/>\n<script type=\"application\/ld+json\" class=\"yoast-schema-graph\">{\"@context\":\"https:\\\/\\\/schema.org\",\"@graph\":[{\"@type\":\"Article\",\"@id\":\"https:\\\/\\\/iraurgiberritzen.eus\\\/es\\\/consejo-de-gestion-ib-celebrada-la-reunion-de-los-representantes-de-empresa-empleo-educacion-y-ayuntamientos\\\/#article\",\"isPartOf\":{\"@id\":\"https:\\\/\\\/iraurgiberritzen.eus\\\/es\\\/consejo-de-gestion-ib-celebrada-la-reunion-de-los-representantes-de-empresa-empleo-educacion-y-ayuntamientos\\\/\"},\"author\":{\"name\":\"kudeatzailea\",\"@id\":\"https:\\\/\\\/iraurgiberritzen.eus\\\/es\\\/#\\\/schema\\\/person\\\/5ab41aaf388a9097177601ebf45738d2\"},\"headline\":\"Consejo de Gesti\u00f3n IB: Celebrada la reuni\u00f3n de los representantes de empresa, empleo, educaci\u00f3n y ayuntamientos\",\"datePublished\":\"2020-07-15T06:15:25+00:00\",\"mainEntityOfPage\":{\"@id\":\"https:\\\/\\\/iraurgiberritzen.eus\\\/es\\\/consejo-de-gestion-ib-celebrada-la-reunion-de-los-representantes-de-empresa-empleo-educacion-y-ayuntamientos\\\/\"},\"wordCount\":708,\"publisher\":{\"@id\":\"https:\\\/\\\/iraurgiberritzen.eus\\\/es\\\/#organization\"},\"image\":{\"@id\":\"https:\\\/\\\/iraurgiberritzen.eus\\\/es\\\/consejo-de-gestion-ib-celebrada-la-reunion-de-los-representantes-de-empresa-empleo-educacion-y-ayuntamientos\\\/#primaryimage\"},\"thumbnailUrl\":\"https:\\\/\\\/iraurgiberritzen.eus\\\/wp-content\\\/uploads\\\/2023\\\/09\\\/823d7f7cd8e199f1a5c37ae82ff6053d.jpg\",\"articleSection\":[\"Noticias\"],\"inLanguage\":\"es\"},{\"@type\":\"WebPage\",\"@id\":\"https:\\\/\\\/iraurgiberritzen.eus\\\/es\\\/consejo-de-gestion-ib-celebrada-la-reunion-de-los-representantes-de-empresa-empleo-educacion-y-ayuntamientos\\\/\",\"url\":\"https:\\\/\\\/iraurgiberritzen.eus\\\/es\\\/consejo-de-gestion-ib-celebrada-la-reunion-de-los-representantes-de-empresa-empleo-educacion-y-ayuntamientos\\\/\",\"name\":\"Consejo de Gesti\u00f3n IB: Celebrada la reuni\u00f3n de los representantes de empresa, empleo, educaci\u00f3n y ayuntamientos - Iraurgi Berritzen\",\"isPartOf\":{\"@id\":\"https:\\\/\\\/iraurgiberritzen.eus\\\/es\\\/#website\"},\"primaryImageOfPage\":{\"@id\":\"https:\\\/\\\/iraurgiberritzen.eus\\\/es\\\/consejo-de-gestion-ib-celebrada-la-reunion-de-los-representantes-de-empresa-empleo-educacion-y-ayuntamientos\\\/#primaryimage\"},\"image\":{\"@id\":\"https:\\\/\\\/iraurgiberritzen.eus\\\/es\\\/consejo-de-gestion-ib-celebrada-la-reunion-de-los-representantes-de-empresa-empleo-educacion-y-ayuntamientos\\\/#primaryimage\"},\"thumbnailUrl\":\"https:\\\/\\\/iraurgiberritzen.eus\\\/wp-content\\\/uploads\\\/2023\\\/09\\\/823d7f7cd8e199f1a5c37ae82ff6053d.jpg\",\"datePublished\":\"2020-07-15T06:15:25+00:00\",\"breadcrumb\":{\"@id\":\"https:\\\/\\\/iraurgiberritzen.eus\\\/es\\\/consejo-de-gestion-ib-celebrada-la-reunion-de-los-representantes-de-empresa-empleo-educacion-y-ayuntamientos\\\/#breadcrumb\"},\"inLanguage\":\"es\",\"potentialAction\":[{\"@type\":\"ReadAction\",\"target\":[\"https:\\\/\\\/iraurgiberritzen.eus\\\/es\\\/consejo-de-gestion-ib-celebrada-la-reunion-de-los-representantes-de-empresa-empleo-educacion-y-ayuntamientos\\\/\"]}]},{\"@type\":\"ImageObject\",\"inLanguage\":\"es\",\"@id\":\"https:\\\/\\\/iraurgiberritzen.eus\\\/es\\\/consejo-de-gestion-ib-celebrada-la-reunion-de-los-representantes-de-empresa-empleo-educacion-y-ayuntamientos\\\/#primaryimage\",\"url\":\"https:\\\/\\\/iraurgiberritzen.eus\\\/wp-content\\\/uploads\\\/2023\\\/09\\\/823d7f7cd8e199f1a5c37ae82ff6053d.jpg\",\"contentUrl\":\"https:\\\/\\\/iraurgiberritzen.eus\\\/wp-content\\\/uploads\\\/2023\\\/09\\\/823d7f7cd8e199f1a5c37ae82ff6053d.jpg\",\"width\":600,\"height\":386},{\"@type\":\"BreadcrumbList\",\"@id\":\"https:\\\/\\\/iraurgiberritzen.eus\\\/es\\\/consejo-de-gestion-ib-celebrada-la-reunion-de-los-representantes-de-empresa-empleo-educacion-y-ayuntamientos\\\/#breadcrumb\",\"itemListElement\":[{\"@type\":\"ListItem\",\"position\":1,\"name\":\"Home\",\"item\":\"https:\\\/\\\/iraurgiberritzen.eus\\\/es\\\/\"},{\"@type\":\"ListItem\",\"position\":2,\"name\":\"Consejo de Gesti\u00f3n IB: Celebrada la reuni\u00f3n de los representantes de empresa, empleo, educaci\u00f3n y ayuntamientos\"}]},{\"@type\":\"WebSite\",\"@id\":\"https:\\\/\\\/iraurgiberritzen.eus\\\/es\\\/#website\",\"url\":\"https:\\\/\\\/iraurgiberritzen.eus\\\/es\\\/\",\"name\":\"Iraurgi Berritzen\",\"description\":\"Urola Erdiko Garapen Agentzia\",\"publisher\":{\"@id\":\"https:\\\/\\\/iraurgiberritzen.eus\\\/es\\\/#organization\"},\"potentialAction\":[{\"@type\":\"SearchAction\",\"target\":{\"@type\":\"EntryPoint\",\"urlTemplate\":\"https:\\\/\\\/iraurgiberritzen.eus\\\/es\\\/?s={search_term_string}\"},\"query-input\":{\"@type\":\"PropertyValueSpecification\",\"valueRequired\":true,\"valueName\":\"search_term_string\"}}],\"inLanguage\":\"es\"},{\"@type\":\"Organization\",\"@id\":\"https:\\\/\\\/iraurgiberritzen.eus\\\/es\\\/#organization\",\"name\":\"Iraurgi Berritzen\",\"url\":\"https:\\\/\\\/iraurgiberritzen.eus\\\/es\\\/\",\"logo\":{\"@type\":\"ImageObject\",\"inLanguage\":\"es\",\"@id\":\"https:\\\/\\\/iraurgiberritzen.eus\\\/es\\\/#\\\/schema\\\/logo\\\/image\\\/\",\"url\":\"https:\\\/\\\/iraurgiberritzen.eus\\\/wp-content\\\/uploads\\\/2024\\\/02\\\/IRAURGI-BERRITZEN-logotipoa_2.png\",\"contentUrl\":\"https:\\\/\\\/iraurgiberritzen.eus\\\/wp-content\\\/uploads\\\/2024\\\/02\\\/IRAURGI-BERRITZEN-logotipoa_2.png\",\"width\":496,\"height\":190,\"caption\":\"Iraurgi Berritzen\"},\"image\":{\"@id\":\"https:\\\/\\\/iraurgiberritzen.eus\\\/es\\\/#\\\/schema\\\/logo\\\/image\\\/\"}},{\"@type\":\"Person\",\"@id\":\"https:\\\/\\\/iraurgiberritzen.eus\\\/es\\\/#\\\/schema\\\/person\\\/5ab41aaf388a9097177601ebf45738d2\",\"name\":\"kudeatzailea\",\"sameAs\":[\"https:\\\/\\\/iraurgiberritzen.eus\"]}]}<\/script>\n<!-- \/ Yoast SEO plugin. -->","yoast_head_json":{"title":"Consejo de Gesti\u00f3n IB: Celebrada la reuni\u00f3n de los representantes de empresa, empleo, educaci\u00f3n y ayuntamientos - Iraurgi Berritzen","robots":{"index":"index","follow":"follow","max-snippet":"max-snippet:-1","max-image-preview":"max-image-preview:large","max-video-preview":"max-video-preview:-1"},"canonical":"https:\/\/iraurgiberritzen.eus\/es\/consejo-de-gestion-ib-celebrada-la-reunion-de-los-representantes-de-empresa-empleo-educacion-y-ayuntamientos\/","og_locale":"es_ES","og_type":"article","og_title":"Consejo de Gesti\u00f3n IB: Celebrada la reuni\u00f3n de los representantes de empresa, empleo, educaci\u00f3n y ayuntamientos - Iraurgi Berritzen","og_description":"El pasado 15 de julio, el Consejo, compuesto por representantes de los diferentes Gunes, celebr\u00f3 una reuni\u00f3n telem\u00e1tica En ella, compartieron la situaci\u00f3n de cada Gune, en el actual contexto de crisis, y las acciones puestas en marcha en las \u00faltimas semanas. Entre otros, se presentaron los avances realizados en proyectos de colaboraci\u00f3n entre diferentes [&hellip;]","og_url":"https:\/\/iraurgiberritzen.eus\/es\/consejo-de-gestion-ib-celebrada-la-reunion-de-los-representantes-de-empresa-empleo-educacion-y-ayuntamientos\/","og_site_name":"Iraurgi Berritzen","article_published_time":"2020-07-15T06:15:25+00:00","author":"kudeatzailea","twitter_card":"summary_large_image","twitter_misc":{"Escrito por":"kudeatzailea","Tiempo de lectura":"3 minutos"},"schema":{"@context":"https:\/\/schema.org","@graph":[{"@type":"Article","@id":"https:\/\/iraurgiberritzen.eus\/es\/consejo-de-gestion-ib-celebrada-la-reunion-de-los-representantes-de-empresa-empleo-educacion-y-ayuntamientos\/#article","isPartOf":{"@id":"https:\/\/iraurgiberritzen.eus\/es\/consejo-de-gestion-ib-celebrada-la-reunion-de-los-representantes-de-empresa-empleo-educacion-y-ayuntamientos\/"},"author":{"name":"kudeatzailea","@id":"https:\/\/iraurgiberritzen.eus\/es\/#\/schema\/person\/5ab41aaf388a9097177601ebf45738d2"},"headline":"Consejo de Gesti\u00f3n IB: Celebrada la reuni\u00f3n de los representantes de empresa, empleo, educaci\u00f3n y ayuntamientos","datePublished":"2020-07-15T06:15:25+00:00","mainEntityOfPage":{"@id":"https:\/\/iraurgiberritzen.eus\/es\/consejo-de-gestion-ib-celebrada-la-reunion-de-los-representantes-de-empresa-empleo-educacion-y-ayuntamientos\/"},"wordCount":708,"publisher":{"@id":"https:\/\/iraurgiberritzen.eus\/es\/#organization"},"image":{"@id":"https:\/\/iraurgiberritzen.eus\/es\/consejo-de-gestion-ib-celebrada-la-reunion-de-los-representantes-de-empresa-empleo-educacion-y-ayuntamientos\/#primaryimage"},"thumbnailUrl":"https:\/\/iraurgiberritzen.eus\/wp-content\/uploads\/2023\/09\/823d7f7cd8e199f1a5c37ae82ff6053d.jpg","articleSection":["Noticias"],"inLanguage":"es"},{"@type":"WebPage","@id":"https:\/\/iraurgiberritzen.eus\/es\/consejo-de-gestion-ib-celebrada-la-reunion-de-los-representantes-de-empresa-empleo-educacion-y-ayuntamientos\/","url":"https:\/\/iraurgiberritzen.eus\/es\/consejo-de-gestion-ib-celebrada-la-reunion-de-los-representantes-de-empresa-empleo-educacion-y-ayuntamientos\/","name":"Consejo de Gesti\u00f3n IB: Celebrada la reuni\u00f3n de los representantes de empresa, empleo, educaci\u00f3n y ayuntamientos - Iraurgi Berritzen","isPartOf":{"@id":"https:\/\/iraurgiberritzen.eus\/es\/#website"},"primaryImageOfPage":{"@id":"https:\/\/iraurgiberritzen.eus\/es\/consejo-de-gestion-ib-celebrada-la-reunion-de-los-representantes-de-empresa-empleo-educacion-y-ayuntamientos\/#primaryimage"},"image":{"@id":"https:\/\/iraurgiberritzen.eus\/es\/consejo-de-gestion-ib-celebrada-la-reunion-de-los-representantes-de-empresa-empleo-educacion-y-ayuntamientos\/#primaryimage"},"thumbnailUrl":"https:\/\/iraurgiberritzen.eus\/wp-content\/uploads\/2023\/09\/823d7f7cd8e199f1a5c37ae82ff6053d.jpg","datePublished":"2020-07-15T06:15:25+00:00","breadcrumb":{"@id":"https:\/\/iraurgiberritzen.eus\/es\/consejo-de-gestion-ib-celebrada-la-reunion-de-los-representantes-de-empresa-empleo-educacion-y-ayuntamientos\/#breadcrumb"},"inLanguage":"es","potentialAction":[{"@type":"ReadAction","target":["https:\/\/iraurgiberritzen.eus\/es\/consejo-de-gestion-ib-celebrada-la-reunion-de-los-representantes-de-empresa-empleo-educacion-y-ayuntamientos\/"]}]},{"@type":"ImageObject","inLanguage":"es","@id":"https:\/\/iraurgiberritzen.eus\/es\/consejo-de-gestion-ib-celebrada-la-reunion-de-los-representantes-de-empresa-empleo-educacion-y-ayuntamientos\/#primaryimage","url":"https:\/\/iraurgiberritzen.eus\/wp-content\/uploads\/2023\/09\/823d7f7cd8e199f1a5c37ae82ff6053d.jpg","contentUrl":"https:\/\/iraurgiberritzen.eus\/wp-content\/uploads\/2023\/09\/823d7f7cd8e199f1a5c37ae82ff6053d.jpg","width":600,"height":386},{"@type":"BreadcrumbList","@id":"https:\/\/iraurgiberritzen.eus\/es\/consejo-de-gestion-ib-celebrada-la-reunion-de-los-representantes-de-empresa-empleo-educacion-y-ayuntamientos\/#breadcrumb","itemListElement":[{"@type":"ListItem","position":1,"name":"Home","item":"https:\/\/iraurgiberritzen.eus\/es\/"},{"@type":"ListItem","position":2,"name":"Consejo de Gesti\u00f3n IB: Celebrada la reuni\u00f3n de los representantes de empresa, empleo, educaci\u00f3n y ayuntamientos"}]},{"@type":"WebSite","@id":"https:\/\/iraurgiberritzen.eus\/es\/#website","url":"https:\/\/iraurgiberritzen.eus\/es\/","name":"Iraurgi Berritzen","description":"Urola Erdiko Garapen Agentzia","publisher":{"@id":"https:\/\/iraurgiberritzen.eus\/es\/#organization"},"potentialAction":[{"@type":"SearchAction","target":{"@type":"EntryPoint","urlTemplate":"https:\/\/iraurgiberritzen.eus\/es\/?s={search_term_string}"},"query-input":{"@type":"PropertyValueSpecification","valueRequired":true,"valueName":"search_term_string"}}],"inLanguage":"es"},{"@type":"Organization","@id":"https:\/\/iraurgiberritzen.eus\/es\/#organization","name":"Iraurgi Berritzen","url":"https:\/\/iraurgiberritzen.eus\/es\/","logo":{"@type":"ImageObject","inLanguage":"es","@id":"https:\/\/iraurgiberritzen.eus\/es\/#\/schema\/logo\/image\/","url":"https:\/\/iraurgiberritzen.eus\/wp-content\/uploads\/2024\/02\/IRAURGI-BERRITZEN-logotipoa_2.png","contentUrl":"https:\/\/iraurgiberritzen.eus\/wp-content\/uploads\/2024\/02\/IRAURGI-BERRITZEN-logotipoa_2.png","width":496,"height":190,"caption":"Iraurgi Berritzen"},"image":{"@id":"https:\/\/iraurgiberritzen.eus\/es\/#\/schema\/logo\/image\/"}},{"@type":"Person","@id":"https:\/\/iraurgiberritzen.eus\/es\/#\/schema\/person\/5ab41aaf388a9097177601ebf45738d2","name":"kudeatzailea","sameAs":["https:\/\/iraurgiberritzen.eus"]}]}},"_links":{"self":[{"href":"https:\/\/iraurgiberritzen.eus\/es\/wp-json\/wp\/v2\/posts\/12930","targetHints":{"allow":["GET"]}}],"collection":[{"href":"https:\/\/iraurgiberritzen.eus\/es\/wp-json\/wp\/v2\/posts"}],"about":[{"href":"https:\/\/iraurgiberritzen.eus\/es\/wp-json\/wp\/v2\/types\/post"}],"author":[{"embeddable":true,"href":"https:\/\/iraurgiberritzen.eus\/es\/wp-json\/wp\/v2\/users\/1"}],"replies":[{"embeddable":true,"href":"https:\/\/iraurgiberritzen.eus\/es\/wp-json\/wp\/v2\/comments?post=12930"}],"version-history":[{"count":0,"href":"https:\/\/iraurgiberritzen.eus\/es\/wp-json\/wp\/v2\/posts\/12930\/revisions"}],"wp:featuredmedia":[{"embeddable":true,"href":"https:\/\/iraurgiberritzen.eus\/es\/wp-json\/wp\/v2\/media\/17705"}],"wp:attachment":[{"href":"https:\/\/iraurgiberritzen.eus\/es\/wp-json\/wp\/v2\/media?parent=12930"}],"wp:term":[{"taxonomy":"category","embeddable":true,"href":"https:\/\/iraurgiberritzen.eus\/es\/wp-json\/wp\/v2\/categories?post=12930"},{"taxonomy":"post_tag","embeddable":true,"href":"https:\/\/iraurgiberritzen.eus\/es\/wp-json\/wp\/v2\/tags?post=12930"}],"curies":[{"name":"wp","href":"https:\/\/api.w.org\/{rel}","templated":true}]}}