{"id":12936,"date":"2020-10-01T13:14:02","date_gmt":"2020-10-01T11:14:02","guid":{"rendered":"https:\/\/iraurgiberritzen.eus\/servicios-del-area-de-empleo-dirigidos-a-diferentes-agentes-y-personas-de-la-comarca\/"},"modified":"2020-10-01T13:14:02","modified_gmt":"2020-10-01T11:14:02","slug":"servicios-del-area-de-empleo-dirigidos-a-diferentes-agentes-y-personas-de-la-comarca","status":"publish","type":"post","link":"https:\/\/iraurgiberritzen.eus\/es\/servicios-del-area-de-empleo-dirigidos-a-diferentes-agentes-y-personas-de-la-comarca\/","title":{"rendered":"Servicios del \u00c1rea de Empleo dirigidos a diferentes agentes y personas de la comarca"},"content":{"rendered":"<p>Desde el \u00e1rea de Empleo, cuyo objetivo es impulsar el empleo y la formaci\u00f3n para la empleabilidad de las personas de la comarca, recordamos los servicios que est\u00e1n en activo y a vuestra disposici\u00f3n, dirigidos a diferentes agentes y personas de la comarca, como medidas de apoyo para afrontar la actual situaci\u00f3n.<\/p>\n<ul>\n<li><strong>Servicios a Empresas:<\/strong>\n<ul>\n<li>Difusi\u00f3n\u202fy gesti\u00f3n de ofertas de trabajo. (<a href=\"https:\/\/www.urolanprest.eus\/es\/\" target=\"_blank\" rel=\"noopener\">www.urolanprest.eus<\/a>)<\/li>\n<li>Captaci\u00f3n\u202fde personas\u202fcandidatas de la\u202fcomarca.<\/li>\n<li>KAP (Proyecto Fin de Grado) y gesti\u00f3n de pr\u00e1cticas.<\/li>\n<li>Bolet\u00edn mensual de perfiles laborales de personas desempleadas.<\/li>\n<li>Programa Hazilan: 200h de pr\u00e1cticas en empresas de la zona.<\/li>\n<li>Programa Lehen Aukera: contrataci\u00f3n por empresas vascas de personas j\u00f3venes desempleadas, con titulaci\u00f3n o formaci\u00f3n, con escasa o nula experiencia en trabajos relacionados con su titulaci\u00f3n.<\/li>\n<\/ul>\n<\/li>\n<\/ul>\n<p>Adem\u00e1s de estos servicios a las empresas, tambi\u00e9n se ofrecen otros servicios dirigidos a:<\/p>\n<ul>\n<li><strong>Personas desempleadas: Orientaci\u00f3n personalizada.<\/strong><\/li>\n<li><strong>Personas trabajadoras:<\/strong> Oferta\u202factualizada\u202fde\u202fcursos\u202fde formaci\u00f3n\u202fy\u202fofertas de\u202fempleo.<\/li>\n<li><strong>Centros educativos<\/strong>:Jornadas\u202fde orientaci\u00f3n dirigidas a\u202f la \u202felecci\u00f3n\u202fde la futura trayectoria\u202facad\u00e9mica.<\/li>\n<li><strong>Personas estudiantes<\/strong>: Informaci\u00f3n\u202fsobre el mercado laboral\u202fcomarcal.<\/li>\n<\/ul>\n<p>Se puede encontrar m\u00e1s informaci\u00f3n el siguiente enlace: <a href=\"index.php\/es\/enplegua\/enplegu-eta-orientazio-zerbitzua\" target=\"_blank\" rel=\"noopener\">Servicios del Area de Empleo<\/a><\/p>\n","protected":false},"excerpt":{"rendered":"<p>Desde el \u00e1rea de Empleo, cuyo objetivo es impulsar el empleo y la formaci\u00f3n para la empleabilidad de las personas de la comarca, recordamos los servicios que est\u00e1n en activo y a vuestra disposici\u00f3n, dirigidos a diferentes agentes y personas de la comarca, como medidas de apoyo para afrontar la actual situaci\u00f3n. Servicios a Empresas: [&hellip;]<\/p>\n","protected":false},"author":1,"featured_media":17707,"comment_status":"","ping_status":"closed","sticky":false,"template":"","format":"standard","meta":{"_acf_changed":false,"footnotes":""},"categories":[4],"tags":[],"class_list":["post-12936","post","type-post","status-publish","format-standard","has-post-thumbnail","hentry","category-noticias"],"acf":[],"yoast_head":"<!-- This site is optimized with the Yoast SEO plugin v27.4 - https:\/\/yoast.com\/product\/yoast-seo-wordpress\/ -->\n<title>Servicios del \u00c1rea de Empleo dirigidos a diferentes agentes y personas de la comarca - Iraurgi Berritzen<\/title>\n<meta name=\"robots\" content=\"index, follow, max-snippet:-1, max-image-preview:large, max-video-preview:-1\" \/>\n<link rel=\"canonical\" href=\"https:\/\/iraurgiberritzen.eus\/es\/servicios-del-area-de-empleo-dirigidos-a-diferentes-agentes-y-personas-de-la-comarca\/\" \/>\n<meta property=\"og:locale\" content=\"es_ES\" \/>\n<meta property=\"og:type\" content=\"article\" \/>\n<meta property=\"og:title\" content=\"Servicios del \u00c1rea de Empleo dirigidos a diferentes agentes y personas de la comarca - Iraurgi Berritzen\" \/>\n<meta property=\"og:description\" content=\"Desde el \u00e1rea de Empleo, cuyo objetivo es impulsar el empleo y la formaci\u00f3n para la empleabilidad de las personas de la comarca, recordamos los servicios que est\u00e1n en activo y a vuestra disposici\u00f3n, dirigidos a diferentes agentes y personas de la comarca, como medidas de apoyo para afrontar la actual situaci\u00f3n. Servicios a Empresas: [&hellip;]\" \/>\n<meta property=\"og:url\" content=\"https:\/\/iraurgiberritzen.eus\/es\/servicios-del-area-de-empleo-dirigidos-a-diferentes-agentes-y-personas-de-la-comarca\/\" \/>\n<meta property=\"og:site_name\" content=\"Iraurgi Berritzen\" \/>\n<meta property=\"article:published_time\" content=\"2020-10-01T11:14:02+00:00\" \/>\n<meta name=\"author\" content=\"kudeatzailea\" \/>\n<meta name=\"twitter:card\" content=\"summary_large_image\" \/>\n<meta name=\"twitter:label1\" content=\"Escrito por\" \/>\n\t<meta name=\"twitter:data1\" content=\"kudeatzailea\" \/>\n\t<meta name=\"twitter:label2\" content=\"Tiempo de lectura\" \/>\n\t<meta name=\"twitter:data2\" content=\"1 minuto\" \/>\n<script type=\"application\/ld+json\" class=\"yoast-schema-graph\">{\"@context\":\"https:\\\/\\\/schema.org\",\"@graph\":[{\"@type\":\"Article\",\"@id\":\"https:\\\/\\\/iraurgiberritzen.eus\\\/es\\\/servicios-del-area-de-empleo-dirigidos-a-diferentes-agentes-y-personas-de-la-comarca\\\/#article\",\"isPartOf\":{\"@id\":\"https:\\\/\\\/iraurgiberritzen.eus\\\/es\\\/servicios-del-area-de-empleo-dirigidos-a-diferentes-agentes-y-personas-de-la-comarca\\\/\"},\"author\":{\"name\":\"kudeatzailea\",\"@id\":\"https:\\\/\\\/iraurgiberritzen.eus\\\/es\\\/#\\\/schema\\\/person\\\/5ab41aaf388a9097177601ebf45738d2\"},\"headline\":\"Servicios del \u00c1rea de Empleo dirigidos a diferentes agentes y personas de la comarca\",\"datePublished\":\"2020-10-01T11:14:02+00:00\",\"mainEntityOfPage\":{\"@id\":\"https:\\\/\\\/iraurgiberritzen.eus\\\/es\\\/servicios-del-area-de-empleo-dirigidos-a-diferentes-agentes-y-personas-de-la-comarca\\\/\"},\"wordCount\":230,\"publisher\":{\"@id\":\"https:\\\/\\\/iraurgiberritzen.eus\\\/es\\\/#organization\"},\"image\":{\"@id\":\"https:\\\/\\\/iraurgiberritzen.eus\\\/es\\\/servicios-del-area-de-empleo-dirigidos-a-diferentes-agentes-y-personas-de-la-comarca\\\/#primaryimage\"},\"thumbnailUrl\":\"https:\\\/\\\/iraurgiberritzen.eus\\\/wp-content\\\/uploads\\\/2023\\\/09\\\/9ea2fd39c455df0cf2159afcc971c01a.jpg\",\"articleSection\":[\"Noticias\"],\"inLanguage\":\"es\"},{\"@type\":\"WebPage\",\"@id\":\"https:\\\/\\\/iraurgiberritzen.eus\\\/es\\\/servicios-del-area-de-empleo-dirigidos-a-diferentes-agentes-y-personas-de-la-comarca\\\/\",\"url\":\"https:\\\/\\\/iraurgiberritzen.eus\\\/es\\\/servicios-del-area-de-empleo-dirigidos-a-diferentes-agentes-y-personas-de-la-comarca\\\/\",\"name\":\"Servicios del \u00c1rea de Empleo dirigidos a diferentes agentes y personas de la comarca - Iraurgi Berritzen\",\"isPartOf\":{\"@id\":\"https:\\\/\\\/iraurgiberritzen.eus\\\/es\\\/#website\"},\"primaryImageOfPage\":{\"@id\":\"https:\\\/\\\/iraurgiberritzen.eus\\\/es\\\/servicios-del-area-de-empleo-dirigidos-a-diferentes-agentes-y-personas-de-la-comarca\\\/#primaryimage\"},\"image\":{\"@id\":\"https:\\\/\\\/iraurgiberritzen.eus\\\/es\\\/servicios-del-area-de-empleo-dirigidos-a-diferentes-agentes-y-personas-de-la-comarca\\\/#primaryimage\"},\"thumbnailUrl\":\"https:\\\/\\\/iraurgiberritzen.eus\\\/wp-content\\\/uploads\\\/2023\\\/09\\\/9ea2fd39c455df0cf2159afcc971c01a.jpg\",\"datePublished\":\"2020-10-01T11:14:02+00:00\",\"breadcrumb\":{\"@id\":\"https:\\\/\\\/iraurgiberritzen.eus\\\/es\\\/servicios-del-area-de-empleo-dirigidos-a-diferentes-agentes-y-personas-de-la-comarca\\\/#breadcrumb\"},\"inLanguage\":\"es\",\"potentialAction\":[{\"@type\":\"ReadAction\",\"target\":[\"https:\\\/\\\/iraurgiberritzen.eus\\\/es\\\/servicios-del-area-de-empleo-dirigidos-a-diferentes-agentes-y-personas-de-la-comarca\\\/\"]}]},{\"@type\":\"ImageObject\",\"inLanguage\":\"es\",\"@id\":\"https:\\\/\\\/iraurgiberritzen.eus\\\/es\\\/servicios-del-area-de-empleo-dirigidos-a-diferentes-agentes-y-personas-de-la-comarca\\\/#primaryimage\",\"url\":\"https:\\\/\\\/iraurgiberritzen.eus\\\/wp-content\\\/uploads\\\/2023\\\/09\\\/9ea2fd39c455df0cf2159afcc971c01a.jpg\",\"contentUrl\":\"https:\\\/\\\/iraurgiberritzen.eus\\\/wp-content\\\/uploads\\\/2023\\\/09\\\/9ea2fd39c455df0cf2159afcc971c01a.jpg\",\"width\":600,\"height\":386},{\"@type\":\"BreadcrumbList\",\"@id\":\"https:\\\/\\\/iraurgiberritzen.eus\\\/es\\\/servicios-del-area-de-empleo-dirigidos-a-diferentes-agentes-y-personas-de-la-comarca\\\/#breadcrumb\",\"itemListElement\":[{\"@type\":\"ListItem\",\"position\":1,\"name\":\"Home\",\"item\":\"https:\\\/\\\/iraurgiberritzen.eus\\\/es\\\/\"},{\"@type\":\"ListItem\",\"position\":2,\"name\":\"Servicios del \u00c1rea de Empleo dirigidos a diferentes agentes y personas de la comarca\"}]},{\"@type\":\"WebSite\",\"@id\":\"https:\\\/\\\/iraurgiberritzen.eus\\\/es\\\/#website\",\"url\":\"https:\\\/\\\/iraurgiberritzen.eus\\\/es\\\/\",\"name\":\"Iraurgi Berritzen\",\"description\":\"Urola Erdiko Garapen Agentzia\",\"publisher\":{\"@id\":\"https:\\\/\\\/iraurgiberritzen.eus\\\/es\\\/#organization\"},\"potentialAction\":[{\"@type\":\"SearchAction\",\"target\":{\"@type\":\"EntryPoint\",\"urlTemplate\":\"https:\\\/\\\/iraurgiberritzen.eus\\\/es\\\/?s={search_term_string}\"},\"query-input\":{\"@type\":\"PropertyValueSpecification\",\"valueRequired\":true,\"valueName\":\"search_term_string\"}}],\"inLanguage\":\"es\"},{\"@type\":\"Organization\",\"@id\":\"https:\\\/\\\/iraurgiberritzen.eus\\\/es\\\/#organization\",\"name\":\"Iraurgi Berritzen\",\"url\":\"https:\\\/\\\/iraurgiberritzen.eus\\\/es\\\/\",\"logo\":{\"@type\":\"ImageObject\",\"inLanguage\":\"es\",\"@id\":\"https:\\\/\\\/iraurgiberritzen.eus\\\/es\\\/#\\\/schema\\\/logo\\\/image\\\/\",\"url\":\"https:\\\/\\\/iraurgiberritzen.eus\\\/wp-content\\\/uploads\\\/2024\\\/02\\\/IRAURGI-BERRITZEN-logotipoa_2.png\",\"contentUrl\":\"https:\\\/\\\/iraurgiberritzen.eus\\\/wp-content\\\/uploads\\\/2024\\\/02\\\/IRAURGI-BERRITZEN-logotipoa_2.png\",\"width\":496,\"height\":190,\"caption\":\"Iraurgi Berritzen\"},\"image\":{\"@id\":\"https:\\\/\\\/iraurgiberritzen.eus\\\/es\\\/#\\\/schema\\\/logo\\\/image\\\/\"}},{\"@type\":\"Person\",\"@id\":\"https:\\\/\\\/iraurgiberritzen.eus\\\/es\\\/#\\\/schema\\\/person\\\/5ab41aaf388a9097177601ebf45738d2\",\"name\":\"kudeatzailea\",\"sameAs\":[\"https:\\\/\\\/iraurgiberritzen.eus\"]}]}<\/script>\n<!-- \/ Yoast SEO plugin. -->","yoast_head_json":{"title":"Servicios del \u00c1rea de Empleo dirigidos a diferentes agentes y personas de la comarca - Iraurgi Berritzen","robots":{"index":"index","follow":"follow","max-snippet":"max-snippet:-1","max-image-preview":"max-image-preview:large","max-video-preview":"max-video-preview:-1"},"canonical":"https:\/\/iraurgiberritzen.eus\/es\/servicios-del-area-de-empleo-dirigidos-a-diferentes-agentes-y-personas-de-la-comarca\/","og_locale":"es_ES","og_type":"article","og_title":"Servicios del \u00c1rea de Empleo dirigidos a diferentes agentes y personas de la comarca - Iraurgi Berritzen","og_description":"Desde el \u00e1rea de Empleo, cuyo objetivo es impulsar el empleo y la formaci\u00f3n para la empleabilidad de las personas de la comarca, recordamos los servicios que est\u00e1n en activo y a vuestra disposici\u00f3n, dirigidos a diferentes agentes y personas de la comarca, como medidas de apoyo para afrontar la actual situaci\u00f3n. Servicios a Empresas: [&hellip;]","og_url":"https:\/\/iraurgiberritzen.eus\/es\/servicios-del-area-de-empleo-dirigidos-a-diferentes-agentes-y-personas-de-la-comarca\/","og_site_name":"Iraurgi Berritzen","article_published_time":"2020-10-01T11:14:02+00:00","author":"kudeatzailea","twitter_card":"summary_large_image","twitter_misc":{"Escrito por":"kudeatzailea","Tiempo de lectura":"1 minuto"},"schema":{"@context":"https:\/\/schema.org","@graph":[{"@type":"Article","@id":"https:\/\/iraurgiberritzen.eus\/es\/servicios-del-area-de-empleo-dirigidos-a-diferentes-agentes-y-personas-de-la-comarca\/#article","isPartOf":{"@id":"https:\/\/iraurgiberritzen.eus\/es\/servicios-del-area-de-empleo-dirigidos-a-diferentes-agentes-y-personas-de-la-comarca\/"},"author":{"name":"kudeatzailea","@id":"https:\/\/iraurgiberritzen.eus\/es\/#\/schema\/person\/5ab41aaf388a9097177601ebf45738d2"},"headline":"Servicios del \u00c1rea de Empleo dirigidos a diferentes agentes y personas de la comarca","datePublished":"2020-10-01T11:14:02+00:00","mainEntityOfPage":{"@id":"https:\/\/iraurgiberritzen.eus\/es\/servicios-del-area-de-empleo-dirigidos-a-diferentes-agentes-y-personas-de-la-comarca\/"},"wordCount":230,"publisher":{"@id":"https:\/\/iraurgiberritzen.eus\/es\/#organization"},"image":{"@id":"https:\/\/iraurgiberritzen.eus\/es\/servicios-del-area-de-empleo-dirigidos-a-diferentes-agentes-y-personas-de-la-comarca\/#primaryimage"},"thumbnailUrl":"https:\/\/iraurgiberritzen.eus\/wp-content\/uploads\/2023\/09\/9ea2fd39c455df0cf2159afcc971c01a.jpg","articleSection":["Noticias"],"inLanguage":"es"},{"@type":"WebPage","@id":"https:\/\/iraurgiberritzen.eus\/es\/servicios-del-area-de-empleo-dirigidos-a-diferentes-agentes-y-personas-de-la-comarca\/","url":"https:\/\/iraurgiberritzen.eus\/es\/servicios-del-area-de-empleo-dirigidos-a-diferentes-agentes-y-personas-de-la-comarca\/","name":"Servicios del \u00c1rea de Empleo dirigidos a diferentes agentes y personas de la comarca - Iraurgi Berritzen","isPartOf":{"@id":"https:\/\/iraurgiberritzen.eus\/es\/#website"},"primaryImageOfPage":{"@id":"https:\/\/iraurgiberritzen.eus\/es\/servicios-del-area-de-empleo-dirigidos-a-diferentes-agentes-y-personas-de-la-comarca\/#primaryimage"},"image":{"@id":"https:\/\/iraurgiberritzen.eus\/es\/servicios-del-area-de-empleo-dirigidos-a-diferentes-agentes-y-personas-de-la-comarca\/#primaryimage"},"thumbnailUrl":"https:\/\/iraurgiberritzen.eus\/wp-content\/uploads\/2023\/09\/9ea2fd39c455df0cf2159afcc971c01a.jpg","datePublished":"2020-10-01T11:14:02+00:00","breadcrumb":{"@id":"https:\/\/iraurgiberritzen.eus\/es\/servicios-del-area-de-empleo-dirigidos-a-diferentes-agentes-y-personas-de-la-comarca\/#breadcrumb"},"inLanguage":"es","potentialAction":[{"@type":"ReadAction","target":["https:\/\/iraurgiberritzen.eus\/es\/servicios-del-area-de-empleo-dirigidos-a-diferentes-agentes-y-personas-de-la-comarca\/"]}]},{"@type":"ImageObject","inLanguage":"es","@id":"https:\/\/iraurgiberritzen.eus\/es\/servicios-del-area-de-empleo-dirigidos-a-diferentes-agentes-y-personas-de-la-comarca\/#primaryimage","url":"https:\/\/iraurgiberritzen.eus\/wp-content\/uploads\/2023\/09\/9ea2fd39c455df0cf2159afcc971c01a.jpg","contentUrl":"https:\/\/iraurgiberritzen.eus\/wp-content\/uploads\/2023\/09\/9ea2fd39c455df0cf2159afcc971c01a.jpg","width":600,"height":386},{"@type":"BreadcrumbList","@id":"https:\/\/iraurgiberritzen.eus\/es\/servicios-del-area-de-empleo-dirigidos-a-diferentes-agentes-y-personas-de-la-comarca\/#breadcrumb","itemListElement":[{"@type":"ListItem","position":1,"name":"Home","item":"https:\/\/iraurgiberritzen.eus\/es\/"},{"@type":"ListItem","position":2,"name":"Servicios del \u00c1rea de Empleo dirigidos a diferentes agentes y personas de la comarca"}]},{"@type":"WebSite","@id":"https:\/\/iraurgiberritzen.eus\/es\/#website","url":"https:\/\/iraurgiberritzen.eus\/es\/","name":"Iraurgi Berritzen","description":"Urola Erdiko Garapen Agentzia","publisher":{"@id":"https:\/\/iraurgiberritzen.eus\/es\/#organization"},"potentialAction":[{"@type":"SearchAction","target":{"@type":"EntryPoint","urlTemplate":"https:\/\/iraurgiberritzen.eus\/es\/?s={search_term_string}"},"query-input":{"@type":"PropertyValueSpecification","valueRequired":true,"valueName":"search_term_string"}}],"inLanguage":"es"},{"@type":"Organization","@id":"https:\/\/iraurgiberritzen.eus\/es\/#organization","name":"Iraurgi Berritzen","url":"https:\/\/iraurgiberritzen.eus\/es\/","logo":{"@type":"ImageObject","inLanguage":"es","@id":"https:\/\/iraurgiberritzen.eus\/es\/#\/schema\/logo\/image\/","url":"https:\/\/iraurgiberritzen.eus\/wp-content\/uploads\/2024\/02\/IRAURGI-BERRITZEN-logotipoa_2.png","contentUrl":"https:\/\/iraurgiberritzen.eus\/wp-content\/uploads\/2024\/02\/IRAURGI-BERRITZEN-logotipoa_2.png","width":496,"height":190,"caption":"Iraurgi Berritzen"},"image":{"@id":"https:\/\/iraurgiberritzen.eus\/es\/#\/schema\/logo\/image\/"}},{"@type":"Person","@id":"https:\/\/iraurgiberritzen.eus\/es\/#\/schema\/person\/5ab41aaf388a9097177601ebf45738d2","name":"kudeatzailea","sameAs":["https:\/\/iraurgiberritzen.eus"]}]}},"_links":{"self":[{"href":"https:\/\/iraurgiberritzen.eus\/es\/wp-json\/wp\/v2\/posts\/12936","targetHints":{"allow":["GET"]}}],"collection":[{"href":"https:\/\/iraurgiberritzen.eus\/es\/wp-json\/wp\/v2\/posts"}],"about":[{"href":"https:\/\/iraurgiberritzen.eus\/es\/wp-json\/wp\/v2\/types\/post"}],"author":[{"embeddable":true,"href":"https:\/\/iraurgiberritzen.eus\/es\/wp-json\/wp\/v2\/users\/1"}],"replies":[{"embeddable":true,"href":"https:\/\/iraurgiberritzen.eus\/es\/wp-json\/wp\/v2\/comments?post=12936"}],"version-history":[{"count":0,"href":"https:\/\/iraurgiberritzen.eus\/es\/wp-json\/wp\/v2\/posts\/12936\/revisions"}],"wp:featuredmedia":[{"embeddable":true,"href":"https:\/\/iraurgiberritzen.eus\/es\/wp-json\/wp\/v2\/media\/17707"}],"wp:attachment":[{"href":"https:\/\/iraurgiberritzen.eus\/es\/wp-json\/wp\/v2\/media?parent=12936"}],"wp:term":[{"taxonomy":"category","embeddable":true,"href":"https:\/\/iraurgiberritzen.eus\/es\/wp-json\/wp\/v2\/categories?post=12936"},{"taxonomy":"post_tag","embeddable":true,"href":"https:\/\/iraurgiberritzen.eus\/es\/wp-json\/wp\/v2\/tags?post=12936"}],"curies":[{"name":"wp","href":"https:\/\/api.w.org\/{rel}","templated":true}]}}