{"id":12942,"date":"2020-07-29T07:39:37","date_gmt":"2020-07-29T05:39:37","guid":{"rendered":"https:\/\/iraurgiberritzen.eus\/aumenta-el-paro-en-urola-erdia-desde-el-inicio-de-la-emergencia-sanitaria\/"},"modified":"2020-07-29T07:39:37","modified_gmt":"2020-07-29T05:39:37","slug":"aumenta-el-paro-en-urola-erdia-desde-el-inicio-de-la-emergencia-sanitaria","status":"publish","type":"post","link":"https:\/\/iraurgiberritzen.eus\/es\/aumenta-el-paro-en-urola-erdia-desde-el-inicio-de-la-emergencia-sanitaria\/","title":{"rendered":"Aumenta el paro en Urola Erdia desde el inicio de la emergencia sanitaria"},"content":{"rendered":"<p style=\"text-align: justify;\">La crisis sanitaria provocada por la pandemia \u00abCovid-19\u00bb ha frenado la evoluci\u00f3n positiva del mercado laboral de Urola Erdia en los \u00faltimos meses y ha provocado un notable aumento del paro. Desde el inicio de la emergencia sanitaria a mediados de marzo, la mayor\u00eda de los indicadores del mercado laboral regional han registrado una tendencia negativa.<\/p>\n<p>Seg\u00fan datos publicados por \u00abLANBIDE Servicio Vasco de Empleo\u00bb, el n\u00famero de parados contabilizados en Urola Erdia ha aumentado considerablemente en las \u00faltimas semanas. De hecho, a finales de junio en la comarca se contabilizaron 1.582 parados, 315 m\u00e1s que a finales de febrero. En cuanto al \u00edndice de paro, el \u00edndice de paro estimado por Iraurgi Berritzen para la comarca es del 10,1%, 8,2% en hombres y 12,3% en mujeres. En el mismo mes, Gipuzkoa registra un 11,2% (9,7% en hombres y 12,8% en mujeres) y la CAPV un 13,5% (11,8% en hombres y 15,3% en mujeres).<\/p>\n<p>El n\u00famero de contratos registrados en el \u00faltimo trimestre se ha reducido considerablemente debido a la situaci\u00f3n de excepcionalidad de los \u00faltimos meses. A pesar de registrar una tendencia al alza en el n\u00famero de contratos registrados en junio, las cifras registradas durante el segundo trimestre no llegan a alcanzar los niveles del a\u00f1o anterior. El a\u00f1o pasado, en el segundo trimestre del a\u00f1o, se contabilizaron un total de 2.266 contratos y este a\u00f1o, en cambio, s\u00f3lo 971, un 42,3% de los contabilizados el a\u00f1o pasado.<\/p>\n<p>Por \u00faltimo, en lo relativo a las afiliaciones a la Seguridad Social, el descenso m\u00e1s acusado se ha producido en el sector industrial y los servicios. A finales de junio, respecto a febrero, en el sector industrial y de servicios se contabilizaron 104 y 46 afiliados menos, respectivamente.<\/p>\n<p>Iraurgi Berritzen, la agencia de desarrollo e innovaci\u00f3n de Urola Erdia, en colaboraci\u00f3n con diferentes agentes de la comarca, realizar\u00e1 un seguimiento del mercado laboral de la comarca en los pr\u00f3ximos meses y reforzar\u00e1 las diferentes l\u00edneas de trabajo orientadas a la promoci\u00f3n de empleo. Entre otros destacan:<\/p>\n<ul>\n<li>Servicios personalizads de los centros de orientaci\u00f3n y empleo, para la ciudadan\u00eda en los tres municipios.<\/li>\n<li>Programas de orientaci\u00f3n laboral adaptados a diferentes perfiles y oferta de nuevos cursos de inserci\u00f3n laboral en colaboraci\u00f3n con empresas, agentes e Izarraitz Lanbide Heziketa.<\/li>\n<li>Itinerarios formativos integrales de inserci\u00f3n laboral (competencias b\u00e1sicas y t\u00e9cnicas) para personas en situaci\u00f3n de vulnerabilidad o riesgo de exclusi\u00f3n social.<\/li>\n<li>Servicio de intermediaci\u00f3n para empresas, de ofertas de empleo y proyectos de fin de grado.<\/li>\n<li>Difusi\u00f3n actualizada de ofertas de empleo y cursos formativos de la comarca (p\u00e1gina web Urolanprest, boletines, redes sociales &#8230;).<\/li>\n<\/ul>\n","protected":false},"excerpt":{"rendered":"<p>La crisis sanitaria provocada por la pandemia \u00abCovid-19\u00bb ha frenado la evoluci\u00f3n positiva del mercado laboral de Urola Erdia en los \u00faltimos meses y ha provocado un notable aumento del paro. Desde el inicio de la emergencia sanitaria a mediados de marzo, la mayor\u00eda de los indicadores del mercado laboral regional han registrado una tendencia [&hellip;]<\/p>\n","protected":false},"author":1,"featured_media":17709,"comment_status":"","ping_status":"closed","sticky":false,"template":"","format":"standard","meta":{"_acf_changed":false,"footnotes":""},"categories":[4],"tags":[],"class_list":["post-12942","post","type-post","status-publish","format-standard","has-post-thumbnail","hentry","category-noticias"],"acf":[],"yoast_head":"<!-- This site is optimized with the Yoast SEO plugin v27.4 - https:\/\/yoast.com\/product\/yoast-seo-wordpress\/ -->\n<title>Aumenta el paro en Urola Erdia desde el inicio de la emergencia sanitaria - Iraurgi Berritzen<\/title>\n<meta name=\"robots\" content=\"index, follow, max-snippet:-1, max-image-preview:large, max-video-preview:-1\" \/>\n<link rel=\"canonical\" href=\"https:\/\/iraurgiberritzen.eus\/es\/aumenta-el-paro-en-urola-erdia-desde-el-inicio-de-la-emergencia-sanitaria\/\" \/>\n<meta property=\"og:locale\" content=\"es_ES\" \/>\n<meta property=\"og:type\" content=\"article\" \/>\n<meta property=\"og:title\" content=\"Aumenta el paro en Urola Erdia desde el inicio de la emergencia sanitaria - Iraurgi Berritzen\" \/>\n<meta property=\"og:description\" content=\"La crisis sanitaria provocada por la pandemia \u00abCovid-19\u00bb ha frenado la evoluci\u00f3n positiva del mercado laboral de Urola Erdia en los \u00faltimos meses y ha provocado un notable aumento del paro. Desde el inicio de la emergencia sanitaria a mediados de marzo, la mayor\u00eda de los indicadores del mercado laboral regional han registrado una tendencia [&hellip;]\" \/>\n<meta property=\"og:url\" content=\"https:\/\/iraurgiberritzen.eus\/es\/aumenta-el-paro-en-urola-erdia-desde-el-inicio-de-la-emergencia-sanitaria\/\" \/>\n<meta property=\"og:site_name\" content=\"Iraurgi Berritzen\" \/>\n<meta property=\"article:published_time\" content=\"2020-07-29T05:39:37+00:00\" \/>\n<meta name=\"author\" content=\"kudeatzailea\" \/>\n<meta name=\"twitter:card\" content=\"summary_large_image\" \/>\n<meta name=\"twitter:label1\" content=\"Escrito por\" \/>\n\t<meta name=\"twitter:data1\" content=\"kudeatzailea\" \/>\n\t<meta name=\"twitter:label2\" content=\"Tiempo de lectura\" \/>\n\t<meta name=\"twitter:data2\" content=\"2 minutos\" \/>\n<script type=\"application\/ld+json\" class=\"yoast-schema-graph\">{\"@context\":\"https:\\\/\\\/schema.org\",\"@graph\":[{\"@type\":\"Article\",\"@id\":\"https:\\\/\\\/iraurgiberritzen.eus\\\/es\\\/aumenta-el-paro-en-urola-erdia-desde-el-inicio-de-la-emergencia-sanitaria\\\/#article\",\"isPartOf\":{\"@id\":\"https:\\\/\\\/iraurgiberritzen.eus\\\/es\\\/aumenta-el-paro-en-urola-erdia-desde-el-inicio-de-la-emergencia-sanitaria\\\/\"},\"author\":{\"name\":\"kudeatzailea\",\"@id\":\"https:\\\/\\\/iraurgiberritzen.eus\\\/es\\\/#\\\/schema\\\/person\\\/5ab41aaf388a9097177601ebf45738d2\"},\"headline\":\"Aumenta el paro en Urola Erdia desde el inicio de la emergencia sanitaria\",\"datePublished\":\"2020-07-29T05:39:37+00:00\",\"mainEntityOfPage\":{\"@id\":\"https:\\\/\\\/iraurgiberritzen.eus\\\/es\\\/aumenta-el-paro-en-urola-erdia-desde-el-inicio-de-la-emergencia-sanitaria\\\/\"},\"wordCount\":461,\"publisher\":{\"@id\":\"https:\\\/\\\/iraurgiberritzen.eus\\\/es\\\/#organization\"},\"image\":{\"@id\":\"https:\\\/\\\/iraurgiberritzen.eus\\\/es\\\/aumenta-el-paro-en-urola-erdia-desde-el-inicio-de-la-emergencia-sanitaria\\\/#primaryimage\"},\"thumbnailUrl\":\"https:\\\/\\\/iraurgiberritzen.eus\\\/wp-content\\\/uploads\\\/2023\\\/09\\\/649c1b234f9e05214b0a8859fe37993f.jpg\",\"articleSection\":[\"Noticias\"],\"inLanguage\":\"es\"},{\"@type\":\"WebPage\",\"@id\":\"https:\\\/\\\/iraurgiberritzen.eus\\\/es\\\/aumenta-el-paro-en-urola-erdia-desde-el-inicio-de-la-emergencia-sanitaria\\\/\",\"url\":\"https:\\\/\\\/iraurgiberritzen.eus\\\/es\\\/aumenta-el-paro-en-urola-erdia-desde-el-inicio-de-la-emergencia-sanitaria\\\/\",\"name\":\"Aumenta el paro en Urola Erdia desde el inicio de la emergencia sanitaria - Iraurgi Berritzen\",\"isPartOf\":{\"@id\":\"https:\\\/\\\/iraurgiberritzen.eus\\\/es\\\/#website\"},\"primaryImageOfPage\":{\"@id\":\"https:\\\/\\\/iraurgiberritzen.eus\\\/es\\\/aumenta-el-paro-en-urola-erdia-desde-el-inicio-de-la-emergencia-sanitaria\\\/#primaryimage\"},\"image\":{\"@id\":\"https:\\\/\\\/iraurgiberritzen.eus\\\/es\\\/aumenta-el-paro-en-urola-erdia-desde-el-inicio-de-la-emergencia-sanitaria\\\/#primaryimage\"},\"thumbnailUrl\":\"https:\\\/\\\/iraurgiberritzen.eus\\\/wp-content\\\/uploads\\\/2023\\\/09\\\/649c1b234f9e05214b0a8859fe37993f.jpg\",\"datePublished\":\"2020-07-29T05:39:37+00:00\",\"breadcrumb\":{\"@id\":\"https:\\\/\\\/iraurgiberritzen.eus\\\/es\\\/aumenta-el-paro-en-urola-erdia-desde-el-inicio-de-la-emergencia-sanitaria\\\/#breadcrumb\"},\"inLanguage\":\"es\",\"potentialAction\":[{\"@type\":\"ReadAction\",\"target\":[\"https:\\\/\\\/iraurgiberritzen.eus\\\/es\\\/aumenta-el-paro-en-urola-erdia-desde-el-inicio-de-la-emergencia-sanitaria\\\/\"]}]},{\"@type\":\"ImageObject\",\"inLanguage\":\"es\",\"@id\":\"https:\\\/\\\/iraurgiberritzen.eus\\\/es\\\/aumenta-el-paro-en-urola-erdia-desde-el-inicio-de-la-emergencia-sanitaria\\\/#primaryimage\",\"url\":\"https:\\\/\\\/iraurgiberritzen.eus\\\/wp-content\\\/uploads\\\/2023\\\/09\\\/649c1b234f9e05214b0a8859fe37993f.jpg\",\"contentUrl\":\"https:\\\/\\\/iraurgiberritzen.eus\\\/wp-content\\\/uploads\\\/2023\\\/09\\\/649c1b234f9e05214b0a8859fe37993f.jpg\",\"width\":600,\"height\":386},{\"@type\":\"BreadcrumbList\",\"@id\":\"https:\\\/\\\/iraurgiberritzen.eus\\\/es\\\/aumenta-el-paro-en-urola-erdia-desde-el-inicio-de-la-emergencia-sanitaria\\\/#breadcrumb\",\"itemListElement\":[{\"@type\":\"ListItem\",\"position\":1,\"name\":\"Home\",\"item\":\"https:\\\/\\\/iraurgiberritzen.eus\\\/es\\\/\"},{\"@type\":\"ListItem\",\"position\":2,\"name\":\"Aumenta el paro en Urola Erdia desde el inicio de la emergencia sanitaria\"}]},{\"@type\":\"WebSite\",\"@id\":\"https:\\\/\\\/iraurgiberritzen.eus\\\/es\\\/#website\",\"url\":\"https:\\\/\\\/iraurgiberritzen.eus\\\/es\\\/\",\"name\":\"Iraurgi Berritzen\",\"description\":\"Urola Erdiko Garapen Agentzia\",\"publisher\":{\"@id\":\"https:\\\/\\\/iraurgiberritzen.eus\\\/es\\\/#organization\"},\"potentialAction\":[{\"@type\":\"SearchAction\",\"target\":{\"@type\":\"EntryPoint\",\"urlTemplate\":\"https:\\\/\\\/iraurgiberritzen.eus\\\/es\\\/?s={search_term_string}\"},\"query-input\":{\"@type\":\"PropertyValueSpecification\",\"valueRequired\":true,\"valueName\":\"search_term_string\"}}],\"inLanguage\":\"es\"},{\"@type\":\"Organization\",\"@id\":\"https:\\\/\\\/iraurgiberritzen.eus\\\/es\\\/#organization\",\"name\":\"Iraurgi Berritzen\",\"url\":\"https:\\\/\\\/iraurgiberritzen.eus\\\/es\\\/\",\"logo\":{\"@type\":\"ImageObject\",\"inLanguage\":\"es\",\"@id\":\"https:\\\/\\\/iraurgiberritzen.eus\\\/es\\\/#\\\/schema\\\/logo\\\/image\\\/\",\"url\":\"https:\\\/\\\/iraurgiberritzen.eus\\\/wp-content\\\/uploads\\\/2024\\\/02\\\/IRAURGI-BERRITZEN-logotipoa_2.png\",\"contentUrl\":\"https:\\\/\\\/iraurgiberritzen.eus\\\/wp-content\\\/uploads\\\/2024\\\/02\\\/IRAURGI-BERRITZEN-logotipoa_2.png\",\"width\":496,\"height\":190,\"caption\":\"Iraurgi Berritzen\"},\"image\":{\"@id\":\"https:\\\/\\\/iraurgiberritzen.eus\\\/es\\\/#\\\/schema\\\/logo\\\/image\\\/\"}},{\"@type\":\"Person\",\"@id\":\"https:\\\/\\\/iraurgiberritzen.eus\\\/es\\\/#\\\/schema\\\/person\\\/5ab41aaf388a9097177601ebf45738d2\",\"name\":\"kudeatzailea\",\"sameAs\":[\"https:\\\/\\\/iraurgiberritzen.eus\"]}]}<\/script>\n<!-- \/ Yoast SEO plugin. -->","yoast_head_json":{"title":"Aumenta el paro en Urola Erdia desde el inicio de la emergencia sanitaria - Iraurgi Berritzen","robots":{"index":"index","follow":"follow","max-snippet":"max-snippet:-1","max-image-preview":"max-image-preview:large","max-video-preview":"max-video-preview:-1"},"canonical":"https:\/\/iraurgiberritzen.eus\/es\/aumenta-el-paro-en-urola-erdia-desde-el-inicio-de-la-emergencia-sanitaria\/","og_locale":"es_ES","og_type":"article","og_title":"Aumenta el paro en Urola Erdia desde el inicio de la emergencia sanitaria - Iraurgi Berritzen","og_description":"La crisis sanitaria provocada por la pandemia \u00abCovid-19\u00bb ha frenado la evoluci\u00f3n positiva del mercado laboral de Urola Erdia en los \u00faltimos meses y ha provocado un notable aumento del paro. Desde el inicio de la emergencia sanitaria a mediados de marzo, la mayor\u00eda de los indicadores del mercado laboral regional han registrado una tendencia [&hellip;]","og_url":"https:\/\/iraurgiberritzen.eus\/es\/aumenta-el-paro-en-urola-erdia-desde-el-inicio-de-la-emergencia-sanitaria\/","og_site_name":"Iraurgi Berritzen","article_published_time":"2020-07-29T05:39:37+00:00","author":"kudeatzailea","twitter_card":"summary_large_image","twitter_misc":{"Escrito por":"kudeatzailea","Tiempo de lectura":"2 minutos"},"schema":{"@context":"https:\/\/schema.org","@graph":[{"@type":"Article","@id":"https:\/\/iraurgiberritzen.eus\/es\/aumenta-el-paro-en-urola-erdia-desde-el-inicio-de-la-emergencia-sanitaria\/#article","isPartOf":{"@id":"https:\/\/iraurgiberritzen.eus\/es\/aumenta-el-paro-en-urola-erdia-desde-el-inicio-de-la-emergencia-sanitaria\/"},"author":{"name":"kudeatzailea","@id":"https:\/\/iraurgiberritzen.eus\/es\/#\/schema\/person\/5ab41aaf388a9097177601ebf45738d2"},"headline":"Aumenta el paro en Urola Erdia desde el inicio de la emergencia sanitaria","datePublished":"2020-07-29T05:39:37+00:00","mainEntityOfPage":{"@id":"https:\/\/iraurgiberritzen.eus\/es\/aumenta-el-paro-en-urola-erdia-desde-el-inicio-de-la-emergencia-sanitaria\/"},"wordCount":461,"publisher":{"@id":"https:\/\/iraurgiberritzen.eus\/es\/#organization"},"image":{"@id":"https:\/\/iraurgiberritzen.eus\/es\/aumenta-el-paro-en-urola-erdia-desde-el-inicio-de-la-emergencia-sanitaria\/#primaryimage"},"thumbnailUrl":"https:\/\/iraurgiberritzen.eus\/wp-content\/uploads\/2023\/09\/649c1b234f9e05214b0a8859fe37993f.jpg","articleSection":["Noticias"],"inLanguage":"es"},{"@type":"WebPage","@id":"https:\/\/iraurgiberritzen.eus\/es\/aumenta-el-paro-en-urola-erdia-desde-el-inicio-de-la-emergencia-sanitaria\/","url":"https:\/\/iraurgiberritzen.eus\/es\/aumenta-el-paro-en-urola-erdia-desde-el-inicio-de-la-emergencia-sanitaria\/","name":"Aumenta el paro en Urola Erdia desde el inicio de la emergencia sanitaria - Iraurgi Berritzen","isPartOf":{"@id":"https:\/\/iraurgiberritzen.eus\/es\/#website"},"primaryImageOfPage":{"@id":"https:\/\/iraurgiberritzen.eus\/es\/aumenta-el-paro-en-urola-erdia-desde-el-inicio-de-la-emergencia-sanitaria\/#primaryimage"},"image":{"@id":"https:\/\/iraurgiberritzen.eus\/es\/aumenta-el-paro-en-urola-erdia-desde-el-inicio-de-la-emergencia-sanitaria\/#primaryimage"},"thumbnailUrl":"https:\/\/iraurgiberritzen.eus\/wp-content\/uploads\/2023\/09\/649c1b234f9e05214b0a8859fe37993f.jpg","datePublished":"2020-07-29T05:39:37+00:00","breadcrumb":{"@id":"https:\/\/iraurgiberritzen.eus\/es\/aumenta-el-paro-en-urola-erdia-desde-el-inicio-de-la-emergencia-sanitaria\/#breadcrumb"},"inLanguage":"es","potentialAction":[{"@type":"ReadAction","target":["https:\/\/iraurgiberritzen.eus\/es\/aumenta-el-paro-en-urola-erdia-desde-el-inicio-de-la-emergencia-sanitaria\/"]}]},{"@type":"ImageObject","inLanguage":"es","@id":"https:\/\/iraurgiberritzen.eus\/es\/aumenta-el-paro-en-urola-erdia-desde-el-inicio-de-la-emergencia-sanitaria\/#primaryimage","url":"https:\/\/iraurgiberritzen.eus\/wp-content\/uploads\/2023\/09\/649c1b234f9e05214b0a8859fe37993f.jpg","contentUrl":"https:\/\/iraurgiberritzen.eus\/wp-content\/uploads\/2023\/09\/649c1b234f9e05214b0a8859fe37993f.jpg","width":600,"height":386},{"@type":"BreadcrumbList","@id":"https:\/\/iraurgiberritzen.eus\/es\/aumenta-el-paro-en-urola-erdia-desde-el-inicio-de-la-emergencia-sanitaria\/#breadcrumb","itemListElement":[{"@type":"ListItem","position":1,"name":"Home","item":"https:\/\/iraurgiberritzen.eus\/es\/"},{"@type":"ListItem","position":2,"name":"Aumenta el paro en Urola Erdia desde el inicio de la emergencia sanitaria"}]},{"@type":"WebSite","@id":"https:\/\/iraurgiberritzen.eus\/es\/#website","url":"https:\/\/iraurgiberritzen.eus\/es\/","name":"Iraurgi Berritzen","description":"Urola Erdiko Garapen Agentzia","publisher":{"@id":"https:\/\/iraurgiberritzen.eus\/es\/#organization"},"potentialAction":[{"@type":"SearchAction","target":{"@type":"EntryPoint","urlTemplate":"https:\/\/iraurgiberritzen.eus\/es\/?s={search_term_string}"},"query-input":{"@type":"PropertyValueSpecification","valueRequired":true,"valueName":"search_term_string"}}],"inLanguage":"es"},{"@type":"Organization","@id":"https:\/\/iraurgiberritzen.eus\/es\/#organization","name":"Iraurgi Berritzen","url":"https:\/\/iraurgiberritzen.eus\/es\/","logo":{"@type":"ImageObject","inLanguage":"es","@id":"https:\/\/iraurgiberritzen.eus\/es\/#\/schema\/logo\/image\/","url":"https:\/\/iraurgiberritzen.eus\/wp-content\/uploads\/2024\/02\/IRAURGI-BERRITZEN-logotipoa_2.png","contentUrl":"https:\/\/iraurgiberritzen.eus\/wp-content\/uploads\/2024\/02\/IRAURGI-BERRITZEN-logotipoa_2.png","width":496,"height":190,"caption":"Iraurgi Berritzen"},"image":{"@id":"https:\/\/iraurgiberritzen.eus\/es\/#\/schema\/logo\/image\/"}},{"@type":"Person","@id":"https:\/\/iraurgiberritzen.eus\/es\/#\/schema\/person\/5ab41aaf388a9097177601ebf45738d2","name":"kudeatzailea","sameAs":["https:\/\/iraurgiberritzen.eus"]}]}},"_links":{"self":[{"href":"https:\/\/iraurgiberritzen.eus\/es\/wp-json\/wp\/v2\/posts\/12942","targetHints":{"allow":["GET"]}}],"collection":[{"href":"https:\/\/iraurgiberritzen.eus\/es\/wp-json\/wp\/v2\/posts"}],"about":[{"href":"https:\/\/iraurgiberritzen.eus\/es\/wp-json\/wp\/v2\/types\/post"}],"author":[{"embeddable":true,"href":"https:\/\/iraurgiberritzen.eus\/es\/wp-json\/wp\/v2\/users\/1"}],"replies":[{"embeddable":true,"href":"https:\/\/iraurgiberritzen.eus\/es\/wp-json\/wp\/v2\/comments?post=12942"}],"version-history":[{"count":0,"href":"https:\/\/iraurgiberritzen.eus\/es\/wp-json\/wp\/v2\/posts\/12942\/revisions"}],"wp:featuredmedia":[{"embeddable":true,"href":"https:\/\/iraurgiberritzen.eus\/es\/wp-json\/wp\/v2\/media\/17709"}],"wp:attachment":[{"href":"https:\/\/iraurgiberritzen.eus\/es\/wp-json\/wp\/v2\/media?parent=12942"}],"wp:term":[{"taxonomy":"category","embeddable":true,"href":"https:\/\/iraurgiberritzen.eus\/es\/wp-json\/wp\/v2\/categories?post=12942"},{"taxonomy":"post_tag","embeddable":true,"href":"https:\/\/iraurgiberritzen.eus\/es\/wp-json\/wp\/v2\/tags?post=12942"}],"curies":[{"name":"wp","href":"https:\/\/api.w.org\/{rel}","templated":true}]}}