{"id":12972,"date":"2020-10-01T15:34:23","date_gmt":"2020-10-01T13:34:23","guid":{"rendered":"https:\/\/iraurgiberritzen.eus\/siguen-las-reuniones-de-seguimiento-entre-los-ayuntamientos-y-los-miembros-de-enpresa-gunea\/"},"modified":"2020-10-01T15:34:23","modified_gmt":"2020-10-01T13:34:23","slug":"siguen-las-reuniones-de-seguimiento-entre-los-ayuntamientos-y-los-miembros-de-enpresa-gunea","status":"publish","type":"post","link":"https:\/\/iraurgiberritzen.eus\/es\/siguen-las-reuniones-de-seguimiento-entre-los-ayuntamientos-y-los-miembros-de-enpresa-gunea\/","title":{"rendered":"Siguen las reuniones de seguimiento entre los Ayuntamientos y los  miembros de Enpresa Gunea"},"content":{"rendered":"<p style=\"text-align: justify;\">El 1 de Octubre, se ha celebrado la \u00faltima reuni\u00f3n entre los tres ayuntamientos de la comarca (Ayuntamientos de Azpeitia, Azkoitia y Zestoa) y Enpresa Gunea con el objetivo de seguir realizando un seguimiento cercano de la situaci\u00f3n.<\/p>\n<p style=\"text-align: justify;\">Si bien la relaci\u00f3n entre los ayuntamientos y las empresas est\u00e1 siendo continua, esta ha sido la 4 reuni\u00f3n que se ha mantenido en colaboraci\u00f3n desde que comenz\u00f3 la crisis por COVID-19.<\/p>\n<p style=\"text-align: justify;\">Entre los temas analizados caben destacar los siguientes:<\/p>\n<p style=\"text-align: justify;\"><strong>1. Diagn\u00f3stico de la situaci\u00f3n socioecon\u00f3mica. Solicitudes de ERTE en la comarca e impacto en trabajadores.<\/strong><\/p>\n<ul>\n<li style=\"text-align: justify;\">Entre el 16 de marzo y el 23 de Septiembre, se han realizado 418 solicitudes de ERTE en Urola Erdia, de los cuales la mayor\u00eda, (313 expedientes) en el sector servicios. En lo que se refiere a la industria se han registrado 85 expedientes. En el sector primario y construcci\u00f3n, se han presentado 4 y 16 expedientes respectivamente.<\/li>\n<li style=\"text-align: justify;\">El %80,6 del total de los ERTE solicitados se han realizado por suspensi\u00f3n de actividad. En cuanto al motivo de la solicitud m\u00e1s argumentado ha sido \u00abpor fuerza mayor\u00bb (344 solicitudes), y por \u00abcausas productivas\u00bb 67 solicitudes. En cuanto a motivos organizativos y otras razones se han alegado 7 casos en total.<\/li>\n<li style=\"text-align: justify;\">En lo que se refiere al impacto de los ERTE, un total 2.869 trabajadores han sido afectados, de los cuales 1.380 personas trabajan en el sector servicios y 1.391 personas en el sector industrial. En el sector primario y construcci\u00f3n, se han visto afectados 31 y 67 trabajadores respectivamente.<\/li>\n<\/ul>\n<p style=\"text-align: justify; margin-left: 30px;\">Sin embargo, cabe destacar la falta de informaci\u00f3n con respecto a la anulaci\u00f3n de los ERTE registrados, dado que muchos de ellos ya trabajan con total normalidad.<\/p>\n<p style=\"text-align: justify;\"><strong>2. Informaci\u00f3n de los miembros de Enpresa Gunea.<\/strong><\/p>\n<ul>\n<li style=\"text-align: justify;\">A pesar de que se constata que las empresas han comenzado a recibir nuevos pedidos de clientes, se afirma que la ca\u00edda de la actividad y las ventas sigue siendo generalizada, de forma que la previsiones para fin de a\u00f1o apuntan a una bajada media en la facturaci\u00f3n anual de entorno al 20%-25%. Seg\u00fan las afirmaciones de los responsables de empresas, existe una ca\u00edda importante de la actividad en ciertos sectores como automoci\u00f3n, aeron\u00e1utica, miner\u00eda, y naval, mientras que el sector e\u00f3lico y el de TICs, est\u00e1n teniendo un buen comportamiento.<\/li>\n<\/ul>\n<p style=\"text-align: justify;\"><strong>3. Valoraci\u00f3n de acciones dirigidas a las empresas de la comarca.<\/strong><\/p>\n<ul>\n<li style=\"text-align: justify;\"><strong>Programa Ikasiz.<\/strong> Se ha realizado un seguimiento de las diferentes tem\u00e1ticas que se abordar\u00e1n en las pr\u00f3ximas semanas.<\/li>\n<li style=\"text-align: justify;\"><strong>Digitalizaci\u00f3n y Estrategia.<\/strong> Se ha informado de las necesidades concretas de las empresas sobre proyectos concretos sobre Digitalizaci\u00f3n y Estrategia en el que caben destacar las acciones que se dirigir\u00e1n a apoyar en acciones como:\n<ul>\n<li style=\"text-align: justify;\"><strong>Digitalizar procesos internos en la empresa.<\/strong><\/li>\n<li style=\"text-align: justify;\"><strong>Identificar y evaluar nuevas oportunidades de negocio a trav\u00e9s de la digitalizaci\u00f3n. Definir nuevos modelos de negocio digitales.<\/strong><\/li>\n<li style=\"text-align: justify;\"><strong>Redefinir Planes estrat\u00e9gicos adaptados a la realidad actual.<\/strong><\/li>\n<li style=\"text-align: justify;\"><strong>Definir una estrategia de innovaci\u00f3n en producto o servicio.<\/strong><\/li>\n<\/ul>\n<\/li>\n<li style=\"text-align: justify;\"><strong>Subvenciones y Ayudas<\/strong>: se ha manifestado la dificultad de acceder a las diferentes l\u00edneas de ayuda, en el que la concurrencia cada vez es mayor.<\/li>\n<\/ul>\n<p style=\"text-align: justify;\">La reuni\u00f3n ha terminado, manifestando por todas las partes el inter\u00e9s en seguir manteniendo la colaboraci\u00f3n y la comunicaci\u00f3n entre ayuntamientos y empresas, y con el compromiso de realizar otra reuni\u00f3n antes de finalizar el a\u00f1o.<\/p>\n","protected":false},"excerpt":{"rendered":"<p>El 1 de Octubre, se ha celebrado la \u00faltima reuni\u00f3n entre los tres ayuntamientos de la comarca (Ayuntamientos de Azpeitia, Azkoitia y Zestoa) y Enpresa Gunea con el objetivo de seguir realizando un seguimiento cercano de la situaci\u00f3n. Si bien la relaci\u00f3n entre los ayuntamientos y las empresas est\u00e1 siendo continua, esta ha sido la [&hellip;]<\/p>\n","protected":false},"author":1,"featured_media":17699,"comment_status":"","ping_status":"closed","sticky":false,"template":"","format":"standard","meta":{"_acf_changed":false,"footnotes":""},"categories":[4],"tags":[],"class_list":["post-12972","post","type-post","status-publish","format-standard","has-post-thumbnail","hentry","category-noticias"],"acf":[],"yoast_head":"<!-- This site is optimized with the Yoast SEO plugin v27.4 - https:\/\/yoast.com\/product\/yoast-seo-wordpress\/ -->\n<title>Siguen las reuniones de seguimiento entre los Ayuntamientos y los miembros de Enpresa Gunea - Iraurgi Berritzen<\/title>\n<meta name=\"robots\" content=\"index, follow, max-snippet:-1, max-image-preview:large, max-video-preview:-1\" \/>\n<link rel=\"canonical\" href=\"https:\/\/iraurgiberritzen.eus\/es\/siguen-las-reuniones-de-seguimiento-entre-los-ayuntamientos-y-los-miembros-de-enpresa-gunea\/\" \/>\n<meta property=\"og:locale\" content=\"es_ES\" \/>\n<meta property=\"og:type\" content=\"article\" \/>\n<meta property=\"og:title\" content=\"Siguen las reuniones de seguimiento entre los Ayuntamientos y los miembros de Enpresa Gunea - Iraurgi Berritzen\" \/>\n<meta property=\"og:description\" content=\"El 1 de Octubre, se ha celebrado la \u00faltima reuni\u00f3n entre los tres ayuntamientos de la comarca (Ayuntamientos de Azpeitia, Azkoitia y Zestoa) y Enpresa Gunea con el objetivo de seguir realizando un seguimiento cercano de la situaci\u00f3n. Si bien la relaci\u00f3n entre los ayuntamientos y las empresas est\u00e1 siendo continua, esta ha sido la [&hellip;]\" \/>\n<meta property=\"og:url\" content=\"https:\/\/iraurgiberritzen.eus\/es\/siguen-las-reuniones-de-seguimiento-entre-los-ayuntamientos-y-los-miembros-de-enpresa-gunea\/\" \/>\n<meta property=\"og:site_name\" content=\"Iraurgi Berritzen\" \/>\n<meta property=\"article:published_time\" content=\"2020-10-01T13:34:23+00:00\" \/>\n<meta name=\"author\" content=\"kudeatzailea\" \/>\n<meta name=\"twitter:card\" content=\"summary_large_image\" \/>\n<meta name=\"twitter:label1\" content=\"Escrito por\" \/>\n\t<meta name=\"twitter:data1\" content=\"kudeatzailea\" \/>\n\t<meta name=\"twitter:label2\" content=\"Tiempo de lectura\" \/>\n\t<meta name=\"twitter:data2\" content=\"3 minutos\" \/>\n<script type=\"application\/ld+json\" class=\"yoast-schema-graph\">{\"@context\":\"https:\\\/\\\/schema.org\",\"@graph\":[{\"@type\":\"Article\",\"@id\":\"https:\\\/\\\/iraurgiberritzen.eus\\\/es\\\/siguen-las-reuniones-de-seguimiento-entre-los-ayuntamientos-y-los-miembros-de-enpresa-gunea\\\/#article\",\"isPartOf\":{\"@id\":\"https:\\\/\\\/iraurgiberritzen.eus\\\/es\\\/siguen-las-reuniones-de-seguimiento-entre-los-ayuntamientos-y-los-miembros-de-enpresa-gunea\\\/\"},\"author\":{\"name\":\"kudeatzailea\",\"@id\":\"https:\\\/\\\/iraurgiberritzen.eus\\\/es\\\/#\\\/schema\\\/person\\\/5ab41aaf388a9097177601ebf45738d2\"},\"headline\":\"Siguen las reuniones de seguimiento entre los Ayuntamientos y los miembros de Enpresa Gunea\",\"datePublished\":\"2020-10-01T13:34:23+00:00\",\"mainEntityOfPage\":{\"@id\":\"https:\\\/\\\/iraurgiberritzen.eus\\\/es\\\/siguen-las-reuniones-de-seguimiento-entre-los-ayuntamientos-y-los-miembros-de-enpresa-gunea\\\/\"},\"wordCount\":582,\"publisher\":{\"@id\":\"https:\\\/\\\/iraurgiberritzen.eus\\\/es\\\/#organization\"},\"image\":{\"@id\":\"https:\\\/\\\/iraurgiberritzen.eus\\\/es\\\/siguen-las-reuniones-de-seguimiento-entre-los-ayuntamientos-y-los-miembros-de-enpresa-gunea\\\/#primaryimage\"},\"thumbnailUrl\":\"https:\\\/\\\/iraurgiberritzen.eus\\\/wp-content\\\/uploads\\\/2023\\\/09\\\/52568c24e240b502dc9c33c846cdefde.jpg\",\"articleSection\":[\"Noticias\"],\"inLanguage\":\"es\"},{\"@type\":\"WebPage\",\"@id\":\"https:\\\/\\\/iraurgiberritzen.eus\\\/es\\\/siguen-las-reuniones-de-seguimiento-entre-los-ayuntamientos-y-los-miembros-de-enpresa-gunea\\\/\",\"url\":\"https:\\\/\\\/iraurgiberritzen.eus\\\/es\\\/siguen-las-reuniones-de-seguimiento-entre-los-ayuntamientos-y-los-miembros-de-enpresa-gunea\\\/\",\"name\":\"Siguen las reuniones de seguimiento entre los Ayuntamientos y los miembros de Enpresa Gunea - Iraurgi Berritzen\",\"isPartOf\":{\"@id\":\"https:\\\/\\\/iraurgiberritzen.eus\\\/es\\\/#website\"},\"primaryImageOfPage\":{\"@id\":\"https:\\\/\\\/iraurgiberritzen.eus\\\/es\\\/siguen-las-reuniones-de-seguimiento-entre-los-ayuntamientos-y-los-miembros-de-enpresa-gunea\\\/#primaryimage\"},\"image\":{\"@id\":\"https:\\\/\\\/iraurgiberritzen.eus\\\/es\\\/siguen-las-reuniones-de-seguimiento-entre-los-ayuntamientos-y-los-miembros-de-enpresa-gunea\\\/#primaryimage\"},\"thumbnailUrl\":\"https:\\\/\\\/iraurgiberritzen.eus\\\/wp-content\\\/uploads\\\/2023\\\/09\\\/52568c24e240b502dc9c33c846cdefde.jpg\",\"datePublished\":\"2020-10-01T13:34:23+00:00\",\"breadcrumb\":{\"@id\":\"https:\\\/\\\/iraurgiberritzen.eus\\\/es\\\/siguen-las-reuniones-de-seguimiento-entre-los-ayuntamientos-y-los-miembros-de-enpresa-gunea\\\/#breadcrumb\"},\"inLanguage\":\"es\",\"potentialAction\":[{\"@type\":\"ReadAction\",\"target\":[\"https:\\\/\\\/iraurgiberritzen.eus\\\/es\\\/siguen-las-reuniones-de-seguimiento-entre-los-ayuntamientos-y-los-miembros-de-enpresa-gunea\\\/\"]}]},{\"@type\":\"ImageObject\",\"inLanguage\":\"es\",\"@id\":\"https:\\\/\\\/iraurgiberritzen.eus\\\/es\\\/siguen-las-reuniones-de-seguimiento-entre-los-ayuntamientos-y-los-miembros-de-enpresa-gunea\\\/#primaryimage\",\"url\":\"https:\\\/\\\/iraurgiberritzen.eus\\\/wp-content\\\/uploads\\\/2023\\\/09\\\/52568c24e240b502dc9c33c846cdefde.jpg\",\"contentUrl\":\"https:\\\/\\\/iraurgiberritzen.eus\\\/wp-content\\\/uploads\\\/2023\\\/09\\\/52568c24e240b502dc9c33c846cdefde.jpg\",\"width\":600,\"height\":386},{\"@type\":\"BreadcrumbList\",\"@id\":\"https:\\\/\\\/iraurgiberritzen.eus\\\/es\\\/siguen-las-reuniones-de-seguimiento-entre-los-ayuntamientos-y-los-miembros-de-enpresa-gunea\\\/#breadcrumb\",\"itemListElement\":[{\"@type\":\"ListItem\",\"position\":1,\"name\":\"Home\",\"item\":\"https:\\\/\\\/iraurgiberritzen.eus\\\/es\\\/\"},{\"@type\":\"ListItem\",\"position\":2,\"name\":\"Siguen las reuniones de seguimiento entre los Ayuntamientos y los miembros de Enpresa Gunea\"}]},{\"@type\":\"WebSite\",\"@id\":\"https:\\\/\\\/iraurgiberritzen.eus\\\/es\\\/#website\",\"url\":\"https:\\\/\\\/iraurgiberritzen.eus\\\/es\\\/\",\"name\":\"Iraurgi Berritzen\",\"description\":\"Urola Erdiko Garapen Agentzia\",\"publisher\":{\"@id\":\"https:\\\/\\\/iraurgiberritzen.eus\\\/es\\\/#organization\"},\"potentialAction\":[{\"@type\":\"SearchAction\",\"target\":{\"@type\":\"EntryPoint\",\"urlTemplate\":\"https:\\\/\\\/iraurgiberritzen.eus\\\/es\\\/?s={search_term_string}\"},\"query-input\":{\"@type\":\"PropertyValueSpecification\",\"valueRequired\":true,\"valueName\":\"search_term_string\"}}],\"inLanguage\":\"es\"},{\"@type\":\"Organization\",\"@id\":\"https:\\\/\\\/iraurgiberritzen.eus\\\/es\\\/#organization\",\"name\":\"Iraurgi Berritzen\",\"url\":\"https:\\\/\\\/iraurgiberritzen.eus\\\/es\\\/\",\"logo\":{\"@type\":\"ImageObject\",\"inLanguage\":\"es\",\"@id\":\"https:\\\/\\\/iraurgiberritzen.eus\\\/es\\\/#\\\/schema\\\/logo\\\/image\\\/\",\"url\":\"https:\\\/\\\/iraurgiberritzen.eus\\\/wp-content\\\/uploads\\\/2024\\\/02\\\/IRAURGI-BERRITZEN-logotipoa_2.png\",\"contentUrl\":\"https:\\\/\\\/iraurgiberritzen.eus\\\/wp-content\\\/uploads\\\/2024\\\/02\\\/IRAURGI-BERRITZEN-logotipoa_2.png\",\"width\":496,\"height\":190,\"caption\":\"Iraurgi Berritzen\"},\"image\":{\"@id\":\"https:\\\/\\\/iraurgiberritzen.eus\\\/es\\\/#\\\/schema\\\/logo\\\/image\\\/\"}},{\"@type\":\"Person\",\"@id\":\"https:\\\/\\\/iraurgiberritzen.eus\\\/es\\\/#\\\/schema\\\/person\\\/5ab41aaf388a9097177601ebf45738d2\",\"name\":\"kudeatzailea\",\"sameAs\":[\"https:\\\/\\\/iraurgiberritzen.eus\"]}]}<\/script>\n<!-- \/ Yoast SEO plugin. -->","yoast_head_json":{"title":"Siguen las reuniones de seguimiento entre los Ayuntamientos y los miembros de Enpresa Gunea - Iraurgi Berritzen","robots":{"index":"index","follow":"follow","max-snippet":"max-snippet:-1","max-image-preview":"max-image-preview:large","max-video-preview":"max-video-preview:-1"},"canonical":"https:\/\/iraurgiberritzen.eus\/es\/siguen-las-reuniones-de-seguimiento-entre-los-ayuntamientos-y-los-miembros-de-enpresa-gunea\/","og_locale":"es_ES","og_type":"article","og_title":"Siguen las reuniones de seguimiento entre los Ayuntamientos y los miembros de Enpresa Gunea - Iraurgi Berritzen","og_description":"El 1 de Octubre, se ha celebrado la \u00faltima reuni\u00f3n entre los tres ayuntamientos de la comarca (Ayuntamientos de Azpeitia, Azkoitia y Zestoa) y Enpresa Gunea con el objetivo de seguir realizando un seguimiento cercano de la situaci\u00f3n. Si bien la relaci\u00f3n entre los ayuntamientos y las empresas est\u00e1 siendo continua, esta ha sido la [&hellip;]","og_url":"https:\/\/iraurgiberritzen.eus\/es\/siguen-las-reuniones-de-seguimiento-entre-los-ayuntamientos-y-los-miembros-de-enpresa-gunea\/","og_site_name":"Iraurgi Berritzen","article_published_time":"2020-10-01T13:34:23+00:00","author":"kudeatzailea","twitter_card":"summary_large_image","twitter_misc":{"Escrito por":"kudeatzailea","Tiempo de lectura":"3 minutos"},"schema":{"@context":"https:\/\/schema.org","@graph":[{"@type":"Article","@id":"https:\/\/iraurgiberritzen.eus\/es\/siguen-las-reuniones-de-seguimiento-entre-los-ayuntamientos-y-los-miembros-de-enpresa-gunea\/#article","isPartOf":{"@id":"https:\/\/iraurgiberritzen.eus\/es\/siguen-las-reuniones-de-seguimiento-entre-los-ayuntamientos-y-los-miembros-de-enpresa-gunea\/"},"author":{"name":"kudeatzailea","@id":"https:\/\/iraurgiberritzen.eus\/es\/#\/schema\/person\/5ab41aaf388a9097177601ebf45738d2"},"headline":"Siguen las reuniones de seguimiento entre los Ayuntamientos y los miembros de Enpresa Gunea","datePublished":"2020-10-01T13:34:23+00:00","mainEntityOfPage":{"@id":"https:\/\/iraurgiberritzen.eus\/es\/siguen-las-reuniones-de-seguimiento-entre-los-ayuntamientos-y-los-miembros-de-enpresa-gunea\/"},"wordCount":582,"publisher":{"@id":"https:\/\/iraurgiberritzen.eus\/es\/#organization"},"image":{"@id":"https:\/\/iraurgiberritzen.eus\/es\/siguen-las-reuniones-de-seguimiento-entre-los-ayuntamientos-y-los-miembros-de-enpresa-gunea\/#primaryimage"},"thumbnailUrl":"https:\/\/iraurgiberritzen.eus\/wp-content\/uploads\/2023\/09\/52568c24e240b502dc9c33c846cdefde.jpg","articleSection":["Noticias"],"inLanguage":"es"},{"@type":"WebPage","@id":"https:\/\/iraurgiberritzen.eus\/es\/siguen-las-reuniones-de-seguimiento-entre-los-ayuntamientos-y-los-miembros-de-enpresa-gunea\/","url":"https:\/\/iraurgiberritzen.eus\/es\/siguen-las-reuniones-de-seguimiento-entre-los-ayuntamientos-y-los-miembros-de-enpresa-gunea\/","name":"Siguen las reuniones de seguimiento entre los Ayuntamientos y los miembros de Enpresa Gunea - Iraurgi Berritzen","isPartOf":{"@id":"https:\/\/iraurgiberritzen.eus\/es\/#website"},"primaryImageOfPage":{"@id":"https:\/\/iraurgiberritzen.eus\/es\/siguen-las-reuniones-de-seguimiento-entre-los-ayuntamientos-y-los-miembros-de-enpresa-gunea\/#primaryimage"},"image":{"@id":"https:\/\/iraurgiberritzen.eus\/es\/siguen-las-reuniones-de-seguimiento-entre-los-ayuntamientos-y-los-miembros-de-enpresa-gunea\/#primaryimage"},"thumbnailUrl":"https:\/\/iraurgiberritzen.eus\/wp-content\/uploads\/2023\/09\/52568c24e240b502dc9c33c846cdefde.jpg","datePublished":"2020-10-01T13:34:23+00:00","breadcrumb":{"@id":"https:\/\/iraurgiberritzen.eus\/es\/siguen-las-reuniones-de-seguimiento-entre-los-ayuntamientos-y-los-miembros-de-enpresa-gunea\/#breadcrumb"},"inLanguage":"es","potentialAction":[{"@type":"ReadAction","target":["https:\/\/iraurgiberritzen.eus\/es\/siguen-las-reuniones-de-seguimiento-entre-los-ayuntamientos-y-los-miembros-de-enpresa-gunea\/"]}]},{"@type":"ImageObject","inLanguage":"es","@id":"https:\/\/iraurgiberritzen.eus\/es\/siguen-las-reuniones-de-seguimiento-entre-los-ayuntamientos-y-los-miembros-de-enpresa-gunea\/#primaryimage","url":"https:\/\/iraurgiberritzen.eus\/wp-content\/uploads\/2023\/09\/52568c24e240b502dc9c33c846cdefde.jpg","contentUrl":"https:\/\/iraurgiberritzen.eus\/wp-content\/uploads\/2023\/09\/52568c24e240b502dc9c33c846cdefde.jpg","width":600,"height":386},{"@type":"BreadcrumbList","@id":"https:\/\/iraurgiberritzen.eus\/es\/siguen-las-reuniones-de-seguimiento-entre-los-ayuntamientos-y-los-miembros-de-enpresa-gunea\/#breadcrumb","itemListElement":[{"@type":"ListItem","position":1,"name":"Home","item":"https:\/\/iraurgiberritzen.eus\/es\/"},{"@type":"ListItem","position":2,"name":"Siguen las reuniones de seguimiento entre los Ayuntamientos y los miembros de Enpresa Gunea"}]},{"@type":"WebSite","@id":"https:\/\/iraurgiberritzen.eus\/es\/#website","url":"https:\/\/iraurgiberritzen.eus\/es\/","name":"Iraurgi Berritzen","description":"Urola Erdiko Garapen Agentzia","publisher":{"@id":"https:\/\/iraurgiberritzen.eus\/es\/#organization"},"potentialAction":[{"@type":"SearchAction","target":{"@type":"EntryPoint","urlTemplate":"https:\/\/iraurgiberritzen.eus\/es\/?s={search_term_string}"},"query-input":{"@type":"PropertyValueSpecification","valueRequired":true,"valueName":"search_term_string"}}],"inLanguage":"es"},{"@type":"Organization","@id":"https:\/\/iraurgiberritzen.eus\/es\/#organization","name":"Iraurgi Berritzen","url":"https:\/\/iraurgiberritzen.eus\/es\/","logo":{"@type":"ImageObject","inLanguage":"es","@id":"https:\/\/iraurgiberritzen.eus\/es\/#\/schema\/logo\/image\/","url":"https:\/\/iraurgiberritzen.eus\/wp-content\/uploads\/2024\/02\/IRAURGI-BERRITZEN-logotipoa_2.png","contentUrl":"https:\/\/iraurgiberritzen.eus\/wp-content\/uploads\/2024\/02\/IRAURGI-BERRITZEN-logotipoa_2.png","width":496,"height":190,"caption":"Iraurgi Berritzen"},"image":{"@id":"https:\/\/iraurgiberritzen.eus\/es\/#\/schema\/logo\/image\/"}},{"@type":"Person","@id":"https:\/\/iraurgiberritzen.eus\/es\/#\/schema\/person\/5ab41aaf388a9097177601ebf45738d2","name":"kudeatzailea","sameAs":["https:\/\/iraurgiberritzen.eus"]}]}},"_links":{"self":[{"href":"https:\/\/iraurgiberritzen.eus\/es\/wp-json\/wp\/v2\/posts\/12972","targetHints":{"allow":["GET"]}}],"collection":[{"href":"https:\/\/iraurgiberritzen.eus\/es\/wp-json\/wp\/v2\/posts"}],"about":[{"href":"https:\/\/iraurgiberritzen.eus\/es\/wp-json\/wp\/v2\/types\/post"}],"author":[{"embeddable":true,"href":"https:\/\/iraurgiberritzen.eus\/es\/wp-json\/wp\/v2\/users\/1"}],"replies":[{"embeddable":true,"href":"https:\/\/iraurgiberritzen.eus\/es\/wp-json\/wp\/v2\/comments?post=12972"}],"version-history":[{"count":0,"href":"https:\/\/iraurgiberritzen.eus\/es\/wp-json\/wp\/v2\/posts\/12972\/revisions"}],"wp:featuredmedia":[{"embeddable":true,"href":"https:\/\/iraurgiberritzen.eus\/es\/wp-json\/wp\/v2\/media\/17699"}],"wp:attachment":[{"href":"https:\/\/iraurgiberritzen.eus\/es\/wp-json\/wp\/v2\/media?parent=12972"}],"wp:term":[{"taxonomy":"category","embeddable":true,"href":"https:\/\/iraurgiberritzen.eus\/es\/wp-json\/wp\/v2\/categories?post=12972"},{"taxonomy":"post_tag","embeddable":true,"href":"https:\/\/iraurgiberritzen.eus\/es\/wp-json\/wp\/v2\/tags?post=12972"}],"curies":[{"name":"wp","href":"https:\/\/api.w.org\/{rel}","templated":true}]}}