{"id":12978,"date":"2020-10-06T09:13:21","date_gmt":"2020-10-06T07:13:21","guid":{"rendered":"https:\/\/iraurgiberritzen.eus\/en-marcha-el-proyecto-para-la-empleabilidad-y-la-inclusion-social-de-personas-en-situacion-de-riesgo-de-exclusion-social-de-la-comarca\/"},"modified":"2020-10-06T09:13:21","modified_gmt":"2020-10-06T07:13:21","slug":"en-marcha-el-proyecto-para-la-empleabilidad-y-la-inclusion-social-de-personas-en-situacion-de-riesgo-de-exclusion-social-de-la-comarca","status":"publish","type":"post","link":"https:\/\/iraurgiberritzen.eus\/es\/en-marcha-el-proyecto-para-la-empleabilidad-y-la-inclusion-social-de-personas-en-situacion-de-riesgo-de-exclusion-social-de-la-comarca\/","title":{"rendered":"En marcha el proyecto para la empleabilidad y la inclusi\u00f3n social de personas en situaci\u00f3n de riesgo de exclusi\u00f3n social de la comarca"},"content":{"rendered":"<p style=\"text-align: justify;\"><strong style=\"text-align: justify;\">La estrategia para impulsar la empleabilidad de las personas en situaci\u00f3n de vulnerabilidad<\/strong><span style=\"text-align: justify;\">&nbsp;est\u00e1 en marcha de la mano de Iraurgi Berritzen, y de los Ayuntamientos Azpeitia, Azkoitia y Zestoa, y en colaboraci\u00f3n con Izarraitz Lanbide Heziketa y Zabaltzen Sartu, a trav\u00e9s del proyecto \u00abUrola Erdian ElkarEkinez Lanean\u00bb financiado en el marco de proyectos estrat\u00e9gicos de la Diputaci\u00f3n Foral de Gipuzkoa.<\/span><\/p>\n<p style=\"text-align: justify;\">La evoluci\u00f3n del desempleo en Urola Erdia est\u00e1 teniendo un incremento significativo en el contexto de crisis del Covid-19. Seg\u00fan los datos de agosto, la tasa de desempleo es de 10,6%, un incremento de 38,9%, respecto al mes de agosto del pasado a\u00f1o. Con el objeto de minimizar los efectos de esta situaci\u00f3n en los colectivos m\u00e1s vulnerables, es necesaria la puesta en marcha de un plan de acci\u00f3n.<\/p>\n<p style=\"text-align: justify;\"><strong>El objetivo de este nuevo proyecto<\/strong>, es activar nuevos procesos de formaci\u00f3n para el empleo y socializaci\u00f3n de personas en situaci\u00f3n de vulnerabilidad, y conformar una red de servicios integrados, a trav\u00e9s de la coordinaci\u00f3n y cooperaci\u00f3n de los agentes de inclusi\u00f3n de la comarca.<br \/>El proyecto contempla dos l\u00edneas de trabajo:<\/p>\n<p style=\"text-align: justify;\"><span style=\"text-decoration: underline;\"><strong>1) Ejecutar nuevos itinerarios de formaci\u00f3n para el empleo en la comarca<\/strong><\/span><\/p>\n<p style=\"text-align: justify;\">El objetivo es reforzar en la comarca la oferta formativa de cursos de Competencias B\u00e1sicas, as\u00ed como de competencias t\u00e9cnicas, mediante Certificados de Profesionalidad de 2. Nivel, para facilitar a estas personas el acceso al mercado de trabajo.<\/p>\n<p style=\"text-align: justify;\">En este contexto, el pasado 28 de setiembre se ha dado inicio a un nuevo curso de formaci\u00f3n en Competencias B\u00e1sicas, en el Palacio Basazabal de Azpeitia, impartido por Zabaltzen Sartu. A su finalizaci\u00f3n, las 15 personas participantes, tendr\u00e1n la posibilidad de acceder a cursos de Certificados de Profesionalidad de Nivel 2, con el objetivo de reforzar su conocimiento, en los sectores de la industria y servicios en la comarca, en concreto, de Soldadura y de Atenci\u00f3n a Personas con Dependencia, perfiles formativos con alta demanda.<\/p>\n<p style=\"text-align: justify;\">En este sentido,&nbsp;<strong>de la mano de la Izarraitz Lanbide Heziketa<\/strong>, podr\u00e1n participar en el Certificado de Profesionalidad de Nivel 2 en la especialidad de Soldadura y a trav\u00e9s del Ayuntamiento de Azpeitia, en el de&nbsp;<strong>Atenci\u00f3n a personas dependientes<\/strong>. Cada curso contar\u00e1 con 15 participantes.<\/p>\n<p style=\"text-align: justify;\"><span style=\"text-decoration: underline;\"><strong>2) Desarrollar una red de servicios integrados entre los diferentes agentes de inclusi\u00f3n social, empleo y de formaci\u00f3n, con un plan de acci\u00f3n com\u00fan.<\/strong><\/span><\/p>\n<p style=\"text-align: justify;\">En esta l\u00ednea, ya est\u00e1 en activo desde febrero la din\u00e1mica de la red de UrolanEkin, conformada por los diferentes agentes de empleo, formaci\u00f3n y de servicios sociales, donde se analiz\u00f3 el diagn\u00f3stico y necesidades de la comarca y se consensuaron las principales l\u00edneas de actuaci\u00f3n, activando un plan de acci\u00f3n, con diversos equipos de proyecto, que posibiliten una red de servicios integrado para este colectivo de personas.<\/p>\n<p style=\"text-align: justify;\">Agentes participantes:<\/p>\n<p style=\"text-align: center;\"><img decoding=\"async\" src=\"images\/Dise\u00f1o_sin_t\u00edtulo_35.png\" alt=\"Dise\u00f1o_sin_t\u00edtulo_35.png\" \/><\/p>\n","protected":false},"excerpt":{"rendered":"<p>La estrategia para impulsar la empleabilidad de las personas en situaci\u00f3n de vulnerabilidad&nbsp;est\u00e1 en marcha de la mano de Iraurgi Berritzen, y de los Ayuntamientos Azpeitia, Azkoitia y Zestoa, y en colaboraci\u00f3n con Izarraitz Lanbide Heziketa y Zabaltzen Sartu, a trav\u00e9s del proyecto \u00abUrola Erdian ElkarEkinez Lanean\u00bb financiado en el marco de proyectos estrat\u00e9gicos de [&hellip;]<\/p>\n","protected":false},"author":1,"featured_media":17701,"comment_status":"","ping_status":"closed","sticky":false,"template":"","format":"standard","meta":{"_acf_changed":false,"footnotes":""},"categories":[4],"tags":[],"class_list":["post-12978","post","type-post","status-publish","format-standard","has-post-thumbnail","hentry","category-noticias"],"acf":[],"yoast_head":"<!-- This site is optimized with the Yoast SEO plugin v27.4 - https:\/\/yoast.com\/product\/yoast-seo-wordpress\/ -->\n<title>En marcha el proyecto para la empleabilidad y la inclusi\u00f3n social de personas en situaci\u00f3n de riesgo de exclusi\u00f3n social de la comarca - Iraurgi Berritzen<\/title>\n<meta name=\"robots\" content=\"index, follow, max-snippet:-1, max-image-preview:large, max-video-preview:-1\" \/>\n<link rel=\"canonical\" href=\"https:\/\/iraurgiberritzen.eus\/es\/en-marcha-el-proyecto-para-la-empleabilidad-y-la-inclusion-social-de-personas-en-situacion-de-riesgo-de-exclusion-social-de-la-comarca\/\" \/>\n<meta property=\"og:locale\" content=\"es_ES\" \/>\n<meta property=\"og:type\" content=\"article\" \/>\n<meta property=\"og:title\" content=\"En marcha el proyecto para la empleabilidad y la inclusi\u00f3n social de personas en situaci\u00f3n de riesgo de exclusi\u00f3n social de la comarca - Iraurgi Berritzen\" \/>\n<meta property=\"og:description\" content=\"La estrategia para impulsar la empleabilidad de las personas en situaci\u00f3n de vulnerabilidad&nbsp;est\u00e1 en marcha de la mano de Iraurgi Berritzen, y de los Ayuntamientos Azpeitia, Azkoitia y Zestoa, y en colaboraci\u00f3n con Izarraitz Lanbide Heziketa y Zabaltzen Sartu, a trav\u00e9s del proyecto \u00abUrola Erdian ElkarEkinez Lanean\u00bb financiado en el marco de proyectos estrat\u00e9gicos de [&hellip;]\" \/>\n<meta property=\"og:url\" content=\"https:\/\/iraurgiberritzen.eus\/es\/en-marcha-el-proyecto-para-la-empleabilidad-y-la-inclusion-social-de-personas-en-situacion-de-riesgo-de-exclusion-social-de-la-comarca\/\" \/>\n<meta property=\"og:site_name\" content=\"Iraurgi Berritzen\" \/>\n<meta property=\"article:published_time\" content=\"2020-10-06T07:13:21+00:00\" \/>\n<meta name=\"author\" content=\"kudeatzailea\" \/>\n<meta name=\"twitter:card\" content=\"summary_large_image\" \/>\n<meta name=\"twitter:label1\" content=\"Escrito por\" \/>\n\t<meta name=\"twitter:data1\" content=\"kudeatzailea\" \/>\n\t<meta name=\"twitter:label2\" content=\"Tiempo de lectura\" \/>\n\t<meta name=\"twitter:data2\" content=\"2 minutos\" \/>\n<script type=\"application\/ld+json\" class=\"yoast-schema-graph\">{\"@context\":\"https:\\\/\\\/schema.org\",\"@graph\":[{\"@type\":\"Article\",\"@id\":\"https:\\\/\\\/iraurgiberritzen.eus\\\/es\\\/en-marcha-el-proyecto-para-la-empleabilidad-y-la-inclusion-social-de-personas-en-situacion-de-riesgo-de-exclusion-social-de-la-comarca\\\/#article\",\"isPartOf\":{\"@id\":\"https:\\\/\\\/iraurgiberritzen.eus\\\/es\\\/en-marcha-el-proyecto-para-la-empleabilidad-y-la-inclusion-social-de-personas-en-situacion-de-riesgo-de-exclusion-social-de-la-comarca\\\/\"},\"author\":{\"name\":\"kudeatzailea\",\"@id\":\"https:\\\/\\\/iraurgiberritzen.eus\\\/es\\\/#\\\/schema\\\/person\\\/5ab41aaf388a9097177601ebf45738d2\"},\"headline\":\"En marcha el proyecto para la empleabilidad y la inclusi\u00f3n social de personas en situaci\u00f3n de riesgo de exclusi\u00f3n social de la comarca\",\"datePublished\":\"2020-10-06T07:13:21+00:00\",\"mainEntityOfPage\":{\"@id\":\"https:\\\/\\\/iraurgiberritzen.eus\\\/es\\\/en-marcha-el-proyecto-para-la-empleabilidad-y-la-inclusion-social-de-personas-en-situacion-de-riesgo-de-exclusion-social-de-la-comarca\\\/\"},\"wordCount\":518,\"publisher\":{\"@id\":\"https:\\\/\\\/iraurgiberritzen.eus\\\/es\\\/#organization\"},\"image\":{\"@id\":\"https:\\\/\\\/iraurgiberritzen.eus\\\/es\\\/en-marcha-el-proyecto-para-la-empleabilidad-y-la-inclusion-social-de-personas-en-situacion-de-riesgo-de-exclusion-social-de-la-comarca\\\/#primaryimage\"},\"thumbnailUrl\":\"https:\\\/\\\/iraurgiberritzen.eus\\\/wp-content\\\/uploads\\\/2023\\\/09\\\/64ca0a634602805d9129303f1b94d936.jpg\",\"articleSection\":[\"Noticias\"],\"inLanguage\":\"es\"},{\"@type\":\"WebPage\",\"@id\":\"https:\\\/\\\/iraurgiberritzen.eus\\\/es\\\/en-marcha-el-proyecto-para-la-empleabilidad-y-la-inclusion-social-de-personas-en-situacion-de-riesgo-de-exclusion-social-de-la-comarca\\\/\",\"url\":\"https:\\\/\\\/iraurgiberritzen.eus\\\/es\\\/en-marcha-el-proyecto-para-la-empleabilidad-y-la-inclusion-social-de-personas-en-situacion-de-riesgo-de-exclusion-social-de-la-comarca\\\/\",\"name\":\"En marcha el proyecto para la empleabilidad y la inclusi\u00f3n social de personas en situaci\u00f3n de riesgo de exclusi\u00f3n social de la comarca - Iraurgi Berritzen\",\"isPartOf\":{\"@id\":\"https:\\\/\\\/iraurgiberritzen.eus\\\/es\\\/#website\"},\"primaryImageOfPage\":{\"@id\":\"https:\\\/\\\/iraurgiberritzen.eus\\\/es\\\/en-marcha-el-proyecto-para-la-empleabilidad-y-la-inclusion-social-de-personas-en-situacion-de-riesgo-de-exclusion-social-de-la-comarca\\\/#primaryimage\"},\"image\":{\"@id\":\"https:\\\/\\\/iraurgiberritzen.eus\\\/es\\\/en-marcha-el-proyecto-para-la-empleabilidad-y-la-inclusion-social-de-personas-en-situacion-de-riesgo-de-exclusion-social-de-la-comarca\\\/#primaryimage\"},\"thumbnailUrl\":\"https:\\\/\\\/iraurgiberritzen.eus\\\/wp-content\\\/uploads\\\/2023\\\/09\\\/64ca0a634602805d9129303f1b94d936.jpg\",\"datePublished\":\"2020-10-06T07:13:21+00:00\",\"breadcrumb\":{\"@id\":\"https:\\\/\\\/iraurgiberritzen.eus\\\/es\\\/en-marcha-el-proyecto-para-la-empleabilidad-y-la-inclusion-social-de-personas-en-situacion-de-riesgo-de-exclusion-social-de-la-comarca\\\/#breadcrumb\"},\"inLanguage\":\"es\",\"potentialAction\":[{\"@type\":\"ReadAction\",\"target\":[\"https:\\\/\\\/iraurgiberritzen.eus\\\/es\\\/en-marcha-el-proyecto-para-la-empleabilidad-y-la-inclusion-social-de-personas-en-situacion-de-riesgo-de-exclusion-social-de-la-comarca\\\/\"]}]},{\"@type\":\"ImageObject\",\"inLanguage\":\"es\",\"@id\":\"https:\\\/\\\/iraurgiberritzen.eus\\\/es\\\/en-marcha-el-proyecto-para-la-empleabilidad-y-la-inclusion-social-de-personas-en-situacion-de-riesgo-de-exclusion-social-de-la-comarca\\\/#primaryimage\",\"url\":\"https:\\\/\\\/iraurgiberritzen.eus\\\/wp-content\\\/uploads\\\/2023\\\/09\\\/64ca0a634602805d9129303f1b94d936.jpg\",\"contentUrl\":\"https:\\\/\\\/iraurgiberritzen.eus\\\/wp-content\\\/uploads\\\/2023\\\/09\\\/64ca0a634602805d9129303f1b94d936.jpg\",\"width\":600,\"height\":386},{\"@type\":\"BreadcrumbList\",\"@id\":\"https:\\\/\\\/iraurgiberritzen.eus\\\/es\\\/en-marcha-el-proyecto-para-la-empleabilidad-y-la-inclusion-social-de-personas-en-situacion-de-riesgo-de-exclusion-social-de-la-comarca\\\/#breadcrumb\",\"itemListElement\":[{\"@type\":\"ListItem\",\"position\":1,\"name\":\"Home\",\"item\":\"https:\\\/\\\/iraurgiberritzen.eus\\\/es\\\/\"},{\"@type\":\"ListItem\",\"position\":2,\"name\":\"En marcha el proyecto para la empleabilidad y la inclusi\u00f3n social de personas en situaci\u00f3n de riesgo de exclusi\u00f3n social de la comarca\"}]},{\"@type\":\"WebSite\",\"@id\":\"https:\\\/\\\/iraurgiberritzen.eus\\\/es\\\/#website\",\"url\":\"https:\\\/\\\/iraurgiberritzen.eus\\\/es\\\/\",\"name\":\"Iraurgi Berritzen\",\"description\":\"Urola Erdiko Garapen Agentzia\",\"publisher\":{\"@id\":\"https:\\\/\\\/iraurgiberritzen.eus\\\/es\\\/#organization\"},\"potentialAction\":[{\"@type\":\"SearchAction\",\"target\":{\"@type\":\"EntryPoint\",\"urlTemplate\":\"https:\\\/\\\/iraurgiberritzen.eus\\\/es\\\/?s={search_term_string}\"},\"query-input\":{\"@type\":\"PropertyValueSpecification\",\"valueRequired\":true,\"valueName\":\"search_term_string\"}}],\"inLanguage\":\"es\"},{\"@type\":\"Organization\",\"@id\":\"https:\\\/\\\/iraurgiberritzen.eus\\\/es\\\/#organization\",\"name\":\"Iraurgi Berritzen\",\"url\":\"https:\\\/\\\/iraurgiberritzen.eus\\\/es\\\/\",\"logo\":{\"@type\":\"ImageObject\",\"inLanguage\":\"es\",\"@id\":\"https:\\\/\\\/iraurgiberritzen.eus\\\/es\\\/#\\\/schema\\\/logo\\\/image\\\/\",\"url\":\"https:\\\/\\\/iraurgiberritzen.eus\\\/wp-content\\\/uploads\\\/2024\\\/02\\\/IRAURGI-BERRITZEN-logotipoa_2.png\",\"contentUrl\":\"https:\\\/\\\/iraurgiberritzen.eus\\\/wp-content\\\/uploads\\\/2024\\\/02\\\/IRAURGI-BERRITZEN-logotipoa_2.png\",\"width\":496,\"height\":190,\"caption\":\"Iraurgi Berritzen\"},\"image\":{\"@id\":\"https:\\\/\\\/iraurgiberritzen.eus\\\/es\\\/#\\\/schema\\\/logo\\\/image\\\/\"}},{\"@type\":\"Person\",\"@id\":\"https:\\\/\\\/iraurgiberritzen.eus\\\/es\\\/#\\\/schema\\\/person\\\/5ab41aaf388a9097177601ebf45738d2\",\"name\":\"kudeatzailea\",\"sameAs\":[\"https:\\\/\\\/iraurgiberritzen.eus\"]}]}<\/script>\n<!-- \/ Yoast SEO plugin. -->","yoast_head_json":{"title":"En marcha el proyecto para la empleabilidad y la inclusi\u00f3n social de personas en situaci\u00f3n de riesgo de exclusi\u00f3n social de la comarca - Iraurgi Berritzen","robots":{"index":"index","follow":"follow","max-snippet":"max-snippet:-1","max-image-preview":"max-image-preview:large","max-video-preview":"max-video-preview:-1"},"canonical":"https:\/\/iraurgiberritzen.eus\/es\/en-marcha-el-proyecto-para-la-empleabilidad-y-la-inclusion-social-de-personas-en-situacion-de-riesgo-de-exclusion-social-de-la-comarca\/","og_locale":"es_ES","og_type":"article","og_title":"En marcha el proyecto para la empleabilidad y la inclusi\u00f3n social de personas en situaci\u00f3n de riesgo de exclusi\u00f3n social de la comarca - Iraurgi Berritzen","og_description":"La estrategia para impulsar la empleabilidad de las personas en situaci\u00f3n de vulnerabilidad&nbsp;est\u00e1 en marcha de la mano de Iraurgi Berritzen, y de los Ayuntamientos Azpeitia, Azkoitia y Zestoa, y en colaboraci\u00f3n con Izarraitz Lanbide Heziketa y Zabaltzen Sartu, a trav\u00e9s del proyecto \u00abUrola Erdian ElkarEkinez Lanean\u00bb financiado en el marco de proyectos estrat\u00e9gicos de [&hellip;]","og_url":"https:\/\/iraurgiberritzen.eus\/es\/en-marcha-el-proyecto-para-la-empleabilidad-y-la-inclusion-social-de-personas-en-situacion-de-riesgo-de-exclusion-social-de-la-comarca\/","og_site_name":"Iraurgi Berritzen","article_published_time":"2020-10-06T07:13:21+00:00","author":"kudeatzailea","twitter_card":"summary_large_image","twitter_misc":{"Escrito por":"kudeatzailea","Tiempo de lectura":"2 minutos"},"schema":{"@context":"https:\/\/schema.org","@graph":[{"@type":"Article","@id":"https:\/\/iraurgiberritzen.eus\/es\/en-marcha-el-proyecto-para-la-empleabilidad-y-la-inclusion-social-de-personas-en-situacion-de-riesgo-de-exclusion-social-de-la-comarca\/#article","isPartOf":{"@id":"https:\/\/iraurgiberritzen.eus\/es\/en-marcha-el-proyecto-para-la-empleabilidad-y-la-inclusion-social-de-personas-en-situacion-de-riesgo-de-exclusion-social-de-la-comarca\/"},"author":{"name":"kudeatzailea","@id":"https:\/\/iraurgiberritzen.eus\/es\/#\/schema\/person\/5ab41aaf388a9097177601ebf45738d2"},"headline":"En marcha el proyecto para la empleabilidad y la inclusi\u00f3n social de personas en situaci\u00f3n de riesgo de exclusi\u00f3n social de la comarca","datePublished":"2020-10-06T07:13:21+00:00","mainEntityOfPage":{"@id":"https:\/\/iraurgiberritzen.eus\/es\/en-marcha-el-proyecto-para-la-empleabilidad-y-la-inclusion-social-de-personas-en-situacion-de-riesgo-de-exclusion-social-de-la-comarca\/"},"wordCount":518,"publisher":{"@id":"https:\/\/iraurgiberritzen.eus\/es\/#organization"},"image":{"@id":"https:\/\/iraurgiberritzen.eus\/es\/en-marcha-el-proyecto-para-la-empleabilidad-y-la-inclusion-social-de-personas-en-situacion-de-riesgo-de-exclusion-social-de-la-comarca\/#primaryimage"},"thumbnailUrl":"https:\/\/iraurgiberritzen.eus\/wp-content\/uploads\/2023\/09\/64ca0a634602805d9129303f1b94d936.jpg","articleSection":["Noticias"],"inLanguage":"es"},{"@type":"WebPage","@id":"https:\/\/iraurgiberritzen.eus\/es\/en-marcha-el-proyecto-para-la-empleabilidad-y-la-inclusion-social-de-personas-en-situacion-de-riesgo-de-exclusion-social-de-la-comarca\/","url":"https:\/\/iraurgiberritzen.eus\/es\/en-marcha-el-proyecto-para-la-empleabilidad-y-la-inclusion-social-de-personas-en-situacion-de-riesgo-de-exclusion-social-de-la-comarca\/","name":"En marcha el proyecto para la empleabilidad y la inclusi\u00f3n social de personas en situaci\u00f3n de riesgo de exclusi\u00f3n social de la comarca - Iraurgi Berritzen","isPartOf":{"@id":"https:\/\/iraurgiberritzen.eus\/es\/#website"},"primaryImageOfPage":{"@id":"https:\/\/iraurgiberritzen.eus\/es\/en-marcha-el-proyecto-para-la-empleabilidad-y-la-inclusion-social-de-personas-en-situacion-de-riesgo-de-exclusion-social-de-la-comarca\/#primaryimage"},"image":{"@id":"https:\/\/iraurgiberritzen.eus\/es\/en-marcha-el-proyecto-para-la-empleabilidad-y-la-inclusion-social-de-personas-en-situacion-de-riesgo-de-exclusion-social-de-la-comarca\/#primaryimage"},"thumbnailUrl":"https:\/\/iraurgiberritzen.eus\/wp-content\/uploads\/2023\/09\/64ca0a634602805d9129303f1b94d936.jpg","datePublished":"2020-10-06T07:13:21+00:00","breadcrumb":{"@id":"https:\/\/iraurgiberritzen.eus\/es\/en-marcha-el-proyecto-para-la-empleabilidad-y-la-inclusion-social-de-personas-en-situacion-de-riesgo-de-exclusion-social-de-la-comarca\/#breadcrumb"},"inLanguage":"es","potentialAction":[{"@type":"ReadAction","target":["https:\/\/iraurgiberritzen.eus\/es\/en-marcha-el-proyecto-para-la-empleabilidad-y-la-inclusion-social-de-personas-en-situacion-de-riesgo-de-exclusion-social-de-la-comarca\/"]}]},{"@type":"ImageObject","inLanguage":"es","@id":"https:\/\/iraurgiberritzen.eus\/es\/en-marcha-el-proyecto-para-la-empleabilidad-y-la-inclusion-social-de-personas-en-situacion-de-riesgo-de-exclusion-social-de-la-comarca\/#primaryimage","url":"https:\/\/iraurgiberritzen.eus\/wp-content\/uploads\/2023\/09\/64ca0a634602805d9129303f1b94d936.jpg","contentUrl":"https:\/\/iraurgiberritzen.eus\/wp-content\/uploads\/2023\/09\/64ca0a634602805d9129303f1b94d936.jpg","width":600,"height":386},{"@type":"BreadcrumbList","@id":"https:\/\/iraurgiberritzen.eus\/es\/en-marcha-el-proyecto-para-la-empleabilidad-y-la-inclusion-social-de-personas-en-situacion-de-riesgo-de-exclusion-social-de-la-comarca\/#breadcrumb","itemListElement":[{"@type":"ListItem","position":1,"name":"Home","item":"https:\/\/iraurgiberritzen.eus\/es\/"},{"@type":"ListItem","position":2,"name":"En marcha el proyecto para la empleabilidad y la inclusi\u00f3n social de personas en situaci\u00f3n de riesgo de exclusi\u00f3n social de la comarca"}]},{"@type":"WebSite","@id":"https:\/\/iraurgiberritzen.eus\/es\/#website","url":"https:\/\/iraurgiberritzen.eus\/es\/","name":"Iraurgi Berritzen","description":"Urola Erdiko Garapen Agentzia","publisher":{"@id":"https:\/\/iraurgiberritzen.eus\/es\/#organization"},"potentialAction":[{"@type":"SearchAction","target":{"@type":"EntryPoint","urlTemplate":"https:\/\/iraurgiberritzen.eus\/es\/?s={search_term_string}"},"query-input":{"@type":"PropertyValueSpecification","valueRequired":true,"valueName":"search_term_string"}}],"inLanguage":"es"},{"@type":"Organization","@id":"https:\/\/iraurgiberritzen.eus\/es\/#organization","name":"Iraurgi Berritzen","url":"https:\/\/iraurgiberritzen.eus\/es\/","logo":{"@type":"ImageObject","inLanguage":"es","@id":"https:\/\/iraurgiberritzen.eus\/es\/#\/schema\/logo\/image\/","url":"https:\/\/iraurgiberritzen.eus\/wp-content\/uploads\/2024\/02\/IRAURGI-BERRITZEN-logotipoa_2.png","contentUrl":"https:\/\/iraurgiberritzen.eus\/wp-content\/uploads\/2024\/02\/IRAURGI-BERRITZEN-logotipoa_2.png","width":496,"height":190,"caption":"Iraurgi Berritzen"},"image":{"@id":"https:\/\/iraurgiberritzen.eus\/es\/#\/schema\/logo\/image\/"}},{"@type":"Person","@id":"https:\/\/iraurgiberritzen.eus\/es\/#\/schema\/person\/5ab41aaf388a9097177601ebf45738d2","name":"kudeatzailea","sameAs":["https:\/\/iraurgiberritzen.eus"]}]}},"_links":{"self":[{"href":"https:\/\/iraurgiberritzen.eus\/es\/wp-json\/wp\/v2\/posts\/12978","targetHints":{"allow":["GET"]}}],"collection":[{"href":"https:\/\/iraurgiberritzen.eus\/es\/wp-json\/wp\/v2\/posts"}],"about":[{"href":"https:\/\/iraurgiberritzen.eus\/es\/wp-json\/wp\/v2\/types\/post"}],"author":[{"embeddable":true,"href":"https:\/\/iraurgiberritzen.eus\/es\/wp-json\/wp\/v2\/users\/1"}],"replies":[{"embeddable":true,"href":"https:\/\/iraurgiberritzen.eus\/es\/wp-json\/wp\/v2\/comments?post=12978"}],"version-history":[{"count":0,"href":"https:\/\/iraurgiberritzen.eus\/es\/wp-json\/wp\/v2\/posts\/12978\/revisions"}],"wp:featuredmedia":[{"embeddable":true,"href":"https:\/\/iraurgiberritzen.eus\/es\/wp-json\/wp\/v2\/media\/17701"}],"wp:attachment":[{"href":"https:\/\/iraurgiberritzen.eus\/es\/wp-json\/wp\/v2\/media?parent=12978"}],"wp:term":[{"taxonomy":"category","embeddable":true,"href":"https:\/\/iraurgiberritzen.eus\/es\/wp-json\/wp\/v2\/categories?post=12978"},{"taxonomy":"post_tag","embeddable":true,"href":"https:\/\/iraurgiberritzen.eus\/es\/wp-json\/wp\/v2\/tags?post=12978"}],"curies":[{"name":"wp","href":"https:\/\/api.w.org\/{rel}","templated":true}]}}