{"id":12986,"date":"2020-10-14T07:34:27","date_gmt":"2020-10-14T05:34:27","guid":{"rendered":"https:\/\/iraurgiberritzen.eus\/las-tres-comarcas-que-rodean-hernio-crean-un-soporte-audiovisual-para-la-promocion-del-turismo-de-naturaleza\/"},"modified":"2020-10-14T07:34:27","modified_gmt":"2020-10-14T05:34:27","slug":"las-tres-comarcas-que-rodean-hernio-crean-un-soporte-audiovisual-para-la-promocion-del-turismo-de-naturaleza","status":"publish","type":"post","link":"https:\/\/iraurgiberritzen.eus\/es\/las-tres-comarcas-que-rodean-hernio-crean-un-soporte-audiovisual-para-la-promocion-del-turismo-de-naturaleza\/","title":{"rendered":"Las tres comarcas que rodean Hernio crean un soporte audiovisual para la promoci\u00f3n del turismo de naturaleza"},"content":{"rendered":"<p style=\"text-align: justify;\">El v\u00eddeo es fruto de la colaboraci\u00f3n entre las agencias de desarrollo de Tolosaldea, Urola Erdia y la Mancomunidad de Urola Kosta.<\/p>\n<p style=\"text-align: justify;\">El v\u00eddeo muestra tres recorridos en torno al monte Hernio, uno por cada comarca, para tres tipos de p\u00fablicos: familias, deportistas y monta\u00f1eros\/as senior, aunque no son las \u00fanicas opciones.<\/p>\n<p style=\"text-align: justify;\">La idea naci\u00f3 de la demanda de una empresa privada que orienta y gu\u00eda visitantes. De esta forma buscaba algo con que anticipar aquello que ver\u00edan. Se trata de una colaboraci\u00f3n p\u00fablico-privada, y en la situaci\u00f3n actual, tambi\u00e9n pretende ser una herramienta para facilitar a las empresas privadas su trabajo.<\/p>\n<p style=\"text-align: justify;\">Este v\u00eddeo se suma a la estrategia de promoci\u00f3n tur\u00edstica de la Diputaci\u00f3n Foral de Gipuzkoa.<\/p>\n<p><a href=\"https:\/\/www.youtube.com\/watch?v=WVkfbKpI1Tw&amp;feature=youtu.be\" target=\"_blank\" rel=\"noopener\">Ver v\u00eddeo<\/a><\/p>\n","protected":false},"excerpt":{"rendered":"<p>El v\u00eddeo es fruto de la colaboraci\u00f3n entre las agencias de desarrollo de Tolosaldea, Urola Erdia y la Mancomunidad de Urola Kosta. El v\u00eddeo muestra tres recorridos en torno al monte Hernio, uno por cada comarca, para tres tipos de p\u00fablicos: familias, deportistas y monta\u00f1eros\/as senior, aunque no son las \u00fanicas opciones. La idea naci\u00f3 [&hellip;]<\/p>\n","protected":false},"author":1,"featured_media":17703,"comment_status":"","ping_status":"closed","sticky":false,"template":"","format":"standard","meta":{"_acf_changed":false,"footnotes":""},"categories":[4],"tags":[],"class_list":["post-12986","post","type-post","status-publish","format-standard","has-post-thumbnail","hentry","category-noticias"],"acf":[],"yoast_head":"<!-- This site is optimized with the Yoast SEO plugin v27.4 - https:\/\/yoast.com\/product\/yoast-seo-wordpress\/ -->\n<title>Las tres comarcas que rodean Hernio crean un soporte audiovisual para la promoci\u00f3n del turismo de naturaleza - Iraurgi Berritzen<\/title>\n<meta name=\"robots\" content=\"index, follow, max-snippet:-1, max-image-preview:large, max-video-preview:-1\" \/>\n<link rel=\"canonical\" href=\"https:\/\/iraurgiberritzen.eus\/es\/las-tres-comarcas-que-rodean-hernio-crean-un-soporte-audiovisual-para-la-promocion-del-turismo-de-naturaleza\/\" \/>\n<meta property=\"og:locale\" content=\"es_ES\" \/>\n<meta property=\"og:type\" content=\"article\" \/>\n<meta property=\"og:title\" content=\"Las tres comarcas que rodean Hernio crean un soporte audiovisual para la promoci\u00f3n del turismo de naturaleza - Iraurgi Berritzen\" \/>\n<meta property=\"og:description\" content=\"El v\u00eddeo es fruto de la colaboraci\u00f3n entre las agencias de desarrollo de Tolosaldea, Urola Erdia y la Mancomunidad de Urola Kosta. El v\u00eddeo muestra tres recorridos en torno al monte Hernio, uno por cada comarca, para tres tipos de p\u00fablicos: familias, deportistas y monta\u00f1eros\/as senior, aunque no son las \u00fanicas opciones. La idea naci\u00f3 [&hellip;]\" \/>\n<meta property=\"og:url\" content=\"https:\/\/iraurgiberritzen.eus\/es\/las-tres-comarcas-que-rodean-hernio-crean-un-soporte-audiovisual-para-la-promocion-del-turismo-de-naturaleza\/\" \/>\n<meta property=\"og:site_name\" content=\"Iraurgi Berritzen\" \/>\n<meta property=\"article:published_time\" content=\"2020-10-14T05:34:27+00:00\" \/>\n<meta name=\"author\" content=\"kudeatzailea\" \/>\n<meta name=\"twitter:card\" content=\"summary_large_image\" \/>\n<meta name=\"twitter:label1\" content=\"Escrito por\" \/>\n\t<meta name=\"twitter:data1\" content=\"kudeatzailea\" \/>\n\t<meta name=\"twitter:label2\" content=\"Tiempo de lectura\" \/>\n\t<meta name=\"twitter:data2\" content=\"1 minuto\" \/>\n<script type=\"application\/ld+json\" class=\"yoast-schema-graph\">{\"@context\":\"https:\\\/\\\/schema.org\",\"@graph\":[{\"@type\":\"Article\",\"@id\":\"https:\\\/\\\/iraurgiberritzen.eus\\\/es\\\/las-tres-comarcas-que-rodean-hernio-crean-un-soporte-audiovisual-para-la-promocion-del-turismo-de-naturaleza\\\/#article\",\"isPartOf\":{\"@id\":\"https:\\\/\\\/iraurgiberritzen.eus\\\/es\\\/las-tres-comarcas-que-rodean-hernio-crean-un-soporte-audiovisual-para-la-promocion-del-turismo-de-naturaleza\\\/\"},\"author\":{\"name\":\"kudeatzailea\",\"@id\":\"https:\\\/\\\/iraurgiberritzen.eus\\\/es\\\/#\\\/schema\\\/person\\\/5ab41aaf388a9097177601ebf45738d2\"},\"headline\":\"Las tres comarcas que rodean Hernio crean un soporte audiovisual para la promoci\u00f3n del turismo de naturaleza\",\"datePublished\":\"2020-10-14T05:34:27+00:00\",\"mainEntityOfPage\":{\"@id\":\"https:\\\/\\\/iraurgiberritzen.eus\\\/es\\\/las-tres-comarcas-que-rodean-hernio-crean-un-soporte-audiovisual-para-la-promocion-del-turismo-de-naturaleza\\\/\"},\"wordCount\":155,\"publisher\":{\"@id\":\"https:\\\/\\\/iraurgiberritzen.eus\\\/es\\\/#organization\"},\"image\":{\"@id\":\"https:\\\/\\\/iraurgiberritzen.eus\\\/es\\\/las-tres-comarcas-que-rodean-hernio-crean-un-soporte-audiovisual-para-la-promocion-del-turismo-de-naturaleza\\\/#primaryimage\"},\"thumbnailUrl\":\"https:\\\/\\\/iraurgiberritzen.eus\\\/wp-content\\\/uploads\\\/2023\\\/09\\\/42770aa1de64ddfe6105cdd213adfa9d.jpg\",\"articleSection\":[\"Noticias\"],\"inLanguage\":\"es\"},{\"@type\":\"WebPage\",\"@id\":\"https:\\\/\\\/iraurgiberritzen.eus\\\/es\\\/las-tres-comarcas-que-rodean-hernio-crean-un-soporte-audiovisual-para-la-promocion-del-turismo-de-naturaleza\\\/\",\"url\":\"https:\\\/\\\/iraurgiberritzen.eus\\\/es\\\/las-tres-comarcas-que-rodean-hernio-crean-un-soporte-audiovisual-para-la-promocion-del-turismo-de-naturaleza\\\/\",\"name\":\"Las tres comarcas que rodean Hernio crean un soporte audiovisual para la promoci\u00f3n del turismo de naturaleza - Iraurgi Berritzen\",\"isPartOf\":{\"@id\":\"https:\\\/\\\/iraurgiberritzen.eus\\\/es\\\/#website\"},\"primaryImageOfPage\":{\"@id\":\"https:\\\/\\\/iraurgiberritzen.eus\\\/es\\\/las-tres-comarcas-que-rodean-hernio-crean-un-soporte-audiovisual-para-la-promocion-del-turismo-de-naturaleza\\\/#primaryimage\"},\"image\":{\"@id\":\"https:\\\/\\\/iraurgiberritzen.eus\\\/es\\\/las-tres-comarcas-que-rodean-hernio-crean-un-soporte-audiovisual-para-la-promocion-del-turismo-de-naturaleza\\\/#primaryimage\"},\"thumbnailUrl\":\"https:\\\/\\\/iraurgiberritzen.eus\\\/wp-content\\\/uploads\\\/2023\\\/09\\\/42770aa1de64ddfe6105cdd213adfa9d.jpg\",\"datePublished\":\"2020-10-14T05:34:27+00:00\",\"breadcrumb\":{\"@id\":\"https:\\\/\\\/iraurgiberritzen.eus\\\/es\\\/las-tres-comarcas-que-rodean-hernio-crean-un-soporte-audiovisual-para-la-promocion-del-turismo-de-naturaleza\\\/#breadcrumb\"},\"inLanguage\":\"es\",\"potentialAction\":[{\"@type\":\"ReadAction\",\"target\":[\"https:\\\/\\\/iraurgiberritzen.eus\\\/es\\\/las-tres-comarcas-que-rodean-hernio-crean-un-soporte-audiovisual-para-la-promocion-del-turismo-de-naturaleza\\\/\"]}]},{\"@type\":\"ImageObject\",\"inLanguage\":\"es\",\"@id\":\"https:\\\/\\\/iraurgiberritzen.eus\\\/es\\\/las-tres-comarcas-que-rodean-hernio-crean-un-soporte-audiovisual-para-la-promocion-del-turismo-de-naturaleza\\\/#primaryimage\",\"url\":\"https:\\\/\\\/iraurgiberritzen.eus\\\/wp-content\\\/uploads\\\/2023\\\/09\\\/42770aa1de64ddfe6105cdd213adfa9d.jpg\",\"contentUrl\":\"https:\\\/\\\/iraurgiberritzen.eus\\\/wp-content\\\/uploads\\\/2023\\\/09\\\/42770aa1de64ddfe6105cdd213adfa9d.jpg\",\"width\":600,\"height\":386},{\"@type\":\"BreadcrumbList\",\"@id\":\"https:\\\/\\\/iraurgiberritzen.eus\\\/es\\\/las-tres-comarcas-que-rodean-hernio-crean-un-soporte-audiovisual-para-la-promocion-del-turismo-de-naturaleza\\\/#breadcrumb\",\"itemListElement\":[{\"@type\":\"ListItem\",\"position\":1,\"name\":\"Home\",\"item\":\"https:\\\/\\\/iraurgiberritzen.eus\\\/es\\\/\"},{\"@type\":\"ListItem\",\"position\":2,\"name\":\"Las tres comarcas que rodean Hernio crean un soporte audiovisual para la promoci\u00f3n del turismo de naturaleza\"}]},{\"@type\":\"WebSite\",\"@id\":\"https:\\\/\\\/iraurgiberritzen.eus\\\/es\\\/#website\",\"url\":\"https:\\\/\\\/iraurgiberritzen.eus\\\/es\\\/\",\"name\":\"Iraurgi Berritzen\",\"description\":\"Urola Erdiko Garapen Agentzia\",\"publisher\":{\"@id\":\"https:\\\/\\\/iraurgiberritzen.eus\\\/es\\\/#organization\"},\"potentialAction\":[{\"@type\":\"SearchAction\",\"target\":{\"@type\":\"EntryPoint\",\"urlTemplate\":\"https:\\\/\\\/iraurgiberritzen.eus\\\/es\\\/?s={search_term_string}\"},\"query-input\":{\"@type\":\"PropertyValueSpecification\",\"valueRequired\":true,\"valueName\":\"search_term_string\"}}],\"inLanguage\":\"es\"},{\"@type\":\"Organization\",\"@id\":\"https:\\\/\\\/iraurgiberritzen.eus\\\/es\\\/#organization\",\"name\":\"Iraurgi Berritzen\",\"url\":\"https:\\\/\\\/iraurgiberritzen.eus\\\/es\\\/\",\"logo\":{\"@type\":\"ImageObject\",\"inLanguage\":\"es\",\"@id\":\"https:\\\/\\\/iraurgiberritzen.eus\\\/es\\\/#\\\/schema\\\/logo\\\/image\\\/\",\"url\":\"https:\\\/\\\/iraurgiberritzen.eus\\\/wp-content\\\/uploads\\\/2024\\\/02\\\/IRAURGI-BERRITZEN-logotipoa_2.png\",\"contentUrl\":\"https:\\\/\\\/iraurgiberritzen.eus\\\/wp-content\\\/uploads\\\/2024\\\/02\\\/IRAURGI-BERRITZEN-logotipoa_2.png\",\"width\":496,\"height\":190,\"caption\":\"Iraurgi Berritzen\"},\"image\":{\"@id\":\"https:\\\/\\\/iraurgiberritzen.eus\\\/es\\\/#\\\/schema\\\/logo\\\/image\\\/\"}},{\"@type\":\"Person\",\"@id\":\"https:\\\/\\\/iraurgiberritzen.eus\\\/es\\\/#\\\/schema\\\/person\\\/5ab41aaf388a9097177601ebf45738d2\",\"name\":\"kudeatzailea\",\"sameAs\":[\"https:\\\/\\\/iraurgiberritzen.eus\"]}]}<\/script>\n<!-- \/ Yoast SEO plugin. -->","yoast_head_json":{"title":"Las tres comarcas que rodean Hernio crean un soporte audiovisual para la promoci\u00f3n del turismo de naturaleza - Iraurgi Berritzen","robots":{"index":"index","follow":"follow","max-snippet":"max-snippet:-1","max-image-preview":"max-image-preview:large","max-video-preview":"max-video-preview:-1"},"canonical":"https:\/\/iraurgiberritzen.eus\/es\/las-tres-comarcas-que-rodean-hernio-crean-un-soporte-audiovisual-para-la-promocion-del-turismo-de-naturaleza\/","og_locale":"es_ES","og_type":"article","og_title":"Las tres comarcas que rodean Hernio crean un soporte audiovisual para la promoci\u00f3n del turismo de naturaleza - Iraurgi Berritzen","og_description":"El v\u00eddeo es fruto de la colaboraci\u00f3n entre las agencias de desarrollo de Tolosaldea, Urola Erdia y la Mancomunidad de Urola Kosta. El v\u00eddeo muestra tres recorridos en torno al monte Hernio, uno por cada comarca, para tres tipos de p\u00fablicos: familias, deportistas y monta\u00f1eros\/as senior, aunque no son las \u00fanicas opciones. La idea naci\u00f3 [&hellip;]","og_url":"https:\/\/iraurgiberritzen.eus\/es\/las-tres-comarcas-que-rodean-hernio-crean-un-soporte-audiovisual-para-la-promocion-del-turismo-de-naturaleza\/","og_site_name":"Iraurgi Berritzen","article_published_time":"2020-10-14T05:34:27+00:00","author":"kudeatzailea","twitter_card":"summary_large_image","twitter_misc":{"Escrito por":"kudeatzailea","Tiempo de lectura":"1 minuto"},"schema":{"@context":"https:\/\/schema.org","@graph":[{"@type":"Article","@id":"https:\/\/iraurgiberritzen.eus\/es\/las-tres-comarcas-que-rodean-hernio-crean-un-soporte-audiovisual-para-la-promocion-del-turismo-de-naturaleza\/#article","isPartOf":{"@id":"https:\/\/iraurgiberritzen.eus\/es\/las-tres-comarcas-que-rodean-hernio-crean-un-soporte-audiovisual-para-la-promocion-del-turismo-de-naturaleza\/"},"author":{"name":"kudeatzailea","@id":"https:\/\/iraurgiberritzen.eus\/es\/#\/schema\/person\/5ab41aaf388a9097177601ebf45738d2"},"headline":"Las tres comarcas que rodean Hernio crean un soporte audiovisual para la promoci\u00f3n del turismo de naturaleza","datePublished":"2020-10-14T05:34:27+00:00","mainEntityOfPage":{"@id":"https:\/\/iraurgiberritzen.eus\/es\/las-tres-comarcas-que-rodean-hernio-crean-un-soporte-audiovisual-para-la-promocion-del-turismo-de-naturaleza\/"},"wordCount":155,"publisher":{"@id":"https:\/\/iraurgiberritzen.eus\/es\/#organization"},"image":{"@id":"https:\/\/iraurgiberritzen.eus\/es\/las-tres-comarcas-que-rodean-hernio-crean-un-soporte-audiovisual-para-la-promocion-del-turismo-de-naturaleza\/#primaryimage"},"thumbnailUrl":"https:\/\/iraurgiberritzen.eus\/wp-content\/uploads\/2023\/09\/42770aa1de64ddfe6105cdd213adfa9d.jpg","articleSection":["Noticias"],"inLanguage":"es"},{"@type":"WebPage","@id":"https:\/\/iraurgiberritzen.eus\/es\/las-tres-comarcas-que-rodean-hernio-crean-un-soporte-audiovisual-para-la-promocion-del-turismo-de-naturaleza\/","url":"https:\/\/iraurgiberritzen.eus\/es\/las-tres-comarcas-que-rodean-hernio-crean-un-soporte-audiovisual-para-la-promocion-del-turismo-de-naturaleza\/","name":"Las tres comarcas que rodean Hernio crean un soporte audiovisual para la promoci\u00f3n del turismo de naturaleza - Iraurgi Berritzen","isPartOf":{"@id":"https:\/\/iraurgiberritzen.eus\/es\/#website"},"primaryImageOfPage":{"@id":"https:\/\/iraurgiberritzen.eus\/es\/las-tres-comarcas-que-rodean-hernio-crean-un-soporte-audiovisual-para-la-promocion-del-turismo-de-naturaleza\/#primaryimage"},"image":{"@id":"https:\/\/iraurgiberritzen.eus\/es\/las-tres-comarcas-que-rodean-hernio-crean-un-soporte-audiovisual-para-la-promocion-del-turismo-de-naturaleza\/#primaryimage"},"thumbnailUrl":"https:\/\/iraurgiberritzen.eus\/wp-content\/uploads\/2023\/09\/42770aa1de64ddfe6105cdd213adfa9d.jpg","datePublished":"2020-10-14T05:34:27+00:00","breadcrumb":{"@id":"https:\/\/iraurgiberritzen.eus\/es\/las-tres-comarcas-que-rodean-hernio-crean-un-soporte-audiovisual-para-la-promocion-del-turismo-de-naturaleza\/#breadcrumb"},"inLanguage":"es","potentialAction":[{"@type":"ReadAction","target":["https:\/\/iraurgiberritzen.eus\/es\/las-tres-comarcas-que-rodean-hernio-crean-un-soporte-audiovisual-para-la-promocion-del-turismo-de-naturaleza\/"]}]},{"@type":"ImageObject","inLanguage":"es","@id":"https:\/\/iraurgiberritzen.eus\/es\/las-tres-comarcas-que-rodean-hernio-crean-un-soporte-audiovisual-para-la-promocion-del-turismo-de-naturaleza\/#primaryimage","url":"https:\/\/iraurgiberritzen.eus\/wp-content\/uploads\/2023\/09\/42770aa1de64ddfe6105cdd213adfa9d.jpg","contentUrl":"https:\/\/iraurgiberritzen.eus\/wp-content\/uploads\/2023\/09\/42770aa1de64ddfe6105cdd213adfa9d.jpg","width":600,"height":386},{"@type":"BreadcrumbList","@id":"https:\/\/iraurgiberritzen.eus\/es\/las-tres-comarcas-que-rodean-hernio-crean-un-soporte-audiovisual-para-la-promocion-del-turismo-de-naturaleza\/#breadcrumb","itemListElement":[{"@type":"ListItem","position":1,"name":"Home","item":"https:\/\/iraurgiberritzen.eus\/es\/"},{"@type":"ListItem","position":2,"name":"Las tres comarcas que rodean Hernio crean un soporte audiovisual para la promoci\u00f3n del turismo de naturaleza"}]},{"@type":"WebSite","@id":"https:\/\/iraurgiberritzen.eus\/es\/#website","url":"https:\/\/iraurgiberritzen.eus\/es\/","name":"Iraurgi Berritzen","description":"Urola Erdiko Garapen Agentzia","publisher":{"@id":"https:\/\/iraurgiberritzen.eus\/es\/#organization"},"potentialAction":[{"@type":"SearchAction","target":{"@type":"EntryPoint","urlTemplate":"https:\/\/iraurgiberritzen.eus\/es\/?s={search_term_string}"},"query-input":{"@type":"PropertyValueSpecification","valueRequired":true,"valueName":"search_term_string"}}],"inLanguage":"es"},{"@type":"Organization","@id":"https:\/\/iraurgiberritzen.eus\/es\/#organization","name":"Iraurgi Berritzen","url":"https:\/\/iraurgiberritzen.eus\/es\/","logo":{"@type":"ImageObject","inLanguage":"es","@id":"https:\/\/iraurgiberritzen.eus\/es\/#\/schema\/logo\/image\/","url":"https:\/\/iraurgiberritzen.eus\/wp-content\/uploads\/2024\/02\/IRAURGI-BERRITZEN-logotipoa_2.png","contentUrl":"https:\/\/iraurgiberritzen.eus\/wp-content\/uploads\/2024\/02\/IRAURGI-BERRITZEN-logotipoa_2.png","width":496,"height":190,"caption":"Iraurgi Berritzen"},"image":{"@id":"https:\/\/iraurgiberritzen.eus\/es\/#\/schema\/logo\/image\/"}},{"@type":"Person","@id":"https:\/\/iraurgiberritzen.eus\/es\/#\/schema\/person\/5ab41aaf388a9097177601ebf45738d2","name":"kudeatzailea","sameAs":["https:\/\/iraurgiberritzen.eus"]}]}},"_links":{"self":[{"href":"https:\/\/iraurgiberritzen.eus\/es\/wp-json\/wp\/v2\/posts\/12986","targetHints":{"allow":["GET"]}}],"collection":[{"href":"https:\/\/iraurgiberritzen.eus\/es\/wp-json\/wp\/v2\/posts"}],"about":[{"href":"https:\/\/iraurgiberritzen.eus\/es\/wp-json\/wp\/v2\/types\/post"}],"author":[{"embeddable":true,"href":"https:\/\/iraurgiberritzen.eus\/es\/wp-json\/wp\/v2\/users\/1"}],"replies":[{"embeddable":true,"href":"https:\/\/iraurgiberritzen.eus\/es\/wp-json\/wp\/v2\/comments?post=12986"}],"version-history":[{"count":0,"href":"https:\/\/iraurgiberritzen.eus\/es\/wp-json\/wp\/v2\/posts\/12986\/revisions"}],"wp:featuredmedia":[{"embeddable":true,"href":"https:\/\/iraurgiberritzen.eus\/es\/wp-json\/wp\/v2\/media\/17703"}],"wp:attachment":[{"href":"https:\/\/iraurgiberritzen.eus\/es\/wp-json\/wp\/v2\/media?parent=12986"}],"wp:term":[{"taxonomy":"category","embeddable":true,"href":"https:\/\/iraurgiberritzen.eus\/es\/wp-json\/wp\/v2\/categories?post=12986"},{"taxonomy":"post_tag","embeddable":true,"href":"https:\/\/iraurgiberritzen.eus\/es\/wp-json\/wp\/v2\/tags?post=12986"}],"curies":[{"name":"wp","href":"https:\/\/api.w.org\/{rel}","templated":true}]}}