{"id":12989,"date":"2020-10-14T07:51:42","date_gmt":"2020-10-14T05:51:42","guid":{"rendered":"https:\/\/iraurgiberritzen.eus\/en-marcha-el-proyecto-para-la-empleabilidad-y-la-inclusion-social-de-personas-en-situacion-de-riesgo-de-exclusion-social-de-urola-erdia\/"},"modified":"2020-10-14T07:51:42","modified_gmt":"2020-10-14T05:51:42","slug":"en-marcha-el-proyecto-para-la-empleabilidad-y-la-inclusion-social-de-personas-en-situacion-de-riesgo-de-exclusion-social-de-urola-erdia","status":"publish","type":"post","link":"https:\/\/iraurgiberritzen.eus\/es\/en-marcha-el-proyecto-para-la-empleabilidad-y-la-inclusion-social-de-personas-en-situacion-de-riesgo-de-exclusion-social-de-urola-erdia\/","title":{"rendered":"En marcha el proyecto para la empleabilidad y la inclusi\u00f3n social de personas en situaci\u00f3n de riesgo de exclusi\u00f3n social de Urola Erdia"},"content":{"rendered":"<p style=\"text-align: justify;\">La estrategia para impulsar la empleabilidad de las <strong>personas en situaci\u00f3n de vulnerabilidad<\/strong> contin\u00faa vigente de la mano de Iraurgi Berritzen, con el apoyo de los Ayuntamientos Azpeitia, Azkoitia y Zestoa, y en colaboraci\u00f3n con 14 agentes de empleo y de inclusi\u00f3n social, <strong>a trav\u00e9s del proyecto \u00abUrola Erdian ElkarEkinez Lanean\u00bb, financiado en el marco de proyectos estrat\u00e9gicos de la Diputaci\u00f3n Foral de Gipuzkoa en el programa ELkarEkin Lanean.<\/strong><\/p>\n<p style=\"text-align: justify;\">El pasado 13 de octubre, 14 agentes de empleo y de inclusi\u00f3n social de Urola Erdia que forman parte de la din\u00e1mica UrolanEkin, participaron en una reuni\u00f3n (formato on line), convocada por IB, para compartir la evoluci\u00f3n de los proyectos desarrollados en el plan de acci\u00f3n definido conjuntamente, y para consensuar los siguientes pasos a dar en adelante.<\/p>\n<p style=\"text-align: justify;\"><strong>En la jornada se han presentado las l\u00edneas de actuaci\u00f3n contempladas en el proyecto de comarca presentado al Programa ElkarEkin, (red de servicios e itinerarios de formaci\u00f3n integrales), principalmente el plan de acci\u00f3n definido por la red UrolanEkin, as\u00ed como la l\u00ednea de financiaci\u00f3n aprobada, y pr\u00f3ximas acciones que se pondr\u00e1n en marcha:<\/strong><\/p>\n<ul style=\"text-align: justify;\">\n<li>El itinerario de formaci\u00f3n integral para el empleo puesto ya en marcha, permite dar la oportunidad de capacitaci\u00f3n para el emleo a 45 personas. Gracias a este itinerario, est\u00e1n en marcha dos cursos formativos (CP0-Formaci\u00f3n en competencias b\u00e1sicas) y (CP2- Formaci\u00f3n en Atenci\u00f3n Sociosanitaria) y el pr\u00f3ximo 19 de octubre dar\u00e1 inicio un nuevo curso de soldadura.<\/li>\n<li>El proyecto de Mapa de recursos y servicios de agentes de la comarca est\u00e1 en marcha.<\/li>\n<li>La comisi\u00f3n conformada por los representantes de ayuntamientos, y Lanbide, reafirmaron su apuesta por fortalecer la oferta formativa b\u00e1sica en alfabetizaci\u00f3n y competencias b\u00e1sicas, para lo que se continuar\u00e1 trabajando con diferentes agentes.<\/li>\n<li>Un nuevo grupo de trabajo se ha formado para liderar el proyecto de un Plan de Acogida y Acompa\u00f1amiento a personas en situaci\u00f3n de exclusi\u00f3n social.<\/li>\n<li>La implicaci\u00f3n de empresas de la comarca en proyectos de inclusi\u00f3n social ser\u00e1 el objetivo principal, del 5. Grupo de Trabajo que se conformar\u00e1 pr\u00f3ximamente para lo que se buscar\u00e1n alianzas concretas con empresas.<\/li>\n<\/ul>\n<p style=\"text-align: justify;\">En las pr\u00f3ximas semanas, tal y como han consensuado los grupos y la comisi\u00f3n, se dar\u00e1 continuidad al trabajo de los grupos de proyecto, y despu\u00e9s se presentar\u00e1n los avances al resto de participantes. Muchas gracias a todos por vuestra participaci\u00f3n.<\/p>\n<p style=\"text-align: justify;\">Eskerrik asko partehartzaile guztioi.<\/p>\n<p style=\"text-align: justify;\">Agentes participantes: Lanbide; Azpeitia, Azkoitia eta Azpeitiko Udalen Gizarte Zerbitzuen Sailak; Sartu; Izarraitz Lanbide Heziketa; Katealegaia; Gureak, Gurutz Gorria, KZ Gunea; Kalexka; CEPA; Gazte Bulegoa.<\/p>\n<p style=\"text-align: justify;\"><span style=\"text-align: center;\">{myFlickr}photoset_id=72157716419915278{\/myFlickr}<\/span><\/p>\n","protected":false},"excerpt":{"rendered":"<p>La estrategia para impulsar la empleabilidad de las personas en situaci\u00f3n de vulnerabilidad contin\u00faa vigente de la mano de Iraurgi Berritzen, con el apoyo de los Ayuntamientos Azpeitia, Azkoitia y Zestoa, y en colaboraci\u00f3n con 14 agentes de empleo y de inclusi\u00f3n social, a trav\u00e9s del proyecto \u00abUrola Erdian ElkarEkinez Lanean\u00bb, financiado en el marco [&hellip;]<\/p>\n","protected":false},"author":1,"featured_media":17684,"comment_status":"","ping_status":"closed","sticky":false,"template":"","format":"standard","meta":{"_acf_changed":false,"footnotes":""},"categories":[4],"tags":[],"class_list":["post-12989","post","type-post","status-publish","format-standard","has-post-thumbnail","hentry","category-noticias"],"acf":[],"yoast_head":"<!-- This site is optimized with the Yoast SEO plugin v27.4 - https:\/\/yoast.com\/product\/yoast-seo-wordpress\/ -->\n<title>En marcha el proyecto para la empleabilidad y la inclusi\u00f3n social de personas en situaci\u00f3n de riesgo de exclusi\u00f3n social de Urola Erdia - Iraurgi Berritzen<\/title>\n<meta name=\"robots\" content=\"index, follow, max-snippet:-1, max-image-preview:large, max-video-preview:-1\" \/>\n<link rel=\"canonical\" href=\"https:\/\/iraurgiberritzen.eus\/es\/en-marcha-el-proyecto-para-la-empleabilidad-y-la-inclusion-social-de-personas-en-situacion-de-riesgo-de-exclusion-social-de-urola-erdia\/\" \/>\n<meta property=\"og:locale\" content=\"es_ES\" \/>\n<meta property=\"og:type\" content=\"article\" \/>\n<meta property=\"og:title\" content=\"En marcha el proyecto para la empleabilidad y la inclusi\u00f3n social de personas en situaci\u00f3n de riesgo de exclusi\u00f3n social de Urola Erdia - Iraurgi Berritzen\" \/>\n<meta property=\"og:description\" content=\"La estrategia para impulsar la empleabilidad de las personas en situaci\u00f3n de vulnerabilidad contin\u00faa vigente de la mano de Iraurgi Berritzen, con el apoyo de los Ayuntamientos Azpeitia, Azkoitia y Zestoa, y en colaboraci\u00f3n con 14 agentes de empleo y de inclusi\u00f3n social, a trav\u00e9s del proyecto \u00abUrola Erdian ElkarEkinez Lanean\u00bb, financiado en el marco [&hellip;]\" \/>\n<meta property=\"og:url\" content=\"https:\/\/iraurgiberritzen.eus\/es\/en-marcha-el-proyecto-para-la-empleabilidad-y-la-inclusion-social-de-personas-en-situacion-de-riesgo-de-exclusion-social-de-urola-erdia\/\" \/>\n<meta property=\"og:site_name\" content=\"Iraurgi Berritzen\" \/>\n<meta property=\"article:published_time\" content=\"2020-10-14T05:51:42+00:00\" \/>\n<meta name=\"author\" content=\"kudeatzailea\" \/>\n<meta name=\"twitter:card\" content=\"summary_large_image\" \/>\n<meta name=\"twitter:label1\" content=\"Escrito por\" \/>\n\t<meta name=\"twitter:data1\" content=\"kudeatzailea\" \/>\n\t<meta name=\"twitter:label2\" content=\"Tiempo de lectura\" \/>\n\t<meta name=\"twitter:data2\" content=\"2 minutos\" \/>\n<script type=\"application\/ld+json\" class=\"yoast-schema-graph\">{\"@context\":\"https:\\\/\\\/schema.org\",\"@graph\":[{\"@type\":\"Article\",\"@id\":\"https:\\\/\\\/iraurgiberritzen.eus\\\/es\\\/en-marcha-el-proyecto-para-la-empleabilidad-y-la-inclusion-social-de-personas-en-situacion-de-riesgo-de-exclusion-social-de-urola-erdia\\\/#article\",\"isPartOf\":{\"@id\":\"https:\\\/\\\/iraurgiberritzen.eus\\\/es\\\/en-marcha-el-proyecto-para-la-empleabilidad-y-la-inclusion-social-de-personas-en-situacion-de-riesgo-de-exclusion-social-de-urola-erdia\\\/\"},\"author\":{\"name\":\"kudeatzailea\",\"@id\":\"https:\\\/\\\/iraurgiberritzen.eus\\\/es\\\/#\\\/schema\\\/person\\\/5ab41aaf388a9097177601ebf45738d2\"},\"headline\":\"En marcha el proyecto para la empleabilidad y la inclusi\u00f3n social de personas en situaci\u00f3n de riesgo de exclusi\u00f3n social de Urola Erdia\",\"datePublished\":\"2020-10-14T05:51:42+00:00\",\"mainEntityOfPage\":{\"@id\":\"https:\\\/\\\/iraurgiberritzen.eus\\\/es\\\/en-marcha-el-proyecto-para-la-empleabilidad-y-la-inclusion-social-de-personas-en-situacion-de-riesgo-de-exclusion-social-de-urola-erdia\\\/\"},\"wordCount\":486,\"publisher\":{\"@id\":\"https:\\\/\\\/iraurgiberritzen.eus\\\/es\\\/#organization\"},\"image\":{\"@id\":\"https:\\\/\\\/iraurgiberritzen.eus\\\/es\\\/en-marcha-el-proyecto-para-la-empleabilidad-y-la-inclusion-social-de-personas-en-situacion-de-riesgo-de-exclusion-social-de-urola-erdia\\\/#primaryimage\"},\"thumbnailUrl\":\"https:\\\/\\\/iraurgiberritzen.eus\\\/wp-content\\\/uploads\\\/2023\\\/09\\\/d43bc3919908507e9e38413a7691e181.jpg\",\"articleSection\":[\"Noticias\"],\"inLanguage\":\"es\"},{\"@type\":\"WebPage\",\"@id\":\"https:\\\/\\\/iraurgiberritzen.eus\\\/es\\\/en-marcha-el-proyecto-para-la-empleabilidad-y-la-inclusion-social-de-personas-en-situacion-de-riesgo-de-exclusion-social-de-urola-erdia\\\/\",\"url\":\"https:\\\/\\\/iraurgiberritzen.eus\\\/es\\\/en-marcha-el-proyecto-para-la-empleabilidad-y-la-inclusion-social-de-personas-en-situacion-de-riesgo-de-exclusion-social-de-urola-erdia\\\/\",\"name\":\"En marcha el proyecto para la empleabilidad y la inclusi\u00f3n social de personas en situaci\u00f3n de riesgo de exclusi\u00f3n social de Urola Erdia - Iraurgi Berritzen\",\"isPartOf\":{\"@id\":\"https:\\\/\\\/iraurgiberritzen.eus\\\/es\\\/#website\"},\"primaryImageOfPage\":{\"@id\":\"https:\\\/\\\/iraurgiberritzen.eus\\\/es\\\/en-marcha-el-proyecto-para-la-empleabilidad-y-la-inclusion-social-de-personas-en-situacion-de-riesgo-de-exclusion-social-de-urola-erdia\\\/#primaryimage\"},\"image\":{\"@id\":\"https:\\\/\\\/iraurgiberritzen.eus\\\/es\\\/en-marcha-el-proyecto-para-la-empleabilidad-y-la-inclusion-social-de-personas-en-situacion-de-riesgo-de-exclusion-social-de-urola-erdia\\\/#primaryimage\"},\"thumbnailUrl\":\"https:\\\/\\\/iraurgiberritzen.eus\\\/wp-content\\\/uploads\\\/2023\\\/09\\\/d43bc3919908507e9e38413a7691e181.jpg\",\"datePublished\":\"2020-10-14T05:51:42+00:00\",\"breadcrumb\":{\"@id\":\"https:\\\/\\\/iraurgiberritzen.eus\\\/es\\\/en-marcha-el-proyecto-para-la-empleabilidad-y-la-inclusion-social-de-personas-en-situacion-de-riesgo-de-exclusion-social-de-urola-erdia\\\/#breadcrumb\"},\"inLanguage\":\"es\",\"potentialAction\":[{\"@type\":\"ReadAction\",\"target\":[\"https:\\\/\\\/iraurgiberritzen.eus\\\/es\\\/en-marcha-el-proyecto-para-la-empleabilidad-y-la-inclusion-social-de-personas-en-situacion-de-riesgo-de-exclusion-social-de-urola-erdia\\\/\"]}]},{\"@type\":\"ImageObject\",\"inLanguage\":\"es\",\"@id\":\"https:\\\/\\\/iraurgiberritzen.eus\\\/es\\\/en-marcha-el-proyecto-para-la-empleabilidad-y-la-inclusion-social-de-personas-en-situacion-de-riesgo-de-exclusion-social-de-urola-erdia\\\/#primaryimage\",\"url\":\"https:\\\/\\\/iraurgiberritzen.eus\\\/wp-content\\\/uploads\\\/2023\\\/09\\\/d43bc3919908507e9e38413a7691e181.jpg\",\"contentUrl\":\"https:\\\/\\\/iraurgiberritzen.eus\\\/wp-content\\\/uploads\\\/2023\\\/09\\\/d43bc3919908507e9e38413a7691e181.jpg\",\"width\":600,\"height\":386},{\"@type\":\"BreadcrumbList\",\"@id\":\"https:\\\/\\\/iraurgiberritzen.eus\\\/es\\\/en-marcha-el-proyecto-para-la-empleabilidad-y-la-inclusion-social-de-personas-en-situacion-de-riesgo-de-exclusion-social-de-urola-erdia\\\/#breadcrumb\",\"itemListElement\":[{\"@type\":\"ListItem\",\"position\":1,\"name\":\"Home\",\"item\":\"https:\\\/\\\/iraurgiberritzen.eus\\\/es\\\/\"},{\"@type\":\"ListItem\",\"position\":2,\"name\":\"En marcha el proyecto para la empleabilidad y la inclusi\u00f3n social de personas en situaci\u00f3n de riesgo de exclusi\u00f3n social de Urola Erdia\"}]},{\"@type\":\"WebSite\",\"@id\":\"https:\\\/\\\/iraurgiberritzen.eus\\\/es\\\/#website\",\"url\":\"https:\\\/\\\/iraurgiberritzen.eus\\\/es\\\/\",\"name\":\"Iraurgi Berritzen\",\"description\":\"Urola Erdiko Garapen Agentzia\",\"publisher\":{\"@id\":\"https:\\\/\\\/iraurgiberritzen.eus\\\/es\\\/#organization\"},\"potentialAction\":[{\"@type\":\"SearchAction\",\"target\":{\"@type\":\"EntryPoint\",\"urlTemplate\":\"https:\\\/\\\/iraurgiberritzen.eus\\\/es\\\/?s={search_term_string}\"},\"query-input\":{\"@type\":\"PropertyValueSpecification\",\"valueRequired\":true,\"valueName\":\"search_term_string\"}}],\"inLanguage\":\"es\"},{\"@type\":\"Organization\",\"@id\":\"https:\\\/\\\/iraurgiberritzen.eus\\\/es\\\/#organization\",\"name\":\"Iraurgi Berritzen\",\"url\":\"https:\\\/\\\/iraurgiberritzen.eus\\\/es\\\/\",\"logo\":{\"@type\":\"ImageObject\",\"inLanguage\":\"es\",\"@id\":\"https:\\\/\\\/iraurgiberritzen.eus\\\/es\\\/#\\\/schema\\\/logo\\\/image\\\/\",\"url\":\"https:\\\/\\\/iraurgiberritzen.eus\\\/wp-content\\\/uploads\\\/2024\\\/02\\\/IRAURGI-BERRITZEN-logotipoa_2.png\",\"contentUrl\":\"https:\\\/\\\/iraurgiberritzen.eus\\\/wp-content\\\/uploads\\\/2024\\\/02\\\/IRAURGI-BERRITZEN-logotipoa_2.png\",\"width\":496,\"height\":190,\"caption\":\"Iraurgi Berritzen\"},\"image\":{\"@id\":\"https:\\\/\\\/iraurgiberritzen.eus\\\/es\\\/#\\\/schema\\\/logo\\\/image\\\/\"}},{\"@type\":\"Person\",\"@id\":\"https:\\\/\\\/iraurgiberritzen.eus\\\/es\\\/#\\\/schema\\\/person\\\/5ab41aaf388a9097177601ebf45738d2\",\"name\":\"kudeatzailea\",\"sameAs\":[\"https:\\\/\\\/iraurgiberritzen.eus\"]}]}<\/script>\n<!-- \/ Yoast SEO plugin. -->","yoast_head_json":{"title":"En marcha el proyecto para la empleabilidad y la inclusi\u00f3n social de personas en situaci\u00f3n de riesgo de exclusi\u00f3n social de Urola Erdia - Iraurgi Berritzen","robots":{"index":"index","follow":"follow","max-snippet":"max-snippet:-1","max-image-preview":"max-image-preview:large","max-video-preview":"max-video-preview:-1"},"canonical":"https:\/\/iraurgiberritzen.eus\/es\/en-marcha-el-proyecto-para-la-empleabilidad-y-la-inclusion-social-de-personas-en-situacion-de-riesgo-de-exclusion-social-de-urola-erdia\/","og_locale":"es_ES","og_type":"article","og_title":"En marcha el proyecto para la empleabilidad y la inclusi\u00f3n social de personas en situaci\u00f3n de riesgo de exclusi\u00f3n social de Urola Erdia - Iraurgi Berritzen","og_description":"La estrategia para impulsar la empleabilidad de las personas en situaci\u00f3n de vulnerabilidad contin\u00faa vigente de la mano de Iraurgi Berritzen, con el apoyo de los Ayuntamientos Azpeitia, Azkoitia y Zestoa, y en colaboraci\u00f3n con 14 agentes de empleo y de inclusi\u00f3n social, a trav\u00e9s del proyecto \u00abUrola Erdian ElkarEkinez Lanean\u00bb, financiado en el marco [&hellip;]","og_url":"https:\/\/iraurgiberritzen.eus\/es\/en-marcha-el-proyecto-para-la-empleabilidad-y-la-inclusion-social-de-personas-en-situacion-de-riesgo-de-exclusion-social-de-urola-erdia\/","og_site_name":"Iraurgi Berritzen","article_published_time":"2020-10-14T05:51:42+00:00","author":"kudeatzailea","twitter_card":"summary_large_image","twitter_misc":{"Escrito por":"kudeatzailea","Tiempo de lectura":"2 minutos"},"schema":{"@context":"https:\/\/schema.org","@graph":[{"@type":"Article","@id":"https:\/\/iraurgiberritzen.eus\/es\/en-marcha-el-proyecto-para-la-empleabilidad-y-la-inclusion-social-de-personas-en-situacion-de-riesgo-de-exclusion-social-de-urola-erdia\/#article","isPartOf":{"@id":"https:\/\/iraurgiberritzen.eus\/es\/en-marcha-el-proyecto-para-la-empleabilidad-y-la-inclusion-social-de-personas-en-situacion-de-riesgo-de-exclusion-social-de-urola-erdia\/"},"author":{"name":"kudeatzailea","@id":"https:\/\/iraurgiberritzen.eus\/es\/#\/schema\/person\/5ab41aaf388a9097177601ebf45738d2"},"headline":"En marcha el proyecto para la empleabilidad y la inclusi\u00f3n social de personas en situaci\u00f3n de riesgo de exclusi\u00f3n social de Urola Erdia","datePublished":"2020-10-14T05:51:42+00:00","mainEntityOfPage":{"@id":"https:\/\/iraurgiberritzen.eus\/es\/en-marcha-el-proyecto-para-la-empleabilidad-y-la-inclusion-social-de-personas-en-situacion-de-riesgo-de-exclusion-social-de-urola-erdia\/"},"wordCount":486,"publisher":{"@id":"https:\/\/iraurgiberritzen.eus\/es\/#organization"},"image":{"@id":"https:\/\/iraurgiberritzen.eus\/es\/en-marcha-el-proyecto-para-la-empleabilidad-y-la-inclusion-social-de-personas-en-situacion-de-riesgo-de-exclusion-social-de-urola-erdia\/#primaryimage"},"thumbnailUrl":"https:\/\/iraurgiberritzen.eus\/wp-content\/uploads\/2023\/09\/d43bc3919908507e9e38413a7691e181.jpg","articleSection":["Noticias"],"inLanguage":"es"},{"@type":"WebPage","@id":"https:\/\/iraurgiberritzen.eus\/es\/en-marcha-el-proyecto-para-la-empleabilidad-y-la-inclusion-social-de-personas-en-situacion-de-riesgo-de-exclusion-social-de-urola-erdia\/","url":"https:\/\/iraurgiberritzen.eus\/es\/en-marcha-el-proyecto-para-la-empleabilidad-y-la-inclusion-social-de-personas-en-situacion-de-riesgo-de-exclusion-social-de-urola-erdia\/","name":"En marcha el proyecto para la empleabilidad y la inclusi\u00f3n social de personas en situaci\u00f3n de riesgo de exclusi\u00f3n social de Urola Erdia - Iraurgi Berritzen","isPartOf":{"@id":"https:\/\/iraurgiberritzen.eus\/es\/#website"},"primaryImageOfPage":{"@id":"https:\/\/iraurgiberritzen.eus\/es\/en-marcha-el-proyecto-para-la-empleabilidad-y-la-inclusion-social-de-personas-en-situacion-de-riesgo-de-exclusion-social-de-urola-erdia\/#primaryimage"},"image":{"@id":"https:\/\/iraurgiberritzen.eus\/es\/en-marcha-el-proyecto-para-la-empleabilidad-y-la-inclusion-social-de-personas-en-situacion-de-riesgo-de-exclusion-social-de-urola-erdia\/#primaryimage"},"thumbnailUrl":"https:\/\/iraurgiberritzen.eus\/wp-content\/uploads\/2023\/09\/d43bc3919908507e9e38413a7691e181.jpg","datePublished":"2020-10-14T05:51:42+00:00","breadcrumb":{"@id":"https:\/\/iraurgiberritzen.eus\/es\/en-marcha-el-proyecto-para-la-empleabilidad-y-la-inclusion-social-de-personas-en-situacion-de-riesgo-de-exclusion-social-de-urola-erdia\/#breadcrumb"},"inLanguage":"es","potentialAction":[{"@type":"ReadAction","target":["https:\/\/iraurgiberritzen.eus\/es\/en-marcha-el-proyecto-para-la-empleabilidad-y-la-inclusion-social-de-personas-en-situacion-de-riesgo-de-exclusion-social-de-urola-erdia\/"]}]},{"@type":"ImageObject","inLanguage":"es","@id":"https:\/\/iraurgiberritzen.eus\/es\/en-marcha-el-proyecto-para-la-empleabilidad-y-la-inclusion-social-de-personas-en-situacion-de-riesgo-de-exclusion-social-de-urola-erdia\/#primaryimage","url":"https:\/\/iraurgiberritzen.eus\/wp-content\/uploads\/2023\/09\/d43bc3919908507e9e38413a7691e181.jpg","contentUrl":"https:\/\/iraurgiberritzen.eus\/wp-content\/uploads\/2023\/09\/d43bc3919908507e9e38413a7691e181.jpg","width":600,"height":386},{"@type":"BreadcrumbList","@id":"https:\/\/iraurgiberritzen.eus\/es\/en-marcha-el-proyecto-para-la-empleabilidad-y-la-inclusion-social-de-personas-en-situacion-de-riesgo-de-exclusion-social-de-urola-erdia\/#breadcrumb","itemListElement":[{"@type":"ListItem","position":1,"name":"Home","item":"https:\/\/iraurgiberritzen.eus\/es\/"},{"@type":"ListItem","position":2,"name":"En marcha el proyecto para la empleabilidad y la inclusi\u00f3n social de personas en situaci\u00f3n de riesgo de exclusi\u00f3n social de Urola Erdia"}]},{"@type":"WebSite","@id":"https:\/\/iraurgiberritzen.eus\/es\/#website","url":"https:\/\/iraurgiberritzen.eus\/es\/","name":"Iraurgi Berritzen","description":"Urola Erdiko Garapen Agentzia","publisher":{"@id":"https:\/\/iraurgiberritzen.eus\/es\/#organization"},"potentialAction":[{"@type":"SearchAction","target":{"@type":"EntryPoint","urlTemplate":"https:\/\/iraurgiberritzen.eus\/es\/?s={search_term_string}"},"query-input":{"@type":"PropertyValueSpecification","valueRequired":true,"valueName":"search_term_string"}}],"inLanguage":"es"},{"@type":"Organization","@id":"https:\/\/iraurgiberritzen.eus\/es\/#organization","name":"Iraurgi Berritzen","url":"https:\/\/iraurgiberritzen.eus\/es\/","logo":{"@type":"ImageObject","inLanguage":"es","@id":"https:\/\/iraurgiberritzen.eus\/es\/#\/schema\/logo\/image\/","url":"https:\/\/iraurgiberritzen.eus\/wp-content\/uploads\/2024\/02\/IRAURGI-BERRITZEN-logotipoa_2.png","contentUrl":"https:\/\/iraurgiberritzen.eus\/wp-content\/uploads\/2024\/02\/IRAURGI-BERRITZEN-logotipoa_2.png","width":496,"height":190,"caption":"Iraurgi Berritzen"},"image":{"@id":"https:\/\/iraurgiberritzen.eus\/es\/#\/schema\/logo\/image\/"}},{"@type":"Person","@id":"https:\/\/iraurgiberritzen.eus\/es\/#\/schema\/person\/5ab41aaf388a9097177601ebf45738d2","name":"kudeatzailea","sameAs":["https:\/\/iraurgiberritzen.eus"]}]}},"_links":{"self":[{"href":"https:\/\/iraurgiberritzen.eus\/es\/wp-json\/wp\/v2\/posts\/12989","targetHints":{"allow":["GET"]}}],"collection":[{"href":"https:\/\/iraurgiberritzen.eus\/es\/wp-json\/wp\/v2\/posts"}],"about":[{"href":"https:\/\/iraurgiberritzen.eus\/es\/wp-json\/wp\/v2\/types\/post"}],"author":[{"embeddable":true,"href":"https:\/\/iraurgiberritzen.eus\/es\/wp-json\/wp\/v2\/users\/1"}],"replies":[{"embeddable":true,"href":"https:\/\/iraurgiberritzen.eus\/es\/wp-json\/wp\/v2\/comments?post=12989"}],"version-history":[{"count":0,"href":"https:\/\/iraurgiberritzen.eus\/es\/wp-json\/wp\/v2\/posts\/12989\/revisions"}],"wp:featuredmedia":[{"embeddable":true,"href":"https:\/\/iraurgiberritzen.eus\/es\/wp-json\/wp\/v2\/media\/17684"}],"wp:attachment":[{"href":"https:\/\/iraurgiberritzen.eus\/es\/wp-json\/wp\/v2\/media?parent=12989"}],"wp:term":[{"taxonomy":"category","embeddable":true,"href":"https:\/\/iraurgiberritzen.eus\/es\/wp-json\/wp\/v2\/categories?post=12989"},{"taxonomy":"post_tag","embeddable":true,"href":"https:\/\/iraurgiberritzen.eus\/es\/wp-json\/wp\/v2\/tags?post=12989"}],"curies":[{"name":"wp","href":"https:\/\/api.w.org\/{rel}","templated":true}]}}