{"id":12998,"date":"2020-10-16T09:45:50","date_gmt":"2020-10-16T07:45:50","guid":{"rendered":"https:\/\/iraurgiberritzen.eus\/el-20-de-octubre-se-desarrollara-la-primera-etapa-de-la-vuelta-a-espana-2020-con-cambios-en-las-carreteras-de-la-comarca\/"},"modified":"2020-10-16T09:45:50","modified_gmt":"2020-10-16T07:45:50","slug":"el-20-de-octubre-se-desarrollara-la-primera-etapa-de-la-vuelta-a-espana-2020-con-cambios-en-las-carreteras-de-la-comarca","status":"publish","type":"post","link":"https:\/\/iraurgiberritzen.eus\/es\/el-20-de-octubre-se-desarrollara-la-primera-etapa-de-la-vuelta-a-espana-2020-con-cambios-en-las-carreteras-de-la-comarca\/","title":{"rendered":"El 20 de octubre se desarrollar\u00e1 la primera etapa de la Vuelta a Espa\u00f1a 2020, con cambios en las carreteras de la comarca"},"content":{"rendered":"<p style=\"text-align: justify;\"><strong>La primera etapa de la Vuelta a Espa\u00f1a se disputar\u00e1 el martes 20 de octubre<\/strong> y tendr\u00e1 un recorrido de 173 kil\u00f3metros: Irun, Errenteria, Donostia, Hernani, Orio, Zarautz, Getaria, Zumaia, <strong>Zestoa, Azpeitia, Azkoitia<\/strong>, Zumarraga, Legazpi, O\u00f1ati, Bergara y Eibar.<\/p>\n<p style=\"text-align: justify;\">La <strong>salida<\/strong> ser\u00e1 en<strong> Irun (Ficoba), a las 13:15,<\/strong> por lo que los ciclistas pasar\u00e1n por <strong>Zestoa alrededor de las 14:30, Azpeitia a las 14:45 y Azkoitia a las 14:55<\/strong>. Dado que <strong>la GI-631 se cortar\u00e1 en ambos sentidos hacia las 14:00 horas<\/strong>, y el horario coincide con las salidas y entradas de los trabajadores de las empresas de Urola Erdia, se recomienda utilizar itinerarios alternativos y, en la medida de lo posible, acceder de forma escalonada a los centros de trabajo. Tras el paso de los ciclistas, el tr\u00e1fico volver\u00e1 a la normalidad.<\/p>\n<p style=\"text-align: justify;\"><a href=\"images\/iraurgiberritzen\/berriak\/2020\/OHARRA_AZPEITIKO_UDALA_EU_ESP.pdf\" target=\"_blank\" rel=\"noopener\">Aviso Ayuntamiento de Azpeitia<\/a><\/p>\n<p style=\"text-align: justify;\"><a href=\"images\/iraurgiberritzen\/berriak\/2020\/OHARRA_AZKOITIKO_UDALA_EU_ESP.pdf\" target=\"_blank\" rel=\"noopener\">Aviso Ayuntamiento de Azkoitia<\/a><\/p>\n","protected":false},"excerpt":{"rendered":"<p>La primera etapa de la Vuelta a Espa\u00f1a se disputar\u00e1 el martes 20 de octubre y tendr\u00e1 un recorrido de 173 kil\u00f3metros: Irun, Errenteria, Donostia, Hernani, Orio, Zarautz, Getaria, Zumaia, Zestoa, Azpeitia, Azkoitia, Zumarraga, Legazpi, O\u00f1ati, Bergara y Eibar. La salida ser\u00e1 en Irun (Ficoba), a las 13:15, por lo que los ciclistas pasar\u00e1n por [&hellip;]<\/p>\n","protected":false},"author":1,"featured_media":17687,"comment_status":"","ping_status":"closed","sticky":false,"template":"","format":"standard","meta":{"_acf_changed":false,"footnotes":""},"categories":[4],"tags":[],"class_list":["post-12998","post","type-post","status-publish","format-standard","has-post-thumbnail","hentry","category-noticias"],"acf":[],"yoast_head":"<!-- This site is optimized with the Yoast SEO plugin v27.4 - https:\/\/yoast.com\/product\/yoast-seo-wordpress\/ -->\n<title>El 20 de octubre se desarrollar\u00e1 la primera etapa de la Vuelta a Espa\u00f1a 2020, con cambios en las carreteras de la comarca - Iraurgi Berritzen<\/title>\n<meta name=\"robots\" content=\"index, follow, max-snippet:-1, max-image-preview:large, max-video-preview:-1\" \/>\n<link rel=\"canonical\" href=\"https:\/\/iraurgiberritzen.eus\/es\/el-20-de-octubre-se-desarrollara-la-primera-etapa-de-la-vuelta-a-espana-2020-con-cambios-en-las-carreteras-de-la-comarca\/\" \/>\n<meta property=\"og:locale\" content=\"es_ES\" \/>\n<meta property=\"og:type\" content=\"article\" \/>\n<meta property=\"og:title\" content=\"El 20 de octubre se desarrollar\u00e1 la primera etapa de la Vuelta a Espa\u00f1a 2020, con cambios en las carreteras de la comarca - Iraurgi Berritzen\" \/>\n<meta property=\"og:description\" content=\"La primera etapa de la Vuelta a Espa\u00f1a se disputar\u00e1 el martes 20 de octubre y tendr\u00e1 un recorrido de 173 kil\u00f3metros: Irun, Errenteria, Donostia, Hernani, Orio, Zarautz, Getaria, Zumaia, Zestoa, Azpeitia, Azkoitia, Zumarraga, Legazpi, O\u00f1ati, Bergara y Eibar. La salida ser\u00e1 en Irun (Ficoba), a las 13:15, por lo que los ciclistas pasar\u00e1n por [&hellip;]\" \/>\n<meta property=\"og:url\" content=\"https:\/\/iraurgiberritzen.eus\/es\/el-20-de-octubre-se-desarrollara-la-primera-etapa-de-la-vuelta-a-espana-2020-con-cambios-en-las-carreteras-de-la-comarca\/\" \/>\n<meta property=\"og:site_name\" content=\"Iraurgi Berritzen\" \/>\n<meta property=\"article:published_time\" content=\"2020-10-16T07:45:50+00:00\" \/>\n<meta name=\"author\" content=\"kudeatzailea\" \/>\n<meta name=\"twitter:card\" content=\"summary_large_image\" \/>\n<meta name=\"twitter:label1\" content=\"Escrito por\" \/>\n\t<meta name=\"twitter:data1\" content=\"kudeatzailea\" \/>\n\t<meta name=\"twitter:label2\" content=\"Tiempo de lectura\" \/>\n\t<meta name=\"twitter:data2\" content=\"1 minuto\" \/>\n<script type=\"application\/ld+json\" class=\"yoast-schema-graph\">{\"@context\":\"https:\\\/\\\/schema.org\",\"@graph\":[{\"@type\":\"Article\",\"@id\":\"https:\\\/\\\/iraurgiberritzen.eus\\\/es\\\/el-20-de-octubre-se-desarrollara-la-primera-etapa-de-la-vuelta-a-espana-2020-con-cambios-en-las-carreteras-de-la-comarca\\\/#article\",\"isPartOf\":{\"@id\":\"https:\\\/\\\/iraurgiberritzen.eus\\\/es\\\/el-20-de-octubre-se-desarrollara-la-primera-etapa-de-la-vuelta-a-espana-2020-con-cambios-en-las-carreteras-de-la-comarca\\\/\"},\"author\":{\"name\":\"kudeatzailea\",\"@id\":\"https:\\\/\\\/iraurgiberritzen.eus\\\/es\\\/#\\\/schema\\\/person\\\/5ab41aaf388a9097177601ebf45738d2\"},\"headline\":\"El 20 de octubre se desarrollar\u00e1 la primera etapa de la Vuelta a Espa\u00f1a 2020, con cambios en las carreteras de la comarca\",\"datePublished\":\"2020-10-16T07:45:50+00:00\",\"mainEntityOfPage\":{\"@id\":\"https:\\\/\\\/iraurgiberritzen.eus\\\/es\\\/el-20-de-octubre-se-desarrollara-la-primera-etapa-de-la-vuelta-a-espana-2020-con-cambios-en-las-carreteras-de-la-comarca\\\/\"},\"wordCount\":161,\"publisher\":{\"@id\":\"https:\\\/\\\/iraurgiberritzen.eus\\\/es\\\/#organization\"},\"image\":{\"@id\":\"https:\\\/\\\/iraurgiberritzen.eus\\\/es\\\/el-20-de-octubre-se-desarrollara-la-primera-etapa-de-la-vuelta-a-espana-2020-con-cambios-en-las-carreteras-de-la-comarca\\\/#primaryimage\"},\"thumbnailUrl\":\"https:\\\/\\\/iraurgiberritzen.eus\\\/wp-content\\\/uploads\\\/2023\\\/09\\\/9063df0b1b4d9d96fd7fea653ac618e5.jpg\",\"articleSection\":[\"Noticias\"],\"inLanguage\":\"es\"},{\"@type\":\"WebPage\",\"@id\":\"https:\\\/\\\/iraurgiberritzen.eus\\\/es\\\/el-20-de-octubre-se-desarrollara-la-primera-etapa-de-la-vuelta-a-espana-2020-con-cambios-en-las-carreteras-de-la-comarca\\\/\",\"url\":\"https:\\\/\\\/iraurgiberritzen.eus\\\/es\\\/el-20-de-octubre-se-desarrollara-la-primera-etapa-de-la-vuelta-a-espana-2020-con-cambios-en-las-carreteras-de-la-comarca\\\/\",\"name\":\"El 20 de octubre se desarrollar\u00e1 la primera etapa de la Vuelta a Espa\u00f1a 2020, con cambios en las carreteras de la comarca - Iraurgi Berritzen\",\"isPartOf\":{\"@id\":\"https:\\\/\\\/iraurgiberritzen.eus\\\/es\\\/#website\"},\"primaryImageOfPage\":{\"@id\":\"https:\\\/\\\/iraurgiberritzen.eus\\\/es\\\/el-20-de-octubre-se-desarrollara-la-primera-etapa-de-la-vuelta-a-espana-2020-con-cambios-en-las-carreteras-de-la-comarca\\\/#primaryimage\"},\"image\":{\"@id\":\"https:\\\/\\\/iraurgiberritzen.eus\\\/es\\\/el-20-de-octubre-se-desarrollara-la-primera-etapa-de-la-vuelta-a-espana-2020-con-cambios-en-las-carreteras-de-la-comarca\\\/#primaryimage\"},\"thumbnailUrl\":\"https:\\\/\\\/iraurgiberritzen.eus\\\/wp-content\\\/uploads\\\/2023\\\/09\\\/9063df0b1b4d9d96fd7fea653ac618e5.jpg\",\"datePublished\":\"2020-10-16T07:45:50+00:00\",\"breadcrumb\":{\"@id\":\"https:\\\/\\\/iraurgiberritzen.eus\\\/es\\\/el-20-de-octubre-se-desarrollara-la-primera-etapa-de-la-vuelta-a-espana-2020-con-cambios-en-las-carreteras-de-la-comarca\\\/#breadcrumb\"},\"inLanguage\":\"es\",\"potentialAction\":[{\"@type\":\"ReadAction\",\"target\":[\"https:\\\/\\\/iraurgiberritzen.eus\\\/es\\\/el-20-de-octubre-se-desarrollara-la-primera-etapa-de-la-vuelta-a-espana-2020-con-cambios-en-las-carreteras-de-la-comarca\\\/\"]}]},{\"@type\":\"ImageObject\",\"inLanguage\":\"es\",\"@id\":\"https:\\\/\\\/iraurgiberritzen.eus\\\/es\\\/el-20-de-octubre-se-desarrollara-la-primera-etapa-de-la-vuelta-a-espana-2020-con-cambios-en-las-carreteras-de-la-comarca\\\/#primaryimage\",\"url\":\"https:\\\/\\\/iraurgiberritzen.eus\\\/wp-content\\\/uploads\\\/2023\\\/09\\\/9063df0b1b4d9d96fd7fea653ac618e5.jpg\",\"contentUrl\":\"https:\\\/\\\/iraurgiberritzen.eus\\\/wp-content\\\/uploads\\\/2023\\\/09\\\/9063df0b1b4d9d96fd7fea653ac618e5.jpg\",\"width\":600,\"height\":386},{\"@type\":\"BreadcrumbList\",\"@id\":\"https:\\\/\\\/iraurgiberritzen.eus\\\/es\\\/el-20-de-octubre-se-desarrollara-la-primera-etapa-de-la-vuelta-a-espana-2020-con-cambios-en-las-carreteras-de-la-comarca\\\/#breadcrumb\",\"itemListElement\":[{\"@type\":\"ListItem\",\"position\":1,\"name\":\"Home\",\"item\":\"https:\\\/\\\/iraurgiberritzen.eus\\\/es\\\/\"},{\"@type\":\"ListItem\",\"position\":2,\"name\":\"El 20 de octubre se desarrollar\u00e1 la primera etapa de la Vuelta a Espa\u00f1a 2020, con cambios en las carreteras de la comarca\"}]},{\"@type\":\"WebSite\",\"@id\":\"https:\\\/\\\/iraurgiberritzen.eus\\\/es\\\/#website\",\"url\":\"https:\\\/\\\/iraurgiberritzen.eus\\\/es\\\/\",\"name\":\"Iraurgi Berritzen\",\"description\":\"Urola Erdiko Garapen Agentzia\",\"publisher\":{\"@id\":\"https:\\\/\\\/iraurgiberritzen.eus\\\/es\\\/#organization\"},\"potentialAction\":[{\"@type\":\"SearchAction\",\"target\":{\"@type\":\"EntryPoint\",\"urlTemplate\":\"https:\\\/\\\/iraurgiberritzen.eus\\\/es\\\/?s={search_term_string}\"},\"query-input\":{\"@type\":\"PropertyValueSpecification\",\"valueRequired\":true,\"valueName\":\"search_term_string\"}}],\"inLanguage\":\"es\"},{\"@type\":\"Organization\",\"@id\":\"https:\\\/\\\/iraurgiberritzen.eus\\\/es\\\/#organization\",\"name\":\"Iraurgi Berritzen\",\"url\":\"https:\\\/\\\/iraurgiberritzen.eus\\\/es\\\/\",\"logo\":{\"@type\":\"ImageObject\",\"inLanguage\":\"es\",\"@id\":\"https:\\\/\\\/iraurgiberritzen.eus\\\/es\\\/#\\\/schema\\\/logo\\\/image\\\/\",\"url\":\"https:\\\/\\\/iraurgiberritzen.eus\\\/wp-content\\\/uploads\\\/2024\\\/02\\\/IRAURGI-BERRITZEN-logotipoa_2.png\",\"contentUrl\":\"https:\\\/\\\/iraurgiberritzen.eus\\\/wp-content\\\/uploads\\\/2024\\\/02\\\/IRAURGI-BERRITZEN-logotipoa_2.png\",\"width\":496,\"height\":190,\"caption\":\"Iraurgi Berritzen\"},\"image\":{\"@id\":\"https:\\\/\\\/iraurgiberritzen.eus\\\/es\\\/#\\\/schema\\\/logo\\\/image\\\/\"}},{\"@type\":\"Person\",\"@id\":\"https:\\\/\\\/iraurgiberritzen.eus\\\/es\\\/#\\\/schema\\\/person\\\/5ab41aaf388a9097177601ebf45738d2\",\"name\":\"kudeatzailea\",\"sameAs\":[\"https:\\\/\\\/iraurgiberritzen.eus\"]}]}<\/script>\n<!-- \/ Yoast SEO plugin. -->","yoast_head_json":{"title":"El 20 de octubre se desarrollar\u00e1 la primera etapa de la Vuelta a Espa\u00f1a 2020, con cambios en las carreteras de la comarca - Iraurgi Berritzen","robots":{"index":"index","follow":"follow","max-snippet":"max-snippet:-1","max-image-preview":"max-image-preview:large","max-video-preview":"max-video-preview:-1"},"canonical":"https:\/\/iraurgiberritzen.eus\/es\/el-20-de-octubre-se-desarrollara-la-primera-etapa-de-la-vuelta-a-espana-2020-con-cambios-en-las-carreteras-de-la-comarca\/","og_locale":"es_ES","og_type":"article","og_title":"El 20 de octubre se desarrollar\u00e1 la primera etapa de la Vuelta a Espa\u00f1a 2020, con cambios en las carreteras de la comarca - Iraurgi Berritzen","og_description":"La primera etapa de la Vuelta a Espa\u00f1a se disputar\u00e1 el martes 20 de octubre y tendr\u00e1 un recorrido de 173 kil\u00f3metros: Irun, Errenteria, Donostia, Hernani, Orio, Zarautz, Getaria, Zumaia, Zestoa, Azpeitia, Azkoitia, Zumarraga, Legazpi, O\u00f1ati, Bergara y Eibar. La salida ser\u00e1 en Irun (Ficoba), a las 13:15, por lo que los ciclistas pasar\u00e1n por [&hellip;]","og_url":"https:\/\/iraurgiberritzen.eus\/es\/el-20-de-octubre-se-desarrollara-la-primera-etapa-de-la-vuelta-a-espana-2020-con-cambios-en-las-carreteras-de-la-comarca\/","og_site_name":"Iraurgi Berritzen","article_published_time":"2020-10-16T07:45:50+00:00","author":"kudeatzailea","twitter_card":"summary_large_image","twitter_misc":{"Escrito por":"kudeatzailea","Tiempo de lectura":"1 minuto"},"schema":{"@context":"https:\/\/schema.org","@graph":[{"@type":"Article","@id":"https:\/\/iraurgiberritzen.eus\/es\/el-20-de-octubre-se-desarrollara-la-primera-etapa-de-la-vuelta-a-espana-2020-con-cambios-en-las-carreteras-de-la-comarca\/#article","isPartOf":{"@id":"https:\/\/iraurgiberritzen.eus\/es\/el-20-de-octubre-se-desarrollara-la-primera-etapa-de-la-vuelta-a-espana-2020-con-cambios-en-las-carreteras-de-la-comarca\/"},"author":{"name":"kudeatzailea","@id":"https:\/\/iraurgiberritzen.eus\/es\/#\/schema\/person\/5ab41aaf388a9097177601ebf45738d2"},"headline":"El 20 de octubre se desarrollar\u00e1 la primera etapa de la Vuelta a Espa\u00f1a 2020, con cambios en las carreteras de la comarca","datePublished":"2020-10-16T07:45:50+00:00","mainEntityOfPage":{"@id":"https:\/\/iraurgiberritzen.eus\/es\/el-20-de-octubre-se-desarrollara-la-primera-etapa-de-la-vuelta-a-espana-2020-con-cambios-en-las-carreteras-de-la-comarca\/"},"wordCount":161,"publisher":{"@id":"https:\/\/iraurgiberritzen.eus\/es\/#organization"},"image":{"@id":"https:\/\/iraurgiberritzen.eus\/es\/el-20-de-octubre-se-desarrollara-la-primera-etapa-de-la-vuelta-a-espana-2020-con-cambios-en-las-carreteras-de-la-comarca\/#primaryimage"},"thumbnailUrl":"https:\/\/iraurgiberritzen.eus\/wp-content\/uploads\/2023\/09\/9063df0b1b4d9d96fd7fea653ac618e5.jpg","articleSection":["Noticias"],"inLanguage":"es"},{"@type":"WebPage","@id":"https:\/\/iraurgiberritzen.eus\/es\/el-20-de-octubre-se-desarrollara-la-primera-etapa-de-la-vuelta-a-espana-2020-con-cambios-en-las-carreteras-de-la-comarca\/","url":"https:\/\/iraurgiberritzen.eus\/es\/el-20-de-octubre-se-desarrollara-la-primera-etapa-de-la-vuelta-a-espana-2020-con-cambios-en-las-carreteras-de-la-comarca\/","name":"El 20 de octubre se desarrollar\u00e1 la primera etapa de la Vuelta a Espa\u00f1a 2020, con cambios en las carreteras de la comarca - Iraurgi Berritzen","isPartOf":{"@id":"https:\/\/iraurgiberritzen.eus\/es\/#website"},"primaryImageOfPage":{"@id":"https:\/\/iraurgiberritzen.eus\/es\/el-20-de-octubre-se-desarrollara-la-primera-etapa-de-la-vuelta-a-espana-2020-con-cambios-en-las-carreteras-de-la-comarca\/#primaryimage"},"image":{"@id":"https:\/\/iraurgiberritzen.eus\/es\/el-20-de-octubre-se-desarrollara-la-primera-etapa-de-la-vuelta-a-espana-2020-con-cambios-en-las-carreteras-de-la-comarca\/#primaryimage"},"thumbnailUrl":"https:\/\/iraurgiberritzen.eus\/wp-content\/uploads\/2023\/09\/9063df0b1b4d9d96fd7fea653ac618e5.jpg","datePublished":"2020-10-16T07:45:50+00:00","breadcrumb":{"@id":"https:\/\/iraurgiberritzen.eus\/es\/el-20-de-octubre-se-desarrollara-la-primera-etapa-de-la-vuelta-a-espana-2020-con-cambios-en-las-carreteras-de-la-comarca\/#breadcrumb"},"inLanguage":"es","potentialAction":[{"@type":"ReadAction","target":["https:\/\/iraurgiberritzen.eus\/es\/el-20-de-octubre-se-desarrollara-la-primera-etapa-de-la-vuelta-a-espana-2020-con-cambios-en-las-carreteras-de-la-comarca\/"]}]},{"@type":"ImageObject","inLanguage":"es","@id":"https:\/\/iraurgiberritzen.eus\/es\/el-20-de-octubre-se-desarrollara-la-primera-etapa-de-la-vuelta-a-espana-2020-con-cambios-en-las-carreteras-de-la-comarca\/#primaryimage","url":"https:\/\/iraurgiberritzen.eus\/wp-content\/uploads\/2023\/09\/9063df0b1b4d9d96fd7fea653ac618e5.jpg","contentUrl":"https:\/\/iraurgiberritzen.eus\/wp-content\/uploads\/2023\/09\/9063df0b1b4d9d96fd7fea653ac618e5.jpg","width":600,"height":386},{"@type":"BreadcrumbList","@id":"https:\/\/iraurgiberritzen.eus\/es\/el-20-de-octubre-se-desarrollara-la-primera-etapa-de-la-vuelta-a-espana-2020-con-cambios-en-las-carreteras-de-la-comarca\/#breadcrumb","itemListElement":[{"@type":"ListItem","position":1,"name":"Home","item":"https:\/\/iraurgiberritzen.eus\/es\/"},{"@type":"ListItem","position":2,"name":"El 20 de octubre se desarrollar\u00e1 la primera etapa de la Vuelta a Espa\u00f1a 2020, con cambios en las carreteras de la comarca"}]},{"@type":"WebSite","@id":"https:\/\/iraurgiberritzen.eus\/es\/#website","url":"https:\/\/iraurgiberritzen.eus\/es\/","name":"Iraurgi Berritzen","description":"Urola Erdiko Garapen Agentzia","publisher":{"@id":"https:\/\/iraurgiberritzen.eus\/es\/#organization"},"potentialAction":[{"@type":"SearchAction","target":{"@type":"EntryPoint","urlTemplate":"https:\/\/iraurgiberritzen.eus\/es\/?s={search_term_string}"},"query-input":{"@type":"PropertyValueSpecification","valueRequired":true,"valueName":"search_term_string"}}],"inLanguage":"es"},{"@type":"Organization","@id":"https:\/\/iraurgiberritzen.eus\/es\/#organization","name":"Iraurgi Berritzen","url":"https:\/\/iraurgiberritzen.eus\/es\/","logo":{"@type":"ImageObject","inLanguage":"es","@id":"https:\/\/iraurgiberritzen.eus\/es\/#\/schema\/logo\/image\/","url":"https:\/\/iraurgiberritzen.eus\/wp-content\/uploads\/2024\/02\/IRAURGI-BERRITZEN-logotipoa_2.png","contentUrl":"https:\/\/iraurgiberritzen.eus\/wp-content\/uploads\/2024\/02\/IRAURGI-BERRITZEN-logotipoa_2.png","width":496,"height":190,"caption":"Iraurgi Berritzen"},"image":{"@id":"https:\/\/iraurgiberritzen.eus\/es\/#\/schema\/logo\/image\/"}},{"@type":"Person","@id":"https:\/\/iraurgiberritzen.eus\/es\/#\/schema\/person\/5ab41aaf388a9097177601ebf45738d2","name":"kudeatzailea","sameAs":["https:\/\/iraurgiberritzen.eus"]}]}},"_links":{"self":[{"href":"https:\/\/iraurgiberritzen.eus\/es\/wp-json\/wp\/v2\/posts\/12998","targetHints":{"allow":["GET"]}}],"collection":[{"href":"https:\/\/iraurgiberritzen.eus\/es\/wp-json\/wp\/v2\/posts"}],"about":[{"href":"https:\/\/iraurgiberritzen.eus\/es\/wp-json\/wp\/v2\/types\/post"}],"author":[{"embeddable":true,"href":"https:\/\/iraurgiberritzen.eus\/es\/wp-json\/wp\/v2\/users\/1"}],"replies":[{"embeddable":true,"href":"https:\/\/iraurgiberritzen.eus\/es\/wp-json\/wp\/v2\/comments?post=12998"}],"version-history":[{"count":0,"href":"https:\/\/iraurgiberritzen.eus\/es\/wp-json\/wp\/v2\/posts\/12998\/revisions"}],"wp:featuredmedia":[{"embeddable":true,"href":"https:\/\/iraurgiberritzen.eus\/es\/wp-json\/wp\/v2\/media\/17687"}],"wp:attachment":[{"href":"https:\/\/iraurgiberritzen.eus\/es\/wp-json\/wp\/v2\/media?parent=12998"}],"wp:term":[{"taxonomy":"category","embeddable":true,"href":"https:\/\/iraurgiberritzen.eus\/es\/wp-json\/wp\/v2\/categories?post=12998"},{"taxonomy":"post_tag","embeddable":true,"href":"https:\/\/iraurgiberritzen.eus\/es\/wp-json\/wp\/v2\/tags?post=12998"}],"curies":[{"name":"wp","href":"https:\/\/api.w.org\/{rel}","templated":true}]}}