{"id":13007,"date":"2020-10-22T06:04:40","date_gmt":"2020-10-22T04:04:40","guid":{"rendered":"https:\/\/iraurgiberritzen.eus\/los-comerciantes-afrontan-el-reto-de-la-digitalizacion\/"},"modified":"2020-10-22T06:04:40","modified_gmt":"2020-10-22T04:04:40","slug":"los-comerciantes-afrontan-el-reto-de-la-digitalizacion","status":"publish","type":"post","link":"https:\/\/iraurgiberritzen.eus\/es\/los-comerciantes-afrontan-el-reto-de-la-digitalizacion\/","title":{"rendered":"Los comerciantes afrontan el reto de la digitalizaci\u00f3n"},"content":{"rendered":"<p style=\"text-align: justify;\">Los comerciantes de Urola Erdia han participado en la formaci\u00f3n <strong>Whatsapp Business<\/strong> de la mano de la Camara de Comercio de Gipuzkoa.<\/p>\n<p style=\"text-align: justify;\">Las sesiones de formaci\u00f3n han tenido lugar durante dos d\u00edas y en ellas, de forma pr\u00e1ctica y apoy\u00e1ndose en el m\u00f3vil de cada uno, se ha podido conocer las posibilidades y aplicaciones que permite el Whatsapp Business.<\/p>\n<p style=\"text-align: justify;\">En estas sesiones han participado comerciantes de Azkoitia, Azpeitia y Zestoa, con un total de 25 asistentes y una valoraci\u00f3n muy positiva por parte de los mismos.<\/p>\n<p style=\"text-align: justify;\">En una \u00e9poca en la que los h\u00e1bitos de consumo est\u00e1n cambiando, es imprescindible ir adapt\u00e1ndose y parece que el uso de Whatsapp Business es una tendencia creciente.<\/p>\n","protected":false},"excerpt":{"rendered":"<p>Los comerciantes de Urola Erdia han participado en la formaci\u00f3n Whatsapp Business de la mano de la Camara de Comercio de Gipuzkoa. Las sesiones de formaci\u00f3n han tenido lugar durante dos d\u00edas y en ellas, de forma pr\u00e1ctica y apoy\u00e1ndose en el m\u00f3vil de cada uno, se ha podido conocer las posibilidades y aplicaciones que [&hellip;]<\/p>\n","protected":false},"author":1,"featured_media":17689,"comment_status":"","ping_status":"closed","sticky":false,"template":"","format":"standard","meta":{"_acf_changed":false,"footnotes":""},"categories":[4],"tags":[],"class_list":["post-13007","post","type-post","status-publish","format-standard","has-post-thumbnail","hentry","category-noticias"],"acf":[],"yoast_head":"<!-- This site is optimized with the Yoast SEO plugin v27.4 - https:\/\/yoast.com\/product\/yoast-seo-wordpress\/ -->\n<title>Los comerciantes afrontan el reto de la digitalizaci\u00f3n - Iraurgi Berritzen<\/title>\n<meta name=\"robots\" content=\"index, follow, max-snippet:-1, max-image-preview:large, max-video-preview:-1\" \/>\n<link rel=\"canonical\" href=\"https:\/\/iraurgiberritzen.eus\/es\/los-comerciantes-afrontan-el-reto-de-la-digitalizacion\/\" \/>\n<meta property=\"og:locale\" content=\"es_ES\" \/>\n<meta property=\"og:type\" content=\"article\" \/>\n<meta property=\"og:title\" content=\"Los comerciantes afrontan el reto de la digitalizaci\u00f3n - Iraurgi Berritzen\" \/>\n<meta property=\"og:description\" content=\"Los comerciantes de Urola Erdia han participado en la formaci\u00f3n Whatsapp Business de la mano de la Camara de Comercio de Gipuzkoa. Las sesiones de formaci\u00f3n han tenido lugar durante dos d\u00edas y en ellas, de forma pr\u00e1ctica y apoy\u00e1ndose en el m\u00f3vil de cada uno, se ha podido conocer las posibilidades y aplicaciones que [&hellip;]\" \/>\n<meta property=\"og:url\" content=\"https:\/\/iraurgiberritzen.eus\/es\/los-comerciantes-afrontan-el-reto-de-la-digitalizacion\/\" \/>\n<meta property=\"og:site_name\" content=\"Iraurgi Berritzen\" \/>\n<meta property=\"article:published_time\" content=\"2020-10-22T04:04:40+00:00\" \/>\n<meta name=\"author\" content=\"kudeatzailea\" \/>\n<meta name=\"twitter:card\" content=\"summary_large_image\" \/>\n<meta name=\"twitter:label1\" content=\"Escrito por\" \/>\n\t<meta name=\"twitter:data1\" content=\"kudeatzailea\" \/>\n\t<meta name=\"twitter:label2\" content=\"Tiempo de lectura\" \/>\n\t<meta name=\"twitter:data2\" content=\"1 minuto\" \/>\n<script type=\"application\/ld+json\" class=\"yoast-schema-graph\">{\"@context\":\"https:\\\/\\\/schema.org\",\"@graph\":[{\"@type\":\"Article\",\"@id\":\"https:\\\/\\\/iraurgiberritzen.eus\\\/es\\\/los-comerciantes-afrontan-el-reto-de-la-digitalizacion\\\/#article\",\"isPartOf\":{\"@id\":\"https:\\\/\\\/iraurgiberritzen.eus\\\/es\\\/los-comerciantes-afrontan-el-reto-de-la-digitalizacion\\\/\"},\"author\":{\"name\":\"kudeatzailea\",\"@id\":\"https:\\\/\\\/iraurgiberritzen.eus\\\/es\\\/#\\\/schema\\\/person\\\/5ab41aaf388a9097177601ebf45738d2\"},\"headline\":\"Los comerciantes afrontan el reto de la digitalizaci\u00f3n\",\"datePublished\":\"2020-10-22T04:04:40+00:00\",\"mainEntityOfPage\":{\"@id\":\"https:\\\/\\\/iraurgiberritzen.eus\\\/es\\\/los-comerciantes-afrontan-el-reto-de-la-digitalizacion\\\/\"},\"wordCount\":132,\"publisher\":{\"@id\":\"https:\\\/\\\/iraurgiberritzen.eus\\\/es\\\/#organization\"},\"image\":{\"@id\":\"https:\\\/\\\/iraurgiberritzen.eus\\\/es\\\/los-comerciantes-afrontan-el-reto-de-la-digitalizacion\\\/#primaryimage\"},\"thumbnailUrl\":\"https:\\\/\\\/iraurgiberritzen.eus\\\/wp-content\\\/uploads\\\/2023\\\/09\\\/c435ffd4918b356927e6ff03a359e0db.jpg\",\"articleSection\":[\"Noticias\"],\"inLanguage\":\"es\"},{\"@type\":\"WebPage\",\"@id\":\"https:\\\/\\\/iraurgiberritzen.eus\\\/es\\\/los-comerciantes-afrontan-el-reto-de-la-digitalizacion\\\/\",\"url\":\"https:\\\/\\\/iraurgiberritzen.eus\\\/es\\\/los-comerciantes-afrontan-el-reto-de-la-digitalizacion\\\/\",\"name\":\"Los comerciantes afrontan el reto de la digitalizaci\u00f3n - Iraurgi Berritzen\",\"isPartOf\":{\"@id\":\"https:\\\/\\\/iraurgiberritzen.eus\\\/es\\\/#website\"},\"primaryImageOfPage\":{\"@id\":\"https:\\\/\\\/iraurgiberritzen.eus\\\/es\\\/los-comerciantes-afrontan-el-reto-de-la-digitalizacion\\\/#primaryimage\"},\"image\":{\"@id\":\"https:\\\/\\\/iraurgiberritzen.eus\\\/es\\\/los-comerciantes-afrontan-el-reto-de-la-digitalizacion\\\/#primaryimage\"},\"thumbnailUrl\":\"https:\\\/\\\/iraurgiberritzen.eus\\\/wp-content\\\/uploads\\\/2023\\\/09\\\/c435ffd4918b356927e6ff03a359e0db.jpg\",\"datePublished\":\"2020-10-22T04:04:40+00:00\",\"breadcrumb\":{\"@id\":\"https:\\\/\\\/iraurgiberritzen.eus\\\/es\\\/los-comerciantes-afrontan-el-reto-de-la-digitalizacion\\\/#breadcrumb\"},\"inLanguage\":\"es\",\"potentialAction\":[{\"@type\":\"ReadAction\",\"target\":[\"https:\\\/\\\/iraurgiberritzen.eus\\\/es\\\/los-comerciantes-afrontan-el-reto-de-la-digitalizacion\\\/\"]}]},{\"@type\":\"ImageObject\",\"inLanguage\":\"es\",\"@id\":\"https:\\\/\\\/iraurgiberritzen.eus\\\/es\\\/los-comerciantes-afrontan-el-reto-de-la-digitalizacion\\\/#primaryimage\",\"url\":\"https:\\\/\\\/iraurgiberritzen.eus\\\/wp-content\\\/uploads\\\/2023\\\/09\\\/c435ffd4918b356927e6ff03a359e0db.jpg\",\"contentUrl\":\"https:\\\/\\\/iraurgiberritzen.eus\\\/wp-content\\\/uploads\\\/2023\\\/09\\\/c435ffd4918b356927e6ff03a359e0db.jpg\",\"width\":600,\"height\":386},{\"@type\":\"BreadcrumbList\",\"@id\":\"https:\\\/\\\/iraurgiberritzen.eus\\\/es\\\/los-comerciantes-afrontan-el-reto-de-la-digitalizacion\\\/#breadcrumb\",\"itemListElement\":[{\"@type\":\"ListItem\",\"position\":1,\"name\":\"Home\",\"item\":\"https:\\\/\\\/iraurgiberritzen.eus\\\/es\\\/\"},{\"@type\":\"ListItem\",\"position\":2,\"name\":\"Los comerciantes afrontan el reto de la digitalizaci\u00f3n\"}]},{\"@type\":\"WebSite\",\"@id\":\"https:\\\/\\\/iraurgiberritzen.eus\\\/es\\\/#website\",\"url\":\"https:\\\/\\\/iraurgiberritzen.eus\\\/es\\\/\",\"name\":\"Iraurgi Berritzen\",\"description\":\"Urola Erdiko Garapen Agentzia\",\"publisher\":{\"@id\":\"https:\\\/\\\/iraurgiberritzen.eus\\\/es\\\/#organization\"},\"potentialAction\":[{\"@type\":\"SearchAction\",\"target\":{\"@type\":\"EntryPoint\",\"urlTemplate\":\"https:\\\/\\\/iraurgiberritzen.eus\\\/es\\\/?s={search_term_string}\"},\"query-input\":{\"@type\":\"PropertyValueSpecification\",\"valueRequired\":true,\"valueName\":\"search_term_string\"}}],\"inLanguage\":\"es\"},{\"@type\":\"Organization\",\"@id\":\"https:\\\/\\\/iraurgiberritzen.eus\\\/es\\\/#organization\",\"name\":\"Iraurgi Berritzen\",\"url\":\"https:\\\/\\\/iraurgiberritzen.eus\\\/es\\\/\",\"logo\":{\"@type\":\"ImageObject\",\"inLanguage\":\"es\",\"@id\":\"https:\\\/\\\/iraurgiberritzen.eus\\\/es\\\/#\\\/schema\\\/logo\\\/image\\\/\",\"url\":\"https:\\\/\\\/iraurgiberritzen.eus\\\/wp-content\\\/uploads\\\/2024\\\/02\\\/IRAURGI-BERRITZEN-logotipoa_2.png\",\"contentUrl\":\"https:\\\/\\\/iraurgiberritzen.eus\\\/wp-content\\\/uploads\\\/2024\\\/02\\\/IRAURGI-BERRITZEN-logotipoa_2.png\",\"width\":496,\"height\":190,\"caption\":\"Iraurgi Berritzen\"},\"image\":{\"@id\":\"https:\\\/\\\/iraurgiberritzen.eus\\\/es\\\/#\\\/schema\\\/logo\\\/image\\\/\"}},{\"@type\":\"Person\",\"@id\":\"https:\\\/\\\/iraurgiberritzen.eus\\\/es\\\/#\\\/schema\\\/person\\\/5ab41aaf388a9097177601ebf45738d2\",\"name\":\"kudeatzailea\",\"sameAs\":[\"https:\\\/\\\/iraurgiberritzen.eus\"]}]}<\/script>\n<!-- \/ Yoast SEO plugin. -->","yoast_head_json":{"title":"Los comerciantes afrontan el reto de la digitalizaci\u00f3n - Iraurgi Berritzen","robots":{"index":"index","follow":"follow","max-snippet":"max-snippet:-1","max-image-preview":"max-image-preview:large","max-video-preview":"max-video-preview:-1"},"canonical":"https:\/\/iraurgiberritzen.eus\/es\/los-comerciantes-afrontan-el-reto-de-la-digitalizacion\/","og_locale":"es_ES","og_type":"article","og_title":"Los comerciantes afrontan el reto de la digitalizaci\u00f3n - Iraurgi Berritzen","og_description":"Los comerciantes de Urola Erdia han participado en la formaci\u00f3n Whatsapp Business de la mano de la Camara de Comercio de Gipuzkoa. Las sesiones de formaci\u00f3n han tenido lugar durante dos d\u00edas y en ellas, de forma pr\u00e1ctica y apoy\u00e1ndose en el m\u00f3vil de cada uno, se ha podido conocer las posibilidades y aplicaciones que [&hellip;]","og_url":"https:\/\/iraurgiberritzen.eus\/es\/los-comerciantes-afrontan-el-reto-de-la-digitalizacion\/","og_site_name":"Iraurgi Berritzen","article_published_time":"2020-10-22T04:04:40+00:00","author":"kudeatzailea","twitter_card":"summary_large_image","twitter_misc":{"Escrito por":"kudeatzailea","Tiempo de lectura":"1 minuto"},"schema":{"@context":"https:\/\/schema.org","@graph":[{"@type":"Article","@id":"https:\/\/iraurgiberritzen.eus\/es\/los-comerciantes-afrontan-el-reto-de-la-digitalizacion\/#article","isPartOf":{"@id":"https:\/\/iraurgiberritzen.eus\/es\/los-comerciantes-afrontan-el-reto-de-la-digitalizacion\/"},"author":{"name":"kudeatzailea","@id":"https:\/\/iraurgiberritzen.eus\/es\/#\/schema\/person\/5ab41aaf388a9097177601ebf45738d2"},"headline":"Los comerciantes afrontan el reto de la digitalizaci\u00f3n","datePublished":"2020-10-22T04:04:40+00:00","mainEntityOfPage":{"@id":"https:\/\/iraurgiberritzen.eus\/es\/los-comerciantes-afrontan-el-reto-de-la-digitalizacion\/"},"wordCount":132,"publisher":{"@id":"https:\/\/iraurgiberritzen.eus\/es\/#organization"},"image":{"@id":"https:\/\/iraurgiberritzen.eus\/es\/los-comerciantes-afrontan-el-reto-de-la-digitalizacion\/#primaryimage"},"thumbnailUrl":"https:\/\/iraurgiberritzen.eus\/wp-content\/uploads\/2023\/09\/c435ffd4918b356927e6ff03a359e0db.jpg","articleSection":["Noticias"],"inLanguage":"es"},{"@type":"WebPage","@id":"https:\/\/iraurgiberritzen.eus\/es\/los-comerciantes-afrontan-el-reto-de-la-digitalizacion\/","url":"https:\/\/iraurgiberritzen.eus\/es\/los-comerciantes-afrontan-el-reto-de-la-digitalizacion\/","name":"Los comerciantes afrontan el reto de la digitalizaci\u00f3n - Iraurgi Berritzen","isPartOf":{"@id":"https:\/\/iraurgiberritzen.eus\/es\/#website"},"primaryImageOfPage":{"@id":"https:\/\/iraurgiberritzen.eus\/es\/los-comerciantes-afrontan-el-reto-de-la-digitalizacion\/#primaryimage"},"image":{"@id":"https:\/\/iraurgiberritzen.eus\/es\/los-comerciantes-afrontan-el-reto-de-la-digitalizacion\/#primaryimage"},"thumbnailUrl":"https:\/\/iraurgiberritzen.eus\/wp-content\/uploads\/2023\/09\/c435ffd4918b356927e6ff03a359e0db.jpg","datePublished":"2020-10-22T04:04:40+00:00","breadcrumb":{"@id":"https:\/\/iraurgiberritzen.eus\/es\/los-comerciantes-afrontan-el-reto-de-la-digitalizacion\/#breadcrumb"},"inLanguage":"es","potentialAction":[{"@type":"ReadAction","target":["https:\/\/iraurgiberritzen.eus\/es\/los-comerciantes-afrontan-el-reto-de-la-digitalizacion\/"]}]},{"@type":"ImageObject","inLanguage":"es","@id":"https:\/\/iraurgiberritzen.eus\/es\/los-comerciantes-afrontan-el-reto-de-la-digitalizacion\/#primaryimage","url":"https:\/\/iraurgiberritzen.eus\/wp-content\/uploads\/2023\/09\/c435ffd4918b356927e6ff03a359e0db.jpg","contentUrl":"https:\/\/iraurgiberritzen.eus\/wp-content\/uploads\/2023\/09\/c435ffd4918b356927e6ff03a359e0db.jpg","width":600,"height":386},{"@type":"BreadcrumbList","@id":"https:\/\/iraurgiberritzen.eus\/es\/los-comerciantes-afrontan-el-reto-de-la-digitalizacion\/#breadcrumb","itemListElement":[{"@type":"ListItem","position":1,"name":"Home","item":"https:\/\/iraurgiberritzen.eus\/es\/"},{"@type":"ListItem","position":2,"name":"Los comerciantes afrontan el reto de la digitalizaci\u00f3n"}]},{"@type":"WebSite","@id":"https:\/\/iraurgiberritzen.eus\/es\/#website","url":"https:\/\/iraurgiberritzen.eus\/es\/","name":"Iraurgi Berritzen","description":"Urola Erdiko Garapen Agentzia","publisher":{"@id":"https:\/\/iraurgiberritzen.eus\/es\/#organization"},"potentialAction":[{"@type":"SearchAction","target":{"@type":"EntryPoint","urlTemplate":"https:\/\/iraurgiberritzen.eus\/es\/?s={search_term_string}"},"query-input":{"@type":"PropertyValueSpecification","valueRequired":true,"valueName":"search_term_string"}}],"inLanguage":"es"},{"@type":"Organization","@id":"https:\/\/iraurgiberritzen.eus\/es\/#organization","name":"Iraurgi Berritzen","url":"https:\/\/iraurgiberritzen.eus\/es\/","logo":{"@type":"ImageObject","inLanguage":"es","@id":"https:\/\/iraurgiberritzen.eus\/es\/#\/schema\/logo\/image\/","url":"https:\/\/iraurgiberritzen.eus\/wp-content\/uploads\/2024\/02\/IRAURGI-BERRITZEN-logotipoa_2.png","contentUrl":"https:\/\/iraurgiberritzen.eus\/wp-content\/uploads\/2024\/02\/IRAURGI-BERRITZEN-logotipoa_2.png","width":496,"height":190,"caption":"Iraurgi Berritzen"},"image":{"@id":"https:\/\/iraurgiberritzen.eus\/es\/#\/schema\/logo\/image\/"}},{"@type":"Person","@id":"https:\/\/iraurgiberritzen.eus\/es\/#\/schema\/person\/5ab41aaf388a9097177601ebf45738d2","name":"kudeatzailea","sameAs":["https:\/\/iraurgiberritzen.eus"]}]}},"_links":{"self":[{"href":"https:\/\/iraurgiberritzen.eus\/es\/wp-json\/wp\/v2\/posts\/13007","targetHints":{"allow":["GET"]}}],"collection":[{"href":"https:\/\/iraurgiberritzen.eus\/es\/wp-json\/wp\/v2\/posts"}],"about":[{"href":"https:\/\/iraurgiberritzen.eus\/es\/wp-json\/wp\/v2\/types\/post"}],"author":[{"embeddable":true,"href":"https:\/\/iraurgiberritzen.eus\/es\/wp-json\/wp\/v2\/users\/1"}],"replies":[{"embeddable":true,"href":"https:\/\/iraurgiberritzen.eus\/es\/wp-json\/wp\/v2\/comments?post=13007"}],"version-history":[{"count":0,"href":"https:\/\/iraurgiberritzen.eus\/es\/wp-json\/wp\/v2\/posts\/13007\/revisions"}],"wp:featuredmedia":[{"embeddable":true,"href":"https:\/\/iraurgiberritzen.eus\/es\/wp-json\/wp\/v2\/media\/17689"}],"wp:attachment":[{"href":"https:\/\/iraurgiberritzen.eus\/es\/wp-json\/wp\/v2\/media?parent=13007"}],"wp:term":[{"taxonomy":"category","embeddable":true,"href":"https:\/\/iraurgiberritzen.eus\/es\/wp-json\/wp\/v2\/categories?post=13007"},{"taxonomy":"post_tag","embeddable":true,"href":"https:\/\/iraurgiberritzen.eus\/es\/wp-json\/wp\/v2\/tags?post=13007"}],"curies":[{"name":"wp","href":"https:\/\/api.w.org\/{rel}","templated":true}]}}