{"id":13016,"date":"2020-10-26T11:16:06","date_gmt":"2020-10-26T09:16:06","guid":{"rendered":"https:\/\/iraurgiberritzen.eus\/las-empresas-de-urola-erdia-analizando-la-nueva-ley-del-teletrabajo-y-su-aplicacion-en-la-empresa\/"},"modified":"2020-10-26T11:16:06","modified_gmt":"2020-10-26T09:16:06","slug":"las-empresas-de-urola-erdia-analizando-la-nueva-ley-del-teletrabajo-y-su-aplicacion-en-la-empresa","status":"publish","type":"post","link":"https:\/\/iraurgiberritzen.eus\/es\/las-empresas-de-urola-erdia-analizando-la-nueva-ley-del-teletrabajo-y-su-aplicacion-en-la-empresa\/","title":{"rendered":"Las empresas de Urola Erdia analizando  la nueva Ley del Teletrabajo y su aplicaci\u00f3n en la empresa"},"content":{"rendered":"<p style=\"text-align: justify;\">IB contin\u00faa desarrollando el Programa Ikasiz, con el objeto de ayudar a hacer frente a la situaci\u00f3n de crisis generada por el Covid-19 entre empresas de la comarca. Su objetivo, compartir conocimientos, informaci\u00f3n y experiencias en relaci\u00f3n a la organizaci\u00f3n y gesti\u00f3n, a trav\u00e9s de sesiones de trabajo telem\u00e1ticas entre las empresas.<\/p>\n<p style=\"text-align: justify;\">El pasado 21 de octubre, se celebr\u00f3 la 7. Sesion de trabajo, que tuvo como objeto \u00abLa nueva ley del Teletrabajo y su aplicaci\u00f3n en la empresa\u00bb. En ella, las empresas tuvieron la oportunidad de analizar con expertos de LKS Next Legal, como son Jaione Badiola y Ander Sansinenea, los aspectos m\u00e1s relevantes de la nueva ley RD 28\/2020, tanto desde un punto de vista jur\u00eddico, como por la implicaci\u00f3n que tiene en las empresas la gesti\u00f3n de trabajadores a distancia, cambios que exige a nivel de cultura de empresa, tipo de liderazgo, y modelo organizativo, as\u00ed como las oportunidades que ofrece a nivel de atracci\u00f3n y retenci\u00f3n de talento.<\/p>\n<p style=\"text-align: justify;\">En la conversaci\u00f3n mantenida entre empresas y expertos, adem\u00e1s de responder cuestiones y plantear casos pr\u00e1cticos acerca de la nueva ley, las empresas participantes han coincidido en que aunque hasta ahora en las empresas se ha trabajado de manera informal obligados por la crisis sanitaria, a futuro ser\u00e1 necesario trabajar este tema.<\/p>\n<p style=\"text-align: justify;\">En la sesi\u00f3n han participado 10 representantes de empresas de la comarca: Sarralle Group, Ibarmia Innovatek, Ukabi, Elkarmedia, Lan Mobel, Domusa, Sammic, Biele, Sidenor, Grupo Glual; LKS Next Legal, y el equipo de IB.<\/p>\n","protected":false},"excerpt":{"rendered":"<p>IB contin\u00faa desarrollando el Programa Ikasiz, con el objeto de ayudar a hacer frente a la situaci\u00f3n de crisis generada por el Covid-19 entre empresas de la comarca. Su objetivo, compartir conocimientos, informaci\u00f3n y experiencias en relaci\u00f3n a la organizaci\u00f3n y gesti\u00f3n, a trav\u00e9s de sesiones de trabajo telem\u00e1ticas entre las empresas. El pasado 21 [&hellip;]<\/p>\n","protected":false},"author":1,"featured_media":17692,"comment_status":"","ping_status":"closed","sticky":false,"template":"","format":"standard","meta":{"_acf_changed":false,"footnotes":""},"categories":[4],"tags":[],"class_list":["post-13016","post","type-post","status-publish","format-standard","has-post-thumbnail","hentry","category-noticias"],"acf":[],"yoast_head":"<!-- This site is optimized with the Yoast SEO plugin v27.4 - https:\/\/yoast.com\/product\/yoast-seo-wordpress\/ -->\n<title>Las empresas de Urola Erdia analizando la nueva Ley del Teletrabajo y su aplicaci\u00f3n en la empresa - Iraurgi Berritzen<\/title>\n<meta name=\"robots\" content=\"index, follow, max-snippet:-1, max-image-preview:large, max-video-preview:-1\" \/>\n<link rel=\"canonical\" href=\"https:\/\/iraurgiberritzen.eus\/es\/las-empresas-de-urola-erdia-analizando-la-nueva-ley-del-teletrabajo-y-su-aplicacion-en-la-empresa\/\" \/>\n<meta property=\"og:locale\" content=\"es_ES\" \/>\n<meta property=\"og:type\" content=\"article\" \/>\n<meta property=\"og:title\" content=\"Las empresas de Urola Erdia analizando la nueva Ley del Teletrabajo y su aplicaci\u00f3n en la empresa - Iraurgi Berritzen\" \/>\n<meta property=\"og:description\" content=\"IB contin\u00faa desarrollando el Programa Ikasiz, con el objeto de ayudar a hacer frente a la situaci\u00f3n de crisis generada por el Covid-19 entre empresas de la comarca. Su objetivo, compartir conocimientos, informaci\u00f3n y experiencias en relaci\u00f3n a la organizaci\u00f3n y gesti\u00f3n, a trav\u00e9s de sesiones de trabajo telem\u00e1ticas entre las empresas. El pasado 21 [&hellip;]\" \/>\n<meta property=\"og:url\" content=\"https:\/\/iraurgiberritzen.eus\/es\/las-empresas-de-urola-erdia-analizando-la-nueva-ley-del-teletrabajo-y-su-aplicacion-en-la-empresa\/\" \/>\n<meta property=\"og:site_name\" content=\"Iraurgi Berritzen\" \/>\n<meta property=\"article:published_time\" content=\"2020-10-26T09:16:06+00:00\" \/>\n<meta name=\"author\" content=\"kudeatzailea\" \/>\n<meta name=\"twitter:card\" content=\"summary_large_image\" \/>\n<meta name=\"twitter:label1\" content=\"Escrito por\" \/>\n\t<meta name=\"twitter:data1\" content=\"kudeatzailea\" \/>\n\t<meta name=\"twitter:label2\" content=\"Tiempo de lectura\" \/>\n\t<meta name=\"twitter:data2\" content=\"1 minuto\" \/>\n<script type=\"application\/ld+json\" class=\"yoast-schema-graph\">{\"@context\":\"https:\\\/\\\/schema.org\",\"@graph\":[{\"@type\":\"Article\",\"@id\":\"https:\\\/\\\/iraurgiberritzen.eus\\\/es\\\/las-empresas-de-urola-erdia-analizando-la-nueva-ley-del-teletrabajo-y-su-aplicacion-en-la-empresa\\\/#article\",\"isPartOf\":{\"@id\":\"https:\\\/\\\/iraurgiberritzen.eus\\\/es\\\/las-empresas-de-urola-erdia-analizando-la-nueva-ley-del-teletrabajo-y-su-aplicacion-en-la-empresa\\\/\"},\"author\":{\"name\":\"kudeatzailea\",\"@id\":\"https:\\\/\\\/iraurgiberritzen.eus\\\/es\\\/#\\\/schema\\\/person\\\/5ab41aaf388a9097177601ebf45738d2\"},\"headline\":\"Las empresas de Urola Erdia analizando la nueva Ley del Teletrabajo y su aplicaci\u00f3n en la empresa\",\"datePublished\":\"2020-10-26T09:16:06+00:00\",\"mainEntityOfPage\":{\"@id\":\"https:\\\/\\\/iraurgiberritzen.eus\\\/es\\\/las-empresas-de-urola-erdia-analizando-la-nueva-ley-del-teletrabajo-y-su-aplicacion-en-la-empresa\\\/\"},\"wordCount\":281,\"publisher\":{\"@id\":\"https:\\\/\\\/iraurgiberritzen.eus\\\/es\\\/#organization\"},\"image\":{\"@id\":\"https:\\\/\\\/iraurgiberritzen.eus\\\/es\\\/las-empresas-de-urola-erdia-analizando-la-nueva-ley-del-teletrabajo-y-su-aplicacion-en-la-empresa\\\/#primaryimage\"},\"thumbnailUrl\":\"https:\\\/\\\/iraurgiberritzen.eus\\\/wp-content\\\/uploads\\\/2023\\\/09\\\/786f856dfc58fd9ed7b812d2cbc13c76.jpg\",\"articleSection\":[\"Noticias\"],\"inLanguage\":\"es\"},{\"@type\":\"WebPage\",\"@id\":\"https:\\\/\\\/iraurgiberritzen.eus\\\/es\\\/las-empresas-de-urola-erdia-analizando-la-nueva-ley-del-teletrabajo-y-su-aplicacion-en-la-empresa\\\/\",\"url\":\"https:\\\/\\\/iraurgiberritzen.eus\\\/es\\\/las-empresas-de-urola-erdia-analizando-la-nueva-ley-del-teletrabajo-y-su-aplicacion-en-la-empresa\\\/\",\"name\":\"Las empresas de Urola Erdia analizando la nueva Ley del Teletrabajo y su aplicaci\u00f3n en la empresa - Iraurgi Berritzen\",\"isPartOf\":{\"@id\":\"https:\\\/\\\/iraurgiberritzen.eus\\\/es\\\/#website\"},\"primaryImageOfPage\":{\"@id\":\"https:\\\/\\\/iraurgiberritzen.eus\\\/es\\\/las-empresas-de-urola-erdia-analizando-la-nueva-ley-del-teletrabajo-y-su-aplicacion-en-la-empresa\\\/#primaryimage\"},\"image\":{\"@id\":\"https:\\\/\\\/iraurgiberritzen.eus\\\/es\\\/las-empresas-de-urola-erdia-analizando-la-nueva-ley-del-teletrabajo-y-su-aplicacion-en-la-empresa\\\/#primaryimage\"},\"thumbnailUrl\":\"https:\\\/\\\/iraurgiberritzen.eus\\\/wp-content\\\/uploads\\\/2023\\\/09\\\/786f856dfc58fd9ed7b812d2cbc13c76.jpg\",\"datePublished\":\"2020-10-26T09:16:06+00:00\",\"breadcrumb\":{\"@id\":\"https:\\\/\\\/iraurgiberritzen.eus\\\/es\\\/las-empresas-de-urola-erdia-analizando-la-nueva-ley-del-teletrabajo-y-su-aplicacion-en-la-empresa\\\/#breadcrumb\"},\"inLanguage\":\"es\",\"potentialAction\":[{\"@type\":\"ReadAction\",\"target\":[\"https:\\\/\\\/iraurgiberritzen.eus\\\/es\\\/las-empresas-de-urola-erdia-analizando-la-nueva-ley-del-teletrabajo-y-su-aplicacion-en-la-empresa\\\/\"]}]},{\"@type\":\"ImageObject\",\"inLanguage\":\"es\",\"@id\":\"https:\\\/\\\/iraurgiberritzen.eus\\\/es\\\/las-empresas-de-urola-erdia-analizando-la-nueva-ley-del-teletrabajo-y-su-aplicacion-en-la-empresa\\\/#primaryimage\",\"url\":\"https:\\\/\\\/iraurgiberritzen.eus\\\/wp-content\\\/uploads\\\/2023\\\/09\\\/786f856dfc58fd9ed7b812d2cbc13c76.jpg\",\"contentUrl\":\"https:\\\/\\\/iraurgiberritzen.eus\\\/wp-content\\\/uploads\\\/2023\\\/09\\\/786f856dfc58fd9ed7b812d2cbc13c76.jpg\",\"width\":600,\"height\":386},{\"@type\":\"BreadcrumbList\",\"@id\":\"https:\\\/\\\/iraurgiberritzen.eus\\\/es\\\/las-empresas-de-urola-erdia-analizando-la-nueva-ley-del-teletrabajo-y-su-aplicacion-en-la-empresa\\\/#breadcrumb\",\"itemListElement\":[{\"@type\":\"ListItem\",\"position\":1,\"name\":\"Home\",\"item\":\"https:\\\/\\\/iraurgiberritzen.eus\\\/es\\\/\"},{\"@type\":\"ListItem\",\"position\":2,\"name\":\"Las empresas de Urola Erdia analizando la nueva Ley del Teletrabajo y su aplicaci\u00f3n en la empresa\"}]},{\"@type\":\"WebSite\",\"@id\":\"https:\\\/\\\/iraurgiberritzen.eus\\\/es\\\/#website\",\"url\":\"https:\\\/\\\/iraurgiberritzen.eus\\\/es\\\/\",\"name\":\"Iraurgi Berritzen\",\"description\":\"Urola Erdiko Garapen Agentzia\",\"publisher\":{\"@id\":\"https:\\\/\\\/iraurgiberritzen.eus\\\/es\\\/#organization\"},\"potentialAction\":[{\"@type\":\"SearchAction\",\"target\":{\"@type\":\"EntryPoint\",\"urlTemplate\":\"https:\\\/\\\/iraurgiberritzen.eus\\\/es\\\/?s={search_term_string}\"},\"query-input\":{\"@type\":\"PropertyValueSpecification\",\"valueRequired\":true,\"valueName\":\"search_term_string\"}}],\"inLanguage\":\"es\"},{\"@type\":\"Organization\",\"@id\":\"https:\\\/\\\/iraurgiberritzen.eus\\\/es\\\/#organization\",\"name\":\"Iraurgi Berritzen\",\"url\":\"https:\\\/\\\/iraurgiberritzen.eus\\\/es\\\/\",\"logo\":{\"@type\":\"ImageObject\",\"inLanguage\":\"es\",\"@id\":\"https:\\\/\\\/iraurgiberritzen.eus\\\/es\\\/#\\\/schema\\\/logo\\\/image\\\/\",\"url\":\"https:\\\/\\\/iraurgiberritzen.eus\\\/wp-content\\\/uploads\\\/2024\\\/02\\\/IRAURGI-BERRITZEN-logotipoa_2.png\",\"contentUrl\":\"https:\\\/\\\/iraurgiberritzen.eus\\\/wp-content\\\/uploads\\\/2024\\\/02\\\/IRAURGI-BERRITZEN-logotipoa_2.png\",\"width\":496,\"height\":190,\"caption\":\"Iraurgi Berritzen\"},\"image\":{\"@id\":\"https:\\\/\\\/iraurgiberritzen.eus\\\/es\\\/#\\\/schema\\\/logo\\\/image\\\/\"}},{\"@type\":\"Person\",\"@id\":\"https:\\\/\\\/iraurgiberritzen.eus\\\/es\\\/#\\\/schema\\\/person\\\/5ab41aaf388a9097177601ebf45738d2\",\"name\":\"kudeatzailea\",\"sameAs\":[\"https:\\\/\\\/iraurgiberritzen.eus\"]}]}<\/script>\n<!-- \/ Yoast SEO plugin. -->","yoast_head_json":{"title":"Las empresas de Urola Erdia analizando la nueva Ley del Teletrabajo y su aplicaci\u00f3n en la empresa - Iraurgi Berritzen","robots":{"index":"index","follow":"follow","max-snippet":"max-snippet:-1","max-image-preview":"max-image-preview:large","max-video-preview":"max-video-preview:-1"},"canonical":"https:\/\/iraurgiberritzen.eus\/es\/las-empresas-de-urola-erdia-analizando-la-nueva-ley-del-teletrabajo-y-su-aplicacion-en-la-empresa\/","og_locale":"es_ES","og_type":"article","og_title":"Las empresas de Urola Erdia analizando la nueva Ley del Teletrabajo y su aplicaci\u00f3n en la empresa - Iraurgi Berritzen","og_description":"IB contin\u00faa desarrollando el Programa Ikasiz, con el objeto de ayudar a hacer frente a la situaci\u00f3n de crisis generada por el Covid-19 entre empresas de la comarca. Su objetivo, compartir conocimientos, informaci\u00f3n y experiencias en relaci\u00f3n a la organizaci\u00f3n y gesti\u00f3n, a trav\u00e9s de sesiones de trabajo telem\u00e1ticas entre las empresas. El pasado 21 [&hellip;]","og_url":"https:\/\/iraurgiberritzen.eus\/es\/las-empresas-de-urola-erdia-analizando-la-nueva-ley-del-teletrabajo-y-su-aplicacion-en-la-empresa\/","og_site_name":"Iraurgi Berritzen","article_published_time":"2020-10-26T09:16:06+00:00","author":"kudeatzailea","twitter_card":"summary_large_image","twitter_misc":{"Escrito por":"kudeatzailea","Tiempo de lectura":"1 minuto"},"schema":{"@context":"https:\/\/schema.org","@graph":[{"@type":"Article","@id":"https:\/\/iraurgiberritzen.eus\/es\/las-empresas-de-urola-erdia-analizando-la-nueva-ley-del-teletrabajo-y-su-aplicacion-en-la-empresa\/#article","isPartOf":{"@id":"https:\/\/iraurgiberritzen.eus\/es\/las-empresas-de-urola-erdia-analizando-la-nueva-ley-del-teletrabajo-y-su-aplicacion-en-la-empresa\/"},"author":{"name":"kudeatzailea","@id":"https:\/\/iraurgiberritzen.eus\/es\/#\/schema\/person\/5ab41aaf388a9097177601ebf45738d2"},"headline":"Las empresas de Urola Erdia analizando la nueva Ley del Teletrabajo y su aplicaci\u00f3n en la empresa","datePublished":"2020-10-26T09:16:06+00:00","mainEntityOfPage":{"@id":"https:\/\/iraurgiberritzen.eus\/es\/las-empresas-de-urola-erdia-analizando-la-nueva-ley-del-teletrabajo-y-su-aplicacion-en-la-empresa\/"},"wordCount":281,"publisher":{"@id":"https:\/\/iraurgiberritzen.eus\/es\/#organization"},"image":{"@id":"https:\/\/iraurgiberritzen.eus\/es\/las-empresas-de-urola-erdia-analizando-la-nueva-ley-del-teletrabajo-y-su-aplicacion-en-la-empresa\/#primaryimage"},"thumbnailUrl":"https:\/\/iraurgiberritzen.eus\/wp-content\/uploads\/2023\/09\/786f856dfc58fd9ed7b812d2cbc13c76.jpg","articleSection":["Noticias"],"inLanguage":"es"},{"@type":"WebPage","@id":"https:\/\/iraurgiberritzen.eus\/es\/las-empresas-de-urola-erdia-analizando-la-nueva-ley-del-teletrabajo-y-su-aplicacion-en-la-empresa\/","url":"https:\/\/iraurgiberritzen.eus\/es\/las-empresas-de-urola-erdia-analizando-la-nueva-ley-del-teletrabajo-y-su-aplicacion-en-la-empresa\/","name":"Las empresas de Urola Erdia analizando la nueva Ley del Teletrabajo y su aplicaci\u00f3n en la empresa - Iraurgi Berritzen","isPartOf":{"@id":"https:\/\/iraurgiberritzen.eus\/es\/#website"},"primaryImageOfPage":{"@id":"https:\/\/iraurgiberritzen.eus\/es\/las-empresas-de-urola-erdia-analizando-la-nueva-ley-del-teletrabajo-y-su-aplicacion-en-la-empresa\/#primaryimage"},"image":{"@id":"https:\/\/iraurgiberritzen.eus\/es\/las-empresas-de-urola-erdia-analizando-la-nueva-ley-del-teletrabajo-y-su-aplicacion-en-la-empresa\/#primaryimage"},"thumbnailUrl":"https:\/\/iraurgiberritzen.eus\/wp-content\/uploads\/2023\/09\/786f856dfc58fd9ed7b812d2cbc13c76.jpg","datePublished":"2020-10-26T09:16:06+00:00","breadcrumb":{"@id":"https:\/\/iraurgiberritzen.eus\/es\/las-empresas-de-urola-erdia-analizando-la-nueva-ley-del-teletrabajo-y-su-aplicacion-en-la-empresa\/#breadcrumb"},"inLanguage":"es","potentialAction":[{"@type":"ReadAction","target":["https:\/\/iraurgiberritzen.eus\/es\/las-empresas-de-urola-erdia-analizando-la-nueva-ley-del-teletrabajo-y-su-aplicacion-en-la-empresa\/"]}]},{"@type":"ImageObject","inLanguage":"es","@id":"https:\/\/iraurgiberritzen.eus\/es\/las-empresas-de-urola-erdia-analizando-la-nueva-ley-del-teletrabajo-y-su-aplicacion-en-la-empresa\/#primaryimage","url":"https:\/\/iraurgiberritzen.eus\/wp-content\/uploads\/2023\/09\/786f856dfc58fd9ed7b812d2cbc13c76.jpg","contentUrl":"https:\/\/iraurgiberritzen.eus\/wp-content\/uploads\/2023\/09\/786f856dfc58fd9ed7b812d2cbc13c76.jpg","width":600,"height":386},{"@type":"BreadcrumbList","@id":"https:\/\/iraurgiberritzen.eus\/es\/las-empresas-de-urola-erdia-analizando-la-nueva-ley-del-teletrabajo-y-su-aplicacion-en-la-empresa\/#breadcrumb","itemListElement":[{"@type":"ListItem","position":1,"name":"Home","item":"https:\/\/iraurgiberritzen.eus\/es\/"},{"@type":"ListItem","position":2,"name":"Las empresas de Urola Erdia analizando la nueva Ley del Teletrabajo y su aplicaci\u00f3n en la empresa"}]},{"@type":"WebSite","@id":"https:\/\/iraurgiberritzen.eus\/es\/#website","url":"https:\/\/iraurgiberritzen.eus\/es\/","name":"Iraurgi Berritzen","description":"Urola Erdiko Garapen Agentzia","publisher":{"@id":"https:\/\/iraurgiberritzen.eus\/es\/#organization"},"potentialAction":[{"@type":"SearchAction","target":{"@type":"EntryPoint","urlTemplate":"https:\/\/iraurgiberritzen.eus\/es\/?s={search_term_string}"},"query-input":{"@type":"PropertyValueSpecification","valueRequired":true,"valueName":"search_term_string"}}],"inLanguage":"es"},{"@type":"Organization","@id":"https:\/\/iraurgiberritzen.eus\/es\/#organization","name":"Iraurgi Berritzen","url":"https:\/\/iraurgiberritzen.eus\/es\/","logo":{"@type":"ImageObject","inLanguage":"es","@id":"https:\/\/iraurgiberritzen.eus\/es\/#\/schema\/logo\/image\/","url":"https:\/\/iraurgiberritzen.eus\/wp-content\/uploads\/2024\/02\/IRAURGI-BERRITZEN-logotipoa_2.png","contentUrl":"https:\/\/iraurgiberritzen.eus\/wp-content\/uploads\/2024\/02\/IRAURGI-BERRITZEN-logotipoa_2.png","width":496,"height":190,"caption":"Iraurgi Berritzen"},"image":{"@id":"https:\/\/iraurgiberritzen.eus\/es\/#\/schema\/logo\/image\/"}},{"@type":"Person","@id":"https:\/\/iraurgiberritzen.eus\/es\/#\/schema\/person\/5ab41aaf388a9097177601ebf45738d2","name":"kudeatzailea","sameAs":["https:\/\/iraurgiberritzen.eus"]}]}},"_links":{"self":[{"href":"https:\/\/iraurgiberritzen.eus\/es\/wp-json\/wp\/v2\/posts\/13016","targetHints":{"allow":["GET"]}}],"collection":[{"href":"https:\/\/iraurgiberritzen.eus\/es\/wp-json\/wp\/v2\/posts"}],"about":[{"href":"https:\/\/iraurgiberritzen.eus\/es\/wp-json\/wp\/v2\/types\/post"}],"author":[{"embeddable":true,"href":"https:\/\/iraurgiberritzen.eus\/es\/wp-json\/wp\/v2\/users\/1"}],"replies":[{"embeddable":true,"href":"https:\/\/iraurgiberritzen.eus\/es\/wp-json\/wp\/v2\/comments?post=13016"}],"version-history":[{"count":0,"href":"https:\/\/iraurgiberritzen.eus\/es\/wp-json\/wp\/v2\/posts\/13016\/revisions"}],"wp:featuredmedia":[{"embeddable":true,"href":"https:\/\/iraurgiberritzen.eus\/es\/wp-json\/wp\/v2\/media\/17692"}],"wp:attachment":[{"href":"https:\/\/iraurgiberritzen.eus\/es\/wp-json\/wp\/v2\/media?parent=13016"}],"wp:term":[{"taxonomy":"category","embeddable":true,"href":"https:\/\/iraurgiberritzen.eus\/es\/wp-json\/wp\/v2\/categories?post=13016"},{"taxonomy":"post_tag","embeddable":true,"href":"https:\/\/iraurgiberritzen.eus\/es\/wp-json\/wp\/v2\/tags?post=13016"}],"curies":[{"name":"wp","href":"https:\/\/api.w.org\/{rel}","templated":true}]}}