{"id":13019,"date":"2020-10-29T14:11:12","date_gmt":"2020-10-29T12:11:12","guid":{"rendered":"https:\/\/iraurgiberritzen.eus\/nuevos-cursos-en-marcha-junto-con-el-proceso-de-acreditacion-de-experiencia-y-formacion\/"},"modified":"2020-10-29T14:11:12","modified_gmt":"2020-10-29T12:11:12","slug":"nuevos-cursos-en-marcha-junto-con-el-proceso-de-acreditacion-de-experiencia-y-formacion","status":"publish","type":"post","link":"https:\/\/iraurgiberritzen.eus\/es\/nuevos-cursos-en-marcha-junto-con-el-proceso-de-acreditacion-de-experiencia-y-formacion\/","title":{"rendered":"Nuevos cursos en marcha junto con el proceso de acreditaci\u00f3n de experiencia y formaci\u00f3n"},"content":{"rendered":"<p><strong>El centro de Formaci\u00f3n Profesional Izarraitz, en colaboraci\u00f3n con el \u00c1rea de Empleo del Iraurgi Berritzen, ha puesto en marcha dos certificados profesionales de soldadura durante el mes de octubre.<\/strong><\/p>\n<p style=\"text-align: justify;\">Uno de ellos se llevar\u00e1 a cabo con el compromiso de contrataci\u00f3n de una empresa de la comarca, y participar\u00e1n 10 desempleados. La otra, dirigida al colectivo en riesgo de exclusi\u00f3n (proyecto Elkarrekin de la Diputaci\u00f3n Foral), contar\u00e1 con 14 personas.<\/p>\n<p style=\"text-align: justify;\">Por otra parte, en octubre ha finalizado el plazo para inscribirse en la c<strong>onvocatoria para acreditar las competencias adquiridas a trav\u00e9s de la experiencia laboral o de formaciones no regladas<\/strong>, en la que 33 participantes realizar\u00e1n el itinerario, <strong>en el sector de de los servicios sociosanitarios<\/strong>, de la mano de Izarraitz Lanbide Heziketa<\/p>\n","protected":false},"excerpt":{"rendered":"<p>El centro de Formaci\u00f3n Profesional Izarraitz, en colaboraci\u00f3n con el \u00c1rea de Empleo del Iraurgi Berritzen, ha puesto en marcha dos certificados profesionales de soldadura durante el mes de octubre. Uno de ellos se llevar\u00e1 a cabo con el compromiso de contrataci\u00f3n de una empresa de la comarca, y participar\u00e1n 10 desempleados. La otra, dirigida [&hellip;]<\/p>\n","protected":false},"author":1,"featured_media":17693,"comment_status":"","ping_status":"closed","sticky":false,"template":"","format":"standard","meta":{"_acf_changed":false,"footnotes":""},"categories":[4],"tags":[],"class_list":["post-13019","post","type-post","status-publish","format-standard","has-post-thumbnail","hentry","category-noticias"],"acf":[],"yoast_head":"<!-- This site is optimized with the Yoast SEO plugin v27.4 - https:\/\/yoast.com\/product\/yoast-seo-wordpress\/ -->\n<title>Nuevos cursos en marcha junto con el proceso de acreditaci\u00f3n de experiencia y formaci\u00f3n - Iraurgi Berritzen<\/title>\n<meta name=\"robots\" content=\"index, follow, max-snippet:-1, max-image-preview:large, max-video-preview:-1\" \/>\n<link rel=\"canonical\" href=\"https:\/\/iraurgiberritzen.eus\/es\/nuevos-cursos-en-marcha-junto-con-el-proceso-de-acreditacion-de-experiencia-y-formacion\/\" \/>\n<meta property=\"og:locale\" content=\"es_ES\" \/>\n<meta property=\"og:type\" content=\"article\" \/>\n<meta property=\"og:title\" content=\"Nuevos cursos en marcha junto con el proceso de acreditaci\u00f3n de experiencia y formaci\u00f3n - Iraurgi Berritzen\" \/>\n<meta property=\"og:description\" content=\"El centro de Formaci\u00f3n Profesional Izarraitz, en colaboraci\u00f3n con el \u00c1rea de Empleo del Iraurgi Berritzen, ha puesto en marcha dos certificados profesionales de soldadura durante el mes de octubre. Uno de ellos se llevar\u00e1 a cabo con el compromiso de contrataci\u00f3n de una empresa de la comarca, y participar\u00e1n 10 desempleados. La otra, dirigida [&hellip;]\" \/>\n<meta property=\"og:url\" content=\"https:\/\/iraurgiberritzen.eus\/es\/nuevos-cursos-en-marcha-junto-con-el-proceso-de-acreditacion-de-experiencia-y-formacion\/\" \/>\n<meta property=\"og:site_name\" content=\"Iraurgi Berritzen\" \/>\n<meta property=\"article:published_time\" content=\"2020-10-29T12:11:12+00:00\" \/>\n<meta name=\"author\" content=\"kudeatzailea\" \/>\n<meta name=\"twitter:card\" content=\"summary_large_image\" \/>\n<meta name=\"twitter:label1\" content=\"Escrito por\" \/>\n\t<meta name=\"twitter:data1\" content=\"kudeatzailea\" \/>\n\t<meta name=\"twitter:label2\" content=\"Tiempo de lectura\" \/>\n\t<meta name=\"twitter:data2\" content=\"1 minuto\" \/>\n<script type=\"application\/ld+json\" class=\"yoast-schema-graph\">{\"@context\":\"https:\\\/\\\/schema.org\",\"@graph\":[{\"@type\":\"Article\",\"@id\":\"https:\\\/\\\/iraurgiberritzen.eus\\\/es\\\/nuevos-cursos-en-marcha-junto-con-el-proceso-de-acreditacion-de-experiencia-y-formacion\\\/#article\",\"isPartOf\":{\"@id\":\"https:\\\/\\\/iraurgiberritzen.eus\\\/es\\\/nuevos-cursos-en-marcha-junto-con-el-proceso-de-acreditacion-de-experiencia-y-formacion\\\/\"},\"author\":{\"name\":\"kudeatzailea\",\"@id\":\"https:\\\/\\\/iraurgiberritzen.eus\\\/es\\\/#\\\/schema\\\/person\\\/5ab41aaf388a9097177601ebf45738d2\"},\"headline\":\"Nuevos cursos en marcha junto con el proceso de acreditaci\u00f3n de experiencia y formaci\u00f3n\",\"datePublished\":\"2020-10-29T12:11:12+00:00\",\"mainEntityOfPage\":{\"@id\":\"https:\\\/\\\/iraurgiberritzen.eus\\\/es\\\/nuevos-cursos-en-marcha-junto-con-el-proceso-de-acreditacion-de-experiencia-y-formacion\\\/\"},\"wordCount\":145,\"publisher\":{\"@id\":\"https:\\\/\\\/iraurgiberritzen.eus\\\/es\\\/#organization\"},\"image\":{\"@id\":\"https:\\\/\\\/iraurgiberritzen.eus\\\/es\\\/nuevos-cursos-en-marcha-junto-con-el-proceso-de-acreditacion-de-experiencia-y-formacion\\\/#primaryimage\"},\"thumbnailUrl\":\"https:\\\/\\\/iraurgiberritzen.eus\\\/wp-content\\\/uploads\\\/2023\\\/09\\\/019c164a7249eb033dc2a912280a3ff0.jpg\",\"articleSection\":[\"Noticias\"],\"inLanguage\":\"es\"},{\"@type\":\"WebPage\",\"@id\":\"https:\\\/\\\/iraurgiberritzen.eus\\\/es\\\/nuevos-cursos-en-marcha-junto-con-el-proceso-de-acreditacion-de-experiencia-y-formacion\\\/\",\"url\":\"https:\\\/\\\/iraurgiberritzen.eus\\\/es\\\/nuevos-cursos-en-marcha-junto-con-el-proceso-de-acreditacion-de-experiencia-y-formacion\\\/\",\"name\":\"Nuevos cursos en marcha junto con el proceso de acreditaci\u00f3n de experiencia y formaci\u00f3n - Iraurgi Berritzen\",\"isPartOf\":{\"@id\":\"https:\\\/\\\/iraurgiberritzen.eus\\\/es\\\/#website\"},\"primaryImageOfPage\":{\"@id\":\"https:\\\/\\\/iraurgiberritzen.eus\\\/es\\\/nuevos-cursos-en-marcha-junto-con-el-proceso-de-acreditacion-de-experiencia-y-formacion\\\/#primaryimage\"},\"image\":{\"@id\":\"https:\\\/\\\/iraurgiberritzen.eus\\\/es\\\/nuevos-cursos-en-marcha-junto-con-el-proceso-de-acreditacion-de-experiencia-y-formacion\\\/#primaryimage\"},\"thumbnailUrl\":\"https:\\\/\\\/iraurgiberritzen.eus\\\/wp-content\\\/uploads\\\/2023\\\/09\\\/019c164a7249eb033dc2a912280a3ff0.jpg\",\"datePublished\":\"2020-10-29T12:11:12+00:00\",\"breadcrumb\":{\"@id\":\"https:\\\/\\\/iraurgiberritzen.eus\\\/es\\\/nuevos-cursos-en-marcha-junto-con-el-proceso-de-acreditacion-de-experiencia-y-formacion\\\/#breadcrumb\"},\"inLanguage\":\"es\",\"potentialAction\":[{\"@type\":\"ReadAction\",\"target\":[\"https:\\\/\\\/iraurgiberritzen.eus\\\/es\\\/nuevos-cursos-en-marcha-junto-con-el-proceso-de-acreditacion-de-experiencia-y-formacion\\\/\"]}]},{\"@type\":\"ImageObject\",\"inLanguage\":\"es\",\"@id\":\"https:\\\/\\\/iraurgiberritzen.eus\\\/es\\\/nuevos-cursos-en-marcha-junto-con-el-proceso-de-acreditacion-de-experiencia-y-formacion\\\/#primaryimage\",\"url\":\"https:\\\/\\\/iraurgiberritzen.eus\\\/wp-content\\\/uploads\\\/2023\\\/09\\\/019c164a7249eb033dc2a912280a3ff0.jpg\",\"contentUrl\":\"https:\\\/\\\/iraurgiberritzen.eus\\\/wp-content\\\/uploads\\\/2023\\\/09\\\/019c164a7249eb033dc2a912280a3ff0.jpg\",\"width\":600,\"height\":386},{\"@type\":\"BreadcrumbList\",\"@id\":\"https:\\\/\\\/iraurgiberritzen.eus\\\/es\\\/nuevos-cursos-en-marcha-junto-con-el-proceso-de-acreditacion-de-experiencia-y-formacion\\\/#breadcrumb\",\"itemListElement\":[{\"@type\":\"ListItem\",\"position\":1,\"name\":\"Home\",\"item\":\"https:\\\/\\\/iraurgiberritzen.eus\\\/es\\\/\"},{\"@type\":\"ListItem\",\"position\":2,\"name\":\"Nuevos cursos en marcha junto con el proceso de acreditaci\u00f3n de experiencia y formaci\u00f3n\"}]},{\"@type\":\"WebSite\",\"@id\":\"https:\\\/\\\/iraurgiberritzen.eus\\\/es\\\/#website\",\"url\":\"https:\\\/\\\/iraurgiberritzen.eus\\\/es\\\/\",\"name\":\"Iraurgi Berritzen\",\"description\":\"Urola Erdiko Garapen Agentzia\",\"publisher\":{\"@id\":\"https:\\\/\\\/iraurgiberritzen.eus\\\/es\\\/#organization\"},\"potentialAction\":[{\"@type\":\"SearchAction\",\"target\":{\"@type\":\"EntryPoint\",\"urlTemplate\":\"https:\\\/\\\/iraurgiberritzen.eus\\\/es\\\/?s={search_term_string}\"},\"query-input\":{\"@type\":\"PropertyValueSpecification\",\"valueRequired\":true,\"valueName\":\"search_term_string\"}}],\"inLanguage\":\"es\"},{\"@type\":\"Organization\",\"@id\":\"https:\\\/\\\/iraurgiberritzen.eus\\\/es\\\/#organization\",\"name\":\"Iraurgi Berritzen\",\"url\":\"https:\\\/\\\/iraurgiberritzen.eus\\\/es\\\/\",\"logo\":{\"@type\":\"ImageObject\",\"inLanguage\":\"es\",\"@id\":\"https:\\\/\\\/iraurgiberritzen.eus\\\/es\\\/#\\\/schema\\\/logo\\\/image\\\/\",\"url\":\"https:\\\/\\\/iraurgiberritzen.eus\\\/wp-content\\\/uploads\\\/2024\\\/02\\\/IRAURGI-BERRITZEN-logotipoa_2.png\",\"contentUrl\":\"https:\\\/\\\/iraurgiberritzen.eus\\\/wp-content\\\/uploads\\\/2024\\\/02\\\/IRAURGI-BERRITZEN-logotipoa_2.png\",\"width\":496,\"height\":190,\"caption\":\"Iraurgi Berritzen\"},\"image\":{\"@id\":\"https:\\\/\\\/iraurgiberritzen.eus\\\/es\\\/#\\\/schema\\\/logo\\\/image\\\/\"}},{\"@type\":\"Person\",\"@id\":\"https:\\\/\\\/iraurgiberritzen.eus\\\/es\\\/#\\\/schema\\\/person\\\/5ab41aaf388a9097177601ebf45738d2\",\"name\":\"kudeatzailea\",\"sameAs\":[\"https:\\\/\\\/iraurgiberritzen.eus\"]}]}<\/script>\n<!-- \/ Yoast SEO plugin. -->","yoast_head_json":{"title":"Nuevos cursos en marcha junto con el proceso de acreditaci\u00f3n de experiencia y formaci\u00f3n - Iraurgi Berritzen","robots":{"index":"index","follow":"follow","max-snippet":"max-snippet:-1","max-image-preview":"max-image-preview:large","max-video-preview":"max-video-preview:-1"},"canonical":"https:\/\/iraurgiberritzen.eus\/es\/nuevos-cursos-en-marcha-junto-con-el-proceso-de-acreditacion-de-experiencia-y-formacion\/","og_locale":"es_ES","og_type":"article","og_title":"Nuevos cursos en marcha junto con el proceso de acreditaci\u00f3n de experiencia y formaci\u00f3n - Iraurgi Berritzen","og_description":"El centro de Formaci\u00f3n Profesional Izarraitz, en colaboraci\u00f3n con el \u00c1rea de Empleo del Iraurgi Berritzen, ha puesto en marcha dos certificados profesionales de soldadura durante el mes de octubre. Uno de ellos se llevar\u00e1 a cabo con el compromiso de contrataci\u00f3n de una empresa de la comarca, y participar\u00e1n 10 desempleados. La otra, dirigida [&hellip;]","og_url":"https:\/\/iraurgiberritzen.eus\/es\/nuevos-cursos-en-marcha-junto-con-el-proceso-de-acreditacion-de-experiencia-y-formacion\/","og_site_name":"Iraurgi Berritzen","article_published_time":"2020-10-29T12:11:12+00:00","author":"kudeatzailea","twitter_card":"summary_large_image","twitter_misc":{"Escrito por":"kudeatzailea","Tiempo de lectura":"1 minuto"},"schema":{"@context":"https:\/\/schema.org","@graph":[{"@type":"Article","@id":"https:\/\/iraurgiberritzen.eus\/es\/nuevos-cursos-en-marcha-junto-con-el-proceso-de-acreditacion-de-experiencia-y-formacion\/#article","isPartOf":{"@id":"https:\/\/iraurgiberritzen.eus\/es\/nuevos-cursos-en-marcha-junto-con-el-proceso-de-acreditacion-de-experiencia-y-formacion\/"},"author":{"name":"kudeatzailea","@id":"https:\/\/iraurgiberritzen.eus\/es\/#\/schema\/person\/5ab41aaf388a9097177601ebf45738d2"},"headline":"Nuevos cursos en marcha junto con el proceso de acreditaci\u00f3n de experiencia y formaci\u00f3n","datePublished":"2020-10-29T12:11:12+00:00","mainEntityOfPage":{"@id":"https:\/\/iraurgiberritzen.eus\/es\/nuevos-cursos-en-marcha-junto-con-el-proceso-de-acreditacion-de-experiencia-y-formacion\/"},"wordCount":145,"publisher":{"@id":"https:\/\/iraurgiberritzen.eus\/es\/#organization"},"image":{"@id":"https:\/\/iraurgiberritzen.eus\/es\/nuevos-cursos-en-marcha-junto-con-el-proceso-de-acreditacion-de-experiencia-y-formacion\/#primaryimage"},"thumbnailUrl":"https:\/\/iraurgiberritzen.eus\/wp-content\/uploads\/2023\/09\/019c164a7249eb033dc2a912280a3ff0.jpg","articleSection":["Noticias"],"inLanguage":"es"},{"@type":"WebPage","@id":"https:\/\/iraurgiberritzen.eus\/es\/nuevos-cursos-en-marcha-junto-con-el-proceso-de-acreditacion-de-experiencia-y-formacion\/","url":"https:\/\/iraurgiberritzen.eus\/es\/nuevos-cursos-en-marcha-junto-con-el-proceso-de-acreditacion-de-experiencia-y-formacion\/","name":"Nuevos cursos en marcha junto con el proceso de acreditaci\u00f3n de experiencia y formaci\u00f3n - Iraurgi Berritzen","isPartOf":{"@id":"https:\/\/iraurgiberritzen.eus\/es\/#website"},"primaryImageOfPage":{"@id":"https:\/\/iraurgiberritzen.eus\/es\/nuevos-cursos-en-marcha-junto-con-el-proceso-de-acreditacion-de-experiencia-y-formacion\/#primaryimage"},"image":{"@id":"https:\/\/iraurgiberritzen.eus\/es\/nuevos-cursos-en-marcha-junto-con-el-proceso-de-acreditacion-de-experiencia-y-formacion\/#primaryimage"},"thumbnailUrl":"https:\/\/iraurgiberritzen.eus\/wp-content\/uploads\/2023\/09\/019c164a7249eb033dc2a912280a3ff0.jpg","datePublished":"2020-10-29T12:11:12+00:00","breadcrumb":{"@id":"https:\/\/iraurgiberritzen.eus\/es\/nuevos-cursos-en-marcha-junto-con-el-proceso-de-acreditacion-de-experiencia-y-formacion\/#breadcrumb"},"inLanguage":"es","potentialAction":[{"@type":"ReadAction","target":["https:\/\/iraurgiberritzen.eus\/es\/nuevos-cursos-en-marcha-junto-con-el-proceso-de-acreditacion-de-experiencia-y-formacion\/"]}]},{"@type":"ImageObject","inLanguage":"es","@id":"https:\/\/iraurgiberritzen.eus\/es\/nuevos-cursos-en-marcha-junto-con-el-proceso-de-acreditacion-de-experiencia-y-formacion\/#primaryimage","url":"https:\/\/iraurgiberritzen.eus\/wp-content\/uploads\/2023\/09\/019c164a7249eb033dc2a912280a3ff0.jpg","contentUrl":"https:\/\/iraurgiberritzen.eus\/wp-content\/uploads\/2023\/09\/019c164a7249eb033dc2a912280a3ff0.jpg","width":600,"height":386},{"@type":"BreadcrumbList","@id":"https:\/\/iraurgiberritzen.eus\/es\/nuevos-cursos-en-marcha-junto-con-el-proceso-de-acreditacion-de-experiencia-y-formacion\/#breadcrumb","itemListElement":[{"@type":"ListItem","position":1,"name":"Home","item":"https:\/\/iraurgiberritzen.eus\/es\/"},{"@type":"ListItem","position":2,"name":"Nuevos cursos en marcha junto con el proceso de acreditaci\u00f3n de experiencia y formaci\u00f3n"}]},{"@type":"WebSite","@id":"https:\/\/iraurgiberritzen.eus\/es\/#website","url":"https:\/\/iraurgiberritzen.eus\/es\/","name":"Iraurgi Berritzen","description":"Urola Erdiko Garapen Agentzia","publisher":{"@id":"https:\/\/iraurgiberritzen.eus\/es\/#organization"},"potentialAction":[{"@type":"SearchAction","target":{"@type":"EntryPoint","urlTemplate":"https:\/\/iraurgiberritzen.eus\/es\/?s={search_term_string}"},"query-input":{"@type":"PropertyValueSpecification","valueRequired":true,"valueName":"search_term_string"}}],"inLanguage":"es"},{"@type":"Organization","@id":"https:\/\/iraurgiberritzen.eus\/es\/#organization","name":"Iraurgi Berritzen","url":"https:\/\/iraurgiberritzen.eus\/es\/","logo":{"@type":"ImageObject","inLanguage":"es","@id":"https:\/\/iraurgiberritzen.eus\/es\/#\/schema\/logo\/image\/","url":"https:\/\/iraurgiberritzen.eus\/wp-content\/uploads\/2024\/02\/IRAURGI-BERRITZEN-logotipoa_2.png","contentUrl":"https:\/\/iraurgiberritzen.eus\/wp-content\/uploads\/2024\/02\/IRAURGI-BERRITZEN-logotipoa_2.png","width":496,"height":190,"caption":"Iraurgi Berritzen"},"image":{"@id":"https:\/\/iraurgiberritzen.eus\/es\/#\/schema\/logo\/image\/"}},{"@type":"Person","@id":"https:\/\/iraurgiberritzen.eus\/es\/#\/schema\/person\/5ab41aaf388a9097177601ebf45738d2","name":"kudeatzailea","sameAs":["https:\/\/iraurgiberritzen.eus"]}]}},"_links":{"self":[{"href":"https:\/\/iraurgiberritzen.eus\/es\/wp-json\/wp\/v2\/posts\/13019","targetHints":{"allow":["GET"]}}],"collection":[{"href":"https:\/\/iraurgiberritzen.eus\/es\/wp-json\/wp\/v2\/posts"}],"about":[{"href":"https:\/\/iraurgiberritzen.eus\/es\/wp-json\/wp\/v2\/types\/post"}],"author":[{"embeddable":true,"href":"https:\/\/iraurgiberritzen.eus\/es\/wp-json\/wp\/v2\/users\/1"}],"replies":[{"embeddable":true,"href":"https:\/\/iraurgiberritzen.eus\/es\/wp-json\/wp\/v2\/comments?post=13019"}],"version-history":[{"count":0,"href":"https:\/\/iraurgiberritzen.eus\/es\/wp-json\/wp\/v2\/posts\/13019\/revisions"}],"wp:featuredmedia":[{"embeddable":true,"href":"https:\/\/iraurgiberritzen.eus\/es\/wp-json\/wp\/v2\/media\/17693"}],"wp:attachment":[{"href":"https:\/\/iraurgiberritzen.eus\/es\/wp-json\/wp\/v2\/media?parent=13019"}],"wp:term":[{"taxonomy":"category","embeddable":true,"href":"https:\/\/iraurgiberritzen.eus\/es\/wp-json\/wp\/v2\/categories?post=13019"},{"taxonomy":"post_tag","embeddable":true,"href":"https:\/\/iraurgiberritzen.eus\/es\/wp-json\/wp\/v2\/tags?post=13019"}],"curies":[{"name":"wp","href":"https:\/\/api.w.org\/{rel}","templated":true}]}}