{"id":13022,"date":"2020-10-29T15:17:14","date_gmt":"2020-10-29T13:17:14","guid":{"rendered":"https:\/\/iraurgiberritzen.eus\/los-5-centros-educativos-de-la-comarca-siguen-trabajando-conjuntamente-en-al-marco-ib-hezkuntza\/"},"modified":"2020-10-29T15:17:14","modified_gmt":"2020-10-29T13:17:14","slug":"los-5-centros-educativos-de-la-comarca-siguen-trabajando-conjuntamente-en-al-marco-ib-hezkuntza","status":"publish","type":"post","link":"https:\/\/iraurgiberritzen.eus\/es\/los-5-centros-educativos-de-la-comarca-siguen-trabajando-conjuntamente-en-al-marco-ib-hezkuntza\/","title":{"rendered":"Los 5 centros educativos de la comarca siguen trabajando conjuntamente en al marco IB Hezkuntza\u201d"},"content":{"rendered":"<p style=\"text-align: justify;\">El 27 de octubre se ha reunido el grupo de trabajo de los directores de los 5 centros de la comarca en el marco de trabajo de Iraurgi Berritzen.<\/p>\n<p style=\"text-align: justify;\">Cada a\u00f1o, el objetivo de esta primera reuni\u00f3n suele ser la de valorar los resultados de los proyectos desarrollados en el curso anterior y buscar consensos dentro de la planificaci\u00f3n para el nuevo.<\/p>\n<p style=\"text-align: justify;\">La situaci\u00f3n actual hace que el enfoque de la primera reuni\u00f3n de trabajo de este curso se haya tenido que modificar. Hemos tratado de orientar la reuni\u00f3n a compartir experiencias sobre lo que se est\u00e1 viviendo en cada centro, as\u00ed como a consensuar las l\u00edneas prioritarias a trabajar en el curso presente.<\/p>\n<p style=\"text-align: justify;\">Entre las l\u00edneas de trabajo acordadas conjuntamente:<\/p>\n<ul style=\"text-align: justify;\">\n<li style=\"text-align: justify;\">Sesiones de sensibilizaci\u00f3n colectivas en base a necesidades concretas identificadas.<\/li>\n<li style=\"text-align: justify;\">Reorganizaci\u00f3n en el dise\u00f1o de los proyectos ELKARREKIN ERAIKITZEN, ZTIM UROLA ERDIAN, GEROLAN y IZAN EKINTZAILE al marco actual con los grupos de trabajo correspondientes.<\/li>\n<\/ul>\n<p style=\"text-align: justify;\">Debido al estado de alarma, se prev\u00e9 un a\u00f1o de transici\u00f3n en el \u00e1mbito de la educaci\u00f3n. De todas formas el equipo mantendr\u00e1 las l\u00edneas de trabajo que tiene entre manos y seguir\u00e1 esforz\u00e1ndose por aportar valor con la mejor voluntad posible.<\/p>\n","protected":false},"excerpt":{"rendered":"<p>El 27 de octubre se ha reunido el grupo de trabajo de los directores de los 5 centros de la comarca en el marco de trabajo de Iraurgi Berritzen. Cada a\u00f1o, el objetivo de esta primera reuni\u00f3n suele ser la de valorar los resultados de los proyectos desarrollados en el curso anterior y buscar consensos [&hellip;]<\/p>\n","protected":false},"author":1,"featured_media":17675,"comment_status":"","ping_status":"closed","sticky":false,"template":"","format":"standard","meta":{"_acf_changed":false,"footnotes":""},"categories":[4],"tags":[],"class_list":["post-13022","post","type-post","status-publish","format-standard","has-post-thumbnail","hentry","category-noticias"],"acf":[],"yoast_head":"<!-- This site is optimized with the Yoast SEO plugin v27.4 - https:\/\/yoast.com\/product\/yoast-seo-wordpress\/ -->\n<title>Los 5 centros educativos de la comarca siguen trabajando conjuntamente en al marco IB Hezkuntza\u201d - Iraurgi Berritzen<\/title>\n<meta name=\"robots\" content=\"index, follow, max-snippet:-1, max-image-preview:large, max-video-preview:-1\" \/>\n<link rel=\"canonical\" href=\"https:\/\/iraurgiberritzen.eus\/es\/los-5-centros-educativos-de-la-comarca-siguen-trabajando-conjuntamente-en-al-marco-ib-hezkuntza\/\" \/>\n<meta property=\"og:locale\" content=\"es_ES\" \/>\n<meta property=\"og:type\" content=\"article\" \/>\n<meta property=\"og:title\" content=\"Los 5 centros educativos de la comarca siguen trabajando conjuntamente en al marco IB Hezkuntza\u201d - Iraurgi Berritzen\" \/>\n<meta property=\"og:description\" content=\"El 27 de octubre se ha reunido el grupo de trabajo de los directores de los 5 centros de la comarca en el marco de trabajo de Iraurgi Berritzen. Cada a\u00f1o, el objetivo de esta primera reuni\u00f3n suele ser la de valorar los resultados de los proyectos desarrollados en el curso anterior y buscar consensos [&hellip;]\" \/>\n<meta property=\"og:url\" content=\"https:\/\/iraurgiberritzen.eus\/es\/los-5-centros-educativos-de-la-comarca-siguen-trabajando-conjuntamente-en-al-marco-ib-hezkuntza\/\" \/>\n<meta property=\"og:site_name\" content=\"Iraurgi Berritzen\" \/>\n<meta property=\"article:published_time\" content=\"2020-10-29T13:17:14+00:00\" \/>\n<meta name=\"author\" content=\"kudeatzailea\" \/>\n<meta name=\"twitter:card\" content=\"summary_large_image\" \/>\n<meta name=\"twitter:label1\" content=\"Escrito por\" \/>\n\t<meta name=\"twitter:data1\" content=\"kudeatzailea\" \/>\n\t<meta name=\"twitter:label2\" content=\"Tiempo de lectura\" \/>\n\t<meta name=\"twitter:data2\" content=\"1 minuto\" \/>\n<script type=\"application\/ld+json\" class=\"yoast-schema-graph\">{\"@context\":\"https:\\\/\\\/schema.org\",\"@graph\":[{\"@type\":\"Article\",\"@id\":\"https:\\\/\\\/iraurgiberritzen.eus\\\/es\\\/los-5-centros-educativos-de-la-comarca-siguen-trabajando-conjuntamente-en-al-marco-ib-hezkuntza\\\/#article\",\"isPartOf\":{\"@id\":\"https:\\\/\\\/iraurgiberritzen.eus\\\/es\\\/los-5-centros-educativos-de-la-comarca-siguen-trabajando-conjuntamente-en-al-marco-ib-hezkuntza\\\/\"},\"author\":{\"name\":\"kudeatzailea\",\"@id\":\"https:\\\/\\\/iraurgiberritzen.eus\\\/es\\\/#\\\/schema\\\/person\\\/5ab41aaf388a9097177601ebf45738d2\"},\"headline\":\"Los 5 centros educativos de la comarca siguen trabajando conjuntamente en al marco IB Hezkuntza\u201d\",\"datePublished\":\"2020-10-29T13:17:14+00:00\",\"mainEntityOfPage\":{\"@id\":\"https:\\\/\\\/iraurgiberritzen.eus\\\/es\\\/los-5-centros-educativos-de-la-comarca-siguen-trabajando-conjuntamente-en-al-marco-ib-hezkuntza\\\/\"},\"wordCount\":226,\"publisher\":{\"@id\":\"https:\\\/\\\/iraurgiberritzen.eus\\\/es\\\/#organization\"},\"image\":{\"@id\":\"https:\\\/\\\/iraurgiberritzen.eus\\\/es\\\/los-5-centros-educativos-de-la-comarca-siguen-trabajando-conjuntamente-en-al-marco-ib-hezkuntza\\\/#primaryimage\"},\"thumbnailUrl\":\"https:\\\/\\\/iraurgiberritzen.eus\\\/wp-content\\\/uploads\\\/2023\\\/09\\\/fd276238890ff4fd4fd30b85b5b67400.jpg\",\"articleSection\":[\"Noticias\"],\"inLanguage\":\"es\"},{\"@type\":\"WebPage\",\"@id\":\"https:\\\/\\\/iraurgiberritzen.eus\\\/es\\\/los-5-centros-educativos-de-la-comarca-siguen-trabajando-conjuntamente-en-al-marco-ib-hezkuntza\\\/\",\"url\":\"https:\\\/\\\/iraurgiberritzen.eus\\\/es\\\/los-5-centros-educativos-de-la-comarca-siguen-trabajando-conjuntamente-en-al-marco-ib-hezkuntza\\\/\",\"name\":\"Los 5 centros educativos de la comarca siguen trabajando conjuntamente en al marco IB Hezkuntza\u201d - Iraurgi Berritzen\",\"isPartOf\":{\"@id\":\"https:\\\/\\\/iraurgiberritzen.eus\\\/es\\\/#website\"},\"primaryImageOfPage\":{\"@id\":\"https:\\\/\\\/iraurgiberritzen.eus\\\/es\\\/los-5-centros-educativos-de-la-comarca-siguen-trabajando-conjuntamente-en-al-marco-ib-hezkuntza\\\/#primaryimage\"},\"image\":{\"@id\":\"https:\\\/\\\/iraurgiberritzen.eus\\\/es\\\/los-5-centros-educativos-de-la-comarca-siguen-trabajando-conjuntamente-en-al-marco-ib-hezkuntza\\\/#primaryimage\"},\"thumbnailUrl\":\"https:\\\/\\\/iraurgiberritzen.eus\\\/wp-content\\\/uploads\\\/2023\\\/09\\\/fd276238890ff4fd4fd30b85b5b67400.jpg\",\"datePublished\":\"2020-10-29T13:17:14+00:00\",\"breadcrumb\":{\"@id\":\"https:\\\/\\\/iraurgiberritzen.eus\\\/es\\\/los-5-centros-educativos-de-la-comarca-siguen-trabajando-conjuntamente-en-al-marco-ib-hezkuntza\\\/#breadcrumb\"},\"inLanguage\":\"es\",\"potentialAction\":[{\"@type\":\"ReadAction\",\"target\":[\"https:\\\/\\\/iraurgiberritzen.eus\\\/es\\\/los-5-centros-educativos-de-la-comarca-siguen-trabajando-conjuntamente-en-al-marco-ib-hezkuntza\\\/\"]}]},{\"@type\":\"ImageObject\",\"inLanguage\":\"es\",\"@id\":\"https:\\\/\\\/iraurgiberritzen.eus\\\/es\\\/los-5-centros-educativos-de-la-comarca-siguen-trabajando-conjuntamente-en-al-marco-ib-hezkuntza\\\/#primaryimage\",\"url\":\"https:\\\/\\\/iraurgiberritzen.eus\\\/wp-content\\\/uploads\\\/2023\\\/09\\\/fd276238890ff4fd4fd30b85b5b67400.jpg\",\"contentUrl\":\"https:\\\/\\\/iraurgiberritzen.eus\\\/wp-content\\\/uploads\\\/2023\\\/09\\\/fd276238890ff4fd4fd30b85b5b67400.jpg\",\"width\":600,\"height\":386},{\"@type\":\"BreadcrumbList\",\"@id\":\"https:\\\/\\\/iraurgiberritzen.eus\\\/es\\\/los-5-centros-educativos-de-la-comarca-siguen-trabajando-conjuntamente-en-al-marco-ib-hezkuntza\\\/#breadcrumb\",\"itemListElement\":[{\"@type\":\"ListItem\",\"position\":1,\"name\":\"Home\",\"item\":\"https:\\\/\\\/iraurgiberritzen.eus\\\/es\\\/\"},{\"@type\":\"ListItem\",\"position\":2,\"name\":\"Los 5 centros educativos de la comarca siguen trabajando conjuntamente en al marco IB Hezkuntza\u201d\"}]},{\"@type\":\"WebSite\",\"@id\":\"https:\\\/\\\/iraurgiberritzen.eus\\\/es\\\/#website\",\"url\":\"https:\\\/\\\/iraurgiberritzen.eus\\\/es\\\/\",\"name\":\"Iraurgi Berritzen\",\"description\":\"Urola Erdiko Garapen Agentzia\",\"publisher\":{\"@id\":\"https:\\\/\\\/iraurgiberritzen.eus\\\/es\\\/#organization\"},\"potentialAction\":[{\"@type\":\"SearchAction\",\"target\":{\"@type\":\"EntryPoint\",\"urlTemplate\":\"https:\\\/\\\/iraurgiberritzen.eus\\\/es\\\/?s={search_term_string}\"},\"query-input\":{\"@type\":\"PropertyValueSpecification\",\"valueRequired\":true,\"valueName\":\"search_term_string\"}}],\"inLanguage\":\"es\"},{\"@type\":\"Organization\",\"@id\":\"https:\\\/\\\/iraurgiberritzen.eus\\\/es\\\/#organization\",\"name\":\"Iraurgi Berritzen\",\"url\":\"https:\\\/\\\/iraurgiberritzen.eus\\\/es\\\/\",\"logo\":{\"@type\":\"ImageObject\",\"inLanguage\":\"es\",\"@id\":\"https:\\\/\\\/iraurgiberritzen.eus\\\/es\\\/#\\\/schema\\\/logo\\\/image\\\/\",\"url\":\"https:\\\/\\\/iraurgiberritzen.eus\\\/wp-content\\\/uploads\\\/2024\\\/02\\\/IRAURGI-BERRITZEN-logotipoa_2.png\",\"contentUrl\":\"https:\\\/\\\/iraurgiberritzen.eus\\\/wp-content\\\/uploads\\\/2024\\\/02\\\/IRAURGI-BERRITZEN-logotipoa_2.png\",\"width\":496,\"height\":190,\"caption\":\"Iraurgi Berritzen\"},\"image\":{\"@id\":\"https:\\\/\\\/iraurgiberritzen.eus\\\/es\\\/#\\\/schema\\\/logo\\\/image\\\/\"}},{\"@type\":\"Person\",\"@id\":\"https:\\\/\\\/iraurgiberritzen.eus\\\/es\\\/#\\\/schema\\\/person\\\/5ab41aaf388a9097177601ebf45738d2\",\"name\":\"kudeatzailea\",\"sameAs\":[\"https:\\\/\\\/iraurgiberritzen.eus\"]}]}<\/script>\n<!-- \/ Yoast SEO plugin. -->","yoast_head_json":{"title":"Los 5 centros educativos de la comarca siguen trabajando conjuntamente en al marco IB Hezkuntza\u201d - Iraurgi Berritzen","robots":{"index":"index","follow":"follow","max-snippet":"max-snippet:-1","max-image-preview":"max-image-preview:large","max-video-preview":"max-video-preview:-1"},"canonical":"https:\/\/iraurgiberritzen.eus\/es\/los-5-centros-educativos-de-la-comarca-siguen-trabajando-conjuntamente-en-al-marco-ib-hezkuntza\/","og_locale":"es_ES","og_type":"article","og_title":"Los 5 centros educativos de la comarca siguen trabajando conjuntamente en al marco IB Hezkuntza\u201d - Iraurgi Berritzen","og_description":"El 27 de octubre se ha reunido el grupo de trabajo de los directores de los 5 centros de la comarca en el marco de trabajo de Iraurgi Berritzen. Cada a\u00f1o, el objetivo de esta primera reuni\u00f3n suele ser la de valorar los resultados de los proyectos desarrollados en el curso anterior y buscar consensos [&hellip;]","og_url":"https:\/\/iraurgiberritzen.eus\/es\/los-5-centros-educativos-de-la-comarca-siguen-trabajando-conjuntamente-en-al-marco-ib-hezkuntza\/","og_site_name":"Iraurgi Berritzen","article_published_time":"2020-10-29T13:17:14+00:00","author":"kudeatzailea","twitter_card":"summary_large_image","twitter_misc":{"Escrito por":"kudeatzailea","Tiempo de lectura":"1 minuto"},"schema":{"@context":"https:\/\/schema.org","@graph":[{"@type":"Article","@id":"https:\/\/iraurgiberritzen.eus\/es\/los-5-centros-educativos-de-la-comarca-siguen-trabajando-conjuntamente-en-al-marco-ib-hezkuntza\/#article","isPartOf":{"@id":"https:\/\/iraurgiberritzen.eus\/es\/los-5-centros-educativos-de-la-comarca-siguen-trabajando-conjuntamente-en-al-marco-ib-hezkuntza\/"},"author":{"name":"kudeatzailea","@id":"https:\/\/iraurgiberritzen.eus\/es\/#\/schema\/person\/5ab41aaf388a9097177601ebf45738d2"},"headline":"Los 5 centros educativos de la comarca siguen trabajando conjuntamente en al marco IB Hezkuntza\u201d","datePublished":"2020-10-29T13:17:14+00:00","mainEntityOfPage":{"@id":"https:\/\/iraurgiberritzen.eus\/es\/los-5-centros-educativos-de-la-comarca-siguen-trabajando-conjuntamente-en-al-marco-ib-hezkuntza\/"},"wordCount":226,"publisher":{"@id":"https:\/\/iraurgiberritzen.eus\/es\/#organization"},"image":{"@id":"https:\/\/iraurgiberritzen.eus\/es\/los-5-centros-educativos-de-la-comarca-siguen-trabajando-conjuntamente-en-al-marco-ib-hezkuntza\/#primaryimage"},"thumbnailUrl":"https:\/\/iraurgiberritzen.eus\/wp-content\/uploads\/2023\/09\/fd276238890ff4fd4fd30b85b5b67400.jpg","articleSection":["Noticias"],"inLanguage":"es"},{"@type":"WebPage","@id":"https:\/\/iraurgiberritzen.eus\/es\/los-5-centros-educativos-de-la-comarca-siguen-trabajando-conjuntamente-en-al-marco-ib-hezkuntza\/","url":"https:\/\/iraurgiberritzen.eus\/es\/los-5-centros-educativos-de-la-comarca-siguen-trabajando-conjuntamente-en-al-marco-ib-hezkuntza\/","name":"Los 5 centros educativos de la comarca siguen trabajando conjuntamente en al marco IB Hezkuntza\u201d - Iraurgi Berritzen","isPartOf":{"@id":"https:\/\/iraurgiberritzen.eus\/es\/#website"},"primaryImageOfPage":{"@id":"https:\/\/iraurgiberritzen.eus\/es\/los-5-centros-educativos-de-la-comarca-siguen-trabajando-conjuntamente-en-al-marco-ib-hezkuntza\/#primaryimage"},"image":{"@id":"https:\/\/iraurgiberritzen.eus\/es\/los-5-centros-educativos-de-la-comarca-siguen-trabajando-conjuntamente-en-al-marco-ib-hezkuntza\/#primaryimage"},"thumbnailUrl":"https:\/\/iraurgiberritzen.eus\/wp-content\/uploads\/2023\/09\/fd276238890ff4fd4fd30b85b5b67400.jpg","datePublished":"2020-10-29T13:17:14+00:00","breadcrumb":{"@id":"https:\/\/iraurgiberritzen.eus\/es\/los-5-centros-educativos-de-la-comarca-siguen-trabajando-conjuntamente-en-al-marco-ib-hezkuntza\/#breadcrumb"},"inLanguage":"es","potentialAction":[{"@type":"ReadAction","target":["https:\/\/iraurgiberritzen.eus\/es\/los-5-centros-educativos-de-la-comarca-siguen-trabajando-conjuntamente-en-al-marco-ib-hezkuntza\/"]}]},{"@type":"ImageObject","inLanguage":"es","@id":"https:\/\/iraurgiberritzen.eus\/es\/los-5-centros-educativos-de-la-comarca-siguen-trabajando-conjuntamente-en-al-marco-ib-hezkuntza\/#primaryimage","url":"https:\/\/iraurgiberritzen.eus\/wp-content\/uploads\/2023\/09\/fd276238890ff4fd4fd30b85b5b67400.jpg","contentUrl":"https:\/\/iraurgiberritzen.eus\/wp-content\/uploads\/2023\/09\/fd276238890ff4fd4fd30b85b5b67400.jpg","width":600,"height":386},{"@type":"BreadcrumbList","@id":"https:\/\/iraurgiberritzen.eus\/es\/los-5-centros-educativos-de-la-comarca-siguen-trabajando-conjuntamente-en-al-marco-ib-hezkuntza\/#breadcrumb","itemListElement":[{"@type":"ListItem","position":1,"name":"Home","item":"https:\/\/iraurgiberritzen.eus\/es\/"},{"@type":"ListItem","position":2,"name":"Los 5 centros educativos de la comarca siguen trabajando conjuntamente en al marco IB Hezkuntza\u201d"}]},{"@type":"WebSite","@id":"https:\/\/iraurgiberritzen.eus\/es\/#website","url":"https:\/\/iraurgiberritzen.eus\/es\/","name":"Iraurgi Berritzen","description":"Urola Erdiko Garapen Agentzia","publisher":{"@id":"https:\/\/iraurgiberritzen.eus\/es\/#organization"},"potentialAction":[{"@type":"SearchAction","target":{"@type":"EntryPoint","urlTemplate":"https:\/\/iraurgiberritzen.eus\/es\/?s={search_term_string}"},"query-input":{"@type":"PropertyValueSpecification","valueRequired":true,"valueName":"search_term_string"}}],"inLanguage":"es"},{"@type":"Organization","@id":"https:\/\/iraurgiberritzen.eus\/es\/#organization","name":"Iraurgi Berritzen","url":"https:\/\/iraurgiberritzen.eus\/es\/","logo":{"@type":"ImageObject","inLanguage":"es","@id":"https:\/\/iraurgiberritzen.eus\/es\/#\/schema\/logo\/image\/","url":"https:\/\/iraurgiberritzen.eus\/wp-content\/uploads\/2024\/02\/IRAURGI-BERRITZEN-logotipoa_2.png","contentUrl":"https:\/\/iraurgiberritzen.eus\/wp-content\/uploads\/2024\/02\/IRAURGI-BERRITZEN-logotipoa_2.png","width":496,"height":190,"caption":"Iraurgi Berritzen"},"image":{"@id":"https:\/\/iraurgiberritzen.eus\/es\/#\/schema\/logo\/image\/"}},{"@type":"Person","@id":"https:\/\/iraurgiberritzen.eus\/es\/#\/schema\/person\/5ab41aaf388a9097177601ebf45738d2","name":"kudeatzailea","sameAs":["https:\/\/iraurgiberritzen.eus"]}]}},"_links":{"self":[{"href":"https:\/\/iraurgiberritzen.eus\/es\/wp-json\/wp\/v2\/posts\/13022","targetHints":{"allow":["GET"]}}],"collection":[{"href":"https:\/\/iraurgiberritzen.eus\/es\/wp-json\/wp\/v2\/posts"}],"about":[{"href":"https:\/\/iraurgiberritzen.eus\/es\/wp-json\/wp\/v2\/types\/post"}],"author":[{"embeddable":true,"href":"https:\/\/iraurgiberritzen.eus\/es\/wp-json\/wp\/v2\/users\/1"}],"replies":[{"embeddable":true,"href":"https:\/\/iraurgiberritzen.eus\/es\/wp-json\/wp\/v2\/comments?post=13022"}],"version-history":[{"count":0,"href":"https:\/\/iraurgiberritzen.eus\/es\/wp-json\/wp\/v2\/posts\/13022\/revisions"}],"wp:featuredmedia":[{"embeddable":true,"href":"https:\/\/iraurgiberritzen.eus\/es\/wp-json\/wp\/v2\/media\/17675"}],"wp:attachment":[{"href":"https:\/\/iraurgiberritzen.eus\/es\/wp-json\/wp\/v2\/media?parent=13022"}],"wp:term":[{"taxonomy":"category","embeddable":true,"href":"https:\/\/iraurgiberritzen.eus\/es\/wp-json\/wp\/v2\/categories?post=13022"},{"taxonomy":"post_tag","embeddable":true,"href":"https:\/\/iraurgiberritzen.eus\/es\/wp-json\/wp\/v2\/tags?post=13022"}],"curies":[{"name":"wp","href":"https:\/\/api.w.org\/{rel}","templated":true}]}}