{"id":13025,"date":"2020-10-30T05:42:39","date_gmt":"2020-10-30T03:42:39","guid":{"rendered":"https:\/\/iraurgiberritzen.eus\/jornada-sobre-oportunidades-en-economia-circular-en-urola-erdia\/"},"modified":"2020-10-30T05:42:39","modified_gmt":"2020-10-30T03:42:39","slug":"jornada-sobre-oportunidades-en-economia-circular-en-urola-erdia","status":"publish","type":"post","link":"https:\/\/iraurgiberritzen.eus\/es\/jornada-sobre-oportunidades-en-economia-circular-en-urola-erdia\/","title":{"rendered":"Jornada sobre Oportunidades En Econom\u00eda Circular en Urola Erdia"},"content":{"rendered":"<p style=\"text-align: justify;\"><strong>Iraurgi Berritzen ha organizado una jornada apoyada por el <em>Departamento de Promoci\u00f3n Econ\u00f3mica, Turismo y Medio Rural<\/em> de la Diputaci\u00f3n Foral de Gipuzkoa,&nbsp;sobre los Retos y Oportunidades de la Econom\u00eda circular de la comarca, que se celebrar\u00e1 el pr\u00f3ximo, 11 de Noviembre, de 09:00 a 11:00 en formato online y se dirigir\u00e1 a las empresas, instituciones y a todos aquellos agentes interesados en Econom\u00eda circular (EC).<\/strong><\/p>\n<p style=\"text-align: justify;\">La iniciativa sobre EC se enmarca dentro de la estrategia de Iraurgi Berritzen para <strong>impulsar la transformaci\u00f3n competitiva de las empresas comarcales<\/strong> y el objetivo de identificar, explorar y desarrollar <strong>oportunidades de innovaci\u00f3n en econom\u00eda circular en sus principales cadenas de valor<\/strong> (maquinaria y equipos, transformaci\u00f3n metalmec\u00e1nica, mueble, construcci\u00f3n, y alimentaci\u00f3n) impulsando as\u00ed el posicionamiento competitivo de la comarca y alineando tambi\u00e9n a los Objetivos de Desarrollo Sostenible (ODS) de la Agenda 2030.<\/p>\n<p style=\"text-align: justify;\">Los asistentes a esta jornada obtendr\u00e1n una clara visi\u00f3n de los conceptos b\u00e1sicos sobre EC, ver c\u00f3mo afecta y qu\u00e9 ventajas competitivas les puede aportar; oportunidades e impacto que pueda suponer la EC as\u00ed como conocer de primera mano las estrategias y ayudas existentes en el Territorio de Gipuzkoa y en la CAPV .<\/p>\n<p style=\"text-align: justify;\">Entre los ponentes cabe destacar la presencia de la Diputaci\u00f3n Foral de Gipuzkoa, IHOBE, Lapatx, Mondragon Unibertsitatea y B+I Strategy.<\/p>\n<p style=\"text-align: justify;\">Para acceder a la agenda de la sesi\u00f3n o saber m\u00e1s al respecto se puede clickar&nbsp;<a href=\"images\/iraurgiberritzen\/berriak\/2020\/Deialdia_UrEkozituz_DEF_11_11_2020-ES.pdf\" target=\"_blank\" rel=\"noopener\"><strong>aqu\u00ed<\/strong>.<\/a><\/p>\n<p style=\"text-align: justify;\">En caso de estar interesado en participar en esta jornada, puedes ponerte en contacto con Iraurgi Berritzen llamando al 943 02 60 69 o escribiendo a la direcci\u00f3n <a href=\"mailto:info@iraurgiberritzen.eus\">info@iraurgiberritzen.eus<\/a>.<\/p>\n","protected":false},"excerpt":{"rendered":"<p>Iraurgi Berritzen ha organizado una jornada apoyada por el Departamento de Promoci\u00f3n Econ\u00f3mica, Turismo y Medio Rural de la Diputaci\u00f3n Foral de Gipuzkoa,&nbsp;sobre los Retos y Oportunidades de la Econom\u00eda circular de la comarca, que se celebrar\u00e1 el pr\u00f3ximo, 11 de Noviembre, de 09:00 a 11:00 en formato online y se dirigir\u00e1 a las empresas, [&hellip;]<\/p>\n","protected":false},"author":1,"featured_media":17676,"comment_status":"","ping_status":"closed","sticky":false,"template":"","format":"standard","meta":{"_acf_changed":false,"footnotes":""},"categories":[4],"tags":[],"class_list":["post-13025","post","type-post","status-publish","format-standard","has-post-thumbnail","hentry","category-noticias"],"acf":[],"yoast_head":"<!-- This site is optimized with the Yoast SEO plugin v27.4 - https:\/\/yoast.com\/product\/yoast-seo-wordpress\/ -->\n<title>Jornada sobre Oportunidades En Econom\u00eda Circular en Urola Erdia - Iraurgi Berritzen<\/title>\n<meta name=\"robots\" content=\"index, follow, max-snippet:-1, max-image-preview:large, max-video-preview:-1\" \/>\n<link rel=\"canonical\" href=\"https:\/\/iraurgiberritzen.eus\/es\/jornada-sobre-oportunidades-en-economia-circular-en-urola-erdia\/\" \/>\n<meta property=\"og:locale\" content=\"es_ES\" \/>\n<meta property=\"og:type\" content=\"article\" \/>\n<meta property=\"og:title\" content=\"Jornada sobre Oportunidades En Econom\u00eda Circular en Urola Erdia - Iraurgi Berritzen\" \/>\n<meta property=\"og:description\" content=\"Iraurgi Berritzen ha organizado una jornada apoyada por el Departamento de Promoci\u00f3n Econ\u00f3mica, Turismo y Medio Rural de la Diputaci\u00f3n Foral de Gipuzkoa,&nbsp;sobre los Retos y Oportunidades de la Econom\u00eda circular de la comarca, que se celebrar\u00e1 el pr\u00f3ximo, 11 de Noviembre, de 09:00 a 11:00 en formato online y se dirigir\u00e1 a las empresas, [&hellip;]\" \/>\n<meta property=\"og:url\" content=\"https:\/\/iraurgiberritzen.eus\/es\/jornada-sobre-oportunidades-en-economia-circular-en-urola-erdia\/\" \/>\n<meta property=\"og:site_name\" content=\"Iraurgi Berritzen\" \/>\n<meta property=\"article:published_time\" content=\"2020-10-30T03:42:39+00:00\" \/>\n<meta name=\"author\" content=\"kudeatzailea\" \/>\n<meta name=\"twitter:card\" content=\"summary_large_image\" \/>\n<meta name=\"twitter:label1\" content=\"Escrito por\" \/>\n\t<meta name=\"twitter:data1\" content=\"kudeatzailea\" \/>\n\t<meta name=\"twitter:label2\" content=\"Tiempo de lectura\" \/>\n\t<meta name=\"twitter:data2\" content=\"1 minuto\" \/>\n<script type=\"application\/ld+json\" class=\"yoast-schema-graph\">{\"@context\":\"https:\\\/\\\/schema.org\",\"@graph\":[{\"@type\":\"Article\",\"@id\":\"https:\\\/\\\/iraurgiberritzen.eus\\\/es\\\/jornada-sobre-oportunidades-en-economia-circular-en-urola-erdia\\\/#article\",\"isPartOf\":{\"@id\":\"https:\\\/\\\/iraurgiberritzen.eus\\\/es\\\/jornada-sobre-oportunidades-en-economia-circular-en-urola-erdia\\\/\"},\"author\":{\"name\":\"kudeatzailea\",\"@id\":\"https:\\\/\\\/iraurgiberritzen.eus\\\/es\\\/#\\\/schema\\\/person\\\/5ab41aaf388a9097177601ebf45738d2\"},\"headline\":\"Jornada sobre Oportunidades En Econom\u00eda Circular en Urola Erdia\",\"datePublished\":\"2020-10-30T03:42:39+00:00\",\"mainEntityOfPage\":{\"@id\":\"https:\\\/\\\/iraurgiberritzen.eus\\\/es\\\/jornada-sobre-oportunidades-en-economia-circular-en-urola-erdia\\\/\"},\"wordCount\":288,\"publisher\":{\"@id\":\"https:\\\/\\\/iraurgiberritzen.eus\\\/es\\\/#organization\"},\"image\":{\"@id\":\"https:\\\/\\\/iraurgiberritzen.eus\\\/es\\\/jornada-sobre-oportunidades-en-economia-circular-en-urola-erdia\\\/#primaryimage\"},\"thumbnailUrl\":\"https:\\\/\\\/iraurgiberritzen.eus\\\/wp-content\\\/uploads\\\/2023\\\/09\\\/65829020f6ea67f48aa759d3dd32c68a.jpg\",\"articleSection\":[\"Noticias\"],\"inLanguage\":\"es\"},{\"@type\":\"WebPage\",\"@id\":\"https:\\\/\\\/iraurgiberritzen.eus\\\/es\\\/jornada-sobre-oportunidades-en-economia-circular-en-urola-erdia\\\/\",\"url\":\"https:\\\/\\\/iraurgiberritzen.eus\\\/es\\\/jornada-sobre-oportunidades-en-economia-circular-en-urola-erdia\\\/\",\"name\":\"Jornada sobre Oportunidades En Econom\u00eda Circular en Urola Erdia - Iraurgi Berritzen\",\"isPartOf\":{\"@id\":\"https:\\\/\\\/iraurgiberritzen.eus\\\/es\\\/#website\"},\"primaryImageOfPage\":{\"@id\":\"https:\\\/\\\/iraurgiberritzen.eus\\\/es\\\/jornada-sobre-oportunidades-en-economia-circular-en-urola-erdia\\\/#primaryimage\"},\"image\":{\"@id\":\"https:\\\/\\\/iraurgiberritzen.eus\\\/es\\\/jornada-sobre-oportunidades-en-economia-circular-en-urola-erdia\\\/#primaryimage\"},\"thumbnailUrl\":\"https:\\\/\\\/iraurgiberritzen.eus\\\/wp-content\\\/uploads\\\/2023\\\/09\\\/65829020f6ea67f48aa759d3dd32c68a.jpg\",\"datePublished\":\"2020-10-30T03:42:39+00:00\",\"breadcrumb\":{\"@id\":\"https:\\\/\\\/iraurgiberritzen.eus\\\/es\\\/jornada-sobre-oportunidades-en-economia-circular-en-urola-erdia\\\/#breadcrumb\"},\"inLanguage\":\"es\",\"potentialAction\":[{\"@type\":\"ReadAction\",\"target\":[\"https:\\\/\\\/iraurgiberritzen.eus\\\/es\\\/jornada-sobre-oportunidades-en-economia-circular-en-urola-erdia\\\/\"]}]},{\"@type\":\"ImageObject\",\"inLanguage\":\"es\",\"@id\":\"https:\\\/\\\/iraurgiberritzen.eus\\\/es\\\/jornada-sobre-oportunidades-en-economia-circular-en-urola-erdia\\\/#primaryimage\",\"url\":\"https:\\\/\\\/iraurgiberritzen.eus\\\/wp-content\\\/uploads\\\/2023\\\/09\\\/65829020f6ea67f48aa759d3dd32c68a.jpg\",\"contentUrl\":\"https:\\\/\\\/iraurgiberritzen.eus\\\/wp-content\\\/uploads\\\/2023\\\/09\\\/65829020f6ea67f48aa759d3dd32c68a.jpg\",\"width\":600,\"height\":386},{\"@type\":\"BreadcrumbList\",\"@id\":\"https:\\\/\\\/iraurgiberritzen.eus\\\/es\\\/jornada-sobre-oportunidades-en-economia-circular-en-urola-erdia\\\/#breadcrumb\",\"itemListElement\":[{\"@type\":\"ListItem\",\"position\":1,\"name\":\"Home\",\"item\":\"https:\\\/\\\/iraurgiberritzen.eus\\\/es\\\/\"},{\"@type\":\"ListItem\",\"position\":2,\"name\":\"Jornada sobre Oportunidades En Econom\u00eda Circular en Urola Erdia\"}]},{\"@type\":\"WebSite\",\"@id\":\"https:\\\/\\\/iraurgiberritzen.eus\\\/es\\\/#website\",\"url\":\"https:\\\/\\\/iraurgiberritzen.eus\\\/es\\\/\",\"name\":\"Iraurgi Berritzen\",\"description\":\"Urola Erdiko Garapen Agentzia\",\"publisher\":{\"@id\":\"https:\\\/\\\/iraurgiberritzen.eus\\\/es\\\/#organization\"},\"potentialAction\":[{\"@type\":\"SearchAction\",\"target\":{\"@type\":\"EntryPoint\",\"urlTemplate\":\"https:\\\/\\\/iraurgiberritzen.eus\\\/es\\\/?s={search_term_string}\"},\"query-input\":{\"@type\":\"PropertyValueSpecification\",\"valueRequired\":true,\"valueName\":\"search_term_string\"}}],\"inLanguage\":\"es\"},{\"@type\":\"Organization\",\"@id\":\"https:\\\/\\\/iraurgiberritzen.eus\\\/es\\\/#organization\",\"name\":\"Iraurgi Berritzen\",\"url\":\"https:\\\/\\\/iraurgiberritzen.eus\\\/es\\\/\",\"logo\":{\"@type\":\"ImageObject\",\"inLanguage\":\"es\",\"@id\":\"https:\\\/\\\/iraurgiberritzen.eus\\\/es\\\/#\\\/schema\\\/logo\\\/image\\\/\",\"url\":\"https:\\\/\\\/iraurgiberritzen.eus\\\/wp-content\\\/uploads\\\/2024\\\/02\\\/IRAURGI-BERRITZEN-logotipoa_2.png\",\"contentUrl\":\"https:\\\/\\\/iraurgiberritzen.eus\\\/wp-content\\\/uploads\\\/2024\\\/02\\\/IRAURGI-BERRITZEN-logotipoa_2.png\",\"width\":496,\"height\":190,\"caption\":\"Iraurgi Berritzen\"},\"image\":{\"@id\":\"https:\\\/\\\/iraurgiberritzen.eus\\\/es\\\/#\\\/schema\\\/logo\\\/image\\\/\"}},{\"@type\":\"Person\",\"@id\":\"https:\\\/\\\/iraurgiberritzen.eus\\\/es\\\/#\\\/schema\\\/person\\\/5ab41aaf388a9097177601ebf45738d2\",\"name\":\"kudeatzailea\",\"sameAs\":[\"https:\\\/\\\/iraurgiberritzen.eus\"]}]}<\/script>\n<!-- \/ Yoast SEO plugin. -->","yoast_head_json":{"title":"Jornada sobre Oportunidades En Econom\u00eda Circular en Urola Erdia - Iraurgi Berritzen","robots":{"index":"index","follow":"follow","max-snippet":"max-snippet:-1","max-image-preview":"max-image-preview:large","max-video-preview":"max-video-preview:-1"},"canonical":"https:\/\/iraurgiberritzen.eus\/es\/jornada-sobre-oportunidades-en-economia-circular-en-urola-erdia\/","og_locale":"es_ES","og_type":"article","og_title":"Jornada sobre Oportunidades En Econom\u00eda Circular en Urola Erdia - Iraurgi Berritzen","og_description":"Iraurgi Berritzen ha organizado una jornada apoyada por el Departamento de Promoci\u00f3n Econ\u00f3mica, Turismo y Medio Rural de la Diputaci\u00f3n Foral de Gipuzkoa,&nbsp;sobre los Retos y Oportunidades de la Econom\u00eda circular de la comarca, que se celebrar\u00e1 el pr\u00f3ximo, 11 de Noviembre, de 09:00 a 11:00 en formato online y se dirigir\u00e1 a las empresas, [&hellip;]","og_url":"https:\/\/iraurgiberritzen.eus\/es\/jornada-sobre-oportunidades-en-economia-circular-en-urola-erdia\/","og_site_name":"Iraurgi Berritzen","article_published_time":"2020-10-30T03:42:39+00:00","author":"kudeatzailea","twitter_card":"summary_large_image","twitter_misc":{"Escrito por":"kudeatzailea","Tiempo de lectura":"1 minuto"},"schema":{"@context":"https:\/\/schema.org","@graph":[{"@type":"Article","@id":"https:\/\/iraurgiberritzen.eus\/es\/jornada-sobre-oportunidades-en-economia-circular-en-urola-erdia\/#article","isPartOf":{"@id":"https:\/\/iraurgiberritzen.eus\/es\/jornada-sobre-oportunidades-en-economia-circular-en-urola-erdia\/"},"author":{"name":"kudeatzailea","@id":"https:\/\/iraurgiberritzen.eus\/es\/#\/schema\/person\/5ab41aaf388a9097177601ebf45738d2"},"headline":"Jornada sobre Oportunidades En Econom\u00eda Circular en Urola Erdia","datePublished":"2020-10-30T03:42:39+00:00","mainEntityOfPage":{"@id":"https:\/\/iraurgiberritzen.eus\/es\/jornada-sobre-oportunidades-en-economia-circular-en-urola-erdia\/"},"wordCount":288,"publisher":{"@id":"https:\/\/iraurgiberritzen.eus\/es\/#organization"},"image":{"@id":"https:\/\/iraurgiberritzen.eus\/es\/jornada-sobre-oportunidades-en-economia-circular-en-urola-erdia\/#primaryimage"},"thumbnailUrl":"https:\/\/iraurgiberritzen.eus\/wp-content\/uploads\/2023\/09\/65829020f6ea67f48aa759d3dd32c68a.jpg","articleSection":["Noticias"],"inLanguage":"es"},{"@type":"WebPage","@id":"https:\/\/iraurgiberritzen.eus\/es\/jornada-sobre-oportunidades-en-economia-circular-en-urola-erdia\/","url":"https:\/\/iraurgiberritzen.eus\/es\/jornada-sobre-oportunidades-en-economia-circular-en-urola-erdia\/","name":"Jornada sobre Oportunidades En Econom\u00eda Circular en Urola Erdia - Iraurgi Berritzen","isPartOf":{"@id":"https:\/\/iraurgiberritzen.eus\/es\/#website"},"primaryImageOfPage":{"@id":"https:\/\/iraurgiberritzen.eus\/es\/jornada-sobre-oportunidades-en-economia-circular-en-urola-erdia\/#primaryimage"},"image":{"@id":"https:\/\/iraurgiberritzen.eus\/es\/jornada-sobre-oportunidades-en-economia-circular-en-urola-erdia\/#primaryimage"},"thumbnailUrl":"https:\/\/iraurgiberritzen.eus\/wp-content\/uploads\/2023\/09\/65829020f6ea67f48aa759d3dd32c68a.jpg","datePublished":"2020-10-30T03:42:39+00:00","breadcrumb":{"@id":"https:\/\/iraurgiberritzen.eus\/es\/jornada-sobre-oportunidades-en-economia-circular-en-urola-erdia\/#breadcrumb"},"inLanguage":"es","potentialAction":[{"@type":"ReadAction","target":["https:\/\/iraurgiberritzen.eus\/es\/jornada-sobre-oportunidades-en-economia-circular-en-urola-erdia\/"]}]},{"@type":"ImageObject","inLanguage":"es","@id":"https:\/\/iraurgiberritzen.eus\/es\/jornada-sobre-oportunidades-en-economia-circular-en-urola-erdia\/#primaryimage","url":"https:\/\/iraurgiberritzen.eus\/wp-content\/uploads\/2023\/09\/65829020f6ea67f48aa759d3dd32c68a.jpg","contentUrl":"https:\/\/iraurgiberritzen.eus\/wp-content\/uploads\/2023\/09\/65829020f6ea67f48aa759d3dd32c68a.jpg","width":600,"height":386},{"@type":"BreadcrumbList","@id":"https:\/\/iraurgiberritzen.eus\/es\/jornada-sobre-oportunidades-en-economia-circular-en-urola-erdia\/#breadcrumb","itemListElement":[{"@type":"ListItem","position":1,"name":"Home","item":"https:\/\/iraurgiberritzen.eus\/es\/"},{"@type":"ListItem","position":2,"name":"Jornada sobre Oportunidades En Econom\u00eda Circular en Urola Erdia"}]},{"@type":"WebSite","@id":"https:\/\/iraurgiberritzen.eus\/es\/#website","url":"https:\/\/iraurgiberritzen.eus\/es\/","name":"Iraurgi Berritzen","description":"Urola Erdiko Garapen Agentzia","publisher":{"@id":"https:\/\/iraurgiberritzen.eus\/es\/#organization"},"potentialAction":[{"@type":"SearchAction","target":{"@type":"EntryPoint","urlTemplate":"https:\/\/iraurgiberritzen.eus\/es\/?s={search_term_string}"},"query-input":{"@type":"PropertyValueSpecification","valueRequired":true,"valueName":"search_term_string"}}],"inLanguage":"es"},{"@type":"Organization","@id":"https:\/\/iraurgiberritzen.eus\/es\/#organization","name":"Iraurgi Berritzen","url":"https:\/\/iraurgiberritzen.eus\/es\/","logo":{"@type":"ImageObject","inLanguage":"es","@id":"https:\/\/iraurgiberritzen.eus\/es\/#\/schema\/logo\/image\/","url":"https:\/\/iraurgiberritzen.eus\/wp-content\/uploads\/2024\/02\/IRAURGI-BERRITZEN-logotipoa_2.png","contentUrl":"https:\/\/iraurgiberritzen.eus\/wp-content\/uploads\/2024\/02\/IRAURGI-BERRITZEN-logotipoa_2.png","width":496,"height":190,"caption":"Iraurgi Berritzen"},"image":{"@id":"https:\/\/iraurgiberritzen.eus\/es\/#\/schema\/logo\/image\/"}},{"@type":"Person","@id":"https:\/\/iraurgiberritzen.eus\/es\/#\/schema\/person\/5ab41aaf388a9097177601ebf45738d2","name":"kudeatzailea","sameAs":["https:\/\/iraurgiberritzen.eus"]}]}},"_links":{"self":[{"href":"https:\/\/iraurgiberritzen.eus\/es\/wp-json\/wp\/v2\/posts\/13025","targetHints":{"allow":["GET"]}}],"collection":[{"href":"https:\/\/iraurgiberritzen.eus\/es\/wp-json\/wp\/v2\/posts"}],"about":[{"href":"https:\/\/iraurgiberritzen.eus\/es\/wp-json\/wp\/v2\/types\/post"}],"author":[{"embeddable":true,"href":"https:\/\/iraurgiberritzen.eus\/es\/wp-json\/wp\/v2\/users\/1"}],"replies":[{"embeddable":true,"href":"https:\/\/iraurgiberritzen.eus\/es\/wp-json\/wp\/v2\/comments?post=13025"}],"version-history":[{"count":0,"href":"https:\/\/iraurgiberritzen.eus\/es\/wp-json\/wp\/v2\/posts\/13025\/revisions"}],"wp:featuredmedia":[{"embeddable":true,"href":"https:\/\/iraurgiberritzen.eus\/es\/wp-json\/wp\/v2\/media\/17676"}],"wp:attachment":[{"href":"https:\/\/iraurgiberritzen.eus\/es\/wp-json\/wp\/v2\/media?parent=13025"}],"wp:term":[{"taxonomy":"category","embeddable":true,"href":"https:\/\/iraurgiberritzen.eus\/es\/wp-json\/wp\/v2\/categories?post=13025"},{"taxonomy":"post_tag","embeddable":true,"href":"https:\/\/iraurgiberritzen.eus\/es\/wp-json\/wp\/v2\/tags?post=13025"}],"curies":[{"name":"wp","href":"https:\/\/api.w.org\/{rel}","templated":true}]}}