{"id":13034,"date":"2020-11-06T14:01:44","date_gmt":"2020-11-06T12:01:44","guid":{"rendered":"https:\/\/iraurgiberritzen.eus\/6-cafe-tertulia-de-los-as-emprendedores-as-bajo-el-nombre-claves-para-gestionar-la-incertidumbre-y-como-salir-fortalecida\/"},"modified":"2020-11-06T14:01:44","modified_gmt":"2020-11-06T12:01:44","slug":"6-cafe-tertulia-de-los-as-emprendedores-as-bajo-el-nombre-claves-para-gestionar-la-incertidumbre-y-como-salir-fortalecida","status":"publish","type":"post","link":"https:\/\/iraurgiberritzen.eus\/es\/6-cafe-tertulia-de-los-as-emprendedores-as-bajo-el-nombre-claves-para-gestionar-la-incertidumbre-y-como-salir-fortalecida\/","title":{"rendered":"6. Caf\u00e9 Tertulia de los\/as emprendedores\/as bajo el nombre \u00abClaves para gestionar la incertidumbre y c\u00f3mo salir fortalecida\u00bb"},"content":{"rendered":"<p style=\"text-align: justify;\">Bajo el nombre <strong>Claves para gestionar la incertidumbre y como salir fortalecida<\/strong>, se celebr\u00f3 ayer, <strong>5 de noviembre, el sexto Caf\u00e9 Tertulia<\/strong>. La sesi\u00f3n la dirigi\u00f3, la coach, Mar\u00eda D\u00edez, quien comparti\u00f3 con los participantes recomendaciones y consejos \u00fatiles para gestionar la incertidumbre, los cuales son v\u00e1lidos en la vida cotidiana, tanto en el aspecto personal como profesional.<\/p>\n<p style=\"text-align: justify;\">Se trabajaron los pormenores de la incertidumbre y los elementos clave, el equilibrio entre las emociones y la racionalidad, la necesidad de aprender a vivir el aqu\u00ed y ahora, la autoconfianza y los participantes tuvieron su momento para compartir sus reflexiones. La sesi\u00f3n concluy\u00f3 con un ejercicio que sirvi\u00f3 para conocer la esencia de cada uno.<\/p>\n<p style=\"text-align: justify;\">Los asistentes estuvieron muy a gusto, tanto los que actuaron desde casa, como los asistentes en formato presencial. Ya que el caf\u00e9 de ayer tuvo entre sus particularidades la participaci\u00f3n en dos formatos (online y presencial) y la ausencia de caf\u00e9, se pudo disfrutar el aqu\u00ed y ahora.<\/p>\n<p>Dentro de 6 meses se volver\u00e1n a reunir nuevamente, para tratar otro tema. Quedan invitados a participar, haciendo KLINK, en la p\u00e1gina <a href=\"https:\/\/klinkekintzailetasuna.wordpress.com\/\" target=\"_blank\" rel=\"noopener\">klink.eus<\/a>.<\/p>\n","protected":false},"excerpt":{"rendered":"<p>Bajo el nombre Claves para gestionar la incertidumbre y como salir fortalecida, se celebr\u00f3 ayer, 5 de noviembre, el sexto Caf\u00e9 Tertulia. La sesi\u00f3n la dirigi\u00f3, la coach, Mar\u00eda D\u00edez, quien comparti\u00f3 con los participantes recomendaciones y consejos \u00fatiles para gestionar la incertidumbre, los cuales son v\u00e1lidos en la vida cotidiana, tanto en el aspecto [&hellip;]<\/p>\n","protected":false},"author":1,"featured_media":17679,"comment_status":"","ping_status":"closed","sticky":false,"template":"","format":"standard","meta":{"_acf_changed":false,"footnotes":""},"categories":[4],"tags":[],"class_list":["post-13034","post","type-post","status-publish","format-standard","has-post-thumbnail","hentry","category-noticias"],"acf":[],"yoast_head":"<!-- This site is optimized with the Yoast SEO plugin v27.4 - https:\/\/yoast.com\/product\/yoast-seo-wordpress\/ -->\n<title>6. Caf\u00e9 Tertulia de los\/as emprendedores\/as bajo el nombre &quot;Claves para gestionar la incertidumbre y c\u00f3mo salir fortalecida&quot; - Iraurgi Berritzen<\/title>\n<meta name=\"robots\" content=\"index, follow, max-snippet:-1, max-image-preview:large, max-video-preview:-1\" \/>\n<link rel=\"canonical\" href=\"https:\/\/iraurgiberritzen.eus\/es\/6-cafe-tertulia-de-los-as-emprendedores-as-bajo-el-nombre-claves-para-gestionar-la-incertidumbre-y-como-salir-fortalecida\/\" \/>\n<meta property=\"og:locale\" content=\"es_ES\" \/>\n<meta property=\"og:type\" content=\"article\" \/>\n<meta property=\"og:title\" content=\"6. Caf\u00e9 Tertulia de los\/as emprendedores\/as bajo el nombre &quot;Claves para gestionar la incertidumbre y c\u00f3mo salir fortalecida&quot; - Iraurgi Berritzen\" \/>\n<meta property=\"og:description\" content=\"Bajo el nombre Claves para gestionar la incertidumbre y como salir fortalecida, se celebr\u00f3 ayer, 5 de noviembre, el sexto Caf\u00e9 Tertulia. La sesi\u00f3n la dirigi\u00f3, la coach, Mar\u00eda D\u00edez, quien comparti\u00f3 con los participantes recomendaciones y consejos \u00fatiles para gestionar la incertidumbre, los cuales son v\u00e1lidos en la vida cotidiana, tanto en el aspecto [&hellip;]\" \/>\n<meta property=\"og:url\" content=\"https:\/\/iraurgiberritzen.eus\/es\/6-cafe-tertulia-de-los-as-emprendedores-as-bajo-el-nombre-claves-para-gestionar-la-incertidumbre-y-como-salir-fortalecida\/\" \/>\n<meta property=\"og:site_name\" content=\"Iraurgi Berritzen\" \/>\n<meta property=\"article:published_time\" content=\"2020-11-06T12:01:44+00:00\" \/>\n<meta name=\"author\" content=\"kudeatzailea\" \/>\n<meta name=\"twitter:card\" content=\"summary_large_image\" \/>\n<meta name=\"twitter:label1\" content=\"Escrito por\" \/>\n\t<meta name=\"twitter:data1\" content=\"kudeatzailea\" \/>\n\t<meta name=\"twitter:label2\" content=\"Tiempo de lectura\" \/>\n\t<meta name=\"twitter:data2\" content=\"1 minuto\" \/>\n<script type=\"application\/ld+json\" class=\"yoast-schema-graph\">{\"@context\":\"https:\\\/\\\/schema.org\",\"@graph\":[{\"@type\":\"Article\",\"@id\":\"https:\\\/\\\/iraurgiberritzen.eus\\\/es\\\/6-cafe-tertulia-de-los-as-emprendedores-as-bajo-el-nombre-claves-para-gestionar-la-incertidumbre-y-como-salir-fortalecida\\\/#article\",\"isPartOf\":{\"@id\":\"https:\\\/\\\/iraurgiberritzen.eus\\\/es\\\/6-cafe-tertulia-de-los-as-emprendedores-as-bajo-el-nombre-claves-para-gestionar-la-incertidumbre-y-como-salir-fortalecida\\\/\"},\"author\":{\"name\":\"kudeatzailea\",\"@id\":\"https:\\\/\\\/iraurgiberritzen.eus\\\/es\\\/#\\\/schema\\\/person\\\/5ab41aaf388a9097177601ebf45738d2\"},\"headline\":\"6. Caf\u00e9 Tertulia de los\\\/as emprendedores\\\/as bajo el nombre \u00abClaves para gestionar la incertidumbre y c\u00f3mo salir fortalecida\u00bb\",\"datePublished\":\"2020-11-06T12:01:44+00:00\",\"mainEntityOfPage\":{\"@id\":\"https:\\\/\\\/iraurgiberritzen.eus\\\/es\\\/6-cafe-tertulia-de-los-as-emprendedores-as-bajo-el-nombre-claves-para-gestionar-la-incertidumbre-y-como-salir-fortalecida\\\/\"},\"wordCount\":212,\"publisher\":{\"@id\":\"https:\\\/\\\/iraurgiberritzen.eus\\\/es\\\/#organization\"},\"image\":{\"@id\":\"https:\\\/\\\/iraurgiberritzen.eus\\\/es\\\/6-cafe-tertulia-de-los-as-emprendedores-as-bajo-el-nombre-claves-para-gestionar-la-incertidumbre-y-como-salir-fortalecida\\\/#primaryimage\"},\"thumbnailUrl\":\"https:\\\/\\\/iraurgiberritzen.eus\\\/wp-content\\\/uploads\\\/2023\\\/09\\\/884076e32a85fde4d5ab4fe1dc1af0d4.jpg\",\"articleSection\":[\"Noticias\"],\"inLanguage\":\"es\"},{\"@type\":\"WebPage\",\"@id\":\"https:\\\/\\\/iraurgiberritzen.eus\\\/es\\\/6-cafe-tertulia-de-los-as-emprendedores-as-bajo-el-nombre-claves-para-gestionar-la-incertidumbre-y-como-salir-fortalecida\\\/\",\"url\":\"https:\\\/\\\/iraurgiberritzen.eus\\\/es\\\/6-cafe-tertulia-de-los-as-emprendedores-as-bajo-el-nombre-claves-para-gestionar-la-incertidumbre-y-como-salir-fortalecida\\\/\",\"name\":\"6. Caf\u00e9 Tertulia de los\\\/as emprendedores\\\/as bajo el nombre \\\"Claves para gestionar la incertidumbre y c\u00f3mo salir fortalecida\\\" - Iraurgi Berritzen\",\"isPartOf\":{\"@id\":\"https:\\\/\\\/iraurgiberritzen.eus\\\/es\\\/#website\"},\"primaryImageOfPage\":{\"@id\":\"https:\\\/\\\/iraurgiberritzen.eus\\\/es\\\/6-cafe-tertulia-de-los-as-emprendedores-as-bajo-el-nombre-claves-para-gestionar-la-incertidumbre-y-como-salir-fortalecida\\\/#primaryimage\"},\"image\":{\"@id\":\"https:\\\/\\\/iraurgiberritzen.eus\\\/es\\\/6-cafe-tertulia-de-los-as-emprendedores-as-bajo-el-nombre-claves-para-gestionar-la-incertidumbre-y-como-salir-fortalecida\\\/#primaryimage\"},\"thumbnailUrl\":\"https:\\\/\\\/iraurgiberritzen.eus\\\/wp-content\\\/uploads\\\/2023\\\/09\\\/884076e32a85fde4d5ab4fe1dc1af0d4.jpg\",\"datePublished\":\"2020-11-06T12:01:44+00:00\",\"breadcrumb\":{\"@id\":\"https:\\\/\\\/iraurgiberritzen.eus\\\/es\\\/6-cafe-tertulia-de-los-as-emprendedores-as-bajo-el-nombre-claves-para-gestionar-la-incertidumbre-y-como-salir-fortalecida\\\/#breadcrumb\"},\"inLanguage\":\"es\",\"potentialAction\":[{\"@type\":\"ReadAction\",\"target\":[\"https:\\\/\\\/iraurgiberritzen.eus\\\/es\\\/6-cafe-tertulia-de-los-as-emprendedores-as-bajo-el-nombre-claves-para-gestionar-la-incertidumbre-y-como-salir-fortalecida\\\/\"]}]},{\"@type\":\"ImageObject\",\"inLanguage\":\"es\",\"@id\":\"https:\\\/\\\/iraurgiberritzen.eus\\\/es\\\/6-cafe-tertulia-de-los-as-emprendedores-as-bajo-el-nombre-claves-para-gestionar-la-incertidumbre-y-como-salir-fortalecida\\\/#primaryimage\",\"url\":\"https:\\\/\\\/iraurgiberritzen.eus\\\/wp-content\\\/uploads\\\/2023\\\/09\\\/884076e32a85fde4d5ab4fe1dc1af0d4.jpg\",\"contentUrl\":\"https:\\\/\\\/iraurgiberritzen.eus\\\/wp-content\\\/uploads\\\/2023\\\/09\\\/884076e32a85fde4d5ab4fe1dc1af0d4.jpg\",\"width\":600,\"height\":386},{\"@type\":\"BreadcrumbList\",\"@id\":\"https:\\\/\\\/iraurgiberritzen.eus\\\/es\\\/6-cafe-tertulia-de-los-as-emprendedores-as-bajo-el-nombre-claves-para-gestionar-la-incertidumbre-y-como-salir-fortalecida\\\/#breadcrumb\",\"itemListElement\":[{\"@type\":\"ListItem\",\"position\":1,\"name\":\"Home\",\"item\":\"https:\\\/\\\/iraurgiberritzen.eus\\\/es\\\/\"},{\"@type\":\"ListItem\",\"position\":2,\"name\":\"6. Caf\u00e9 Tertulia de los\\\/as emprendedores\\\/as bajo el nombre &#8220;Claves para gestionar la incertidumbre y c\u00f3mo salir fortalecida&#8221;\"}]},{\"@type\":\"WebSite\",\"@id\":\"https:\\\/\\\/iraurgiberritzen.eus\\\/es\\\/#website\",\"url\":\"https:\\\/\\\/iraurgiberritzen.eus\\\/es\\\/\",\"name\":\"Iraurgi Berritzen\",\"description\":\"Urola Erdiko Garapen Agentzia\",\"publisher\":{\"@id\":\"https:\\\/\\\/iraurgiberritzen.eus\\\/es\\\/#organization\"},\"potentialAction\":[{\"@type\":\"SearchAction\",\"target\":{\"@type\":\"EntryPoint\",\"urlTemplate\":\"https:\\\/\\\/iraurgiberritzen.eus\\\/es\\\/?s={search_term_string}\"},\"query-input\":{\"@type\":\"PropertyValueSpecification\",\"valueRequired\":true,\"valueName\":\"search_term_string\"}}],\"inLanguage\":\"es\"},{\"@type\":\"Organization\",\"@id\":\"https:\\\/\\\/iraurgiberritzen.eus\\\/es\\\/#organization\",\"name\":\"Iraurgi Berritzen\",\"url\":\"https:\\\/\\\/iraurgiberritzen.eus\\\/es\\\/\",\"logo\":{\"@type\":\"ImageObject\",\"inLanguage\":\"es\",\"@id\":\"https:\\\/\\\/iraurgiberritzen.eus\\\/es\\\/#\\\/schema\\\/logo\\\/image\\\/\",\"url\":\"https:\\\/\\\/iraurgiberritzen.eus\\\/wp-content\\\/uploads\\\/2024\\\/02\\\/IRAURGI-BERRITZEN-logotipoa_2.png\",\"contentUrl\":\"https:\\\/\\\/iraurgiberritzen.eus\\\/wp-content\\\/uploads\\\/2024\\\/02\\\/IRAURGI-BERRITZEN-logotipoa_2.png\",\"width\":496,\"height\":190,\"caption\":\"Iraurgi Berritzen\"},\"image\":{\"@id\":\"https:\\\/\\\/iraurgiberritzen.eus\\\/es\\\/#\\\/schema\\\/logo\\\/image\\\/\"}},{\"@type\":\"Person\",\"@id\":\"https:\\\/\\\/iraurgiberritzen.eus\\\/es\\\/#\\\/schema\\\/person\\\/5ab41aaf388a9097177601ebf45738d2\",\"name\":\"kudeatzailea\",\"sameAs\":[\"https:\\\/\\\/iraurgiberritzen.eus\"]}]}<\/script>\n<!-- \/ Yoast SEO plugin. -->","yoast_head_json":{"title":"6. Caf\u00e9 Tertulia de los\/as emprendedores\/as bajo el nombre \"Claves para gestionar la incertidumbre y c\u00f3mo salir fortalecida\" - Iraurgi Berritzen","robots":{"index":"index","follow":"follow","max-snippet":"max-snippet:-1","max-image-preview":"max-image-preview:large","max-video-preview":"max-video-preview:-1"},"canonical":"https:\/\/iraurgiberritzen.eus\/es\/6-cafe-tertulia-de-los-as-emprendedores-as-bajo-el-nombre-claves-para-gestionar-la-incertidumbre-y-como-salir-fortalecida\/","og_locale":"es_ES","og_type":"article","og_title":"6. Caf\u00e9 Tertulia de los\/as emprendedores\/as bajo el nombre \"Claves para gestionar la incertidumbre y c\u00f3mo salir fortalecida\" - Iraurgi Berritzen","og_description":"Bajo el nombre Claves para gestionar la incertidumbre y como salir fortalecida, se celebr\u00f3 ayer, 5 de noviembre, el sexto Caf\u00e9 Tertulia. La sesi\u00f3n la dirigi\u00f3, la coach, Mar\u00eda D\u00edez, quien comparti\u00f3 con los participantes recomendaciones y consejos \u00fatiles para gestionar la incertidumbre, los cuales son v\u00e1lidos en la vida cotidiana, tanto en el aspecto [&hellip;]","og_url":"https:\/\/iraurgiberritzen.eus\/es\/6-cafe-tertulia-de-los-as-emprendedores-as-bajo-el-nombre-claves-para-gestionar-la-incertidumbre-y-como-salir-fortalecida\/","og_site_name":"Iraurgi Berritzen","article_published_time":"2020-11-06T12:01:44+00:00","author":"kudeatzailea","twitter_card":"summary_large_image","twitter_misc":{"Escrito por":"kudeatzailea","Tiempo de lectura":"1 minuto"},"schema":{"@context":"https:\/\/schema.org","@graph":[{"@type":"Article","@id":"https:\/\/iraurgiberritzen.eus\/es\/6-cafe-tertulia-de-los-as-emprendedores-as-bajo-el-nombre-claves-para-gestionar-la-incertidumbre-y-como-salir-fortalecida\/#article","isPartOf":{"@id":"https:\/\/iraurgiberritzen.eus\/es\/6-cafe-tertulia-de-los-as-emprendedores-as-bajo-el-nombre-claves-para-gestionar-la-incertidumbre-y-como-salir-fortalecida\/"},"author":{"name":"kudeatzailea","@id":"https:\/\/iraurgiberritzen.eus\/es\/#\/schema\/person\/5ab41aaf388a9097177601ebf45738d2"},"headline":"6. Caf\u00e9 Tertulia de los\/as emprendedores\/as bajo el nombre \u00abClaves para gestionar la incertidumbre y c\u00f3mo salir fortalecida\u00bb","datePublished":"2020-11-06T12:01:44+00:00","mainEntityOfPage":{"@id":"https:\/\/iraurgiberritzen.eus\/es\/6-cafe-tertulia-de-los-as-emprendedores-as-bajo-el-nombre-claves-para-gestionar-la-incertidumbre-y-como-salir-fortalecida\/"},"wordCount":212,"publisher":{"@id":"https:\/\/iraurgiberritzen.eus\/es\/#organization"},"image":{"@id":"https:\/\/iraurgiberritzen.eus\/es\/6-cafe-tertulia-de-los-as-emprendedores-as-bajo-el-nombre-claves-para-gestionar-la-incertidumbre-y-como-salir-fortalecida\/#primaryimage"},"thumbnailUrl":"https:\/\/iraurgiberritzen.eus\/wp-content\/uploads\/2023\/09\/884076e32a85fde4d5ab4fe1dc1af0d4.jpg","articleSection":["Noticias"],"inLanguage":"es"},{"@type":"WebPage","@id":"https:\/\/iraurgiberritzen.eus\/es\/6-cafe-tertulia-de-los-as-emprendedores-as-bajo-el-nombre-claves-para-gestionar-la-incertidumbre-y-como-salir-fortalecida\/","url":"https:\/\/iraurgiberritzen.eus\/es\/6-cafe-tertulia-de-los-as-emprendedores-as-bajo-el-nombre-claves-para-gestionar-la-incertidumbre-y-como-salir-fortalecida\/","name":"6. Caf\u00e9 Tertulia de los\/as emprendedores\/as bajo el nombre \"Claves para gestionar la incertidumbre y c\u00f3mo salir fortalecida\" - Iraurgi Berritzen","isPartOf":{"@id":"https:\/\/iraurgiberritzen.eus\/es\/#website"},"primaryImageOfPage":{"@id":"https:\/\/iraurgiberritzen.eus\/es\/6-cafe-tertulia-de-los-as-emprendedores-as-bajo-el-nombre-claves-para-gestionar-la-incertidumbre-y-como-salir-fortalecida\/#primaryimage"},"image":{"@id":"https:\/\/iraurgiberritzen.eus\/es\/6-cafe-tertulia-de-los-as-emprendedores-as-bajo-el-nombre-claves-para-gestionar-la-incertidumbre-y-como-salir-fortalecida\/#primaryimage"},"thumbnailUrl":"https:\/\/iraurgiberritzen.eus\/wp-content\/uploads\/2023\/09\/884076e32a85fde4d5ab4fe1dc1af0d4.jpg","datePublished":"2020-11-06T12:01:44+00:00","breadcrumb":{"@id":"https:\/\/iraurgiberritzen.eus\/es\/6-cafe-tertulia-de-los-as-emprendedores-as-bajo-el-nombre-claves-para-gestionar-la-incertidumbre-y-como-salir-fortalecida\/#breadcrumb"},"inLanguage":"es","potentialAction":[{"@type":"ReadAction","target":["https:\/\/iraurgiberritzen.eus\/es\/6-cafe-tertulia-de-los-as-emprendedores-as-bajo-el-nombre-claves-para-gestionar-la-incertidumbre-y-como-salir-fortalecida\/"]}]},{"@type":"ImageObject","inLanguage":"es","@id":"https:\/\/iraurgiberritzen.eus\/es\/6-cafe-tertulia-de-los-as-emprendedores-as-bajo-el-nombre-claves-para-gestionar-la-incertidumbre-y-como-salir-fortalecida\/#primaryimage","url":"https:\/\/iraurgiberritzen.eus\/wp-content\/uploads\/2023\/09\/884076e32a85fde4d5ab4fe1dc1af0d4.jpg","contentUrl":"https:\/\/iraurgiberritzen.eus\/wp-content\/uploads\/2023\/09\/884076e32a85fde4d5ab4fe1dc1af0d4.jpg","width":600,"height":386},{"@type":"BreadcrumbList","@id":"https:\/\/iraurgiberritzen.eus\/es\/6-cafe-tertulia-de-los-as-emprendedores-as-bajo-el-nombre-claves-para-gestionar-la-incertidumbre-y-como-salir-fortalecida\/#breadcrumb","itemListElement":[{"@type":"ListItem","position":1,"name":"Home","item":"https:\/\/iraurgiberritzen.eus\/es\/"},{"@type":"ListItem","position":2,"name":"6. Caf\u00e9 Tertulia de los\/as emprendedores\/as bajo el nombre &#8220;Claves para gestionar la incertidumbre y c\u00f3mo salir fortalecida&#8221;"}]},{"@type":"WebSite","@id":"https:\/\/iraurgiberritzen.eus\/es\/#website","url":"https:\/\/iraurgiberritzen.eus\/es\/","name":"Iraurgi Berritzen","description":"Urola Erdiko Garapen Agentzia","publisher":{"@id":"https:\/\/iraurgiberritzen.eus\/es\/#organization"},"potentialAction":[{"@type":"SearchAction","target":{"@type":"EntryPoint","urlTemplate":"https:\/\/iraurgiberritzen.eus\/es\/?s={search_term_string}"},"query-input":{"@type":"PropertyValueSpecification","valueRequired":true,"valueName":"search_term_string"}}],"inLanguage":"es"},{"@type":"Organization","@id":"https:\/\/iraurgiberritzen.eus\/es\/#organization","name":"Iraurgi Berritzen","url":"https:\/\/iraurgiberritzen.eus\/es\/","logo":{"@type":"ImageObject","inLanguage":"es","@id":"https:\/\/iraurgiberritzen.eus\/es\/#\/schema\/logo\/image\/","url":"https:\/\/iraurgiberritzen.eus\/wp-content\/uploads\/2024\/02\/IRAURGI-BERRITZEN-logotipoa_2.png","contentUrl":"https:\/\/iraurgiberritzen.eus\/wp-content\/uploads\/2024\/02\/IRAURGI-BERRITZEN-logotipoa_2.png","width":496,"height":190,"caption":"Iraurgi Berritzen"},"image":{"@id":"https:\/\/iraurgiberritzen.eus\/es\/#\/schema\/logo\/image\/"}},{"@type":"Person","@id":"https:\/\/iraurgiberritzen.eus\/es\/#\/schema\/person\/5ab41aaf388a9097177601ebf45738d2","name":"kudeatzailea","sameAs":["https:\/\/iraurgiberritzen.eus"]}]}},"_links":{"self":[{"href":"https:\/\/iraurgiberritzen.eus\/es\/wp-json\/wp\/v2\/posts\/13034","targetHints":{"allow":["GET"]}}],"collection":[{"href":"https:\/\/iraurgiberritzen.eus\/es\/wp-json\/wp\/v2\/posts"}],"about":[{"href":"https:\/\/iraurgiberritzen.eus\/es\/wp-json\/wp\/v2\/types\/post"}],"author":[{"embeddable":true,"href":"https:\/\/iraurgiberritzen.eus\/es\/wp-json\/wp\/v2\/users\/1"}],"replies":[{"embeddable":true,"href":"https:\/\/iraurgiberritzen.eus\/es\/wp-json\/wp\/v2\/comments?post=13034"}],"version-history":[{"count":0,"href":"https:\/\/iraurgiberritzen.eus\/es\/wp-json\/wp\/v2\/posts\/13034\/revisions"}],"wp:featuredmedia":[{"embeddable":true,"href":"https:\/\/iraurgiberritzen.eus\/es\/wp-json\/wp\/v2\/media\/17679"}],"wp:attachment":[{"href":"https:\/\/iraurgiberritzen.eus\/es\/wp-json\/wp\/v2\/media?parent=13034"}],"wp:term":[{"taxonomy":"category","embeddable":true,"href":"https:\/\/iraurgiberritzen.eus\/es\/wp-json\/wp\/v2\/categories?post=13034"},{"taxonomy":"post_tag","embeddable":true,"href":"https:\/\/iraurgiberritzen.eus\/es\/wp-json\/wp\/v2\/tags?post=13034"}],"curies":[{"name":"wp","href":"https:\/\/api.w.org\/{rel}","templated":true}]}}