{"id":13043,"date":"2020-11-12T15:53:04","date_gmt":"2020-11-12T13:53:04","guid":{"rendered":"https:\/\/iraurgiberritzen.eus\/desciende-el-numero-de-parados-de-urola-erdia-en-octubre\/"},"modified":"2020-11-12T15:53:04","modified_gmt":"2020-11-12T13:53:04","slug":"desciende-el-numero-de-parados-de-urola-erdia-en-octubre","status":"publish","type":"post","link":"https:\/\/iraurgiberritzen.eus\/es\/desciende-el-numero-de-parados-de-urola-erdia-en-octubre\/","title":{"rendered":"Desciende el n\u00famero de parados de Urola Erdia en Octubre"},"content":{"rendered":"<p style=\"text-align: justify;\">El n\u00famero de personas desempleadas en Urola Erdia ha empezado a descender desde el inicio de la crisis sanitaria \u00abCOVID-19\u00bb en marzo, ya que todos los municipios de la comarca han registrado un descenso en estos \u00faltimos dos meses. A finales de octubre, y siguiendo con la tendencia a la baja del \u00edndice de desempleo del anterior mes, Urola Erdia registr\u00f3 120 parados menos que en Septiembre.<\/p>\n<p style=\"text-align: justify;\">A finales de octubre, el \u00edndice de desempleo de Urola Erdia se sit\u00faa en el 9,4%, 7,9% en los hombres y 11,2% en las mujeres. En este momento, el \u00edndice de desempleo en la comarca es claramente inferior al de Gipuzkoa (10,5%) y al de la CAPV (12,9%).<\/p>\n<p style=\"text-align: justify;\">Sin embargo, en los \u00faltimos 6 meses el mercado laboral de la comarca ha registrado una evoluci\u00f3n negativa en los indicadores m\u00e1s relevantes. Entre otras, caben destacar las tendencias que se presentan a continuaci\u00f3n, con datos de septiembre y octubre:<\/p>\n<ul style=\"text-align: justify;\">\n<li>A finales de febrero de 2020 se contabilizaron 1.267 personas desempleadas en Urola Erdia y desde entonces este n\u00famero creci\u00f3 considerablemente hasta contabilizar 1.670 personas a finales de agosto. No obstante, tras 6 meses de tendencia ascendente, en septiembre se contabilizaron 1592 personas desempleadas, y en octubre, el n\u00famero total de desempleados ha descendido hasta 1.472 personas.<\/li>\n<li>La crisis sanitaria de los \u00faltimos meses ha afectado especialmente a personas menores de 25 a\u00f1os. A finales de febrero se contabilizaron 85 personas desempleadas menores de 25 a\u00f1os, mientras que en septiembre se han contabilizado un total de 166 personas.<\/li>\n<li>En cuanto a los contratos contabilizados entre marzo y septiembre, en general se registra un descenso significativo en Urola Erdia, Gipuzkoa y la CAPV. En la comarca, entre marzo y septiembre, se han contabilizado un total de 2.792 contratos, el 55,3% de los contratos contabilizados en el mismo periodo del a\u00f1o pasado.<\/li>\n<li>En cuanto a los datos de afiliaci\u00f3n, en septiembre se han contabilizado 12.303 afiliaciones en la comarca, 218 menos que a finales de febrero. Este descenso se ha producido principalmente en la industria, el comercio mayorista y minorista y la hosteler\u00eda.<\/li>\n<li>En cuanto a la Renta de Garant\u00eda de Ingresos (RGI), a finales de septiembre Urola Erdia ha contabilizado 53 expedientes m\u00e1s que en febrero, con un total de 588 expedientes.<\/li>\n<\/ul>\n<p style=\"text-align: justify;\">Iraurgi Berritzen pretende continuar con el an\u00e1lisis de la realidad socioecon\u00f3mica de la comarca en los pr\u00f3ximos meses con el objetivo de conocer en todo momento la evoluci\u00f3n de su mercado de trabajo y adecuar las pol\u00edticas de promoci\u00f3n comarcal a las necesidades del momento.<\/p>\n","protected":false},"excerpt":{"rendered":"<p>El n\u00famero de personas desempleadas en Urola Erdia ha empezado a descender desde el inicio de la crisis sanitaria \u00abCOVID-19\u00bb en marzo, ya que todos los municipios de la comarca han registrado un descenso en estos \u00faltimos dos meses. A finales de octubre, y siguiendo con la tendencia a la baja del \u00edndice de desempleo [&hellip;]<\/p>\n","protected":false},"author":1,"featured_media":17682,"comment_status":"","ping_status":"closed","sticky":false,"template":"","format":"standard","meta":{"_acf_changed":false,"footnotes":""},"categories":[4],"tags":[],"class_list":["post-13043","post","type-post","status-publish","format-standard","has-post-thumbnail","hentry","category-noticias"],"acf":[],"yoast_head":"<!-- This site is optimized with the Yoast SEO plugin v27.4 - https:\/\/yoast.com\/product\/yoast-seo-wordpress\/ -->\n<title>Desciende el n\u00famero de parados de Urola Erdia en Octubre - Iraurgi Berritzen<\/title>\n<meta name=\"robots\" content=\"index, follow, max-snippet:-1, max-image-preview:large, max-video-preview:-1\" \/>\n<link rel=\"canonical\" href=\"https:\/\/iraurgiberritzen.eus\/es\/desciende-el-numero-de-parados-de-urola-erdia-en-octubre\/\" \/>\n<meta property=\"og:locale\" content=\"es_ES\" \/>\n<meta property=\"og:type\" content=\"article\" \/>\n<meta property=\"og:title\" content=\"Desciende el n\u00famero de parados de Urola Erdia en Octubre - Iraurgi Berritzen\" \/>\n<meta property=\"og:description\" content=\"El n\u00famero de personas desempleadas en Urola Erdia ha empezado a descender desde el inicio de la crisis sanitaria \u00abCOVID-19\u00bb en marzo, ya que todos los municipios de la comarca han registrado un descenso en estos \u00faltimos dos meses. A finales de octubre, y siguiendo con la tendencia a la baja del \u00edndice de desempleo [&hellip;]\" \/>\n<meta property=\"og:url\" content=\"https:\/\/iraurgiberritzen.eus\/es\/desciende-el-numero-de-parados-de-urola-erdia-en-octubre\/\" \/>\n<meta property=\"og:site_name\" content=\"Iraurgi Berritzen\" \/>\n<meta property=\"article:published_time\" content=\"2020-11-12T13:53:04+00:00\" \/>\n<meta name=\"author\" content=\"kudeatzailea\" \/>\n<meta name=\"twitter:card\" content=\"summary_large_image\" \/>\n<meta name=\"twitter:label1\" content=\"Escrito por\" \/>\n\t<meta name=\"twitter:data1\" content=\"kudeatzailea\" \/>\n\t<meta name=\"twitter:label2\" content=\"Tiempo de lectura\" \/>\n\t<meta name=\"twitter:data2\" content=\"2 minutos\" \/>\n<script type=\"application\/ld+json\" class=\"yoast-schema-graph\">{\"@context\":\"https:\\\/\\\/schema.org\",\"@graph\":[{\"@type\":\"Article\",\"@id\":\"https:\\\/\\\/iraurgiberritzen.eus\\\/es\\\/desciende-el-numero-de-parados-de-urola-erdia-en-octubre\\\/#article\",\"isPartOf\":{\"@id\":\"https:\\\/\\\/iraurgiberritzen.eus\\\/es\\\/desciende-el-numero-de-parados-de-urola-erdia-en-octubre\\\/\"},\"author\":{\"name\":\"kudeatzailea\",\"@id\":\"https:\\\/\\\/iraurgiberritzen.eus\\\/es\\\/#\\\/schema\\\/person\\\/5ab41aaf388a9097177601ebf45738d2\"},\"headline\":\"Desciende el n\u00famero de parados de Urola Erdia en Octubre\",\"datePublished\":\"2020-11-12T13:53:04+00:00\",\"mainEntityOfPage\":{\"@id\":\"https:\\\/\\\/iraurgiberritzen.eus\\\/es\\\/desciende-el-numero-de-parados-de-urola-erdia-en-octubre\\\/\"},\"wordCount\":429,\"publisher\":{\"@id\":\"https:\\\/\\\/iraurgiberritzen.eus\\\/es\\\/#organization\"},\"image\":{\"@id\":\"https:\\\/\\\/iraurgiberritzen.eus\\\/es\\\/desciende-el-numero-de-parados-de-urola-erdia-en-octubre\\\/#primaryimage\"},\"thumbnailUrl\":\"https:\\\/\\\/iraurgiberritzen.eus\\\/wp-content\\\/uploads\\\/2023\\\/09\\\/a6e4d9622a775d7eed800918154a7577.jpg\",\"articleSection\":[\"Noticias\"],\"inLanguage\":\"es\"},{\"@type\":\"WebPage\",\"@id\":\"https:\\\/\\\/iraurgiberritzen.eus\\\/es\\\/desciende-el-numero-de-parados-de-urola-erdia-en-octubre\\\/\",\"url\":\"https:\\\/\\\/iraurgiberritzen.eus\\\/es\\\/desciende-el-numero-de-parados-de-urola-erdia-en-octubre\\\/\",\"name\":\"Desciende el n\u00famero de parados de Urola Erdia en Octubre - Iraurgi Berritzen\",\"isPartOf\":{\"@id\":\"https:\\\/\\\/iraurgiberritzen.eus\\\/es\\\/#website\"},\"primaryImageOfPage\":{\"@id\":\"https:\\\/\\\/iraurgiberritzen.eus\\\/es\\\/desciende-el-numero-de-parados-de-urola-erdia-en-octubre\\\/#primaryimage\"},\"image\":{\"@id\":\"https:\\\/\\\/iraurgiberritzen.eus\\\/es\\\/desciende-el-numero-de-parados-de-urola-erdia-en-octubre\\\/#primaryimage\"},\"thumbnailUrl\":\"https:\\\/\\\/iraurgiberritzen.eus\\\/wp-content\\\/uploads\\\/2023\\\/09\\\/a6e4d9622a775d7eed800918154a7577.jpg\",\"datePublished\":\"2020-11-12T13:53:04+00:00\",\"breadcrumb\":{\"@id\":\"https:\\\/\\\/iraurgiberritzen.eus\\\/es\\\/desciende-el-numero-de-parados-de-urola-erdia-en-octubre\\\/#breadcrumb\"},\"inLanguage\":\"es\",\"potentialAction\":[{\"@type\":\"ReadAction\",\"target\":[\"https:\\\/\\\/iraurgiberritzen.eus\\\/es\\\/desciende-el-numero-de-parados-de-urola-erdia-en-octubre\\\/\"]}]},{\"@type\":\"ImageObject\",\"inLanguage\":\"es\",\"@id\":\"https:\\\/\\\/iraurgiberritzen.eus\\\/es\\\/desciende-el-numero-de-parados-de-urola-erdia-en-octubre\\\/#primaryimage\",\"url\":\"https:\\\/\\\/iraurgiberritzen.eus\\\/wp-content\\\/uploads\\\/2023\\\/09\\\/a6e4d9622a775d7eed800918154a7577.jpg\",\"contentUrl\":\"https:\\\/\\\/iraurgiberritzen.eus\\\/wp-content\\\/uploads\\\/2023\\\/09\\\/a6e4d9622a775d7eed800918154a7577.jpg\",\"width\":600,\"height\":388},{\"@type\":\"BreadcrumbList\",\"@id\":\"https:\\\/\\\/iraurgiberritzen.eus\\\/es\\\/desciende-el-numero-de-parados-de-urola-erdia-en-octubre\\\/#breadcrumb\",\"itemListElement\":[{\"@type\":\"ListItem\",\"position\":1,\"name\":\"Home\",\"item\":\"https:\\\/\\\/iraurgiberritzen.eus\\\/es\\\/\"},{\"@type\":\"ListItem\",\"position\":2,\"name\":\"Desciende el n\u00famero de parados de Urola Erdia en Octubre\"}]},{\"@type\":\"WebSite\",\"@id\":\"https:\\\/\\\/iraurgiberritzen.eus\\\/es\\\/#website\",\"url\":\"https:\\\/\\\/iraurgiberritzen.eus\\\/es\\\/\",\"name\":\"Iraurgi Berritzen\",\"description\":\"Urola Erdiko Garapen Agentzia\",\"publisher\":{\"@id\":\"https:\\\/\\\/iraurgiberritzen.eus\\\/es\\\/#organization\"},\"potentialAction\":[{\"@type\":\"SearchAction\",\"target\":{\"@type\":\"EntryPoint\",\"urlTemplate\":\"https:\\\/\\\/iraurgiberritzen.eus\\\/es\\\/?s={search_term_string}\"},\"query-input\":{\"@type\":\"PropertyValueSpecification\",\"valueRequired\":true,\"valueName\":\"search_term_string\"}}],\"inLanguage\":\"es\"},{\"@type\":\"Organization\",\"@id\":\"https:\\\/\\\/iraurgiberritzen.eus\\\/es\\\/#organization\",\"name\":\"Iraurgi Berritzen\",\"url\":\"https:\\\/\\\/iraurgiberritzen.eus\\\/es\\\/\",\"logo\":{\"@type\":\"ImageObject\",\"inLanguage\":\"es\",\"@id\":\"https:\\\/\\\/iraurgiberritzen.eus\\\/es\\\/#\\\/schema\\\/logo\\\/image\\\/\",\"url\":\"https:\\\/\\\/iraurgiberritzen.eus\\\/wp-content\\\/uploads\\\/2024\\\/02\\\/IRAURGI-BERRITZEN-logotipoa_2.png\",\"contentUrl\":\"https:\\\/\\\/iraurgiberritzen.eus\\\/wp-content\\\/uploads\\\/2024\\\/02\\\/IRAURGI-BERRITZEN-logotipoa_2.png\",\"width\":496,\"height\":190,\"caption\":\"Iraurgi Berritzen\"},\"image\":{\"@id\":\"https:\\\/\\\/iraurgiberritzen.eus\\\/es\\\/#\\\/schema\\\/logo\\\/image\\\/\"}},{\"@type\":\"Person\",\"@id\":\"https:\\\/\\\/iraurgiberritzen.eus\\\/es\\\/#\\\/schema\\\/person\\\/5ab41aaf388a9097177601ebf45738d2\",\"name\":\"kudeatzailea\",\"sameAs\":[\"https:\\\/\\\/iraurgiberritzen.eus\"]}]}<\/script>\n<!-- \/ Yoast SEO plugin. -->","yoast_head_json":{"title":"Desciende el n\u00famero de parados de Urola Erdia en Octubre - Iraurgi Berritzen","robots":{"index":"index","follow":"follow","max-snippet":"max-snippet:-1","max-image-preview":"max-image-preview:large","max-video-preview":"max-video-preview:-1"},"canonical":"https:\/\/iraurgiberritzen.eus\/es\/desciende-el-numero-de-parados-de-urola-erdia-en-octubre\/","og_locale":"es_ES","og_type":"article","og_title":"Desciende el n\u00famero de parados de Urola Erdia en Octubre - Iraurgi Berritzen","og_description":"El n\u00famero de personas desempleadas en Urola Erdia ha empezado a descender desde el inicio de la crisis sanitaria \u00abCOVID-19\u00bb en marzo, ya que todos los municipios de la comarca han registrado un descenso en estos \u00faltimos dos meses. A finales de octubre, y siguiendo con la tendencia a la baja del \u00edndice de desempleo [&hellip;]","og_url":"https:\/\/iraurgiberritzen.eus\/es\/desciende-el-numero-de-parados-de-urola-erdia-en-octubre\/","og_site_name":"Iraurgi Berritzen","article_published_time":"2020-11-12T13:53:04+00:00","author":"kudeatzailea","twitter_card":"summary_large_image","twitter_misc":{"Escrito por":"kudeatzailea","Tiempo de lectura":"2 minutos"},"schema":{"@context":"https:\/\/schema.org","@graph":[{"@type":"Article","@id":"https:\/\/iraurgiberritzen.eus\/es\/desciende-el-numero-de-parados-de-urola-erdia-en-octubre\/#article","isPartOf":{"@id":"https:\/\/iraurgiberritzen.eus\/es\/desciende-el-numero-de-parados-de-urola-erdia-en-octubre\/"},"author":{"name":"kudeatzailea","@id":"https:\/\/iraurgiberritzen.eus\/es\/#\/schema\/person\/5ab41aaf388a9097177601ebf45738d2"},"headline":"Desciende el n\u00famero de parados de Urola Erdia en Octubre","datePublished":"2020-11-12T13:53:04+00:00","mainEntityOfPage":{"@id":"https:\/\/iraurgiberritzen.eus\/es\/desciende-el-numero-de-parados-de-urola-erdia-en-octubre\/"},"wordCount":429,"publisher":{"@id":"https:\/\/iraurgiberritzen.eus\/es\/#organization"},"image":{"@id":"https:\/\/iraurgiberritzen.eus\/es\/desciende-el-numero-de-parados-de-urola-erdia-en-octubre\/#primaryimage"},"thumbnailUrl":"https:\/\/iraurgiberritzen.eus\/wp-content\/uploads\/2023\/09\/a6e4d9622a775d7eed800918154a7577.jpg","articleSection":["Noticias"],"inLanguage":"es"},{"@type":"WebPage","@id":"https:\/\/iraurgiberritzen.eus\/es\/desciende-el-numero-de-parados-de-urola-erdia-en-octubre\/","url":"https:\/\/iraurgiberritzen.eus\/es\/desciende-el-numero-de-parados-de-urola-erdia-en-octubre\/","name":"Desciende el n\u00famero de parados de Urola Erdia en Octubre - Iraurgi Berritzen","isPartOf":{"@id":"https:\/\/iraurgiberritzen.eus\/es\/#website"},"primaryImageOfPage":{"@id":"https:\/\/iraurgiberritzen.eus\/es\/desciende-el-numero-de-parados-de-urola-erdia-en-octubre\/#primaryimage"},"image":{"@id":"https:\/\/iraurgiberritzen.eus\/es\/desciende-el-numero-de-parados-de-urola-erdia-en-octubre\/#primaryimage"},"thumbnailUrl":"https:\/\/iraurgiberritzen.eus\/wp-content\/uploads\/2023\/09\/a6e4d9622a775d7eed800918154a7577.jpg","datePublished":"2020-11-12T13:53:04+00:00","breadcrumb":{"@id":"https:\/\/iraurgiberritzen.eus\/es\/desciende-el-numero-de-parados-de-urola-erdia-en-octubre\/#breadcrumb"},"inLanguage":"es","potentialAction":[{"@type":"ReadAction","target":["https:\/\/iraurgiberritzen.eus\/es\/desciende-el-numero-de-parados-de-urola-erdia-en-octubre\/"]}]},{"@type":"ImageObject","inLanguage":"es","@id":"https:\/\/iraurgiberritzen.eus\/es\/desciende-el-numero-de-parados-de-urola-erdia-en-octubre\/#primaryimage","url":"https:\/\/iraurgiberritzen.eus\/wp-content\/uploads\/2023\/09\/a6e4d9622a775d7eed800918154a7577.jpg","contentUrl":"https:\/\/iraurgiberritzen.eus\/wp-content\/uploads\/2023\/09\/a6e4d9622a775d7eed800918154a7577.jpg","width":600,"height":388},{"@type":"BreadcrumbList","@id":"https:\/\/iraurgiberritzen.eus\/es\/desciende-el-numero-de-parados-de-urola-erdia-en-octubre\/#breadcrumb","itemListElement":[{"@type":"ListItem","position":1,"name":"Home","item":"https:\/\/iraurgiberritzen.eus\/es\/"},{"@type":"ListItem","position":2,"name":"Desciende el n\u00famero de parados de Urola Erdia en Octubre"}]},{"@type":"WebSite","@id":"https:\/\/iraurgiberritzen.eus\/es\/#website","url":"https:\/\/iraurgiberritzen.eus\/es\/","name":"Iraurgi Berritzen","description":"Urola Erdiko Garapen Agentzia","publisher":{"@id":"https:\/\/iraurgiberritzen.eus\/es\/#organization"},"potentialAction":[{"@type":"SearchAction","target":{"@type":"EntryPoint","urlTemplate":"https:\/\/iraurgiberritzen.eus\/es\/?s={search_term_string}"},"query-input":{"@type":"PropertyValueSpecification","valueRequired":true,"valueName":"search_term_string"}}],"inLanguage":"es"},{"@type":"Organization","@id":"https:\/\/iraurgiberritzen.eus\/es\/#organization","name":"Iraurgi Berritzen","url":"https:\/\/iraurgiberritzen.eus\/es\/","logo":{"@type":"ImageObject","inLanguage":"es","@id":"https:\/\/iraurgiberritzen.eus\/es\/#\/schema\/logo\/image\/","url":"https:\/\/iraurgiberritzen.eus\/wp-content\/uploads\/2024\/02\/IRAURGI-BERRITZEN-logotipoa_2.png","contentUrl":"https:\/\/iraurgiberritzen.eus\/wp-content\/uploads\/2024\/02\/IRAURGI-BERRITZEN-logotipoa_2.png","width":496,"height":190,"caption":"Iraurgi Berritzen"},"image":{"@id":"https:\/\/iraurgiberritzen.eus\/es\/#\/schema\/logo\/image\/"}},{"@type":"Person","@id":"https:\/\/iraurgiberritzen.eus\/es\/#\/schema\/person\/5ab41aaf388a9097177601ebf45738d2","name":"kudeatzailea","sameAs":["https:\/\/iraurgiberritzen.eus"]}]}},"_links":{"self":[{"href":"https:\/\/iraurgiberritzen.eus\/es\/wp-json\/wp\/v2\/posts\/13043","targetHints":{"allow":["GET"]}}],"collection":[{"href":"https:\/\/iraurgiberritzen.eus\/es\/wp-json\/wp\/v2\/posts"}],"about":[{"href":"https:\/\/iraurgiberritzen.eus\/es\/wp-json\/wp\/v2\/types\/post"}],"author":[{"embeddable":true,"href":"https:\/\/iraurgiberritzen.eus\/es\/wp-json\/wp\/v2\/users\/1"}],"replies":[{"embeddable":true,"href":"https:\/\/iraurgiberritzen.eus\/es\/wp-json\/wp\/v2\/comments?post=13043"}],"version-history":[{"count":0,"href":"https:\/\/iraurgiberritzen.eus\/es\/wp-json\/wp\/v2\/posts\/13043\/revisions"}],"wp:featuredmedia":[{"embeddable":true,"href":"https:\/\/iraurgiberritzen.eus\/es\/wp-json\/wp\/v2\/media\/17682"}],"wp:attachment":[{"href":"https:\/\/iraurgiberritzen.eus\/es\/wp-json\/wp\/v2\/media?parent=13043"}],"wp:term":[{"taxonomy":"category","embeddable":true,"href":"https:\/\/iraurgiberritzen.eus\/es\/wp-json\/wp\/v2\/categories?post=13043"},{"taxonomy":"post_tag","embeddable":true,"href":"https:\/\/iraurgiberritzen.eus\/es\/wp-json\/wp\/v2\/tags?post=13043"}],"curies":[{"name":"wp","href":"https:\/\/api.w.org\/{rel}","templated":true}]}}