{"id":13046,"date":"2020-11-13T07:50:47","date_gmt":"2020-11-13T05:50:47","guid":{"rendered":"https:\/\/iraurgiberritzen.eus\/el-consejo-ib-ha-analizado-el-modelo-de-colaboracion-comarcal-con-la-diputacion-y-orkestra\/"},"modified":"2020-11-13T07:50:47","modified_gmt":"2020-11-13T05:50:47","slug":"el-consejo-ib-ha-analizado-el-modelo-de-colaboracion-comarcal-con-la-diputacion-y-orkestra","status":"publish","type":"post","link":"https:\/\/iraurgiberritzen.eus\/es\/el-consejo-ib-ha-analizado-el-modelo-de-colaboracion-comarcal-con-la-diputacion-y-orkestra\/","title":{"rendered":"El Consejo IB ha analizado el modelo de colaboraci\u00f3n comarcal con la Diputaci\u00f3n y Orkestra"},"content":{"rendered":"<p style=\"text-align: justify;\">El pasado 12 de noviembre, el <strong>Consejo de Iraurgi Berritzen<\/strong> formado por representantes de ayuntamientos, empresas, agentes educativos y de empleo, se ha reunido en Azpeitia para celebrar on line el segundo encuentro del a\u00f1o.<\/p>\n<p style=\"text-align: justify;\">El fin del Consejo es precisamente promover la colaboraci\u00f3n entre los diferentes \u00e1mbitos socioecon\u00f3micos a trav\u00e9s de diferentes proyectos, siempre con el compromiso de la promoci\u00f3n socioecon\u00f3mica de la comarca. En total han participado 19 personas de diferentes \u00e1mbitos.<\/p>\n<p style=\"text-align: justify;\">En esta ocasi\u00f3n han participado representantes de la DFG y Orkestra. Concretamente, Iker Estensoro, (Director de Promoci\u00f3n Econ\u00f3mica) y Joseba Amondarain (Jefe de Servicio de Promoci\u00f3n Econ\u00f3mica) de la DFG y, Miren Estensoro y Amaia Zumeaga de Orkestra.<\/p>\n<p style=\"text-align: justify;\">En ella, los representantes han presentado la situaci\u00f3n de cada gune, los pasos que han dado, la valoraci\u00f3n y las l\u00edneas de trabajo del Plan de Gesti\u00f3n 2021: la situaci\u00f3n actual de las empresas y los proyectos en desarrollo, el desempleo y los servicios y proyectos activados, la apuesta del modelo de cooperaci\u00f3n comarcal por parte de los ayuntamientos y los objetivos de los centros siempre adaptados a la situaci\u00f3n actual.<\/p>\n<p style=\"text-align: justify;\">En la segunda parte se han analizado las conclusiones y sistematizaci\u00f3n del \u00aban\u00e1lisis de los modelos de gobernanza comarcales para la competitividad de las pymes\u00bb, a cargo de Orkestra, y situaci\u00f3n de la comarca de Urola Erdia. Se ha hecho especial hincapi\u00e9 en el grado de desarrollo, evoluci\u00f3n, caracter\u00edsticas y logros del modelo de cooperaci\u00f3n de la comarca.<\/p>\n<p style=\"text-align: justify;\">De cara a futuro, la Agencia de Desarrollo e Innovaci\u00f3n ha planteado diferentes posibilidades previstas para reforzar el modelo de gobernanza, teniendo en cuenta los diferentes \u00e1mbitos, algunas de las cuales ya se est\u00e1n trabajando y otras a modo de propuesta. En este sentido, los participantes han tenido la oportunidad de intercambiar puntos de vista y opiniones, comprometi\u00e9ndose a seguir colaborando en esta l\u00ednea.<\/p>\n","protected":false},"excerpt":{"rendered":"<p>El pasado 12 de noviembre, el Consejo de Iraurgi Berritzen formado por representantes de ayuntamientos, empresas, agentes educativos y de empleo, se ha reunido en Azpeitia para celebrar on line el segundo encuentro del a\u00f1o. El fin del Consejo es precisamente promover la colaboraci\u00f3n entre los diferentes \u00e1mbitos socioecon\u00f3micos a trav\u00e9s de diferentes proyectos, siempre [&hellip;]<\/p>\n","protected":false},"author":1,"featured_media":17683,"comment_status":"","ping_status":"closed","sticky":false,"template":"","format":"standard","meta":{"_acf_changed":false,"footnotes":""},"categories":[4],"tags":[],"class_list":["post-13046","post","type-post","status-publish","format-standard","has-post-thumbnail","hentry","category-noticias"],"acf":[],"yoast_head":"<!-- This site is optimized with the Yoast SEO plugin v27.4 - https:\/\/yoast.com\/product\/yoast-seo-wordpress\/ -->\n<title>El Consejo IB ha analizado el modelo de colaboraci\u00f3n comarcal con la Diputaci\u00f3n y Orkestra - Iraurgi Berritzen<\/title>\n<meta name=\"robots\" content=\"index, follow, max-snippet:-1, max-image-preview:large, max-video-preview:-1\" \/>\n<link rel=\"canonical\" href=\"https:\/\/iraurgiberritzen.eus\/es\/el-consejo-ib-ha-analizado-el-modelo-de-colaboracion-comarcal-con-la-diputacion-y-orkestra\/\" \/>\n<meta property=\"og:locale\" content=\"es_ES\" \/>\n<meta property=\"og:type\" content=\"article\" \/>\n<meta property=\"og:title\" content=\"El Consejo IB ha analizado el modelo de colaboraci\u00f3n comarcal con la Diputaci\u00f3n y Orkestra - Iraurgi Berritzen\" \/>\n<meta property=\"og:description\" content=\"El pasado 12 de noviembre, el Consejo de Iraurgi Berritzen formado por representantes de ayuntamientos, empresas, agentes educativos y de empleo, se ha reunido en Azpeitia para celebrar on line el segundo encuentro del a\u00f1o. El fin del Consejo es precisamente promover la colaboraci\u00f3n entre los diferentes \u00e1mbitos socioecon\u00f3micos a trav\u00e9s de diferentes proyectos, siempre [&hellip;]\" \/>\n<meta property=\"og:url\" content=\"https:\/\/iraurgiberritzen.eus\/es\/el-consejo-ib-ha-analizado-el-modelo-de-colaboracion-comarcal-con-la-diputacion-y-orkestra\/\" \/>\n<meta property=\"og:site_name\" content=\"Iraurgi Berritzen\" \/>\n<meta property=\"article:published_time\" content=\"2020-11-13T05:50:47+00:00\" \/>\n<meta name=\"author\" content=\"kudeatzailea\" \/>\n<meta name=\"twitter:card\" content=\"summary_large_image\" \/>\n<meta name=\"twitter:label1\" content=\"Escrito por\" \/>\n\t<meta name=\"twitter:data1\" content=\"kudeatzailea\" \/>\n\t<meta name=\"twitter:label2\" content=\"Tiempo de lectura\" \/>\n\t<meta name=\"twitter:data2\" content=\"2 minutos\" \/>\n<script type=\"application\/ld+json\" class=\"yoast-schema-graph\">{\"@context\":\"https:\\\/\\\/schema.org\",\"@graph\":[{\"@type\":\"Article\",\"@id\":\"https:\\\/\\\/iraurgiberritzen.eus\\\/es\\\/el-consejo-ib-ha-analizado-el-modelo-de-colaboracion-comarcal-con-la-diputacion-y-orkestra\\\/#article\",\"isPartOf\":{\"@id\":\"https:\\\/\\\/iraurgiberritzen.eus\\\/es\\\/el-consejo-ib-ha-analizado-el-modelo-de-colaboracion-comarcal-con-la-diputacion-y-orkestra\\\/\"},\"author\":{\"name\":\"kudeatzailea\",\"@id\":\"https:\\\/\\\/iraurgiberritzen.eus\\\/es\\\/#\\\/schema\\\/person\\\/5ab41aaf388a9097177601ebf45738d2\"},\"headline\":\"El Consejo IB ha analizado el modelo de colaboraci\u00f3n comarcal con la Diputaci\u00f3n y Orkestra\",\"datePublished\":\"2020-11-13T05:50:47+00:00\",\"mainEntityOfPage\":{\"@id\":\"https:\\\/\\\/iraurgiberritzen.eus\\\/es\\\/el-consejo-ib-ha-analizado-el-modelo-de-colaboracion-comarcal-con-la-diputacion-y-orkestra\\\/\"},\"wordCount\":347,\"publisher\":{\"@id\":\"https:\\\/\\\/iraurgiberritzen.eus\\\/es\\\/#organization\"},\"image\":{\"@id\":\"https:\\\/\\\/iraurgiberritzen.eus\\\/es\\\/el-consejo-ib-ha-analizado-el-modelo-de-colaboracion-comarcal-con-la-diputacion-y-orkestra\\\/#primaryimage\"},\"thumbnailUrl\":\"https:\\\/\\\/iraurgiberritzen.eus\\\/wp-content\\\/uploads\\\/2023\\\/09\\\/2cf1f8d39e0698fbf0c2be15e9fa8cfb.jpg\",\"articleSection\":[\"Noticias\"],\"inLanguage\":\"es\"},{\"@type\":\"WebPage\",\"@id\":\"https:\\\/\\\/iraurgiberritzen.eus\\\/es\\\/el-consejo-ib-ha-analizado-el-modelo-de-colaboracion-comarcal-con-la-diputacion-y-orkestra\\\/\",\"url\":\"https:\\\/\\\/iraurgiberritzen.eus\\\/es\\\/el-consejo-ib-ha-analizado-el-modelo-de-colaboracion-comarcal-con-la-diputacion-y-orkestra\\\/\",\"name\":\"El Consejo IB ha analizado el modelo de colaboraci\u00f3n comarcal con la Diputaci\u00f3n y Orkestra - Iraurgi Berritzen\",\"isPartOf\":{\"@id\":\"https:\\\/\\\/iraurgiberritzen.eus\\\/es\\\/#website\"},\"primaryImageOfPage\":{\"@id\":\"https:\\\/\\\/iraurgiberritzen.eus\\\/es\\\/el-consejo-ib-ha-analizado-el-modelo-de-colaboracion-comarcal-con-la-diputacion-y-orkestra\\\/#primaryimage\"},\"image\":{\"@id\":\"https:\\\/\\\/iraurgiberritzen.eus\\\/es\\\/el-consejo-ib-ha-analizado-el-modelo-de-colaboracion-comarcal-con-la-diputacion-y-orkestra\\\/#primaryimage\"},\"thumbnailUrl\":\"https:\\\/\\\/iraurgiberritzen.eus\\\/wp-content\\\/uploads\\\/2023\\\/09\\\/2cf1f8d39e0698fbf0c2be15e9fa8cfb.jpg\",\"datePublished\":\"2020-11-13T05:50:47+00:00\",\"breadcrumb\":{\"@id\":\"https:\\\/\\\/iraurgiberritzen.eus\\\/es\\\/el-consejo-ib-ha-analizado-el-modelo-de-colaboracion-comarcal-con-la-diputacion-y-orkestra\\\/#breadcrumb\"},\"inLanguage\":\"es\",\"potentialAction\":[{\"@type\":\"ReadAction\",\"target\":[\"https:\\\/\\\/iraurgiberritzen.eus\\\/es\\\/el-consejo-ib-ha-analizado-el-modelo-de-colaboracion-comarcal-con-la-diputacion-y-orkestra\\\/\"]}]},{\"@type\":\"ImageObject\",\"inLanguage\":\"es\",\"@id\":\"https:\\\/\\\/iraurgiberritzen.eus\\\/es\\\/el-consejo-ib-ha-analizado-el-modelo-de-colaboracion-comarcal-con-la-diputacion-y-orkestra\\\/#primaryimage\",\"url\":\"https:\\\/\\\/iraurgiberritzen.eus\\\/wp-content\\\/uploads\\\/2023\\\/09\\\/2cf1f8d39e0698fbf0c2be15e9fa8cfb.jpg\",\"contentUrl\":\"https:\\\/\\\/iraurgiberritzen.eus\\\/wp-content\\\/uploads\\\/2023\\\/09\\\/2cf1f8d39e0698fbf0c2be15e9fa8cfb.jpg\",\"width\":600,\"height\":386},{\"@type\":\"BreadcrumbList\",\"@id\":\"https:\\\/\\\/iraurgiberritzen.eus\\\/es\\\/el-consejo-ib-ha-analizado-el-modelo-de-colaboracion-comarcal-con-la-diputacion-y-orkestra\\\/#breadcrumb\",\"itemListElement\":[{\"@type\":\"ListItem\",\"position\":1,\"name\":\"Home\",\"item\":\"https:\\\/\\\/iraurgiberritzen.eus\\\/es\\\/\"},{\"@type\":\"ListItem\",\"position\":2,\"name\":\"El Consejo IB ha analizado el modelo de colaboraci\u00f3n comarcal con la Diputaci\u00f3n y Orkestra\"}]},{\"@type\":\"WebSite\",\"@id\":\"https:\\\/\\\/iraurgiberritzen.eus\\\/es\\\/#website\",\"url\":\"https:\\\/\\\/iraurgiberritzen.eus\\\/es\\\/\",\"name\":\"Iraurgi Berritzen\",\"description\":\"Urola Erdiko Garapen Agentzia\",\"publisher\":{\"@id\":\"https:\\\/\\\/iraurgiberritzen.eus\\\/es\\\/#organization\"},\"potentialAction\":[{\"@type\":\"SearchAction\",\"target\":{\"@type\":\"EntryPoint\",\"urlTemplate\":\"https:\\\/\\\/iraurgiberritzen.eus\\\/es\\\/?s={search_term_string}\"},\"query-input\":{\"@type\":\"PropertyValueSpecification\",\"valueRequired\":true,\"valueName\":\"search_term_string\"}}],\"inLanguage\":\"es\"},{\"@type\":\"Organization\",\"@id\":\"https:\\\/\\\/iraurgiberritzen.eus\\\/es\\\/#organization\",\"name\":\"Iraurgi Berritzen\",\"url\":\"https:\\\/\\\/iraurgiberritzen.eus\\\/es\\\/\",\"logo\":{\"@type\":\"ImageObject\",\"inLanguage\":\"es\",\"@id\":\"https:\\\/\\\/iraurgiberritzen.eus\\\/es\\\/#\\\/schema\\\/logo\\\/image\\\/\",\"url\":\"https:\\\/\\\/iraurgiberritzen.eus\\\/wp-content\\\/uploads\\\/2024\\\/02\\\/IRAURGI-BERRITZEN-logotipoa_2.png\",\"contentUrl\":\"https:\\\/\\\/iraurgiberritzen.eus\\\/wp-content\\\/uploads\\\/2024\\\/02\\\/IRAURGI-BERRITZEN-logotipoa_2.png\",\"width\":496,\"height\":190,\"caption\":\"Iraurgi Berritzen\"},\"image\":{\"@id\":\"https:\\\/\\\/iraurgiberritzen.eus\\\/es\\\/#\\\/schema\\\/logo\\\/image\\\/\"}},{\"@type\":\"Person\",\"@id\":\"https:\\\/\\\/iraurgiberritzen.eus\\\/es\\\/#\\\/schema\\\/person\\\/5ab41aaf388a9097177601ebf45738d2\",\"name\":\"kudeatzailea\",\"sameAs\":[\"https:\\\/\\\/iraurgiberritzen.eus\"]}]}<\/script>\n<!-- \/ Yoast SEO plugin. -->","yoast_head_json":{"title":"El Consejo IB ha analizado el modelo de colaboraci\u00f3n comarcal con la Diputaci\u00f3n y Orkestra - Iraurgi Berritzen","robots":{"index":"index","follow":"follow","max-snippet":"max-snippet:-1","max-image-preview":"max-image-preview:large","max-video-preview":"max-video-preview:-1"},"canonical":"https:\/\/iraurgiberritzen.eus\/es\/el-consejo-ib-ha-analizado-el-modelo-de-colaboracion-comarcal-con-la-diputacion-y-orkestra\/","og_locale":"es_ES","og_type":"article","og_title":"El Consejo IB ha analizado el modelo de colaboraci\u00f3n comarcal con la Diputaci\u00f3n y Orkestra - Iraurgi Berritzen","og_description":"El pasado 12 de noviembre, el Consejo de Iraurgi Berritzen formado por representantes de ayuntamientos, empresas, agentes educativos y de empleo, se ha reunido en Azpeitia para celebrar on line el segundo encuentro del a\u00f1o. El fin del Consejo es precisamente promover la colaboraci\u00f3n entre los diferentes \u00e1mbitos socioecon\u00f3micos a trav\u00e9s de diferentes proyectos, siempre [&hellip;]","og_url":"https:\/\/iraurgiberritzen.eus\/es\/el-consejo-ib-ha-analizado-el-modelo-de-colaboracion-comarcal-con-la-diputacion-y-orkestra\/","og_site_name":"Iraurgi Berritzen","article_published_time":"2020-11-13T05:50:47+00:00","author":"kudeatzailea","twitter_card":"summary_large_image","twitter_misc":{"Escrito por":"kudeatzailea","Tiempo de lectura":"2 minutos"},"schema":{"@context":"https:\/\/schema.org","@graph":[{"@type":"Article","@id":"https:\/\/iraurgiberritzen.eus\/es\/el-consejo-ib-ha-analizado-el-modelo-de-colaboracion-comarcal-con-la-diputacion-y-orkestra\/#article","isPartOf":{"@id":"https:\/\/iraurgiberritzen.eus\/es\/el-consejo-ib-ha-analizado-el-modelo-de-colaboracion-comarcal-con-la-diputacion-y-orkestra\/"},"author":{"name":"kudeatzailea","@id":"https:\/\/iraurgiberritzen.eus\/es\/#\/schema\/person\/5ab41aaf388a9097177601ebf45738d2"},"headline":"El Consejo IB ha analizado el modelo de colaboraci\u00f3n comarcal con la Diputaci\u00f3n y Orkestra","datePublished":"2020-11-13T05:50:47+00:00","mainEntityOfPage":{"@id":"https:\/\/iraurgiberritzen.eus\/es\/el-consejo-ib-ha-analizado-el-modelo-de-colaboracion-comarcal-con-la-diputacion-y-orkestra\/"},"wordCount":347,"publisher":{"@id":"https:\/\/iraurgiberritzen.eus\/es\/#organization"},"image":{"@id":"https:\/\/iraurgiberritzen.eus\/es\/el-consejo-ib-ha-analizado-el-modelo-de-colaboracion-comarcal-con-la-diputacion-y-orkestra\/#primaryimage"},"thumbnailUrl":"https:\/\/iraurgiberritzen.eus\/wp-content\/uploads\/2023\/09\/2cf1f8d39e0698fbf0c2be15e9fa8cfb.jpg","articleSection":["Noticias"],"inLanguage":"es"},{"@type":"WebPage","@id":"https:\/\/iraurgiberritzen.eus\/es\/el-consejo-ib-ha-analizado-el-modelo-de-colaboracion-comarcal-con-la-diputacion-y-orkestra\/","url":"https:\/\/iraurgiberritzen.eus\/es\/el-consejo-ib-ha-analizado-el-modelo-de-colaboracion-comarcal-con-la-diputacion-y-orkestra\/","name":"El Consejo IB ha analizado el modelo de colaboraci\u00f3n comarcal con la Diputaci\u00f3n y Orkestra - Iraurgi Berritzen","isPartOf":{"@id":"https:\/\/iraurgiberritzen.eus\/es\/#website"},"primaryImageOfPage":{"@id":"https:\/\/iraurgiberritzen.eus\/es\/el-consejo-ib-ha-analizado-el-modelo-de-colaboracion-comarcal-con-la-diputacion-y-orkestra\/#primaryimage"},"image":{"@id":"https:\/\/iraurgiberritzen.eus\/es\/el-consejo-ib-ha-analizado-el-modelo-de-colaboracion-comarcal-con-la-diputacion-y-orkestra\/#primaryimage"},"thumbnailUrl":"https:\/\/iraurgiberritzen.eus\/wp-content\/uploads\/2023\/09\/2cf1f8d39e0698fbf0c2be15e9fa8cfb.jpg","datePublished":"2020-11-13T05:50:47+00:00","breadcrumb":{"@id":"https:\/\/iraurgiberritzen.eus\/es\/el-consejo-ib-ha-analizado-el-modelo-de-colaboracion-comarcal-con-la-diputacion-y-orkestra\/#breadcrumb"},"inLanguage":"es","potentialAction":[{"@type":"ReadAction","target":["https:\/\/iraurgiberritzen.eus\/es\/el-consejo-ib-ha-analizado-el-modelo-de-colaboracion-comarcal-con-la-diputacion-y-orkestra\/"]}]},{"@type":"ImageObject","inLanguage":"es","@id":"https:\/\/iraurgiberritzen.eus\/es\/el-consejo-ib-ha-analizado-el-modelo-de-colaboracion-comarcal-con-la-diputacion-y-orkestra\/#primaryimage","url":"https:\/\/iraurgiberritzen.eus\/wp-content\/uploads\/2023\/09\/2cf1f8d39e0698fbf0c2be15e9fa8cfb.jpg","contentUrl":"https:\/\/iraurgiberritzen.eus\/wp-content\/uploads\/2023\/09\/2cf1f8d39e0698fbf0c2be15e9fa8cfb.jpg","width":600,"height":386},{"@type":"BreadcrumbList","@id":"https:\/\/iraurgiberritzen.eus\/es\/el-consejo-ib-ha-analizado-el-modelo-de-colaboracion-comarcal-con-la-diputacion-y-orkestra\/#breadcrumb","itemListElement":[{"@type":"ListItem","position":1,"name":"Home","item":"https:\/\/iraurgiberritzen.eus\/es\/"},{"@type":"ListItem","position":2,"name":"El Consejo IB ha analizado el modelo de colaboraci\u00f3n comarcal con la Diputaci\u00f3n y Orkestra"}]},{"@type":"WebSite","@id":"https:\/\/iraurgiberritzen.eus\/es\/#website","url":"https:\/\/iraurgiberritzen.eus\/es\/","name":"Iraurgi Berritzen","description":"Urola Erdiko Garapen Agentzia","publisher":{"@id":"https:\/\/iraurgiberritzen.eus\/es\/#organization"},"potentialAction":[{"@type":"SearchAction","target":{"@type":"EntryPoint","urlTemplate":"https:\/\/iraurgiberritzen.eus\/es\/?s={search_term_string}"},"query-input":{"@type":"PropertyValueSpecification","valueRequired":true,"valueName":"search_term_string"}}],"inLanguage":"es"},{"@type":"Organization","@id":"https:\/\/iraurgiberritzen.eus\/es\/#organization","name":"Iraurgi Berritzen","url":"https:\/\/iraurgiberritzen.eus\/es\/","logo":{"@type":"ImageObject","inLanguage":"es","@id":"https:\/\/iraurgiberritzen.eus\/es\/#\/schema\/logo\/image\/","url":"https:\/\/iraurgiberritzen.eus\/wp-content\/uploads\/2024\/02\/IRAURGI-BERRITZEN-logotipoa_2.png","contentUrl":"https:\/\/iraurgiberritzen.eus\/wp-content\/uploads\/2024\/02\/IRAURGI-BERRITZEN-logotipoa_2.png","width":496,"height":190,"caption":"Iraurgi Berritzen"},"image":{"@id":"https:\/\/iraurgiberritzen.eus\/es\/#\/schema\/logo\/image\/"}},{"@type":"Person","@id":"https:\/\/iraurgiberritzen.eus\/es\/#\/schema\/person\/5ab41aaf388a9097177601ebf45738d2","name":"kudeatzailea","sameAs":["https:\/\/iraurgiberritzen.eus"]}]}},"_links":{"self":[{"href":"https:\/\/iraurgiberritzen.eus\/es\/wp-json\/wp\/v2\/posts\/13046","targetHints":{"allow":["GET"]}}],"collection":[{"href":"https:\/\/iraurgiberritzen.eus\/es\/wp-json\/wp\/v2\/posts"}],"about":[{"href":"https:\/\/iraurgiberritzen.eus\/es\/wp-json\/wp\/v2\/types\/post"}],"author":[{"embeddable":true,"href":"https:\/\/iraurgiberritzen.eus\/es\/wp-json\/wp\/v2\/users\/1"}],"replies":[{"embeddable":true,"href":"https:\/\/iraurgiberritzen.eus\/es\/wp-json\/wp\/v2\/comments?post=13046"}],"version-history":[{"count":0,"href":"https:\/\/iraurgiberritzen.eus\/es\/wp-json\/wp\/v2\/posts\/13046\/revisions"}],"wp:featuredmedia":[{"embeddable":true,"href":"https:\/\/iraurgiberritzen.eus\/es\/wp-json\/wp\/v2\/media\/17683"}],"wp:attachment":[{"href":"https:\/\/iraurgiberritzen.eus\/es\/wp-json\/wp\/v2\/media?parent=13046"}],"wp:term":[{"taxonomy":"category","embeddable":true,"href":"https:\/\/iraurgiberritzen.eus\/es\/wp-json\/wp\/v2\/categories?post=13046"},{"taxonomy":"post_tag","embeddable":true,"href":"https:\/\/iraurgiberritzen.eus\/es\/wp-json\/wp\/v2\/tags?post=13046"}],"curies":[{"name":"wp","href":"https:\/\/api.w.org\/{rel}","templated":true}]}}