{"id":13054,"date":"2020-11-16T10:42:37","date_gmt":"2020-11-16T08:42:37","guid":{"rendered":"https:\/\/iraurgiberritzen.eus\/trabajando-el-liderazgo-y-el-emprendimiento-en-colaboracion-con-la-universidad-de-deusto\/"},"modified":"2020-11-16T10:42:37","modified_gmt":"2020-11-16T08:42:37","slug":"trabajando-el-liderazgo-y-el-emprendimiento-en-colaboracion-con-la-universidad-de-deusto","status":"publish","type":"post","link":"https:\/\/iraurgiberritzen.eus\/es\/trabajando-el-liderazgo-y-el-emprendimiento-en-colaboracion-con-la-universidad-de-deusto\/","title":{"rendered":"Trabajando el liderazgo y el emprendimiento en colaboraci\u00f3n con la Universidad de Deusto"},"content":{"rendered":"<p style=\"text-align: justify;\">Iraurgi Berritzen, en su larga trayectoria de colaboraci\u00f3n con la Universidad de Deusto, particip\u00f3 el pasado d\u00eda 13 de Noviembre, en la asignatura <strong>\u00abLiderazgo y emprendimiento\u00bb<\/strong>, donde Jes\u00fas M\u00fajika, como coordinador del \u00e1rea de turismo y Alazne Larra\u00f1aga, como coordinadora del \u00e1rea de emprendimiento, impartieron la charla <strong>\u00abliderazgo emprendedor, el caso de Iraurgi Berritzen\u00bb<\/strong>.<\/p>\n<p style=\"text-align: justify;\">La charla se imparti\u00f3 en el 4\u00ba curso del grado de turismo, y en la misma, la charla se dividi\u00f3 en 2 partes, en la primera tanto Jes\u00fas como Alazne, incidieron en la importancia de enfocar las ideas a las necesidades del mercado y sobre la observaci\u00f3n y en la segunda parte, los alumnos compartieron sus ideas de negocio, y se les aportaron pautas y consejos para orientarlos.<\/p>\n<p style=\"text-align: justify;\">La valoraci\u00f3n de la misma fue muy positiva, y muestra de ello, quedaron en verse el curso que viene.<\/p>\n","protected":false},"excerpt":{"rendered":"<p>Iraurgi Berritzen, en su larga trayectoria de colaboraci\u00f3n con la Universidad de Deusto, particip\u00f3 el pasado d\u00eda 13 de Noviembre, en la asignatura \u00abLiderazgo y emprendimiento\u00bb, donde Jes\u00fas M\u00fajika, como coordinador del \u00e1rea de turismo y Alazne Larra\u00f1aga, como coordinadora del \u00e1rea de emprendimiento, impartieron la charla \u00abliderazgo emprendedor, el caso de Iraurgi Berritzen\u00bb. La [&hellip;]<\/p>\n","protected":false},"author":1,"featured_media":17666,"comment_status":"","ping_status":"closed","sticky":false,"template":"","format":"standard","meta":{"_acf_changed":false,"footnotes":""},"categories":[4],"tags":[],"class_list":["post-13054","post","type-post","status-publish","format-standard","has-post-thumbnail","hentry","category-noticias"],"acf":[],"yoast_head":"<!-- This site is optimized with the Yoast SEO plugin v27.4 - https:\/\/yoast.com\/product\/yoast-seo-wordpress\/ -->\n<title>Trabajando el liderazgo y el emprendimiento en colaboraci\u00f3n con la Universidad de Deusto - Iraurgi Berritzen<\/title>\n<meta name=\"robots\" content=\"index, follow, max-snippet:-1, max-image-preview:large, max-video-preview:-1\" \/>\n<link rel=\"canonical\" href=\"https:\/\/iraurgiberritzen.eus\/es\/trabajando-el-liderazgo-y-el-emprendimiento-en-colaboracion-con-la-universidad-de-deusto\/\" \/>\n<meta property=\"og:locale\" content=\"es_ES\" \/>\n<meta property=\"og:type\" content=\"article\" \/>\n<meta property=\"og:title\" content=\"Trabajando el liderazgo y el emprendimiento en colaboraci\u00f3n con la Universidad de Deusto - Iraurgi Berritzen\" \/>\n<meta property=\"og:description\" content=\"Iraurgi Berritzen, en su larga trayectoria de colaboraci\u00f3n con la Universidad de Deusto, particip\u00f3 el pasado d\u00eda 13 de Noviembre, en la asignatura \u00abLiderazgo y emprendimiento\u00bb, donde Jes\u00fas M\u00fajika, como coordinador del \u00e1rea de turismo y Alazne Larra\u00f1aga, como coordinadora del \u00e1rea de emprendimiento, impartieron la charla \u00abliderazgo emprendedor, el caso de Iraurgi Berritzen\u00bb. La [&hellip;]\" \/>\n<meta property=\"og:url\" content=\"https:\/\/iraurgiberritzen.eus\/es\/trabajando-el-liderazgo-y-el-emprendimiento-en-colaboracion-con-la-universidad-de-deusto\/\" \/>\n<meta property=\"og:site_name\" content=\"Iraurgi Berritzen\" \/>\n<meta property=\"article:published_time\" content=\"2020-11-16T08:42:37+00:00\" \/>\n<meta name=\"author\" content=\"kudeatzailea\" \/>\n<meta name=\"twitter:card\" content=\"summary_large_image\" \/>\n<meta name=\"twitter:label1\" content=\"Escrito por\" \/>\n\t<meta name=\"twitter:data1\" content=\"kudeatzailea\" \/>\n\t<meta name=\"twitter:label2\" content=\"Tiempo de lectura\" \/>\n\t<meta name=\"twitter:data2\" content=\"1 minuto\" \/>\n<script type=\"application\/ld+json\" class=\"yoast-schema-graph\">{\"@context\":\"https:\\\/\\\/schema.org\",\"@graph\":[{\"@type\":\"Article\",\"@id\":\"https:\\\/\\\/iraurgiberritzen.eus\\\/es\\\/trabajando-el-liderazgo-y-el-emprendimiento-en-colaboracion-con-la-universidad-de-deusto\\\/#article\",\"isPartOf\":{\"@id\":\"https:\\\/\\\/iraurgiberritzen.eus\\\/es\\\/trabajando-el-liderazgo-y-el-emprendimiento-en-colaboracion-con-la-universidad-de-deusto\\\/\"},\"author\":{\"name\":\"kudeatzailea\",\"@id\":\"https:\\\/\\\/iraurgiberritzen.eus\\\/es\\\/#\\\/schema\\\/person\\\/5ab41aaf388a9097177601ebf45738d2\"},\"headline\":\"Trabajando el liderazgo y el emprendimiento en colaboraci\u00f3n con la Universidad de Deusto\",\"datePublished\":\"2020-11-16T08:42:37+00:00\",\"mainEntityOfPage\":{\"@id\":\"https:\\\/\\\/iraurgiberritzen.eus\\\/es\\\/trabajando-el-liderazgo-y-el-emprendimiento-en-colaboracion-con-la-universidad-de-deusto\\\/\"},\"wordCount\":160,\"publisher\":{\"@id\":\"https:\\\/\\\/iraurgiberritzen.eus\\\/es\\\/#organization\"},\"image\":{\"@id\":\"https:\\\/\\\/iraurgiberritzen.eus\\\/es\\\/trabajando-el-liderazgo-y-el-emprendimiento-en-colaboracion-con-la-universidad-de-deusto\\\/#primaryimage\"},\"thumbnailUrl\":\"https:\\\/\\\/iraurgiberritzen.eus\\\/wp-content\\\/uploads\\\/2023\\\/09\\\/d684a5f1d6d18e9647b504aaaaf15048.jpg\",\"articleSection\":[\"Noticias\"],\"inLanguage\":\"es\"},{\"@type\":\"WebPage\",\"@id\":\"https:\\\/\\\/iraurgiberritzen.eus\\\/es\\\/trabajando-el-liderazgo-y-el-emprendimiento-en-colaboracion-con-la-universidad-de-deusto\\\/\",\"url\":\"https:\\\/\\\/iraurgiberritzen.eus\\\/es\\\/trabajando-el-liderazgo-y-el-emprendimiento-en-colaboracion-con-la-universidad-de-deusto\\\/\",\"name\":\"Trabajando el liderazgo y el emprendimiento en colaboraci\u00f3n con la Universidad de Deusto - Iraurgi Berritzen\",\"isPartOf\":{\"@id\":\"https:\\\/\\\/iraurgiberritzen.eus\\\/es\\\/#website\"},\"primaryImageOfPage\":{\"@id\":\"https:\\\/\\\/iraurgiberritzen.eus\\\/es\\\/trabajando-el-liderazgo-y-el-emprendimiento-en-colaboracion-con-la-universidad-de-deusto\\\/#primaryimage\"},\"image\":{\"@id\":\"https:\\\/\\\/iraurgiberritzen.eus\\\/es\\\/trabajando-el-liderazgo-y-el-emprendimiento-en-colaboracion-con-la-universidad-de-deusto\\\/#primaryimage\"},\"thumbnailUrl\":\"https:\\\/\\\/iraurgiberritzen.eus\\\/wp-content\\\/uploads\\\/2023\\\/09\\\/d684a5f1d6d18e9647b504aaaaf15048.jpg\",\"datePublished\":\"2020-11-16T08:42:37+00:00\",\"breadcrumb\":{\"@id\":\"https:\\\/\\\/iraurgiberritzen.eus\\\/es\\\/trabajando-el-liderazgo-y-el-emprendimiento-en-colaboracion-con-la-universidad-de-deusto\\\/#breadcrumb\"},\"inLanguage\":\"es\",\"potentialAction\":[{\"@type\":\"ReadAction\",\"target\":[\"https:\\\/\\\/iraurgiberritzen.eus\\\/es\\\/trabajando-el-liderazgo-y-el-emprendimiento-en-colaboracion-con-la-universidad-de-deusto\\\/\"]}]},{\"@type\":\"ImageObject\",\"inLanguage\":\"es\",\"@id\":\"https:\\\/\\\/iraurgiberritzen.eus\\\/es\\\/trabajando-el-liderazgo-y-el-emprendimiento-en-colaboracion-con-la-universidad-de-deusto\\\/#primaryimage\",\"url\":\"https:\\\/\\\/iraurgiberritzen.eus\\\/wp-content\\\/uploads\\\/2023\\\/09\\\/d684a5f1d6d18e9647b504aaaaf15048.jpg\",\"contentUrl\":\"https:\\\/\\\/iraurgiberritzen.eus\\\/wp-content\\\/uploads\\\/2023\\\/09\\\/d684a5f1d6d18e9647b504aaaaf15048.jpg\",\"width\":600,\"height\":386},{\"@type\":\"BreadcrumbList\",\"@id\":\"https:\\\/\\\/iraurgiberritzen.eus\\\/es\\\/trabajando-el-liderazgo-y-el-emprendimiento-en-colaboracion-con-la-universidad-de-deusto\\\/#breadcrumb\",\"itemListElement\":[{\"@type\":\"ListItem\",\"position\":1,\"name\":\"Home\",\"item\":\"https:\\\/\\\/iraurgiberritzen.eus\\\/es\\\/\"},{\"@type\":\"ListItem\",\"position\":2,\"name\":\"Trabajando el liderazgo y el emprendimiento en colaboraci\u00f3n con la Universidad de Deusto\"}]},{\"@type\":\"WebSite\",\"@id\":\"https:\\\/\\\/iraurgiberritzen.eus\\\/es\\\/#website\",\"url\":\"https:\\\/\\\/iraurgiberritzen.eus\\\/es\\\/\",\"name\":\"Iraurgi Berritzen\",\"description\":\"Urola Erdiko Garapen Agentzia\",\"publisher\":{\"@id\":\"https:\\\/\\\/iraurgiberritzen.eus\\\/es\\\/#organization\"},\"potentialAction\":[{\"@type\":\"SearchAction\",\"target\":{\"@type\":\"EntryPoint\",\"urlTemplate\":\"https:\\\/\\\/iraurgiberritzen.eus\\\/es\\\/?s={search_term_string}\"},\"query-input\":{\"@type\":\"PropertyValueSpecification\",\"valueRequired\":true,\"valueName\":\"search_term_string\"}}],\"inLanguage\":\"es\"},{\"@type\":\"Organization\",\"@id\":\"https:\\\/\\\/iraurgiberritzen.eus\\\/es\\\/#organization\",\"name\":\"Iraurgi Berritzen\",\"url\":\"https:\\\/\\\/iraurgiberritzen.eus\\\/es\\\/\",\"logo\":{\"@type\":\"ImageObject\",\"inLanguage\":\"es\",\"@id\":\"https:\\\/\\\/iraurgiberritzen.eus\\\/es\\\/#\\\/schema\\\/logo\\\/image\\\/\",\"url\":\"https:\\\/\\\/iraurgiberritzen.eus\\\/wp-content\\\/uploads\\\/2024\\\/02\\\/IRAURGI-BERRITZEN-logotipoa_2.png\",\"contentUrl\":\"https:\\\/\\\/iraurgiberritzen.eus\\\/wp-content\\\/uploads\\\/2024\\\/02\\\/IRAURGI-BERRITZEN-logotipoa_2.png\",\"width\":496,\"height\":190,\"caption\":\"Iraurgi Berritzen\"},\"image\":{\"@id\":\"https:\\\/\\\/iraurgiberritzen.eus\\\/es\\\/#\\\/schema\\\/logo\\\/image\\\/\"}},{\"@type\":\"Person\",\"@id\":\"https:\\\/\\\/iraurgiberritzen.eus\\\/es\\\/#\\\/schema\\\/person\\\/5ab41aaf388a9097177601ebf45738d2\",\"name\":\"kudeatzailea\",\"sameAs\":[\"https:\\\/\\\/iraurgiberritzen.eus\"]}]}<\/script>\n<!-- \/ Yoast SEO plugin. -->","yoast_head_json":{"title":"Trabajando el liderazgo y el emprendimiento en colaboraci\u00f3n con la Universidad de Deusto - Iraurgi Berritzen","robots":{"index":"index","follow":"follow","max-snippet":"max-snippet:-1","max-image-preview":"max-image-preview:large","max-video-preview":"max-video-preview:-1"},"canonical":"https:\/\/iraurgiberritzen.eus\/es\/trabajando-el-liderazgo-y-el-emprendimiento-en-colaboracion-con-la-universidad-de-deusto\/","og_locale":"es_ES","og_type":"article","og_title":"Trabajando el liderazgo y el emprendimiento en colaboraci\u00f3n con la Universidad de Deusto - Iraurgi Berritzen","og_description":"Iraurgi Berritzen, en su larga trayectoria de colaboraci\u00f3n con la Universidad de Deusto, particip\u00f3 el pasado d\u00eda 13 de Noviembre, en la asignatura \u00abLiderazgo y emprendimiento\u00bb, donde Jes\u00fas M\u00fajika, como coordinador del \u00e1rea de turismo y Alazne Larra\u00f1aga, como coordinadora del \u00e1rea de emprendimiento, impartieron la charla \u00abliderazgo emprendedor, el caso de Iraurgi Berritzen\u00bb. La [&hellip;]","og_url":"https:\/\/iraurgiberritzen.eus\/es\/trabajando-el-liderazgo-y-el-emprendimiento-en-colaboracion-con-la-universidad-de-deusto\/","og_site_name":"Iraurgi Berritzen","article_published_time":"2020-11-16T08:42:37+00:00","author":"kudeatzailea","twitter_card":"summary_large_image","twitter_misc":{"Escrito por":"kudeatzailea","Tiempo de lectura":"1 minuto"},"schema":{"@context":"https:\/\/schema.org","@graph":[{"@type":"Article","@id":"https:\/\/iraurgiberritzen.eus\/es\/trabajando-el-liderazgo-y-el-emprendimiento-en-colaboracion-con-la-universidad-de-deusto\/#article","isPartOf":{"@id":"https:\/\/iraurgiberritzen.eus\/es\/trabajando-el-liderazgo-y-el-emprendimiento-en-colaboracion-con-la-universidad-de-deusto\/"},"author":{"name":"kudeatzailea","@id":"https:\/\/iraurgiberritzen.eus\/es\/#\/schema\/person\/5ab41aaf388a9097177601ebf45738d2"},"headline":"Trabajando el liderazgo y el emprendimiento en colaboraci\u00f3n con la Universidad de Deusto","datePublished":"2020-11-16T08:42:37+00:00","mainEntityOfPage":{"@id":"https:\/\/iraurgiberritzen.eus\/es\/trabajando-el-liderazgo-y-el-emprendimiento-en-colaboracion-con-la-universidad-de-deusto\/"},"wordCount":160,"publisher":{"@id":"https:\/\/iraurgiberritzen.eus\/es\/#organization"},"image":{"@id":"https:\/\/iraurgiberritzen.eus\/es\/trabajando-el-liderazgo-y-el-emprendimiento-en-colaboracion-con-la-universidad-de-deusto\/#primaryimage"},"thumbnailUrl":"https:\/\/iraurgiberritzen.eus\/wp-content\/uploads\/2023\/09\/d684a5f1d6d18e9647b504aaaaf15048.jpg","articleSection":["Noticias"],"inLanguage":"es"},{"@type":"WebPage","@id":"https:\/\/iraurgiberritzen.eus\/es\/trabajando-el-liderazgo-y-el-emprendimiento-en-colaboracion-con-la-universidad-de-deusto\/","url":"https:\/\/iraurgiberritzen.eus\/es\/trabajando-el-liderazgo-y-el-emprendimiento-en-colaboracion-con-la-universidad-de-deusto\/","name":"Trabajando el liderazgo y el emprendimiento en colaboraci\u00f3n con la Universidad de Deusto - Iraurgi Berritzen","isPartOf":{"@id":"https:\/\/iraurgiberritzen.eus\/es\/#website"},"primaryImageOfPage":{"@id":"https:\/\/iraurgiberritzen.eus\/es\/trabajando-el-liderazgo-y-el-emprendimiento-en-colaboracion-con-la-universidad-de-deusto\/#primaryimage"},"image":{"@id":"https:\/\/iraurgiberritzen.eus\/es\/trabajando-el-liderazgo-y-el-emprendimiento-en-colaboracion-con-la-universidad-de-deusto\/#primaryimage"},"thumbnailUrl":"https:\/\/iraurgiberritzen.eus\/wp-content\/uploads\/2023\/09\/d684a5f1d6d18e9647b504aaaaf15048.jpg","datePublished":"2020-11-16T08:42:37+00:00","breadcrumb":{"@id":"https:\/\/iraurgiberritzen.eus\/es\/trabajando-el-liderazgo-y-el-emprendimiento-en-colaboracion-con-la-universidad-de-deusto\/#breadcrumb"},"inLanguage":"es","potentialAction":[{"@type":"ReadAction","target":["https:\/\/iraurgiberritzen.eus\/es\/trabajando-el-liderazgo-y-el-emprendimiento-en-colaboracion-con-la-universidad-de-deusto\/"]}]},{"@type":"ImageObject","inLanguage":"es","@id":"https:\/\/iraurgiberritzen.eus\/es\/trabajando-el-liderazgo-y-el-emprendimiento-en-colaboracion-con-la-universidad-de-deusto\/#primaryimage","url":"https:\/\/iraurgiberritzen.eus\/wp-content\/uploads\/2023\/09\/d684a5f1d6d18e9647b504aaaaf15048.jpg","contentUrl":"https:\/\/iraurgiberritzen.eus\/wp-content\/uploads\/2023\/09\/d684a5f1d6d18e9647b504aaaaf15048.jpg","width":600,"height":386},{"@type":"BreadcrumbList","@id":"https:\/\/iraurgiberritzen.eus\/es\/trabajando-el-liderazgo-y-el-emprendimiento-en-colaboracion-con-la-universidad-de-deusto\/#breadcrumb","itemListElement":[{"@type":"ListItem","position":1,"name":"Home","item":"https:\/\/iraurgiberritzen.eus\/es\/"},{"@type":"ListItem","position":2,"name":"Trabajando el liderazgo y el emprendimiento en colaboraci\u00f3n con la Universidad de Deusto"}]},{"@type":"WebSite","@id":"https:\/\/iraurgiberritzen.eus\/es\/#website","url":"https:\/\/iraurgiberritzen.eus\/es\/","name":"Iraurgi Berritzen","description":"Urola Erdiko Garapen Agentzia","publisher":{"@id":"https:\/\/iraurgiberritzen.eus\/es\/#organization"},"potentialAction":[{"@type":"SearchAction","target":{"@type":"EntryPoint","urlTemplate":"https:\/\/iraurgiberritzen.eus\/es\/?s={search_term_string}"},"query-input":{"@type":"PropertyValueSpecification","valueRequired":true,"valueName":"search_term_string"}}],"inLanguage":"es"},{"@type":"Organization","@id":"https:\/\/iraurgiberritzen.eus\/es\/#organization","name":"Iraurgi Berritzen","url":"https:\/\/iraurgiberritzen.eus\/es\/","logo":{"@type":"ImageObject","inLanguage":"es","@id":"https:\/\/iraurgiberritzen.eus\/es\/#\/schema\/logo\/image\/","url":"https:\/\/iraurgiberritzen.eus\/wp-content\/uploads\/2024\/02\/IRAURGI-BERRITZEN-logotipoa_2.png","contentUrl":"https:\/\/iraurgiberritzen.eus\/wp-content\/uploads\/2024\/02\/IRAURGI-BERRITZEN-logotipoa_2.png","width":496,"height":190,"caption":"Iraurgi Berritzen"},"image":{"@id":"https:\/\/iraurgiberritzen.eus\/es\/#\/schema\/logo\/image\/"}},{"@type":"Person","@id":"https:\/\/iraurgiberritzen.eus\/es\/#\/schema\/person\/5ab41aaf388a9097177601ebf45738d2","name":"kudeatzailea","sameAs":["https:\/\/iraurgiberritzen.eus"]}]}},"_links":{"self":[{"href":"https:\/\/iraurgiberritzen.eus\/es\/wp-json\/wp\/v2\/posts\/13054","targetHints":{"allow":["GET"]}}],"collection":[{"href":"https:\/\/iraurgiberritzen.eus\/es\/wp-json\/wp\/v2\/posts"}],"about":[{"href":"https:\/\/iraurgiberritzen.eus\/es\/wp-json\/wp\/v2\/types\/post"}],"author":[{"embeddable":true,"href":"https:\/\/iraurgiberritzen.eus\/es\/wp-json\/wp\/v2\/users\/1"}],"replies":[{"embeddable":true,"href":"https:\/\/iraurgiberritzen.eus\/es\/wp-json\/wp\/v2\/comments?post=13054"}],"version-history":[{"count":0,"href":"https:\/\/iraurgiberritzen.eus\/es\/wp-json\/wp\/v2\/posts\/13054\/revisions"}],"wp:featuredmedia":[{"embeddable":true,"href":"https:\/\/iraurgiberritzen.eus\/es\/wp-json\/wp\/v2\/media\/17666"}],"wp:attachment":[{"href":"https:\/\/iraurgiberritzen.eus\/es\/wp-json\/wp\/v2\/media?parent=13054"}],"wp:term":[{"taxonomy":"category","embeddable":true,"href":"https:\/\/iraurgiberritzen.eus\/es\/wp-json\/wp\/v2\/categories?post=13054"},{"taxonomy":"post_tag","embeddable":true,"href":"https:\/\/iraurgiberritzen.eus\/es\/wp-json\/wp\/v2\/tags?post=13054"}],"curies":[{"name":"wp","href":"https:\/\/api.w.org\/{rel}","templated":true}]}}