{"id":13057,"date":"2020-11-19T12:59:23","date_gmt":"2020-11-19T10:59:23","guid":{"rendered":"https:\/\/iraurgiberritzen.eus\/promoviendo-la-economia-circular-en-urola-erdia\/"},"modified":"2020-11-19T12:59:23","modified_gmt":"2020-11-19T10:59:23","slug":"promoviendo-la-economia-circular-en-urola-erdia","status":"publish","type":"post","link":"https:\/\/iraurgiberritzen.eus\/es\/promoviendo-la-economia-circular-en-urola-erdia\/","title":{"rendered":"Promoviendo la Econom\u00eda Circular en Urola Erdia"},"content":{"rendered":"<p><span style=\"text-align: justify;\">Iraurgi Berritzen organiz\u00f3 el pasado d\u00eda 11 de Noviembre, una jornada apoyada por el Departamento de Promoci\u00f3n Econ\u00f3mica, Turismo y Medio Rural de la Diputaci\u00f3n Foral de Gipuzkoa, sobre los Retos y Oportunidades de la Econom\u00eda circular de la comarca, dirigida a las empresas, instituciones y a todos aquellos agentes interesados en Econom\u00eda circular (EC).<\/span><\/p>\n<p style=\"text-align: justify;\"><strong>La jornada que estaba dirigida a las empresas, instituciones y a todos aquellos agentes interesados en Econom\u00eda circular, cont\u00f3 con una participaci\u00f3n de m\u00e1s de de 25 entidades en el que entre otros aspectos se abordaron los siguiente temas, sobre c\u00f3mo impulsar la transformaci\u00f3n competitiva de las empresas comarcales e identificar, explorar y desarrollar oportunidades de innovaci\u00f3n en econom\u00eda circular en sus principales cadenas de valor<\/strong>&nbsp;(maquinaria y equipos, transformaci\u00f3n metalmec\u00e1nica, mueble, construcci\u00f3n, y alimentaci\u00f3n). En la jornada participaron como ponentes, desde la&nbsp;<strong>Diputaci\u00f3n Foral de Gipuzkoa, Jose Ignacio Asensio Diputado Foral de Medio Ambiente y Obras Hidr\u00e1ulicas e Iker Estensoro\u2013 Director general de Promoci\u00f3n Econ\u00f3mica, de Mondragon Unibertsitatea Jon Aurrekoetxea \u2013 Dr. en Ingenier\u00eda, desde IHOBE Ander Elgorriaga, desde Urola Erdiko Lapatx Zabortegia S.A. su Presidente Aitor Bereziartua, y desde B+I Strategy, Oscar Valdivielso.<\/strong><\/p>\n<p style=\"text-align: justify;\">Como conclusiones principales destacar entre otros:<\/p>\n<ul>\n<li style=\"text-align: justify;\">Constataci\u00f3n de que la econom\u00eda circular industrial es hoy ya una realidad en nuestro tejido empresarial, en Urola Erdia, en Gipuzkoa y en todo Euskadi y que las instituciones p\u00fablicas apoyan iniciativas ligadas a la EC.<\/li>\n<li style=\"text-align: justify;\">La EC, no es solo futuro, es presente, y que en la comarca tenemos ejemplos destacados de empresas que est\u00e1n haciendo este recorrido desde hace a\u00f1os y han adquirido ventajas competitivas significativas y nuevas fuentes de ingresos.<\/li>\n<li style=\"text-align: justify;\">La apuesta por la EC, es una v\u00eda para reforzar nuestra posici\u00f3n competitiva frente a competidores en nuestra cadena de valor.<\/li>\n<li style=\"text-align: justify;\">Confirmaci\u00f3n de que existen oportunidades reales y concretas en las cadenas de valor representativas en Urola Erdia (fabricaci\u00f3n de equipos, metal mec\u00e1nico, alimentaci\u00f3n&#8230;)<\/li>\n<\/ul>\n<p style=\"text-align: justify;\">A continuaci\u00f3n pod\u00e9is disponer de las presentaciones utilizadas en la Jornada, como del video de la misma:<\/p>\n<ul>\n<li style=\"text-align: justify;\"><a href=\"images\/iraurgiberritzen\/berriak\/2020\/MU_Circular_Economy_and_Additive_Manufacturing_of_Plastics_1.pdf\" target=\"_blank\" rel=\"noopener\">Mondragon Unibertsitatea<\/a><\/li>\n<li style=\"text-align: justify;\"><a href=\"images\/iraurgiberritzen\/berriak\/2020\/Bmasi_11_11_20202_1.pdf\" target=\"_blank\" rel=\"noopener\">B + I<\/a><\/li>\n<li style=\"text-align: justify;\"><a href=\"images\/iraurgiberritzen\/berriak\/2020\/GFA_20201111_Jornada%20EC%201.PDF\" target=\"_blank\" rel=\"noopener\">GFA<\/a><\/li>\n<li style=\"text-align: justify;\"><a href=\"images\/iraurgiberritzen\/berriak\/2020\/Ihobe%20_20201111_Jornada%20EC%201.pdf\" target=\"_blank\" rel=\"noopener\">Ihobe<\/a><\/li>\n<\/ul>\n<iframe loading=\"lazy\" src=\"https:\/\/player.vimeo.com\/video\/481174017\" width=\"640\" height=\"360\" allowfullscreen=\"allowfullscreen\" allow=\"autoplay; fullscreen\" style=\"display: block; margin-left: auto; margin-right: auto;\"><\/iframe>\n<p>&nbsp;<\/p>\n","protected":false},"excerpt":{"rendered":"<p>Iraurgi Berritzen organiz\u00f3 el pasado d\u00eda 11 de Noviembre, una jornada apoyada por el Departamento de Promoci\u00f3n Econ\u00f3mica, Turismo y Medio Rural de la Diputaci\u00f3n Foral de Gipuzkoa, sobre los Retos y Oportunidades de la Econom\u00eda circular de la comarca, dirigida a las empresas, instituciones y a todos aquellos agentes interesados en Econom\u00eda circular (EC). [&hellip;]<\/p>\n","protected":false},"author":1,"featured_media":17667,"comment_status":"","ping_status":"closed","sticky":false,"template":"","format":"standard","meta":{"_acf_changed":false,"footnotes":""},"categories":[4],"tags":[],"class_list":["post-13057","post","type-post","status-publish","format-standard","has-post-thumbnail","hentry","category-noticias"],"acf":[],"yoast_head":"<!-- This site is optimized with the Yoast SEO plugin v27.4 - https:\/\/yoast.com\/product\/yoast-seo-wordpress\/ -->\n<title>Promoviendo la Econom\u00eda Circular en Urola Erdia - Iraurgi Berritzen<\/title>\n<meta name=\"robots\" content=\"index, follow, max-snippet:-1, max-image-preview:large, max-video-preview:-1\" \/>\n<link rel=\"canonical\" href=\"https:\/\/iraurgiberritzen.eus\/es\/promoviendo-la-economia-circular-en-urola-erdia\/\" \/>\n<meta property=\"og:locale\" content=\"es_ES\" \/>\n<meta property=\"og:type\" content=\"article\" \/>\n<meta property=\"og:title\" content=\"Promoviendo la Econom\u00eda Circular en Urola Erdia - Iraurgi Berritzen\" \/>\n<meta property=\"og:description\" content=\"Iraurgi Berritzen organiz\u00f3 el pasado d\u00eda 11 de Noviembre, una jornada apoyada por el Departamento de Promoci\u00f3n Econ\u00f3mica, Turismo y Medio Rural de la Diputaci\u00f3n Foral de Gipuzkoa, sobre los Retos y Oportunidades de la Econom\u00eda circular de la comarca, dirigida a las empresas, instituciones y a todos aquellos agentes interesados en Econom\u00eda circular (EC). [&hellip;]\" \/>\n<meta property=\"og:url\" content=\"https:\/\/iraurgiberritzen.eus\/es\/promoviendo-la-economia-circular-en-urola-erdia\/\" \/>\n<meta property=\"og:site_name\" content=\"Iraurgi Berritzen\" \/>\n<meta property=\"article:published_time\" content=\"2020-11-19T10:59:23+00:00\" \/>\n<meta name=\"author\" content=\"kudeatzailea\" \/>\n<meta name=\"twitter:card\" content=\"summary_large_image\" \/>\n<meta name=\"twitter:label1\" content=\"Escrito por\" \/>\n\t<meta name=\"twitter:data1\" content=\"kudeatzailea\" \/>\n\t<meta name=\"twitter:label2\" content=\"Tiempo de lectura\" \/>\n\t<meta name=\"twitter:data2\" content=\"2 minutos\" \/>\n<script type=\"application\/ld+json\" class=\"yoast-schema-graph\">{\"@context\":\"https:\\\/\\\/schema.org\",\"@graph\":[{\"@type\":\"Article\",\"@id\":\"https:\\\/\\\/iraurgiberritzen.eus\\\/es\\\/promoviendo-la-economia-circular-en-urola-erdia\\\/#article\",\"isPartOf\":{\"@id\":\"https:\\\/\\\/iraurgiberritzen.eus\\\/es\\\/promoviendo-la-economia-circular-en-urola-erdia\\\/\"},\"author\":{\"name\":\"kudeatzailea\",\"@id\":\"https:\\\/\\\/iraurgiberritzen.eus\\\/es\\\/#\\\/schema\\\/person\\\/5ab41aaf388a9097177601ebf45738d2\"},\"headline\":\"Promoviendo la Econom\u00eda Circular en Urola Erdia\",\"datePublished\":\"2020-11-19T10:59:23+00:00\",\"mainEntityOfPage\":{\"@id\":\"https:\\\/\\\/iraurgiberritzen.eus\\\/es\\\/promoviendo-la-economia-circular-en-urola-erdia\\\/\"},\"wordCount\":381,\"publisher\":{\"@id\":\"https:\\\/\\\/iraurgiberritzen.eus\\\/es\\\/#organization\"},\"image\":{\"@id\":\"https:\\\/\\\/iraurgiberritzen.eus\\\/es\\\/promoviendo-la-economia-circular-en-urola-erdia\\\/#primaryimage\"},\"thumbnailUrl\":\"https:\\\/\\\/iraurgiberritzen.eus\\\/wp-content\\\/uploads\\\/2023\\\/09\\\/7d13cc638b031f8ce1bae1b0204ae77c.jpg\",\"articleSection\":[\"Noticias\"],\"inLanguage\":\"es\"},{\"@type\":\"WebPage\",\"@id\":\"https:\\\/\\\/iraurgiberritzen.eus\\\/es\\\/promoviendo-la-economia-circular-en-urola-erdia\\\/\",\"url\":\"https:\\\/\\\/iraurgiberritzen.eus\\\/es\\\/promoviendo-la-economia-circular-en-urola-erdia\\\/\",\"name\":\"Promoviendo la Econom\u00eda Circular en Urola Erdia - Iraurgi Berritzen\",\"isPartOf\":{\"@id\":\"https:\\\/\\\/iraurgiberritzen.eus\\\/es\\\/#website\"},\"primaryImageOfPage\":{\"@id\":\"https:\\\/\\\/iraurgiberritzen.eus\\\/es\\\/promoviendo-la-economia-circular-en-urola-erdia\\\/#primaryimage\"},\"image\":{\"@id\":\"https:\\\/\\\/iraurgiberritzen.eus\\\/es\\\/promoviendo-la-economia-circular-en-urola-erdia\\\/#primaryimage\"},\"thumbnailUrl\":\"https:\\\/\\\/iraurgiberritzen.eus\\\/wp-content\\\/uploads\\\/2023\\\/09\\\/7d13cc638b031f8ce1bae1b0204ae77c.jpg\",\"datePublished\":\"2020-11-19T10:59:23+00:00\",\"breadcrumb\":{\"@id\":\"https:\\\/\\\/iraurgiberritzen.eus\\\/es\\\/promoviendo-la-economia-circular-en-urola-erdia\\\/#breadcrumb\"},\"inLanguage\":\"es\",\"potentialAction\":[{\"@type\":\"ReadAction\",\"target\":[\"https:\\\/\\\/iraurgiberritzen.eus\\\/es\\\/promoviendo-la-economia-circular-en-urola-erdia\\\/\"]}]},{\"@type\":\"ImageObject\",\"inLanguage\":\"es\",\"@id\":\"https:\\\/\\\/iraurgiberritzen.eus\\\/es\\\/promoviendo-la-economia-circular-en-urola-erdia\\\/#primaryimage\",\"url\":\"https:\\\/\\\/iraurgiberritzen.eus\\\/wp-content\\\/uploads\\\/2023\\\/09\\\/7d13cc638b031f8ce1bae1b0204ae77c.jpg\",\"contentUrl\":\"https:\\\/\\\/iraurgiberritzen.eus\\\/wp-content\\\/uploads\\\/2023\\\/09\\\/7d13cc638b031f8ce1bae1b0204ae77c.jpg\",\"width\":600,\"height\":386},{\"@type\":\"BreadcrumbList\",\"@id\":\"https:\\\/\\\/iraurgiberritzen.eus\\\/es\\\/promoviendo-la-economia-circular-en-urola-erdia\\\/#breadcrumb\",\"itemListElement\":[{\"@type\":\"ListItem\",\"position\":1,\"name\":\"Home\",\"item\":\"https:\\\/\\\/iraurgiberritzen.eus\\\/es\\\/\"},{\"@type\":\"ListItem\",\"position\":2,\"name\":\"Promoviendo la Econom\u00eda Circular en Urola Erdia\"}]},{\"@type\":\"WebSite\",\"@id\":\"https:\\\/\\\/iraurgiberritzen.eus\\\/es\\\/#website\",\"url\":\"https:\\\/\\\/iraurgiberritzen.eus\\\/es\\\/\",\"name\":\"Iraurgi Berritzen\",\"description\":\"Urola Erdiko Garapen Agentzia\",\"publisher\":{\"@id\":\"https:\\\/\\\/iraurgiberritzen.eus\\\/es\\\/#organization\"},\"potentialAction\":[{\"@type\":\"SearchAction\",\"target\":{\"@type\":\"EntryPoint\",\"urlTemplate\":\"https:\\\/\\\/iraurgiberritzen.eus\\\/es\\\/?s={search_term_string}\"},\"query-input\":{\"@type\":\"PropertyValueSpecification\",\"valueRequired\":true,\"valueName\":\"search_term_string\"}}],\"inLanguage\":\"es\"},{\"@type\":\"Organization\",\"@id\":\"https:\\\/\\\/iraurgiberritzen.eus\\\/es\\\/#organization\",\"name\":\"Iraurgi Berritzen\",\"url\":\"https:\\\/\\\/iraurgiberritzen.eus\\\/es\\\/\",\"logo\":{\"@type\":\"ImageObject\",\"inLanguage\":\"es\",\"@id\":\"https:\\\/\\\/iraurgiberritzen.eus\\\/es\\\/#\\\/schema\\\/logo\\\/image\\\/\",\"url\":\"https:\\\/\\\/iraurgiberritzen.eus\\\/wp-content\\\/uploads\\\/2024\\\/02\\\/IRAURGI-BERRITZEN-logotipoa_2.png\",\"contentUrl\":\"https:\\\/\\\/iraurgiberritzen.eus\\\/wp-content\\\/uploads\\\/2024\\\/02\\\/IRAURGI-BERRITZEN-logotipoa_2.png\",\"width\":496,\"height\":190,\"caption\":\"Iraurgi Berritzen\"},\"image\":{\"@id\":\"https:\\\/\\\/iraurgiberritzen.eus\\\/es\\\/#\\\/schema\\\/logo\\\/image\\\/\"}},{\"@type\":\"Person\",\"@id\":\"https:\\\/\\\/iraurgiberritzen.eus\\\/es\\\/#\\\/schema\\\/person\\\/5ab41aaf388a9097177601ebf45738d2\",\"name\":\"kudeatzailea\",\"sameAs\":[\"https:\\\/\\\/iraurgiberritzen.eus\"]}]}<\/script>\n<!-- \/ Yoast SEO plugin. -->","yoast_head_json":{"title":"Promoviendo la Econom\u00eda Circular en Urola Erdia - Iraurgi Berritzen","robots":{"index":"index","follow":"follow","max-snippet":"max-snippet:-1","max-image-preview":"max-image-preview:large","max-video-preview":"max-video-preview:-1"},"canonical":"https:\/\/iraurgiberritzen.eus\/es\/promoviendo-la-economia-circular-en-urola-erdia\/","og_locale":"es_ES","og_type":"article","og_title":"Promoviendo la Econom\u00eda Circular en Urola Erdia - Iraurgi Berritzen","og_description":"Iraurgi Berritzen organiz\u00f3 el pasado d\u00eda 11 de Noviembre, una jornada apoyada por el Departamento de Promoci\u00f3n Econ\u00f3mica, Turismo y Medio Rural de la Diputaci\u00f3n Foral de Gipuzkoa, sobre los Retos y Oportunidades de la Econom\u00eda circular de la comarca, dirigida a las empresas, instituciones y a todos aquellos agentes interesados en Econom\u00eda circular (EC). [&hellip;]","og_url":"https:\/\/iraurgiberritzen.eus\/es\/promoviendo-la-economia-circular-en-urola-erdia\/","og_site_name":"Iraurgi Berritzen","article_published_time":"2020-11-19T10:59:23+00:00","author":"kudeatzailea","twitter_card":"summary_large_image","twitter_misc":{"Escrito por":"kudeatzailea","Tiempo de lectura":"2 minutos"},"schema":{"@context":"https:\/\/schema.org","@graph":[{"@type":"Article","@id":"https:\/\/iraurgiberritzen.eus\/es\/promoviendo-la-economia-circular-en-urola-erdia\/#article","isPartOf":{"@id":"https:\/\/iraurgiberritzen.eus\/es\/promoviendo-la-economia-circular-en-urola-erdia\/"},"author":{"name":"kudeatzailea","@id":"https:\/\/iraurgiberritzen.eus\/es\/#\/schema\/person\/5ab41aaf388a9097177601ebf45738d2"},"headline":"Promoviendo la Econom\u00eda Circular en Urola Erdia","datePublished":"2020-11-19T10:59:23+00:00","mainEntityOfPage":{"@id":"https:\/\/iraurgiberritzen.eus\/es\/promoviendo-la-economia-circular-en-urola-erdia\/"},"wordCount":381,"publisher":{"@id":"https:\/\/iraurgiberritzen.eus\/es\/#organization"},"image":{"@id":"https:\/\/iraurgiberritzen.eus\/es\/promoviendo-la-economia-circular-en-urola-erdia\/#primaryimage"},"thumbnailUrl":"https:\/\/iraurgiberritzen.eus\/wp-content\/uploads\/2023\/09\/7d13cc638b031f8ce1bae1b0204ae77c.jpg","articleSection":["Noticias"],"inLanguage":"es"},{"@type":"WebPage","@id":"https:\/\/iraurgiberritzen.eus\/es\/promoviendo-la-economia-circular-en-urola-erdia\/","url":"https:\/\/iraurgiberritzen.eus\/es\/promoviendo-la-economia-circular-en-urola-erdia\/","name":"Promoviendo la Econom\u00eda Circular en Urola Erdia - Iraurgi Berritzen","isPartOf":{"@id":"https:\/\/iraurgiberritzen.eus\/es\/#website"},"primaryImageOfPage":{"@id":"https:\/\/iraurgiberritzen.eus\/es\/promoviendo-la-economia-circular-en-urola-erdia\/#primaryimage"},"image":{"@id":"https:\/\/iraurgiberritzen.eus\/es\/promoviendo-la-economia-circular-en-urola-erdia\/#primaryimage"},"thumbnailUrl":"https:\/\/iraurgiberritzen.eus\/wp-content\/uploads\/2023\/09\/7d13cc638b031f8ce1bae1b0204ae77c.jpg","datePublished":"2020-11-19T10:59:23+00:00","breadcrumb":{"@id":"https:\/\/iraurgiberritzen.eus\/es\/promoviendo-la-economia-circular-en-urola-erdia\/#breadcrumb"},"inLanguage":"es","potentialAction":[{"@type":"ReadAction","target":["https:\/\/iraurgiberritzen.eus\/es\/promoviendo-la-economia-circular-en-urola-erdia\/"]}]},{"@type":"ImageObject","inLanguage":"es","@id":"https:\/\/iraurgiberritzen.eus\/es\/promoviendo-la-economia-circular-en-urola-erdia\/#primaryimage","url":"https:\/\/iraurgiberritzen.eus\/wp-content\/uploads\/2023\/09\/7d13cc638b031f8ce1bae1b0204ae77c.jpg","contentUrl":"https:\/\/iraurgiberritzen.eus\/wp-content\/uploads\/2023\/09\/7d13cc638b031f8ce1bae1b0204ae77c.jpg","width":600,"height":386},{"@type":"BreadcrumbList","@id":"https:\/\/iraurgiberritzen.eus\/es\/promoviendo-la-economia-circular-en-urola-erdia\/#breadcrumb","itemListElement":[{"@type":"ListItem","position":1,"name":"Home","item":"https:\/\/iraurgiberritzen.eus\/es\/"},{"@type":"ListItem","position":2,"name":"Promoviendo la Econom\u00eda Circular en Urola Erdia"}]},{"@type":"WebSite","@id":"https:\/\/iraurgiberritzen.eus\/es\/#website","url":"https:\/\/iraurgiberritzen.eus\/es\/","name":"Iraurgi Berritzen","description":"Urola Erdiko Garapen Agentzia","publisher":{"@id":"https:\/\/iraurgiberritzen.eus\/es\/#organization"},"potentialAction":[{"@type":"SearchAction","target":{"@type":"EntryPoint","urlTemplate":"https:\/\/iraurgiberritzen.eus\/es\/?s={search_term_string}"},"query-input":{"@type":"PropertyValueSpecification","valueRequired":true,"valueName":"search_term_string"}}],"inLanguage":"es"},{"@type":"Organization","@id":"https:\/\/iraurgiberritzen.eus\/es\/#organization","name":"Iraurgi Berritzen","url":"https:\/\/iraurgiberritzen.eus\/es\/","logo":{"@type":"ImageObject","inLanguage":"es","@id":"https:\/\/iraurgiberritzen.eus\/es\/#\/schema\/logo\/image\/","url":"https:\/\/iraurgiberritzen.eus\/wp-content\/uploads\/2024\/02\/IRAURGI-BERRITZEN-logotipoa_2.png","contentUrl":"https:\/\/iraurgiberritzen.eus\/wp-content\/uploads\/2024\/02\/IRAURGI-BERRITZEN-logotipoa_2.png","width":496,"height":190,"caption":"Iraurgi Berritzen"},"image":{"@id":"https:\/\/iraurgiberritzen.eus\/es\/#\/schema\/logo\/image\/"}},{"@type":"Person","@id":"https:\/\/iraurgiberritzen.eus\/es\/#\/schema\/person\/5ab41aaf388a9097177601ebf45738d2","name":"kudeatzailea","sameAs":["https:\/\/iraurgiberritzen.eus"]}]}},"_links":{"self":[{"href":"https:\/\/iraurgiberritzen.eus\/es\/wp-json\/wp\/v2\/posts\/13057","targetHints":{"allow":["GET"]}}],"collection":[{"href":"https:\/\/iraurgiberritzen.eus\/es\/wp-json\/wp\/v2\/posts"}],"about":[{"href":"https:\/\/iraurgiberritzen.eus\/es\/wp-json\/wp\/v2\/types\/post"}],"author":[{"embeddable":true,"href":"https:\/\/iraurgiberritzen.eus\/es\/wp-json\/wp\/v2\/users\/1"}],"replies":[{"embeddable":true,"href":"https:\/\/iraurgiberritzen.eus\/es\/wp-json\/wp\/v2\/comments?post=13057"}],"version-history":[{"count":0,"href":"https:\/\/iraurgiberritzen.eus\/es\/wp-json\/wp\/v2\/posts\/13057\/revisions"}],"wp:featuredmedia":[{"embeddable":true,"href":"https:\/\/iraurgiberritzen.eus\/es\/wp-json\/wp\/v2\/media\/17667"}],"wp:attachment":[{"href":"https:\/\/iraurgiberritzen.eus\/es\/wp-json\/wp\/v2\/media?parent=13057"}],"wp:term":[{"taxonomy":"category","embeddable":true,"href":"https:\/\/iraurgiberritzen.eus\/es\/wp-json\/wp\/v2\/categories?post=13057"},{"taxonomy":"post_tag","embeddable":true,"href":"https:\/\/iraurgiberritzen.eus\/es\/wp-json\/wp\/v2\/tags?post=13057"}],"curies":[{"name":"wp","href":"https:\/\/api.w.org\/{rel}","templated":true}]}}