{"id":13060,"date":"2020-11-20T08:45:38","date_gmt":"2020-11-20T06:45:38","guid":{"rendered":"https:\/\/iraurgiberritzen.eus\/listado-de-personas-admitidas-y-no-admitidas-a-la-convocatoria-para-cubrir-el-puesto-de-personal-tecnico-de-empresa-de-iraurgi-lantzen-s-a\/"},"modified":"2020-11-20T08:45:38","modified_gmt":"2020-11-20T06:45:38","slug":"listado-de-personas-admitidas-y-no-admitidas-a-la-convocatoria-para-cubrir-el-puesto-de-personal-tecnico-de-empresa-de-iraurgi-lantzen-s-a","status":"publish","type":"post","link":"https:\/\/iraurgiberritzen.eus\/es\/listado-de-personas-admitidas-y-no-admitidas-a-la-convocatoria-para-cubrir-el-puesto-de-personal-tecnico-de-empresa-de-iraurgi-lantzen-s-a\/","title":{"rendered":"Listado de personas admitidas y no admitidas a la convocatoria para cubrir el puesto de  Personal T\u00e9cnico de Empresa de Iraurgi Lantzen S.A."},"content":{"rendered":"<p style=\"text-align: justify;\">En el siguiente link est\u00e1 disponible el listado de personas admitidas y no adminitas en la convocatoria publicada en el Bolet\u00edn Oficial de Gipuzkoa el 14 de octubre de 2020, para la provisi\u00f3n del puesto de personal t\u00e9cnico de empresa, as\u00ed como la informaci\u00f3n sobre la fecha, hora y lugar de las pruebas t\u00e9cnicas de la fase de oposici\u00f3n, y la composici\u00f3n del jurado.<\/p>\n<p><a href=\"images\/iraurgiberritzen\/berriak\/2020\/c2006180_Listado_Admitidos.pdf\" target=\"_blank\" rel=\"noopener\">Lista de personas admitidas y no admitida&nbsp;BOG<\/a><\/p>\n","protected":false},"excerpt":{"rendered":"<p>En el siguiente link est\u00e1 disponible el listado de personas admitidas y no adminitas en la convocatoria publicada en el Bolet\u00edn Oficial de Gipuzkoa el 14 de octubre de 2020, para la provisi\u00f3n del puesto de personal t\u00e9cnico de empresa, as\u00ed como la informaci\u00f3n sobre la fecha, hora y lugar de las pruebas t\u00e9cnicas de [&hellip;]<\/p>\n","protected":false},"author":1,"featured_media":17668,"comment_status":"","ping_status":"closed","sticky":false,"template":"","format":"standard","meta":{"_acf_changed":false,"footnotes":""},"categories":[4],"tags":[],"class_list":["post-13060","post","type-post","status-publish","format-standard","has-post-thumbnail","hentry","category-noticias"],"acf":[],"yoast_head":"<!-- This site is optimized with the Yoast SEO plugin v27.4 - https:\/\/yoast.com\/product\/yoast-seo-wordpress\/ -->\n<title>Listado de personas admitidas y no admitidas a la convocatoria para cubrir el puesto de Personal T\u00e9cnico de Empresa de Iraurgi Lantzen S.A. - Iraurgi Berritzen<\/title>\n<meta name=\"robots\" content=\"index, follow, max-snippet:-1, max-image-preview:large, max-video-preview:-1\" \/>\n<link rel=\"canonical\" href=\"https:\/\/iraurgiberritzen.eus\/es\/listado-de-personas-admitidas-y-no-admitidas-a-la-convocatoria-para-cubrir-el-puesto-de-personal-tecnico-de-empresa-de-iraurgi-lantzen-s-a\/\" \/>\n<meta property=\"og:locale\" content=\"es_ES\" \/>\n<meta property=\"og:type\" content=\"article\" \/>\n<meta property=\"og:title\" content=\"Listado de personas admitidas y no admitidas a la convocatoria para cubrir el puesto de Personal T\u00e9cnico de Empresa de Iraurgi Lantzen S.A. - Iraurgi Berritzen\" \/>\n<meta property=\"og:description\" content=\"En el siguiente link est\u00e1 disponible el listado de personas admitidas y no adminitas en la convocatoria publicada en el Bolet\u00edn Oficial de Gipuzkoa el 14 de octubre de 2020, para la provisi\u00f3n del puesto de personal t\u00e9cnico de empresa, as\u00ed como la informaci\u00f3n sobre la fecha, hora y lugar de las pruebas t\u00e9cnicas de [&hellip;]\" \/>\n<meta property=\"og:url\" content=\"https:\/\/iraurgiberritzen.eus\/es\/listado-de-personas-admitidas-y-no-admitidas-a-la-convocatoria-para-cubrir-el-puesto-de-personal-tecnico-de-empresa-de-iraurgi-lantzen-s-a\/\" \/>\n<meta property=\"og:site_name\" content=\"Iraurgi Berritzen\" \/>\n<meta property=\"article:published_time\" content=\"2020-11-20T06:45:38+00:00\" \/>\n<meta name=\"author\" content=\"kudeatzailea\" \/>\n<meta name=\"twitter:card\" content=\"summary_large_image\" \/>\n<meta name=\"twitter:label1\" content=\"Escrito por\" \/>\n\t<meta name=\"twitter:data1\" content=\"kudeatzailea\" \/>\n<script type=\"application\/ld+json\" class=\"yoast-schema-graph\">{\"@context\":\"https:\\\/\\\/schema.org\",\"@graph\":[{\"@type\":\"Article\",\"@id\":\"https:\\\/\\\/iraurgiberritzen.eus\\\/es\\\/listado-de-personas-admitidas-y-no-admitidas-a-la-convocatoria-para-cubrir-el-puesto-de-personal-tecnico-de-empresa-de-iraurgi-lantzen-s-a\\\/#article\",\"isPartOf\":{\"@id\":\"https:\\\/\\\/iraurgiberritzen.eus\\\/es\\\/listado-de-personas-admitidas-y-no-admitidas-a-la-convocatoria-para-cubrir-el-puesto-de-personal-tecnico-de-empresa-de-iraurgi-lantzen-s-a\\\/\"},\"author\":{\"name\":\"kudeatzailea\",\"@id\":\"https:\\\/\\\/iraurgiberritzen.eus\\\/es\\\/#\\\/schema\\\/person\\\/5ab41aaf388a9097177601ebf45738d2\"},\"headline\":\"Listado de personas admitidas y no admitidas a la convocatoria para cubrir el puesto de Personal T\u00e9cnico de Empresa de Iraurgi Lantzen S.A.\",\"datePublished\":\"2020-11-20T06:45:38+00:00\",\"mainEntityOfPage\":{\"@id\":\"https:\\\/\\\/iraurgiberritzen.eus\\\/es\\\/listado-de-personas-admitidas-y-no-admitidas-a-la-convocatoria-para-cubrir-el-puesto-de-personal-tecnico-de-empresa-de-iraurgi-lantzen-s-a\\\/\"},\"wordCount\":103,\"publisher\":{\"@id\":\"https:\\\/\\\/iraurgiberritzen.eus\\\/es\\\/#organization\"},\"image\":{\"@id\":\"https:\\\/\\\/iraurgiberritzen.eus\\\/es\\\/listado-de-personas-admitidas-y-no-admitidas-a-la-convocatoria-para-cubrir-el-puesto-de-personal-tecnico-de-empresa-de-iraurgi-lantzen-s-a\\\/#primaryimage\"},\"thumbnailUrl\":\"https:\\\/\\\/iraurgiberritzen.eus\\\/wp-content\\\/uploads\\\/2023\\\/09\\\/dcb1882b5d2da82c4f1ecb54d9b9de6d.jpg\",\"articleSection\":[\"Noticias\"],\"inLanguage\":\"es\"},{\"@type\":\"WebPage\",\"@id\":\"https:\\\/\\\/iraurgiberritzen.eus\\\/es\\\/listado-de-personas-admitidas-y-no-admitidas-a-la-convocatoria-para-cubrir-el-puesto-de-personal-tecnico-de-empresa-de-iraurgi-lantzen-s-a\\\/\",\"url\":\"https:\\\/\\\/iraurgiberritzen.eus\\\/es\\\/listado-de-personas-admitidas-y-no-admitidas-a-la-convocatoria-para-cubrir-el-puesto-de-personal-tecnico-de-empresa-de-iraurgi-lantzen-s-a\\\/\",\"name\":\"Listado de personas admitidas y no admitidas a la convocatoria para cubrir el puesto de Personal T\u00e9cnico de Empresa de Iraurgi Lantzen S.A. - Iraurgi Berritzen\",\"isPartOf\":{\"@id\":\"https:\\\/\\\/iraurgiberritzen.eus\\\/es\\\/#website\"},\"primaryImageOfPage\":{\"@id\":\"https:\\\/\\\/iraurgiberritzen.eus\\\/es\\\/listado-de-personas-admitidas-y-no-admitidas-a-la-convocatoria-para-cubrir-el-puesto-de-personal-tecnico-de-empresa-de-iraurgi-lantzen-s-a\\\/#primaryimage\"},\"image\":{\"@id\":\"https:\\\/\\\/iraurgiberritzen.eus\\\/es\\\/listado-de-personas-admitidas-y-no-admitidas-a-la-convocatoria-para-cubrir-el-puesto-de-personal-tecnico-de-empresa-de-iraurgi-lantzen-s-a\\\/#primaryimage\"},\"thumbnailUrl\":\"https:\\\/\\\/iraurgiberritzen.eus\\\/wp-content\\\/uploads\\\/2023\\\/09\\\/dcb1882b5d2da82c4f1ecb54d9b9de6d.jpg\",\"datePublished\":\"2020-11-20T06:45:38+00:00\",\"breadcrumb\":{\"@id\":\"https:\\\/\\\/iraurgiberritzen.eus\\\/es\\\/listado-de-personas-admitidas-y-no-admitidas-a-la-convocatoria-para-cubrir-el-puesto-de-personal-tecnico-de-empresa-de-iraurgi-lantzen-s-a\\\/#breadcrumb\"},\"inLanguage\":\"es\",\"potentialAction\":[{\"@type\":\"ReadAction\",\"target\":[\"https:\\\/\\\/iraurgiberritzen.eus\\\/es\\\/listado-de-personas-admitidas-y-no-admitidas-a-la-convocatoria-para-cubrir-el-puesto-de-personal-tecnico-de-empresa-de-iraurgi-lantzen-s-a\\\/\"]}]},{\"@type\":\"ImageObject\",\"inLanguage\":\"es\",\"@id\":\"https:\\\/\\\/iraurgiberritzen.eus\\\/es\\\/listado-de-personas-admitidas-y-no-admitidas-a-la-convocatoria-para-cubrir-el-puesto-de-personal-tecnico-de-empresa-de-iraurgi-lantzen-s-a\\\/#primaryimage\",\"url\":\"https:\\\/\\\/iraurgiberritzen.eus\\\/wp-content\\\/uploads\\\/2023\\\/09\\\/dcb1882b5d2da82c4f1ecb54d9b9de6d.jpg\",\"contentUrl\":\"https:\\\/\\\/iraurgiberritzen.eus\\\/wp-content\\\/uploads\\\/2023\\\/09\\\/dcb1882b5d2da82c4f1ecb54d9b9de6d.jpg\",\"width\":600,\"height\":386},{\"@type\":\"BreadcrumbList\",\"@id\":\"https:\\\/\\\/iraurgiberritzen.eus\\\/es\\\/listado-de-personas-admitidas-y-no-admitidas-a-la-convocatoria-para-cubrir-el-puesto-de-personal-tecnico-de-empresa-de-iraurgi-lantzen-s-a\\\/#breadcrumb\",\"itemListElement\":[{\"@type\":\"ListItem\",\"position\":1,\"name\":\"Home\",\"item\":\"https:\\\/\\\/iraurgiberritzen.eus\\\/es\\\/\"},{\"@type\":\"ListItem\",\"position\":2,\"name\":\"Listado de personas admitidas y no admitidas a la convocatoria para cubrir el puesto de Personal T\u00e9cnico de Empresa de Iraurgi Lantzen S.A.\"}]},{\"@type\":\"WebSite\",\"@id\":\"https:\\\/\\\/iraurgiberritzen.eus\\\/es\\\/#website\",\"url\":\"https:\\\/\\\/iraurgiberritzen.eus\\\/es\\\/\",\"name\":\"Iraurgi Berritzen\",\"description\":\"Urola Erdiko Garapen Agentzia\",\"publisher\":{\"@id\":\"https:\\\/\\\/iraurgiberritzen.eus\\\/es\\\/#organization\"},\"potentialAction\":[{\"@type\":\"SearchAction\",\"target\":{\"@type\":\"EntryPoint\",\"urlTemplate\":\"https:\\\/\\\/iraurgiberritzen.eus\\\/es\\\/?s={search_term_string}\"},\"query-input\":{\"@type\":\"PropertyValueSpecification\",\"valueRequired\":true,\"valueName\":\"search_term_string\"}}],\"inLanguage\":\"es\"},{\"@type\":\"Organization\",\"@id\":\"https:\\\/\\\/iraurgiberritzen.eus\\\/es\\\/#organization\",\"name\":\"Iraurgi Berritzen\",\"url\":\"https:\\\/\\\/iraurgiberritzen.eus\\\/es\\\/\",\"logo\":{\"@type\":\"ImageObject\",\"inLanguage\":\"es\",\"@id\":\"https:\\\/\\\/iraurgiberritzen.eus\\\/es\\\/#\\\/schema\\\/logo\\\/image\\\/\",\"url\":\"https:\\\/\\\/iraurgiberritzen.eus\\\/wp-content\\\/uploads\\\/2024\\\/02\\\/IRAURGI-BERRITZEN-logotipoa_2.png\",\"contentUrl\":\"https:\\\/\\\/iraurgiberritzen.eus\\\/wp-content\\\/uploads\\\/2024\\\/02\\\/IRAURGI-BERRITZEN-logotipoa_2.png\",\"width\":496,\"height\":190,\"caption\":\"Iraurgi Berritzen\"},\"image\":{\"@id\":\"https:\\\/\\\/iraurgiberritzen.eus\\\/es\\\/#\\\/schema\\\/logo\\\/image\\\/\"}},{\"@type\":\"Person\",\"@id\":\"https:\\\/\\\/iraurgiberritzen.eus\\\/es\\\/#\\\/schema\\\/person\\\/5ab41aaf388a9097177601ebf45738d2\",\"name\":\"kudeatzailea\",\"sameAs\":[\"https:\\\/\\\/iraurgiberritzen.eus\"]}]}<\/script>\n<!-- \/ Yoast SEO plugin. -->","yoast_head_json":{"title":"Listado de personas admitidas y no admitidas a la convocatoria para cubrir el puesto de Personal T\u00e9cnico de Empresa de Iraurgi Lantzen S.A. - Iraurgi Berritzen","robots":{"index":"index","follow":"follow","max-snippet":"max-snippet:-1","max-image-preview":"max-image-preview:large","max-video-preview":"max-video-preview:-1"},"canonical":"https:\/\/iraurgiberritzen.eus\/es\/listado-de-personas-admitidas-y-no-admitidas-a-la-convocatoria-para-cubrir-el-puesto-de-personal-tecnico-de-empresa-de-iraurgi-lantzen-s-a\/","og_locale":"es_ES","og_type":"article","og_title":"Listado de personas admitidas y no admitidas a la convocatoria para cubrir el puesto de Personal T\u00e9cnico de Empresa de Iraurgi Lantzen S.A. - Iraurgi Berritzen","og_description":"En el siguiente link est\u00e1 disponible el listado de personas admitidas y no adminitas en la convocatoria publicada en el Bolet\u00edn Oficial de Gipuzkoa el 14 de octubre de 2020, para la provisi\u00f3n del puesto de personal t\u00e9cnico de empresa, as\u00ed como la informaci\u00f3n sobre la fecha, hora y lugar de las pruebas t\u00e9cnicas de [&hellip;]","og_url":"https:\/\/iraurgiberritzen.eus\/es\/listado-de-personas-admitidas-y-no-admitidas-a-la-convocatoria-para-cubrir-el-puesto-de-personal-tecnico-de-empresa-de-iraurgi-lantzen-s-a\/","og_site_name":"Iraurgi Berritzen","article_published_time":"2020-11-20T06:45:38+00:00","author":"kudeatzailea","twitter_card":"summary_large_image","twitter_misc":{"Escrito por":"kudeatzailea"},"schema":{"@context":"https:\/\/schema.org","@graph":[{"@type":"Article","@id":"https:\/\/iraurgiberritzen.eus\/es\/listado-de-personas-admitidas-y-no-admitidas-a-la-convocatoria-para-cubrir-el-puesto-de-personal-tecnico-de-empresa-de-iraurgi-lantzen-s-a\/#article","isPartOf":{"@id":"https:\/\/iraurgiberritzen.eus\/es\/listado-de-personas-admitidas-y-no-admitidas-a-la-convocatoria-para-cubrir-el-puesto-de-personal-tecnico-de-empresa-de-iraurgi-lantzen-s-a\/"},"author":{"name":"kudeatzailea","@id":"https:\/\/iraurgiberritzen.eus\/es\/#\/schema\/person\/5ab41aaf388a9097177601ebf45738d2"},"headline":"Listado de personas admitidas y no admitidas a la convocatoria para cubrir el puesto de Personal T\u00e9cnico de Empresa de Iraurgi Lantzen S.A.","datePublished":"2020-11-20T06:45:38+00:00","mainEntityOfPage":{"@id":"https:\/\/iraurgiberritzen.eus\/es\/listado-de-personas-admitidas-y-no-admitidas-a-la-convocatoria-para-cubrir-el-puesto-de-personal-tecnico-de-empresa-de-iraurgi-lantzen-s-a\/"},"wordCount":103,"publisher":{"@id":"https:\/\/iraurgiberritzen.eus\/es\/#organization"},"image":{"@id":"https:\/\/iraurgiberritzen.eus\/es\/listado-de-personas-admitidas-y-no-admitidas-a-la-convocatoria-para-cubrir-el-puesto-de-personal-tecnico-de-empresa-de-iraurgi-lantzen-s-a\/#primaryimage"},"thumbnailUrl":"https:\/\/iraurgiberritzen.eus\/wp-content\/uploads\/2023\/09\/dcb1882b5d2da82c4f1ecb54d9b9de6d.jpg","articleSection":["Noticias"],"inLanguage":"es"},{"@type":"WebPage","@id":"https:\/\/iraurgiberritzen.eus\/es\/listado-de-personas-admitidas-y-no-admitidas-a-la-convocatoria-para-cubrir-el-puesto-de-personal-tecnico-de-empresa-de-iraurgi-lantzen-s-a\/","url":"https:\/\/iraurgiberritzen.eus\/es\/listado-de-personas-admitidas-y-no-admitidas-a-la-convocatoria-para-cubrir-el-puesto-de-personal-tecnico-de-empresa-de-iraurgi-lantzen-s-a\/","name":"Listado de personas admitidas y no admitidas a la convocatoria para cubrir el puesto de Personal T\u00e9cnico de Empresa de Iraurgi Lantzen S.A. - Iraurgi Berritzen","isPartOf":{"@id":"https:\/\/iraurgiberritzen.eus\/es\/#website"},"primaryImageOfPage":{"@id":"https:\/\/iraurgiberritzen.eus\/es\/listado-de-personas-admitidas-y-no-admitidas-a-la-convocatoria-para-cubrir-el-puesto-de-personal-tecnico-de-empresa-de-iraurgi-lantzen-s-a\/#primaryimage"},"image":{"@id":"https:\/\/iraurgiberritzen.eus\/es\/listado-de-personas-admitidas-y-no-admitidas-a-la-convocatoria-para-cubrir-el-puesto-de-personal-tecnico-de-empresa-de-iraurgi-lantzen-s-a\/#primaryimage"},"thumbnailUrl":"https:\/\/iraurgiberritzen.eus\/wp-content\/uploads\/2023\/09\/dcb1882b5d2da82c4f1ecb54d9b9de6d.jpg","datePublished":"2020-11-20T06:45:38+00:00","breadcrumb":{"@id":"https:\/\/iraurgiberritzen.eus\/es\/listado-de-personas-admitidas-y-no-admitidas-a-la-convocatoria-para-cubrir-el-puesto-de-personal-tecnico-de-empresa-de-iraurgi-lantzen-s-a\/#breadcrumb"},"inLanguage":"es","potentialAction":[{"@type":"ReadAction","target":["https:\/\/iraurgiberritzen.eus\/es\/listado-de-personas-admitidas-y-no-admitidas-a-la-convocatoria-para-cubrir-el-puesto-de-personal-tecnico-de-empresa-de-iraurgi-lantzen-s-a\/"]}]},{"@type":"ImageObject","inLanguage":"es","@id":"https:\/\/iraurgiberritzen.eus\/es\/listado-de-personas-admitidas-y-no-admitidas-a-la-convocatoria-para-cubrir-el-puesto-de-personal-tecnico-de-empresa-de-iraurgi-lantzen-s-a\/#primaryimage","url":"https:\/\/iraurgiberritzen.eus\/wp-content\/uploads\/2023\/09\/dcb1882b5d2da82c4f1ecb54d9b9de6d.jpg","contentUrl":"https:\/\/iraurgiberritzen.eus\/wp-content\/uploads\/2023\/09\/dcb1882b5d2da82c4f1ecb54d9b9de6d.jpg","width":600,"height":386},{"@type":"BreadcrumbList","@id":"https:\/\/iraurgiberritzen.eus\/es\/listado-de-personas-admitidas-y-no-admitidas-a-la-convocatoria-para-cubrir-el-puesto-de-personal-tecnico-de-empresa-de-iraurgi-lantzen-s-a\/#breadcrumb","itemListElement":[{"@type":"ListItem","position":1,"name":"Home","item":"https:\/\/iraurgiberritzen.eus\/es\/"},{"@type":"ListItem","position":2,"name":"Listado de personas admitidas y no admitidas a la convocatoria para cubrir el puesto de Personal T\u00e9cnico de Empresa de Iraurgi Lantzen S.A."}]},{"@type":"WebSite","@id":"https:\/\/iraurgiberritzen.eus\/es\/#website","url":"https:\/\/iraurgiberritzen.eus\/es\/","name":"Iraurgi Berritzen","description":"Urola Erdiko Garapen Agentzia","publisher":{"@id":"https:\/\/iraurgiberritzen.eus\/es\/#organization"},"potentialAction":[{"@type":"SearchAction","target":{"@type":"EntryPoint","urlTemplate":"https:\/\/iraurgiberritzen.eus\/es\/?s={search_term_string}"},"query-input":{"@type":"PropertyValueSpecification","valueRequired":true,"valueName":"search_term_string"}}],"inLanguage":"es"},{"@type":"Organization","@id":"https:\/\/iraurgiberritzen.eus\/es\/#organization","name":"Iraurgi Berritzen","url":"https:\/\/iraurgiberritzen.eus\/es\/","logo":{"@type":"ImageObject","inLanguage":"es","@id":"https:\/\/iraurgiberritzen.eus\/es\/#\/schema\/logo\/image\/","url":"https:\/\/iraurgiberritzen.eus\/wp-content\/uploads\/2024\/02\/IRAURGI-BERRITZEN-logotipoa_2.png","contentUrl":"https:\/\/iraurgiberritzen.eus\/wp-content\/uploads\/2024\/02\/IRAURGI-BERRITZEN-logotipoa_2.png","width":496,"height":190,"caption":"Iraurgi Berritzen"},"image":{"@id":"https:\/\/iraurgiberritzen.eus\/es\/#\/schema\/logo\/image\/"}},{"@type":"Person","@id":"https:\/\/iraurgiberritzen.eus\/es\/#\/schema\/person\/5ab41aaf388a9097177601ebf45738d2","name":"kudeatzailea","sameAs":["https:\/\/iraurgiberritzen.eus"]}]}},"_links":{"self":[{"href":"https:\/\/iraurgiberritzen.eus\/es\/wp-json\/wp\/v2\/posts\/13060","targetHints":{"allow":["GET"]}}],"collection":[{"href":"https:\/\/iraurgiberritzen.eus\/es\/wp-json\/wp\/v2\/posts"}],"about":[{"href":"https:\/\/iraurgiberritzen.eus\/es\/wp-json\/wp\/v2\/types\/post"}],"author":[{"embeddable":true,"href":"https:\/\/iraurgiberritzen.eus\/es\/wp-json\/wp\/v2\/users\/1"}],"replies":[{"embeddable":true,"href":"https:\/\/iraurgiberritzen.eus\/es\/wp-json\/wp\/v2\/comments?post=13060"}],"version-history":[{"count":0,"href":"https:\/\/iraurgiberritzen.eus\/es\/wp-json\/wp\/v2\/posts\/13060\/revisions"}],"wp:featuredmedia":[{"embeddable":true,"href":"https:\/\/iraurgiberritzen.eus\/es\/wp-json\/wp\/v2\/media\/17668"}],"wp:attachment":[{"href":"https:\/\/iraurgiberritzen.eus\/es\/wp-json\/wp\/v2\/media?parent=13060"}],"wp:term":[{"taxonomy":"category","embeddable":true,"href":"https:\/\/iraurgiberritzen.eus\/es\/wp-json\/wp\/v2\/categories?post=13060"},{"taxonomy":"post_tag","embeddable":true,"href":"https:\/\/iraurgiberritzen.eus\/es\/wp-json\/wp\/v2\/tags?post=13060"}],"curies":[{"name":"wp","href":"https:\/\/api.w.org\/{rel}","templated":true}]}}