{"id":13063,"date":"2020-11-23T07:08:31","date_gmt":"2020-11-23T05:08:31","guid":{"rendered":"https:\/\/iraurgiberritzen.eus\/en-marcha-el-proceso-con-los-agentes-que-trabajan-en-el-emprendimiento-para-definir-un-contexto-atractivo-para-los-emprendedores\/"},"modified":"2020-11-23T07:08:31","modified_gmt":"2020-11-23T05:08:31","slug":"en-marcha-el-proceso-con-los-agentes-que-trabajan-en-el-emprendimiento-para-definir-un-contexto-atractivo-para-los-emprendedores","status":"publish","type":"post","link":"https:\/\/iraurgiberritzen.eus\/es\/en-marcha-el-proceso-con-los-agentes-que-trabajan-en-el-emprendimiento-para-definir-un-contexto-atractivo-para-los-emprendedores\/","title":{"rendered":"En marcha el proceso con los agentes que trabajan en el emprendimiento para definir un contexto atractivo para los emprendedores"},"content":{"rendered":"<p style=\"text-align: justify;\">Los agentes que de forma directa o indirecta, trabajan en el \u00e1mbito del emprendimiento, han iniciado un proceso de reflexi\u00f3n sobre los elementos necesarios para crear una comarca atractiva para los emprendedores.<\/p>\n<p style=\"text-align: justify;\">Los agentes implicados en este proceso son Izarraitz Lanbide Heziketa, URKOME, BIC Gipuzkoa, TKNIKA e Iraurgi Berritzen.<\/p>\n<p style=\"text-align: justify;\">La primera sesi\u00f3n de trabajo celebrada ayer, 19 de noviembre, y bas\u00e1ndonos en los elementos de un ecosistema de emprendimiento, crearon una fotograf\u00eda de un contexto ideal a partir de los conocimientos y aportaciones de cada uno.<\/p>\n<p style=\"text-align: justify;\">Como todos los procesos que se inician, se dieron cuenta de que tienen muchos retos y, por tanto, oportunidades de colaboraci\u00f3n y creaci\u00f3n. Desde el \u00e1rea de emprendimiento se quiere agradecer a todas las personas que participaron en la misma.<\/p>\n","protected":false},"excerpt":{"rendered":"<p>Los agentes que de forma directa o indirecta, trabajan en el \u00e1mbito del emprendimiento, han iniciado un proceso de reflexi\u00f3n sobre los elementos necesarios para crear una comarca atractiva para los emprendedores. Los agentes implicados en este proceso son Izarraitz Lanbide Heziketa, URKOME, BIC Gipuzkoa, TKNIKA e Iraurgi Berritzen. La primera sesi\u00f3n de trabajo celebrada [&hellip;]<\/p>\n","protected":false},"author":1,"featured_media":17669,"comment_status":"","ping_status":"closed","sticky":false,"template":"","format":"standard","meta":{"_acf_changed":false,"footnotes":""},"categories":[4],"tags":[],"class_list":["post-13063","post","type-post","status-publish","format-standard","has-post-thumbnail","hentry","category-noticias"],"acf":[],"yoast_head":"<!-- This site is optimized with the Yoast SEO plugin v27.4 - https:\/\/yoast.com\/product\/yoast-seo-wordpress\/ -->\n<title>En marcha el proceso con los agentes que trabajan en el emprendimiento para definir un contexto atractivo para los emprendedores - Iraurgi Berritzen<\/title>\n<meta name=\"robots\" content=\"index, follow, max-snippet:-1, max-image-preview:large, max-video-preview:-1\" \/>\n<link rel=\"canonical\" href=\"https:\/\/iraurgiberritzen.eus\/es\/en-marcha-el-proceso-con-los-agentes-que-trabajan-en-el-emprendimiento-para-definir-un-contexto-atractivo-para-los-emprendedores\/\" \/>\n<meta property=\"og:locale\" content=\"es_ES\" \/>\n<meta property=\"og:type\" content=\"article\" \/>\n<meta property=\"og:title\" content=\"En marcha el proceso con los agentes que trabajan en el emprendimiento para definir un contexto atractivo para los emprendedores - Iraurgi Berritzen\" \/>\n<meta property=\"og:description\" content=\"Los agentes que de forma directa o indirecta, trabajan en el \u00e1mbito del emprendimiento, han iniciado un proceso de reflexi\u00f3n sobre los elementos necesarios para crear una comarca atractiva para los emprendedores. Los agentes implicados en este proceso son Izarraitz Lanbide Heziketa, URKOME, BIC Gipuzkoa, TKNIKA e Iraurgi Berritzen. La primera sesi\u00f3n de trabajo celebrada [&hellip;]\" \/>\n<meta property=\"og:url\" content=\"https:\/\/iraurgiberritzen.eus\/es\/en-marcha-el-proceso-con-los-agentes-que-trabajan-en-el-emprendimiento-para-definir-un-contexto-atractivo-para-los-emprendedores\/\" \/>\n<meta property=\"og:site_name\" content=\"Iraurgi Berritzen\" \/>\n<meta property=\"article:published_time\" content=\"2020-11-23T05:08:31+00:00\" \/>\n<meta name=\"author\" content=\"kudeatzailea\" \/>\n<meta name=\"twitter:card\" content=\"summary_large_image\" \/>\n<meta name=\"twitter:label1\" content=\"Escrito por\" \/>\n\t<meta name=\"twitter:data1\" content=\"kudeatzailea\" \/>\n\t<meta name=\"twitter:label2\" content=\"Tiempo de lectura\" \/>\n\t<meta name=\"twitter:data2\" content=\"1 minuto\" \/>\n<script type=\"application\/ld+json\" class=\"yoast-schema-graph\">{\"@context\":\"https:\\\/\\\/schema.org\",\"@graph\":[{\"@type\":\"Article\",\"@id\":\"https:\\\/\\\/iraurgiberritzen.eus\\\/es\\\/en-marcha-el-proceso-con-los-agentes-que-trabajan-en-el-emprendimiento-para-definir-un-contexto-atractivo-para-los-emprendedores\\\/#article\",\"isPartOf\":{\"@id\":\"https:\\\/\\\/iraurgiberritzen.eus\\\/es\\\/en-marcha-el-proceso-con-los-agentes-que-trabajan-en-el-emprendimiento-para-definir-un-contexto-atractivo-para-los-emprendedores\\\/\"},\"author\":{\"name\":\"kudeatzailea\",\"@id\":\"https:\\\/\\\/iraurgiberritzen.eus\\\/es\\\/#\\\/schema\\\/person\\\/5ab41aaf388a9097177601ebf45738d2\"},\"headline\":\"En marcha el proceso con los agentes que trabajan en el emprendimiento para definir un contexto atractivo para los emprendedores\",\"datePublished\":\"2020-11-23T05:08:31+00:00\",\"mainEntityOfPage\":{\"@id\":\"https:\\\/\\\/iraurgiberritzen.eus\\\/es\\\/en-marcha-el-proceso-con-los-agentes-que-trabajan-en-el-emprendimiento-para-definir-un-contexto-atractivo-para-los-emprendedores\\\/\"},\"wordCount\":151,\"publisher\":{\"@id\":\"https:\\\/\\\/iraurgiberritzen.eus\\\/es\\\/#organization\"},\"image\":{\"@id\":\"https:\\\/\\\/iraurgiberritzen.eus\\\/es\\\/en-marcha-el-proceso-con-los-agentes-que-trabajan-en-el-emprendimiento-para-definir-un-contexto-atractivo-para-los-emprendedores\\\/#primaryimage\"},\"thumbnailUrl\":\"https:\\\/\\\/iraurgiberritzen.eus\\\/wp-content\\\/uploads\\\/2023\\\/09\\\/4a5dadae8236179289a29d4a9cb30754.jpg\",\"articleSection\":[\"Noticias\"],\"inLanguage\":\"es\"},{\"@type\":\"WebPage\",\"@id\":\"https:\\\/\\\/iraurgiberritzen.eus\\\/es\\\/en-marcha-el-proceso-con-los-agentes-que-trabajan-en-el-emprendimiento-para-definir-un-contexto-atractivo-para-los-emprendedores\\\/\",\"url\":\"https:\\\/\\\/iraurgiberritzen.eus\\\/es\\\/en-marcha-el-proceso-con-los-agentes-que-trabajan-en-el-emprendimiento-para-definir-un-contexto-atractivo-para-los-emprendedores\\\/\",\"name\":\"En marcha el proceso con los agentes que trabajan en el emprendimiento para definir un contexto atractivo para los emprendedores - Iraurgi Berritzen\",\"isPartOf\":{\"@id\":\"https:\\\/\\\/iraurgiberritzen.eus\\\/es\\\/#website\"},\"primaryImageOfPage\":{\"@id\":\"https:\\\/\\\/iraurgiberritzen.eus\\\/es\\\/en-marcha-el-proceso-con-los-agentes-que-trabajan-en-el-emprendimiento-para-definir-un-contexto-atractivo-para-los-emprendedores\\\/#primaryimage\"},\"image\":{\"@id\":\"https:\\\/\\\/iraurgiberritzen.eus\\\/es\\\/en-marcha-el-proceso-con-los-agentes-que-trabajan-en-el-emprendimiento-para-definir-un-contexto-atractivo-para-los-emprendedores\\\/#primaryimage\"},\"thumbnailUrl\":\"https:\\\/\\\/iraurgiberritzen.eus\\\/wp-content\\\/uploads\\\/2023\\\/09\\\/4a5dadae8236179289a29d4a9cb30754.jpg\",\"datePublished\":\"2020-11-23T05:08:31+00:00\",\"breadcrumb\":{\"@id\":\"https:\\\/\\\/iraurgiberritzen.eus\\\/es\\\/en-marcha-el-proceso-con-los-agentes-que-trabajan-en-el-emprendimiento-para-definir-un-contexto-atractivo-para-los-emprendedores\\\/#breadcrumb\"},\"inLanguage\":\"es\",\"potentialAction\":[{\"@type\":\"ReadAction\",\"target\":[\"https:\\\/\\\/iraurgiberritzen.eus\\\/es\\\/en-marcha-el-proceso-con-los-agentes-que-trabajan-en-el-emprendimiento-para-definir-un-contexto-atractivo-para-los-emprendedores\\\/\"]}]},{\"@type\":\"ImageObject\",\"inLanguage\":\"es\",\"@id\":\"https:\\\/\\\/iraurgiberritzen.eus\\\/es\\\/en-marcha-el-proceso-con-los-agentes-que-trabajan-en-el-emprendimiento-para-definir-un-contexto-atractivo-para-los-emprendedores\\\/#primaryimage\",\"url\":\"https:\\\/\\\/iraurgiberritzen.eus\\\/wp-content\\\/uploads\\\/2023\\\/09\\\/4a5dadae8236179289a29d4a9cb30754.jpg\",\"contentUrl\":\"https:\\\/\\\/iraurgiberritzen.eus\\\/wp-content\\\/uploads\\\/2023\\\/09\\\/4a5dadae8236179289a29d4a9cb30754.jpg\",\"width\":600,\"height\":386},{\"@type\":\"BreadcrumbList\",\"@id\":\"https:\\\/\\\/iraurgiberritzen.eus\\\/es\\\/en-marcha-el-proceso-con-los-agentes-que-trabajan-en-el-emprendimiento-para-definir-un-contexto-atractivo-para-los-emprendedores\\\/#breadcrumb\",\"itemListElement\":[{\"@type\":\"ListItem\",\"position\":1,\"name\":\"Home\",\"item\":\"https:\\\/\\\/iraurgiberritzen.eus\\\/es\\\/\"},{\"@type\":\"ListItem\",\"position\":2,\"name\":\"En marcha el proceso con los agentes que trabajan en el emprendimiento para definir un contexto atractivo para los emprendedores\"}]},{\"@type\":\"WebSite\",\"@id\":\"https:\\\/\\\/iraurgiberritzen.eus\\\/es\\\/#website\",\"url\":\"https:\\\/\\\/iraurgiberritzen.eus\\\/es\\\/\",\"name\":\"Iraurgi Berritzen\",\"description\":\"Urola Erdiko Garapen Agentzia\",\"publisher\":{\"@id\":\"https:\\\/\\\/iraurgiberritzen.eus\\\/es\\\/#organization\"},\"potentialAction\":[{\"@type\":\"SearchAction\",\"target\":{\"@type\":\"EntryPoint\",\"urlTemplate\":\"https:\\\/\\\/iraurgiberritzen.eus\\\/es\\\/?s={search_term_string}\"},\"query-input\":{\"@type\":\"PropertyValueSpecification\",\"valueRequired\":true,\"valueName\":\"search_term_string\"}}],\"inLanguage\":\"es\"},{\"@type\":\"Organization\",\"@id\":\"https:\\\/\\\/iraurgiberritzen.eus\\\/es\\\/#organization\",\"name\":\"Iraurgi Berritzen\",\"url\":\"https:\\\/\\\/iraurgiberritzen.eus\\\/es\\\/\",\"logo\":{\"@type\":\"ImageObject\",\"inLanguage\":\"es\",\"@id\":\"https:\\\/\\\/iraurgiberritzen.eus\\\/es\\\/#\\\/schema\\\/logo\\\/image\\\/\",\"url\":\"https:\\\/\\\/iraurgiberritzen.eus\\\/wp-content\\\/uploads\\\/2024\\\/02\\\/IRAURGI-BERRITZEN-logotipoa_2.png\",\"contentUrl\":\"https:\\\/\\\/iraurgiberritzen.eus\\\/wp-content\\\/uploads\\\/2024\\\/02\\\/IRAURGI-BERRITZEN-logotipoa_2.png\",\"width\":496,\"height\":190,\"caption\":\"Iraurgi Berritzen\"},\"image\":{\"@id\":\"https:\\\/\\\/iraurgiberritzen.eus\\\/es\\\/#\\\/schema\\\/logo\\\/image\\\/\"}},{\"@type\":\"Person\",\"@id\":\"https:\\\/\\\/iraurgiberritzen.eus\\\/es\\\/#\\\/schema\\\/person\\\/5ab41aaf388a9097177601ebf45738d2\",\"name\":\"kudeatzailea\",\"sameAs\":[\"https:\\\/\\\/iraurgiberritzen.eus\"]}]}<\/script>\n<!-- \/ Yoast SEO plugin. -->","yoast_head_json":{"title":"En marcha el proceso con los agentes que trabajan en el emprendimiento para definir un contexto atractivo para los emprendedores - Iraurgi Berritzen","robots":{"index":"index","follow":"follow","max-snippet":"max-snippet:-1","max-image-preview":"max-image-preview:large","max-video-preview":"max-video-preview:-1"},"canonical":"https:\/\/iraurgiberritzen.eus\/es\/en-marcha-el-proceso-con-los-agentes-que-trabajan-en-el-emprendimiento-para-definir-un-contexto-atractivo-para-los-emprendedores\/","og_locale":"es_ES","og_type":"article","og_title":"En marcha el proceso con los agentes que trabajan en el emprendimiento para definir un contexto atractivo para los emprendedores - Iraurgi Berritzen","og_description":"Los agentes que de forma directa o indirecta, trabajan en el \u00e1mbito del emprendimiento, han iniciado un proceso de reflexi\u00f3n sobre los elementos necesarios para crear una comarca atractiva para los emprendedores. Los agentes implicados en este proceso son Izarraitz Lanbide Heziketa, URKOME, BIC Gipuzkoa, TKNIKA e Iraurgi Berritzen. La primera sesi\u00f3n de trabajo celebrada [&hellip;]","og_url":"https:\/\/iraurgiberritzen.eus\/es\/en-marcha-el-proceso-con-los-agentes-que-trabajan-en-el-emprendimiento-para-definir-un-contexto-atractivo-para-los-emprendedores\/","og_site_name":"Iraurgi Berritzen","article_published_time":"2020-11-23T05:08:31+00:00","author":"kudeatzailea","twitter_card":"summary_large_image","twitter_misc":{"Escrito por":"kudeatzailea","Tiempo de lectura":"1 minuto"},"schema":{"@context":"https:\/\/schema.org","@graph":[{"@type":"Article","@id":"https:\/\/iraurgiberritzen.eus\/es\/en-marcha-el-proceso-con-los-agentes-que-trabajan-en-el-emprendimiento-para-definir-un-contexto-atractivo-para-los-emprendedores\/#article","isPartOf":{"@id":"https:\/\/iraurgiberritzen.eus\/es\/en-marcha-el-proceso-con-los-agentes-que-trabajan-en-el-emprendimiento-para-definir-un-contexto-atractivo-para-los-emprendedores\/"},"author":{"name":"kudeatzailea","@id":"https:\/\/iraurgiberritzen.eus\/es\/#\/schema\/person\/5ab41aaf388a9097177601ebf45738d2"},"headline":"En marcha el proceso con los agentes que trabajan en el emprendimiento para definir un contexto atractivo para los emprendedores","datePublished":"2020-11-23T05:08:31+00:00","mainEntityOfPage":{"@id":"https:\/\/iraurgiberritzen.eus\/es\/en-marcha-el-proceso-con-los-agentes-que-trabajan-en-el-emprendimiento-para-definir-un-contexto-atractivo-para-los-emprendedores\/"},"wordCount":151,"publisher":{"@id":"https:\/\/iraurgiberritzen.eus\/es\/#organization"},"image":{"@id":"https:\/\/iraurgiberritzen.eus\/es\/en-marcha-el-proceso-con-los-agentes-que-trabajan-en-el-emprendimiento-para-definir-un-contexto-atractivo-para-los-emprendedores\/#primaryimage"},"thumbnailUrl":"https:\/\/iraurgiberritzen.eus\/wp-content\/uploads\/2023\/09\/4a5dadae8236179289a29d4a9cb30754.jpg","articleSection":["Noticias"],"inLanguage":"es"},{"@type":"WebPage","@id":"https:\/\/iraurgiberritzen.eus\/es\/en-marcha-el-proceso-con-los-agentes-que-trabajan-en-el-emprendimiento-para-definir-un-contexto-atractivo-para-los-emprendedores\/","url":"https:\/\/iraurgiberritzen.eus\/es\/en-marcha-el-proceso-con-los-agentes-que-trabajan-en-el-emprendimiento-para-definir-un-contexto-atractivo-para-los-emprendedores\/","name":"En marcha el proceso con los agentes que trabajan en el emprendimiento para definir un contexto atractivo para los emprendedores - Iraurgi Berritzen","isPartOf":{"@id":"https:\/\/iraurgiberritzen.eus\/es\/#website"},"primaryImageOfPage":{"@id":"https:\/\/iraurgiberritzen.eus\/es\/en-marcha-el-proceso-con-los-agentes-que-trabajan-en-el-emprendimiento-para-definir-un-contexto-atractivo-para-los-emprendedores\/#primaryimage"},"image":{"@id":"https:\/\/iraurgiberritzen.eus\/es\/en-marcha-el-proceso-con-los-agentes-que-trabajan-en-el-emprendimiento-para-definir-un-contexto-atractivo-para-los-emprendedores\/#primaryimage"},"thumbnailUrl":"https:\/\/iraurgiberritzen.eus\/wp-content\/uploads\/2023\/09\/4a5dadae8236179289a29d4a9cb30754.jpg","datePublished":"2020-11-23T05:08:31+00:00","breadcrumb":{"@id":"https:\/\/iraurgiberritzen.eus\/es\/en-marcha-el-proceso-con-los-agentes-que-trabajan-en-el-emprendimiento-para-definir-un-contexto-atractivo-para-los-emprendedores\/#breadcrumb"},"inLanguage":"es","potentialAction":[{"@type":"ReadAction","target":["https:\/\/iraurgiberritzen.eus\/es\/en-marcha-el-proceso-con-los-agentes-que-trabajan-en-el-emprendimiento-para-definir-un-contexto-atractivo-para-los-emprendedores\/"]}]},{"@type":"ImageObject","inLanguage":"es","@id":"https:\/\/iraurgiberritzen.eus\/es\/en-marcha-el-proceso-con-los-agentes-que-trabajan-en-el-emprendimiento-para-definir-un-contexto-atractivo-para-los-emprendedores\/#primaryimage","url":"https:\/\/iraurgiberritzen.eus\/wp-content\/uploads\/2023\/09\/4a5dadae8236179289a29d4a9cb30754.jpg","contentUrl":"https:\/\/iraurgiberritzen.eus\/wp-content\/uploads\/2023\/09\/4a5dadae8236179289a29d4a9cb30754.jpg","width":600,"height":386},{"@type":"BreadcrumbList","@id":"https:\/\/iraurgiberritzen.eus\/es\/en-marcha-el-proceso-con-los-agentes-que-trabajan-en-el-emprendimiento-para-definir-un-contexto-atractivo-para-los-emprendedores\/#breadcrumb","itemListElement":[{"@type":"ListItem","position":1,"name":"Home","item":"https:\/\/iraurgiberritzen.eus\/es\/"},{"@type":"ListItem","position":2,"name":"En marcha el proceso con los agentes que trabajan en el emprendimiento para definir un contexto atractivo para los emprendedores"}]},{"@type":"WebSite","@id":"https:\/\/iraurgiberritzen.eus\/es\/#website","url":"https:\/\/iraurgiberritzen.eus\/es\/","name":"Iraurgi Berritzen","description":"Urola Erdiko Garapen Agentzia","publisher":{"@id":"https:\/\/iraurgiberritzen.eus\/es\/#organization"},"potentialAction":[{"@type":"SearchAction","target":{"@type":"EntryPoint","urlTemplate":"https:\/\/iraurgiberritzen.eus\/es\/?s={search_term_string}"},"query-input":{"@type":"PropertyValueSpecification","valueRequired":true,"valueName":"search_term_string"}}],"inLanguage":"es"},{"@type":"Organization","@id":"https:\/\/iraurgiberritzen.eus\/es\/#organization","name":"Iraurgi Berritzen","url":"https:\/\/iraurgiberritzen.eus\/es\/","logo":{"@type":"ImageObject","inLanguage":"es","@id":"https:\/\/iraurgiberritzen.eus\/es\/#\/schema\/logo\/image\/","url":"https:\/\/iraurgiberritzen.eus\/wp-content\/uploads\/2024\/02\/IRAURGI-BERRITZEN-logotipoa_2.png","contentUrl":"https:\/\/iraurgiberritzen.eus\/wp-content\/uploads\/2024\/02\/IRAURGI-BERRITZEN-logotipoa_2.png","width":496,"height":190,"caption":"Iraurgi Berritzen"},"image":{"@id":"https:\/\/iraurgiberritzen.eus\/es\/#\/schema\/logo\/image\/"}},{"@type":"Person","@id":"https:\/\/iraurgiberritzen.eus\/es\/#\/schema\/person\/5ab41aaf388a9097177601ebf45738d2","name":"kudeatzailea","sameAs":["https:\/\/iraurgiberritzen.eus"]}]}},"_links":{"self":[{"href":"https:\/\/iraurgiberritzen.eus\/es\/wp-json\/wp\/v2\/posts\/13063","targetHints":{"allow":["GET"]}}],"collection":[{"href":"https:\/\/iraurgiberritzen.eus\/es\/wp-json\/wp\/v2\/posts"}],"about":[{"href":"https:\/\/iraurgiberritzen.eus\/es\/wp-json\/wp\/v2\/types\/post"}],"author":[{"embeddable":true,"href":"https:\/\/iraurgiberritzen.eus\/es\/wp-json\/wp\/v2\/users\/1"}],"replies":[{"embeddable":true,"href":"https:\/\/iraurgiberritzen.eus\/es\/wp-json\/wp\/v2\/comments?post=13063"}],"version-history":[{"count":0,"href":"https:\/\/iraurgiberritzen.eus\/es\/wp-json\/wp\/v2\/posts\/13063\/revisions"}],"wp:featuredmedia":[{"embeddable":true,"href":"https:\/\/iraurgiberritzen.eus\/es\/wp-json\/wp\/v2\/media\/17669"}],"wp:attachment":[{"href":"https:\/\/iraurgiberritzen.eus\/es\/wp-json\/wp\/v2\/media?parent=13063"}],"wp:term":[{"taxonomy":"category","embeddable":true,"href":"https:\/\/iraurgiberritzen.eus\/es\/wp-json\/wp\/v2\/categories?post=13063"},{"taxonomy":"post_tag","embeddable":true,"href":"https:\/\/iraurgiberritzen.eus\/es\/wp-json\/wp\/v2\/tags?post=13063"}],"curies":[{"name":"wp","href":"https:\/\/api.w.org\/{rel}","templated":true}]}}