{"id":13081,"date":"2020-11-26T05:37:55","date_gmt":"2020-11-26T03:37:55","guid":{"rendered":"https:\/\/iraurgiberritzen.eus\/colaboracion-entre-iraurgi-berritzen-y-basquetour-agencia-vasca-de-turismo-para-el-desarrollo-de-la-oferta-turistica-del-ano-ignaciano\/"},"modified":"2020-11-26T05:37:55","modified_gmt":"2020-11-26T03:37:55","slug":"colaboracion-entre-iraurgi-berritzen-y-basquetour-agencia-vasca-de-turismo-para-el-desarrollo-de-la-oferta-turistica-del-ano-ignaciano","status":"publish","type":"post","link":"https:\/\/iraurgiberritzen.eus\/es\/colaboracion-entre-iraurgi-berritzen-y-basquetour-agencia-vasca-de-turismo-para-el-desarrollo-de-la-oferta-turistica-del-ano-ignaciano\/","title":{"rendered":"Colaboraci\u00f3n entre Iraurgi Berritzen y Basquetour, Agencia Vasca de Turismo, para el desarrollo de la oferta tur\u00edstica del A\u00f1o Ignaciano"},"content":{"rendered":"<p style=\"text-align: justify;\">El Palacio Intsausti acogi\u00f3 el pasado 20 de Noviembre una reuni\u00f3n de trabajo entre responsables de Iraurgi Berritzen y de la Agencia Vasca de Turismo Basquetour.<\/p>\n<p style=\"text-align: justify;\">El objeto de esta reuni\u00f3n fue el de poner sobre la mesa una propuesta para desarrollar conjuntamente la perspectiva tur\u00edstica del A\u00f1o Ignacio y analizar las posibilidades de plasmar dicha colaboraci\u00f3n en un convenio de trabajo.<\/p>\n<p style=\"text-align: justify;\">La amplia representaci\u00f3n de Iraurgi Berritzen fue encabezada por el Presidente de la entidad Javier Zubizarreta, que acudi\u00f3 acompa\u00f1ado por la vicepresidenta Nagore Alkorta, la directora Bego\u00f1a Beobide, el coordinador del \u00e1rea de Turismo Jes\u00fas Mujika y los concejales de Azkoitia y Azpeitia Juan Bautista Mendizabal y Josu Labaka. De Basquetour participaron el Director Daniel Solana y el T\u00e9cnico Iker Urcelay.<\/p>\n<p style=\"text-align: justify;\">500 Ignacio de Loyola. Se puede decir que el a\u00f1o Ignaciano 2021 Mayo &#8211; Julio 2022 es la envolvente para organizar y llevar a cabo las actividades organizadas por la Compa\u00f1\u00eda de Jes\u00fas para conmemorar el 500 Aniversario de Ignacio de Loyola. Estas actividades de marcado perfil espiritual y religioso tendr\u00e1n su incidencia en el \u00e1mbito tur\u00edstico al ser una fuente generadora de flujos tur\u00edsticos hacia Loiola y su entorno. Ah\u00ed es donde entra en juego y se enmarca el rol de las instituciones p\u00fablicas competentes en materia de turismo, en organizar y desarrollar todo lo concerniente a la vertiente tur\u00edstica.<\/p>\n<p style=\"text-align: justify;\">La reuni\u00f3n de trabajo se desarroll\u00f3 en buena sinton\u00eda y con buenos resultados, ya que se acordaron las bases para poder firmar un convenio para los pr\u00f3ximos dos a\u00f1os. De acuerdo con dicho convenio, Iraurgi Berritzen asumir\u00eda la responsabilidad del desarrollo tur\u00edstico del a\u00f1o Ignaciano, en coordinaci\u00f3n con Basquetour, buscando e implicando la participaci\u00f3n del Santuario de Loyola-Compa\u00f1\u00eda de Jes\u00fas, junto con otros agentes. Por el contrario, Basquetour aportar\u00eda los medios econ\u00f3micos para llevar a cabo esta tarea.<\/p>\n<p style=\"text-align: justify;\">Al abordar el desarrollo de este hito del a\u00f1o Ignaciano se persigue tambi\u00e9n fijar un punto de inflexi\u00f3n en el trabajo que se viene desarrollando sobre el Destino Loiola como motor de desarrollo tur\u00edstico de la comarca, mejorando y estableciendo unas bases solidas en las relaciones tanto con la Compa\u00f1\u00eda de Jes\u00fas como con el Gobierno Vasco.<\/p>\n<p style=\"text-align: justify;\">Esta reuni\u00f3n de Intsausti tuvo su continuidad en otra que se celebr\u00f3 con los responsables del Santuario de Loyola y de la comisi\u00f3n del A\u00f1o Ignaciano. En ella, se dio cuenta a los responsables de Loyola de lo acordado y de la voluntad de seguir colaborando.<\/p>\n","protected":false},"excerpt":{"rendered":"<p>El Palacio Intsausti acogi\u00f3 el pasado 20 de Noviembre una reuni\u00f3n de trabajo entre responsables de Iraurgi Berritzen y de la Agencia Vasca de Turismo Basquetour. El objeto de esta reuni\u00f3n fue el de poner sobre la mesa una propuesta para desarrollar conjuntamente la perspectiva tur\u00edstica del A\u00f1o Ignacio y analizar las posibilidades de plasmar [&hellip;]<\/p>\n","protected":false},"author":1,"featured_media":17655,"comment_status":"","ping_status":"closed","sticky":false,"template":"","format":"standard","meta":{"_acf_changed":false,"footnotes":""},"categories":[4],"tags":[],"class_list":["post-13081","post","type-post","status-publish","format-standard","has-post-thumbnail","hentry","category-noticias"],"acf":[],"yoast_head":"<!-- This site is optimized with the Yoast SEO plugin v27.4 - https:\/\/yoast.com\/product\/yoast-seo-wordpress\/ -->\n<title>Colaboraci\u00f3n entre Iraurgi Berritzen y Basquetour, Agencia Vasca de Turismo, para el desarrollo de la oferta tur\u00edstica del A\u00f1o Ignaciano - Iraurgi Berritzen<\/title>\n<meta name=\"robots\" content=\"index, follow, max-snippet:-1, max-image-preview:large, max-video-preview:-1\" \/>\n<link rel=\"canonical\" href=\"https:\/\/iraurgiberritzen.eus\/es\/colaboracion-entre-iraurgi-berritzen-y-basquetour-agencia-vasca-de-turismo-para-el-desarrollo-de-la-oferta-turistica-del-ano-ignaciano\/\" \/>\n<meta property=\"og:locale\" content=\"es_ES\" \/>\n<meta property=\"og:type\" content=\"article\" \/>\n<meta property=\"og:title\" content=\"Colaboraci\u00f3n entre Iraurgi Berritzen y Basquetour, Agencia Vasca de Turismo, para el desarrollo de la oferta tur\u00edstica del A\u00f1o Ignaciano - Iraurgi Berritzen\" \/>\n<meta property=\"og:description\" content=\"El Palacio Intsausti acogi\u00f3 el pasado 20 de Noviembre una reuni\u00f3n de trabajo entre responsables de Iraurgi Berritzen y de la Agencia Vasca de Turismo Basquetour. El objeto de esta reuni\u00f3n fue el de poner sobre la mesa una propuesta para desarrollar conjuntamente la perspectiva tur\u00edstica del A\u00f1o Ignacio y analizar las posibilidades de plasmar [&hellip;]\" \/>\n<meta property=\"og:url\" content=\"https:\/\/iraurgiberritzen.eus\/es\/colaboracion-entre-iraurgi-berritzen-y-basquetour-agencia-vasca-de-turismo-para-el-desarrollo-de-la-oferta-turistica-del-ano-ignaciano\/\" \/>\n<meta property=\"og:site_name\" content=\"Iraurgi Berritzen\" \/>\n<meta property=\"article:published_time\" content=\"2020-11-26T03:37:55+00:00\" \/>\n<meta name=\"author\" content=\"kudeatzailea\" \/>\n<meta name=\"twitter:card\" content=\"summary_large_image\" \/>\n<meta name=\"twitter:label1\" content=\"Escrito por\" \/>\n\t<meta name=\"twitter:data1\" content=\"kudeatzailea\" \/>\n\t<meta name=\"twitter:label2\" content=\"Tiempo de lectura\" \/>\n\t<meta name=\"twitter:data2\" content=\"2 minutos\" \/>\n<script type=\"application\/ld+json\" class=\"yoast-schema-graph\">{\"@context\":\"https:\\\/\\\/schema.org\",\"@graph\":[{\"@type\":\"Article\",\"@id\":\"https:\\\/\\\/iraurgiberritzen.eus\\\/es\\\/colaboracion-entre-iraurgi-berritzen-y-basquetour-agencia-vasca-de-turismo-para-el-desarrollo-de-la-oferta-turistica-del-ano-ignaciano\\\/#article\",\"isPartOf\":{\"@id\":\"https:\\\/\\\/iraurgiberritzen.eus\\\/es\\\/colaboracion-entre-iraurgi-berritzen-y-basquetour-agencia-vasca-de-turismo-para-el-desarrollo-de-la-oferta-turistica-del-ano-ignaciano\\\/\"},\"author\":{\"name\":\"kudeatzailea\",\"@id\":\"https:\\\/\\\/iraurgiberritzen.eus\\\/es\\\/#\\\/schema\\\/person\\\/5ab41aaf388a9097177601ebf45738d2\"},\"headline\":\"Colaboraci\u00f3n entre Iraurgi Berritzen y Basquetour, Agencia Vasca de Turismo, para el desarrollo de la oferta tur\u00edstica del A\u00f1o Ignaciano\",\"datePublished\":\"2020-11-26T03:37:55+00:00\",\"mainEntityOfPage\":{\"@id\":\"https:\\\/\\\/iraurgiberritzen.eus\\\/es\\\/colaboracion-entre-iraurgi-berritzen-y-basquetour-agencia-vasca-de-turismo-para-el-desarrollo-de-la-oferta-turistica-del-ano-ignaciano\\\/\"},\"wordCount\":463,\"publisher\":{\"@id\":\"https:\\\/\\\/iraurgiberritzen.eus\\\/es\\\/#organization\"},\"image\":{\"@id\":\"https:\\\/\\\/iraurgiberritzen.eus\\\/es\\\/colaboracion-entre-iraurgi-berritzen-y-basquetour-agencia-vasca-de-turismo-para-el-desarrollo-de-la-oferta-turistica-del-ano-ignaciano\\\/#primaryimage\"},\"thumbnailUrl\":\"https:\\\/\\\/iraurgiberritzen.eus\\\/wp-content\\\/uploads\\\/2023\\\/09\\\/2e982f65432588c32a492f05619f3935.jpg\",\"articleSection\":[\"Noticias\"],\"inLanguage\":\"es\"},{\"@type\":\"WebPage\",\"@id\":\"https:\\\/\\\/iraurgiberritzen.eus\\\/es\\\/colaboracion-entre-iraurgi-berritzen-y-basquetour-agencia-vasca-de-turismo-para-el-desarrollo-de-la-oferta-turistica-del-ano-ignaciano\\\/\",\"url\":\"https:\\\/\\\/iraurgiberritzen.eus\\\/es\\\/colaboracion-entre-iraurgi-berritzen-y-basquetour-agencia-vasca-de-turismo-para-el-desarrollo-de-la-oferta-turistica-del-ano-ignaciano\\\/\",\"name\":\"Colaboraci\u00f3n entre Iraurgi Berritzen y Basquetour, Agencia Vasca de Turismo, para el desarrollo de la oferta tur\u00edstica del A\u00f1o Ignaciano - Iraurgi Berritzen\",\"isPartOf\":{\"@id\":\"https:\\\/\\\/iraurgiberritzen.eus\\\/es\\\/#website\"},\"primaryImageOfPage\":{\"@id\":\"https:\\\/\\\/iraurgiberritzen.eus\\\/es\\\/colaboracion-entre-iraurgi-berritzen-y-basquetour-agencia-vasca-de-turismo-para-el-desarrollo-de-la-oferta-turistica-del-ano-ignaciano\\\/#primaryimage\"},\"image\":{\"@id\":\"https:\\\/\\\/iraurgiberritzen.eus\\\/es\\\/colaboracion-entre-iraurgi-berritzen-y-basquetour-agencia-vasca-de-turismo-para-el-desarrollo-de-la-oferta-turistica-del-ano-ignaciano\\\/#primaryimage\"},\"thumbnailUrl\":\"https:\\\/\\\/iraurgiberritzen.eus\\\/wp-content\\\/uploads\\\/2023\\\/09\\\/2e982f65432588c32a492f05619f3935.jpg\",\"datePublished\":\"2020-11-26T03:37:55+00:00\",\"breadcrumb\":{\"@id\":\"https:\\\/\\\/iraurgiberritzen.eus\\\/es\\\/colaboracion-entre-iraurgi-berritzen-y-basquetour-agencia-vasca-de-turismo-para-el-desarrollo-de-la-oferta-turistica-del-ano-ignaciano\\\/#breadcrumb\"},\"inLanguage\":\"es\",\"potentialAction\":[{\"@type\":\"ReadAction\",\"target\":[\"https:\\\/\\\/iraurgiberritzen.eus\\\/es\\\/colaboracion-entre-iraurgi-berritzen-y-basquetour-agencia-vasca-de-turismo-para-el-desarrollo-de-la-oferta-turistica-del-ano-ignaciano\\\/\"]}]},{\"@type\":\"ImageObject\",\"inLanguage\":\"es\",\"@id\":\"https:\\\/\\\/iraurgiberritzen.eus\\\/es\\\/colaboracion-entre-iraurgi-berritzen-y-basquetour-agencia-vasca-de-turismo-para-el-desarrollo-de-la-oferta-turistica-del-ano-ignaciano\\\/#primaryimage\",\"url\":\"https:\\\/\\\/iraurgiberritzen.eus\\\/wp-content\\\/uploads\\\/2023\\\/09\\\/2e982f65432588c32a492f05619f3935.jpg\",\"contentUrl\":\"https:\\\/\\\/iraurgiberritzen.eus\\\/wp-content\\\/uploads\\\/2023\\\/09\\\/2e982f65432588c32a492f05619f3935.jpg\",\"width\":600,\"height\":386},{\"@type\":\"BreadcrumbList\",\"@id\":\"https:\\\/\\\/iraurgiberritzen.eus\\\/es\\\/colaboracion-entre-iraurgi-berritzen-y-basquetour-agencia-vasca-de-turismo-para-el-desarrollo-de-la-oferta-turistica-del-ano-ignaciano\\\/#breadcrumb\",\"itemListElement\":[{\"@type\":\"ListItem\",\"position\":1,\"name\":\"Home\",\"item\":\"https:\\\/\\\/iraurgiberritzen.eus\\\/es\\\/\"},{\"@type\":\"ListItem\",\"position\":2,\"name\":\"Colaboraci\u00f3n entre Iraurgi Berritzen y Basquetour, Agencia Vasca de Turismo, para el desarrollo de la oferta tur\u00edstica del A\u00f1o Ignaciano\"}]},{\"@type\":\"WebSite\",\"@id\":\"https:\\\/\\\/iraurgiberritzen.eus\\\/es\\\/#website\",\"url\":\"https:\\\/\\\/iraurgiberritzen.eus\\\/es\\\/\",\"name\":\"Iraurgi Berritzen\",\"description\":\"Urola Erdiko Garapen Agentzia\",\"publisher\":{\"@id\":\"https:\\\/\\\/iraurgiberritzen.eus\\\/es\\\/#organization\"},\"potentialAction\":[{\"@type\":\"SearchAction\",\"target\":{\"@type\":\"EntryPoint\",\"urlTemplate\":\"https:\\\/\\\/iraurgiberritzen.eus\\\/es\\\/?s={search_term_string}\"},\"query-input\":{\"@type\":\"PropertyValueSpecification\",\"valueRequired\":true,\"valueName\":\"search_term_string\"}}],\"inLanguage\":\"es\"},{\"@type\":\"Organization\",\"@id\":\"https:\\\/\\\/iraurgiberritzen.eus\\\/es\\\/#organization\",\"name\":\"Iraurgi Berritzen\",\"url\":\"https:\\\/\\\/iraurgiberritzen.eus\\\/es\\\/\",\"logo\":{\"@type\":\"ImageObject\",\"inLanguage\":\"es\",\"@id\":\"https:\\\/\\\/iraurgiberritzen.eus\\\/es\\\/#\\\/schema\\\/logo\\\/image\\\/\",\"url\":\"https:\\\/\\\/iraurgiberritzen.eus\\\/wp-content\\\/uploads\\\/2024\\\/02\\\/IRAURGI-BERRITZEN-logotipoa_2.png\",\"contentUrl\":\"https:\\\/\\\/iraurgiberritzen.eus\\\/wp-content\\\/uploads\\\/2024\\\/02\\\/IRAURGI-BERRITZEN-logotipoa_2.png\",\"width\":496,\"height\":190,\"caption\":\"Iraurgi Berritzen\"},\"image\":{\"@id\":\"https:\\\/\\\/iraurgiberritzen.eus\\\/es\\\/#\\\/schema\\\/logo\\\/image\\\/\"}},{\"@type\":\"Person\",\"@id\":\"https:\\\/\\\/iraurgiberritzen.eus\\\/es\\\/#\\\/schema\\\/person\\\/5ab41aaf388a9097177601ebf45738d2\",\"name\":\"kudeatzailea\",\"sameAs\":[\"https:\\\/\\\/iraurgiberritzen.eus\"]}]}<\/script>\n<!-- \/ Yoast SEO plugin. -->","yoast_head_json":{"title":"Colaboraci\u00f3n entre Iraurgi Berritzen y Basquetour, Agencia Vasca de Turismo, para el desarrollo de la oferta tur\u00edstica del A\u00f1o Ignaciano - Iraurgi Berritzen","robots":{"index":"index","follow":"follow","max-snippet":"max-snippet:-1","max-image-preview":"max-image-preview:large","max-video-preview":"max-video-preview:-1"},"canonical":"https:\/\/iraurgiberritzen.eus\/es\/colaboracion-entre-iraurgi-berritzen-y-basquetour-agencia-vasca-de-turismo-para-el-desarrollo-de-la-oferta-turistica-del-ano-ignaciano\/","og_locale":"es_ES","og_type":"article","og_title":"Colaboraci\u00f3n entre Iraurgi Berritzen y Basquetour, Agencia Vasca de Turismo, para el desarrollo de la oferta tur\u00edstica del A\u00f1o Ignaciano - Iraurgi Berritzen","og_description":"El Palacio Intsausti acogi\u00f3 el pasado 20 de Noviembre una reuni\u00f3n de trabajo entre responsables de Iraurgi Berritzen y de la Agencia Vasca de Turismo Basquetour. El objeto de esta reuni\u00f3n fue el de poner sobre la mesa una propuesta para desarrollar conjuntamente la perspectiva tur\u00edstica del A\u00f1o Ignacio y analizar las posibilidades de plasmar [&hellip;]","og_url":"https:\/\/iraurgiberritzen.eus\/es\/colaboracion-entre-iraurgi-berritzen-y-basquetour-agencia-vasca-de-turismo-para-el-desarrollo-de-la-oferta-turistica-del-ano-ignaciano\/","og_site_name":"Iraurgi Berritzen","article_published_time":"2020-11-26T03:37:55+00:00","author":"kudeatzailea","twitter_card":"summary_large_image","twitter_misc":{"Escrito por":"kudeatzailea","Tiempo de lectura":"2 minutos"},"schema":{"@context":"https:\/\/schema.org","@graph":[{"@type":"Article","@id":"https:\/\/iraurgiberritzen.eus\/es\/colaboracion-entre-iraurgi-berritzen-y-basquetour-agencia-vasca-de-turismo-para-el-desarrollo-de-la-oferta-turistica-del-ano-ignaciano\/#article","isPartOf":{"@id":"https:\/\/iraurgiberritzen.eus\/es\/colaboracion-entre-iraurgi-berritzen-y-basquetour-agencia-vasca-de-turismo-para-el-desarrollo-de-la-oferta-turistica-del-ano-ignaciano\/"},"author":{"name":"kudeatzailea","@id":"https:\/\/iraurgiberritzen.eus\/es\/#\/schema\/person\/5ab41aaf388a9097177601ebf45738d2"},"headline":"Colaboraci\u00f3n entre Iraurgi Berritzen y Basquetour, Agencia Vasca de Turismo, para el desarrollo de la oferta tur\u00edstica del A\u00f1o Ignaciano","datePublished":"2020-11-26T03:37:55+00:00","mainEntityOfPage":{"@id":"https:\/\/iraurgiberritzen.eus\/es\/colaboracion-entre-iraurgi-berritzen-y-basquetour-agencia-vasca-de-turismo-para-el-desarrollo-de-la-oferta-turistica-del-ano-ignaciano\/"},"wordCount":463,"publisher":{"@id":"https:\/\/iraurgiberritzen.eus\/es\/#organization"},"image":{"@id":"https:\/\/iraurgiberritzen.eus\/es\/colaboracion-entre-iraurgi-berritzen-y-basquetour-agencia-vasca-de-turismo-para-el-desarrollo-de-la-oferta-turistica-del-ano-ignaciano\/#primaryimage"},"thumbnailUrl":"https:\/\/iraurgiberritzen.eus\/wp-content\/uploads\/2023\/09\/2e982f65432588c32a492f05619f3935.jpg","articleSection":["Noticias"],"inLanguage":"es"},{"@type":"WebPage","@id":"https:\/\/iraurgiberritzen.eus\/es\/colaboracion-entre-iraurgi-berritzen-y-basquetour-agencia-vasca-de-turismo-para-el-desarrollo-de-la-oferta-turistica-del-ano-ignaciano\/","url":"https:\/\/iraurgiberritzen.eus\/es\/colaboracion-entre-iraurgi-berritzen-y-basquetour-agencia-vasca-de-turismo-para-el-desarrollo-de-la-oferta-turistica-del-ano-ignaciano\/","name":"Colaboraci\u00f3n entre Iraurgi Berritzen y Basquetour, Agencia Vasca de Turismo, para el desarrollo de la oferta tur\u00edstica del A\u00f1o Ignaciano - Iraurgi Berritzen","isPartOf":{"@id":"https:\/\/iraurgiberritzen.eus\/es\/#website"},"primaryImageOfPage":{"@id":"https:\/\/iraurgiberritzen.eus\/es\/colaboracion-entre-iraurgi-berritzen-y-basquetour-agencia-vasca-de-turismo-para-el-desarrollo-de-la-oferta-turistica-del-ano-ignaciano\/#primaryimage"},"image":{"@id":"https:\/\/iraurgiberritzen.eus\/es\/colaboracion-entre-iraurgi-berritzen-y-basquetour-agencia-vasca-de-turismo-para-el-desarrollo-de-la-oferta-turistica-del-ano-ignaciano\/#primaryimage"},"thumbnailUrl":"https:\/\/iraurgiberritzen.eus\/wp-content\/uploads\/2023\/09\/2e982f65432588c32a492f05619f3935.jpg","datePublished":"2020-11-26T03:37:55+00:00","breadcrumb":{"@id":"https:\/\/iraurgiberritzen.eus\/es\/colaboracion-entre-iraurgi-berritzen-y-basquetour-agencia-vasca-de-turismo-para-el-desarrollo-de-la-oferta-turistica-del-ano-ignaciano\/#breadcrumb"},"inLanguage":"es","potentialAction":[{"@type":"ReadAction","target":["https:\/\/iraurgiberritzen.eus\/es\/colaboracion-entre-iraurgi-berritzen-y-basquetour-agencia-vasca-de-turismo-para-el-desarrollo-de-la-oferta-turistica-del-ano-ignaciano\/"]}]},{"@type":"ImageObject","inLanguage":"es","@id":"https:\/\/iraurgiberritzen.eus\/es\/colaboracion-entre-iraurgi-berritzen-y-basquetour-agencia-vasca-de-turismo-para-el-desarrollo-de-la-oferta-turistica-del-ano-ignaciano\/#primaryimage","url":"https:\/\/iraurgiberritzen.eus\/wp-content\/uploads\/2023\/09\/2e982f65432588c32a492f05619f3935.jpg","contentUrl":"https:\/\/iraurgiberritzen.eus\/wp-content\/uploads\/2023\/09\/2e982f65432588c32a492f05619f3935.jpg","width":600,"height":386},{"@type":"BreadcrumbList","@id":"https:\/\/iraurgiberritzen.eus\/es\/colaboracion-entre-iraurgi-berritzen-y-basquetour-agencia-vasca-de-turismo-para-el-desarrollo-de-la-oferta-turistica-del-ano-ignaciano\/#breadcrumb","itemListElement":[{"@type":"ListItem","position":1,"name":"Home","item":"https:\/\/iraurgiberritzen.eus\/es\/"},{"@type":"ListItem","position":2,"name":"Colaboraci\u00f3n entre Iraurgi Berritzen y Basquetour, Agencia Vasca de Turismo, para el desarrollo de la oferta tur\u00edstica del A\u00f1o Ignaciano"}]},{"@type":"WebSite","@id":"https:\/\/iraurgiberritzen.eus\/es\/#website","url":"https:\/\/iraurgiberritzen.eus\/es\/","name":"Iraurgi Berritzen","description":"Urola Erdiko Garapen Agentzia","publisher":{"@id":"https:\/\/iraurgiberritzen.eus\/es\/#organization"},"potentialAction":[{"@type":"SearchAction","target":{"@type":"EntryPoint","urlTemplate":"https:\/\/iraurgiberritzen.eus\/es\/?s={search_term_string}"},"query-input":{"@type":"PropertyValueSpecification","valueRequired":true,"valueName":"search_term_string"}}],"inLanguage":"es"},{"@type":"Organization","@id":"https:\/\/iraurgiberritzen.eus\/es\/#organization","name":"Iraurgi Berritzen","url":"https:\/\/iraurgiberritzen.eus\/es\/","logo":{"@type":"ImageObject","inLanguage":"es","@id":"https:\/\/iraurgiberritzen.eus\/es\/#\/schema\/logo\/image\/","url":"https:\/\/iraurgiberritzen.eus\/wp-content\/uploads\/2024\/02\/IRAURGI-BERRITZEN-logotipoa_2.png","contentUrl":"https:\/\/iraurgiberritzen.eus\/wp-content\/uploads\/2024\/02\/IRAURGI-BERRITZEN-logotipoa_2.png","width":496,"height":190,"caption":"Iraurgi Berritzen"},"image":{"@id":"https:\/\/iraurgiberritzen.eus\/es\/#\/schema\/logo\/image\/"}},{"@type":"Person","@id":"https:\/\/iraurgiberritzen.eus\/es\/#\/schema\/person\/5ab41aaf388a9097177601ebf45738d2","name":"kudeatzailea","sameAs":["https:\/\/iraurgiberritzen.eus"]}]}},"_links":{"self":[{"href":"https:\/\/iraurgiberritzen.eus\/es\/wp-json\/wp\/v2\/posts\/13081","targetHints":{"allow":["GET"]}}],"collection":[{"href":"https:\/\/iraurgiberritzen.eus\/es\/wp-json\/wp\/v2\/posts"}],"about":[{"href":"https:\/\/iraurgiberritzen.eus\/es\/wp-json\/wp\/v2\/types\/post"}],"author":[{"embeddable":true,"href":"https:\/\/iraurgiberritzen.eus\/es\/wp-json\/wp\/v2\/users\/1"}],"replies":[{"embeddable":true,"href":"https:\/\/iraurgiberritzen.eus\/es\/wp-json\/wp\/v2\/comments?post=13081"}],"version-history":[{"count":0,"href":"https:\/\/iraurgiberritzen.eus\/es\/wp-json\/wp\/v2\/posts\/13081\/revisions"}],"wp:featuredmedia":[{"embeddable":true,"href":"https:\/\/iraurgiberritzen.eus\/es\/wp-json\/wp\/v2\/media\/17655"}],"wp:attachment":[{"href":"https:\/\/iraurgiberritzen.eus\/es\/wp-json\/wp\/v2\/media?parent=13081"}],"wp:term":[{"taxonomy":"category","embeddable":true,"href":"https:\/\/iraurgiberritzen.eus\/es\/wp-json\/wp\/v2\/categories?post=13081"},{"taxonomy":"post_tag","embeddable":true,"href":"https:\/\/iraurgiberritzen.eus\/es\/wp-json\/wp\/v2\/tags?post=13081"}],"curies":[{"name":"wp","href":"https:\/\/api.w.org\/{rel}","templated":true}]}}