{"id":13099,"date":"2020-12-10T05:14:36","date_gmt":"2020-12-10T03:14:36","guid":{"rendered":"https:\/\/iraurgiberritzen.eus\/ultima-reunion-del-ano-entre-los-ayuntamientos-de-la-comarca-y-los-miembros-de-enpresa-gunea\/"},"modified":"2020-12-10T05:14:36","modified_gmt":"2020-12-10T03:14:36","slug":"ultima-reunion-del-ano-entre-los-ayuntamientos-de-la-comarca-y-los-miembros-de-enpresa-gunea","status":"publish","type":"post","link":"https:\/\/iraurgiberritzen.eus\/es\/ultima-reunion-del-ano-entre-los-ayuntamientos-de-la-comarca-y-los-miembros-de-enpresa-gunea\/","title":{"rendered":"\u00daltima reuni\u00f3n del a\u00f1o entre los ayuntamientos de la comarca y los miembros de Enpresa Gunea"},"content":{"rendered":"<p>Se ha celebrado la 5 y \u00faltima reuni\u00f3n del a\u00f1o 2020 entre los tres ayuntamientos de la comarca (Azpeitia, Azkoitia y Zestoa) y los miembros de Enpresa Gunea con el objetivo de realizar un seguimiento cercano de la situaci\u00f3n desde el inicio de la pandemia del Covid-19.<\/p>\n<p>Los temas tratados en esta reuni\u00f3n han sido los siguientes:<\/p>\n<p style=\"text-align: justify;\"><strong>1. Diagn\u00f3stico de la situaci\u00f3n socioecon\u00f3mica. Demandas del ERTE en la comarca e impacto en los trabajadores.<\/strong><\/p>\n<ul style=\"text-align: justify;\">\n<li>Entre el 16 de marzo y el 27 de noviembre se han realizado 477 solicitudes de ERTE en Urola Erdia, la mayor\u00eda de ellas (377 expedientes) en el sector servicios. En cuanto a Industria, se han registrado 83 expedientes. En el sector primario y construcci\u00f3n se han presentado 4 y 13 expedientes respectivamente.<\/li>\n<li>El 83,4% del total de expedientes de regulaci\u00f3n de empleo solicitados se han realizado por cese de actividad. La demanda m\u00e1s argumentada se debe a \u00abcausas de fuerza mayor\u00bb (399 solicitudes) y a 69 \u00abrazones de producci\u00f3n\u00bb. En cuanto a los motivos organizativos y otros, se han alegado un total de 9 casos.<\/li>\n<li>En cuanto al impacto de las ERTE, ha afectado a 3.013 trabajadores, de los cuales 1.597 est\u00e1n en el sector servicios y 1.321 en el sector industrial. En el sector primario y en la construcci\u00f3n se han visto afectados 32 y 63 trabajadores, respectivamente.<\/li>\n<\/ul>\n<p style=\"text-align: justify;\">Sin embargo, cabe destacar que se sigue sin disponer de informaci\u00f3n sobre la anulaci\u00f3n de las ERTEs registradas. Salvo el sector de hosteler\u00eda, los dem\u00e1s sectores trabajan ya con total normalidad.<\/p>\n<p style=\"text-align: justify;\"><strong>2. Principales conclusiones intercambiadas con los miembros de Enpresa Gunea:<\/strong><\/p>\n<ul style=\"text-align: justify;\">\n<li>En cuanto a la situaci\u00f3n de mercado, todas las empresas informan de que se encuentran en una situaci\u00f3n mejor que en octubre, as\u00ed como dan muestra de la activaci\u00f3n de algunos proyectos que estuvieron paralizados.<\/li>\n<li>Se ha llegado a la conclusi\u00f3n de que la situaci\u00f3n es muy diferente en funci\u00f3n de los sectores de actividad de cada empresa, destacando que el sector de automoci\u00f3n se encuentra inmersa en una gran incertidumbre y que el sector e\u00f3lico, energ\u00e9tico y las TIC est\u00e1n mostrando un buen comportamiento.<\/li>\n<li>En cuanto a la facturaci\u00f3n del a\u00f1o 2020, se prev\u00e9 que las facturaciones de las empresas de la comarca sufran como media una bajada de entorno a un 20%.<\/li>\n<li>La situaci\u00f3n es diferente para cada empresa en cuanto a la perspectiva del 2021 se refiere; algunas se encuentran con una carga de trabajo importante, y algunas otras no ven claramente cu\u00e1l va a ser la situaci\u00f3n hacia la primavera.<\/li>\n<\/ul>\n<p style=\"text-align: justify;\">La reuni\u00f3n ha finalizado con el inter\u00e9s de seguir manteniendo la colaboraci\u00f3n y la comunicaci\u00f3n entre ayuntamientos y empresas y con el compromiso de celebrar una nueva reuni\u00f3n a principios de a\u00f1o.<\/p>\n","protected":false},"excerpt":{"rendered":"<p>Se ha celebrado la 5 y \u00faltima reuni\u00f3n del a\u00f1o 2020 entre los tres ayuntamientos de la comarca (Azpeitia, Azkoitia y Zestoa) y los miembros de Enpresa Gunea con el objetivo de realizar un seguimiento cercano de la situaci\u00f3n desde el inicio de la pandemia del Covid-19. Los temas tratados en esta reuni\u00f3n han sido [&hellip;]<\/p>\n","protected":false},"author":1,"featured_media":17661,"comment_status":"","ping_status":"closed","sticky":false,"template":"","format":"standard","meta":{"_acf_changed":false,"footnotes":""},"categories":[4],"tags":[],"class_list":["post-13099","post","type-post","status-publish","format-standard","has-post-thumbnail","hentry","category-noticias"],"acf":[],"yoast_head":"<!-- This site is optimized with the Yoast SEO plugin v27.4 - https:\/\/yoast.com\/product\/yoast-seo-wordpress\/ -->\n<title>\u00daltima reuni\u00f3n del a\u00f1o entre los ayuntamientos de la comarca y los miembros de Enpresa Gunea - Iraurgi Berritzen<\/title>\n<meta name=\"robots\" content=\"index, follow, max-snippet:-1, max-image-preview:large, max-video-preview:-1\" \/>\n<link rel=\"canonical\" href=\"https:\/\/iraurgiberritzen.eus\/es\/ultima-reunion-del-ano-entre-los-ayuntamientos-de-la-comarca-y-los-miembros-de-enpresa-gunea\/\" \/>\n<meta property=\"og:locale\" content=\"es_ES\" \/>\n<meta property=\"og:type\" content=\"article\" \/>\n<meta property=\"og:title\" content=\"\u00daltima reuni\u00f3n del a\u00f1o entre los ayuntamientos de la comarca y los miembros de Enpresa Gunea - Iraurgi Berritzen\" \/>\n<meta property=\"og:description\" content=\"Se ha celebrado la 5 y \u00faltima reuni\u00f3n del a\u00f1o 2020 entre los tres ayuntamientos de la comarca (Azpeitia, Azkoitia y Zestoa) y los miembros de Enpresa Gunea con el objetivo de realizar un seguimiento cercano de la situaci\u00f3n desde el inicio de la pandemia del Covid-19. Los temas tratados en esta reuni\u00f3n han sido [&hellip;]\" \/>\n<meta property=\"og:url\" content=\"https:\/\/iraurgiberritzen.eus\/es\/ultima-reunion-del-ano-entre-los-ayuntamientos-de-la-comarca-y-los-miembros-de-enpresa-gunea\/\" \/>\n<meta property=\"og:site_name\" content=\"Iraurgi Berritzen\" \/>\n<meta property=\"article:published_time\" content=\"2020-12-10T03:14:36+00:00\" \/>\n<meta name=\"author\" content=\"kudeatzailea\" \/>\n<meta name=\"twitter:card\" content=\"summary_large_image\" \/>\n<meta name=\"twitter:label1\" content=\"Escrito por\" \/>\n\t<meta name=\"twitter:data1\" content=\"kudeatzailea\" \/>\n\t<meta name=\"twitter:label2\" content=\"Tiempo de lectura\" \/>\n\t<meta name=\"twitter:data2\" content=\"2 minutos\" \/>\n<script type=\"application\/ld+json\" class=\"yoast-schema-graph\">{\"@context\":\"https:\\\/\\\/schema.org\",\"@graph\":[{\"@type\":\"Article\",\"@id\":\"https:\\\/\\\/iraurgiberritzen.eus\\\/es\\\/ultima-reunion-del-ano-entre-los-ayuntamientos-de-la-comarca-y-los-miembros-de-enpresa-gunea\\\/#article\",\"isPartOf\":{\"@id\":\"https:\\\/\\\/iraurgiberritzen.eus\\\/es\\\/ultima-reunion-del-ano-entre-los-ayuntamientos-de-la-comarca-y-los-miembros-de-enpresa-gunea\\\/\"},\"author\":{\"name\":\"kudeatzailea\",\"@id\":\"https:\\\/\\\/iraurgiberritzen.eus\\\/es\\\/#\\\/schema\\\/person\\\/5ab41aaf388a9097177601ebf45738d2\"},\"headline\":\"\u00daltima reuni\u00f3n del a\u00f1o entre los ayuntamientos de la comarca y los miembros de Enpresa Gunea\",\"datePublished\":\"2020-12-10T03:14:36+00:00\",\"mainEntityOfPage\":{\"@id\":\"https:\\\/\\\/iraurgiberritzen.eus\\\/es\\\/ultima-reunion-del-ano-entre-los-ayuntamientos-de-la-comarca-y-los-miembros-de-enpresa-gunea\\\/\"},\"wordCount\":485,\"publisher\":{\"@id\":\"https:\\\/\\\/iraurgiberritzen.eus\\\/es\\\/#organization\"},\"image\":{\"@id\":\"https:\\\/\\\/iraurgiberritzen.eus\\\/es\\\/ultima-reunion-del-ano-entre-los-ayuntamientos-de-la-comarca-y-los-miembros-de-enpresa-gunea\\\/#primaryimage\"},\"thumbnailUrl\":\"https:\\\/\\\/iraurgiberritzen.eus\\\/wp-content\\\/uploads\\\/2023\\\/09\\\/6e110feeface5dc0c386188860a44f0a.jpg\",\"articleSection\":[\"Noticias\"],\"inLanguage\":\"es\"},{\"@type\":\"WebPage\",\"@id\":\"https:\\\/\\\/iraurgiberritzen.eus\\\/es\\\/ultima-reunion-del-ano-entre-los-ayuntamientos-de-la-comarca-y-los-miembros-de-enpresa-gunea\\\/\",\"url\":\"https:\\\/\\\/iraurgiberritzen.eus\\\/es\\\/ultima-reunion-del-ano-entre-los-ayuntamientos-de-la-comarca-y-los-miembros-de-enpresa-gunea\\\/\",\"name\":\"\u00daltima reuni\u00f3n del a\u00f1o entre los ayuntamientos de la comarca y los miembros de Enpresa Gunea - Iraurgi Berritzen\",\"isPartOf\":{\"@id\":\"https:\\\/\\\/iraurgiberritzen.eus\\\/es\\\/#website\"},\"primaryImageOfPage\":{\"@id\":\"https:\\\/\\\/iraurgiberritzen.eus\\\/es\\\/ultima-reunion-del-ano-entre-los-ayuntamientos-de-la-comarca-y-los-miembros-de-enpresa-gunea\\\/#primaryimage\"},\"image\":{\"@id\":\"https:\\\/\\\/iraurgiberritzen.eus\\\/es\\\/ultima-reunion-del-ano-entre-los-ayuntamientos-de-la-comarca-y-los-miembros-de-enpresa-gunea\\\/#primaryimage\"},\"thumbnailUrl\":\"https:\\\/\\\/iraurgiberritzen.eus\\\/wp-content\\\/uploads\\\/2023\\\/09\\\/6e110feeface5dc0c386188860a44f0a.jpg\",\"datePublished\":\"2020-12-10T03:14:36+00:00\",\"breadcrumb\":{\"@id\":\"https:\\\/\\\/iraurgiberritzen.eus\\\/es\\\/ultima-reunion-del-ano-entre-los-ayuntamientos-de-la-comarca-y-los-miembros-de-enpresa-gunea\\\/#breadcrumb\"},\"inLanguage\":\"es\",\"potentialAction\":[{\"@type\":\"ReadAction\",\"target\":[\"https:\\\/\\\/iraurgiberritzen.eus\\\/es\\\/ultima-reunion-del-ano-entre-los-ayuntamientos-de-la-comarca-y-los-miembros-de-enpresa-gunea\\\/\"]}]},{\"@type\":\"ImageObject\",\"inLanguage\":\"es\",\"@id\":\"https:\\\/\\\/iraurgiberritzen.eus\\\/es\\\/ultima-reunion-del-ano-entre-los-ayuntamientos-de-la-comarca-y-los-miembros-de-enpresa-gunea\\\/#primaryimage\",\"url\":\"https:\\\/\\\/iraurgiberritzen.eus\\\/wp-content\\\/uploads\\\/2023\\\/09\\\/6e110feeface5dc0c386188860a44f0a.jpg\",\"contentUrl\":\"https:\\\/\\\/iraurgiberritzen.eus\\\/wp-content\\\/uploads\\\/2023\\\/09\\\/6e110feeface5dc0c386188860a44f0a.jpg\",\"width\":600,\"height\":386},{\"@type\":\"BreadcrumbList\",\"@id\":\"https:\\\/\\\/iraurgiberritzen.eus\\\/es\\\/ultima-reunion-del-ano-entre-los-ayuntamientos-de-la-comarca-y-los-miembros-de-enpresa-gunea\\\/#breadcrumb\",\"itemListElement\":[{\"@type\":\"ListItem\",\"position\":1,\"name\":\"Home\",\"item\":\"https:\\\/\\\/iraurgiberritzen.eus\\\/es\\\/\"},{\"@type\":\"ListItem\",\"position\":2,\"name\":\"\u00daltima reuni\u00f3n del a\u00f1o entre los ayuntamientos de la comarca y los miembros de Enpresa Gunea\"}]},{\"@type\":\"WebSite\",\"@id\":\"https:\\\/\\\/iraurgiberritzen.eus\\\/es\\\/#website\",\"url\":\"https:\\\/\\\/iraurgiberritzen.eus\\\/es\\\/\",\"name\":\"Iraurgi Berritzen\",\"description\":\"Urola Erdiko Garapen Agentzia\",\"publisher\":{\"@id\":\"https:\\\/\\\/iraurgiberritzen.eus\\\/es\\\/#organization\"},\"potentialAction\":[{\"@type\":\"SearchAction\",\"target\":{\"@type\":\"EntryPoint\",\"urlTemplate\":\"https:\\\/\\\/iraurgiberritzen.eus\\\/es\\\/?s={search_term_string}\"},\"query-input\":{\"@type\":\"PropertyValueSpecification\",\"valueRequired\":true,\"valueName\":\"search_term_string\"}}],\"inLanguage\":\"es\"},{\"@type\":\"Organization\",\"@id\":\"https:\\\/\\\/iraurgiberritzen.eus\\\/es\\\/#organization\",\"name\":\"Iraurgi Berritzen\",\"url\":\"https:\\\/\\\/iraurgiberritzen.eus\\\/es\\\/\",\"logo\":{\"@type\":\"ImageObject\",\"inLanguage\":\"es\",\"@id\":\"https:\\\/\\\/iraurgiberritzen.eus\\\/es\\\/#\\\/schema\\\/logo\\\/image\\\/\",\"url\":\"https:\\\/\\\/iraurgiberritzen.eus\\\/wp-content\\\/uploads\\\/2024\\\/02\\\/IRAURGI-BERRITZEN-logotipoa_2.png\",\"contentUrl\":\"https:\\\/\\\/iraurgiberritzen.eus\\\/wp-content\\\/uploads\\\/2024\\\/02\\\/IRAURGI-BERRITZEN-logotipoa_2.png\",\"width\":496,\"height\":190,\"caption\":\"Iraurgi Berritzen\"},\"image\":{\"@id\":\"https:\\\/\\\/iraurgiberritzen.eus\\\/es\\\/#\\\/schema\\\/logo\\\/image\\\/\"}},{\"@type\":\"Person\",\"@id\":\"https:\\\/\\\/iraurgiberritzen.eus\\\/es\\\/#\\\/schema\\\/person\\\/5ab41aaf388a9097177601ebf45738d2\",\"name\":\"kudeatzailea\",\"sameAs\":[\"https:\\\/\\\/iraurgiberritzen.eus\"]}]}<\/script>\n<!-- \/ Yoast SEO plugin. -->","yoast_head_json":{"title":"\u00daltima reuni\u00f3n del a\u00f1o entre los ayuntamientos de la comarca y los miembros de Enpresa Gunea - Iraurgi Berritzen","robots":{"index":"index","follow":"follow","max-snippet":"max-snippet:-1","max-image-preview":"max-image-preview:large","max-video-preview":"max-video-preview:-1"},"canonical":"https:\/\/iraurgiberritzen.eus\/es\/ultima-reunion-del-ano-entre-los-ayuntamientos-de-la-comarca-y-los-miembros-de-enpresa-gunea\/","og_locale":"es_ES","og_type":"article","og_title":"\u00daltima reuni\u00f3n del a\u00f1o entre los ayuntamientos de la comarca y los miembros de Enpresa Gunea - Iraurgi Berritzen","og_description":"Se ha celebrado la 5 y \u00faltima reuni\u00f3n del a\u00f1o 2020 entre los tres ayuntamientos de la comarca (Azpeitia, Azkoitia y Zestoa) y los miembros de Enpresa Gunea con el objetivo de realizar un seguimiento cercano de la situaci\u00f3n desde el inicio de la pandemia del Covid-19. Los temas tratados en esta reuni\u00f3n han sido [&hellip;]","og_url":"https:\/\/iraurgiberritzen.eus\/es\/ultima-reunion-del-ano-entre-los-ayuntamientos-de-la-comarca-y-los-miembros-de-enpresa-gunea\/","og_site_name":"Iraurgi Berritzen","article_published_time":"2020-12-10T03:14:36+00:00","author":"kudeatzailea","twitter_card":"summary_large_image","twitter_misc":{"Escrito por":"kudeatzailea","Tiempo de lectura":"2 minutos"},"schema":{"@context":"https:\/\/schema.org","@graph":[{"@type":"Article","@id":"https:\/\/iraurgiberritzen.eus\/es\/ultima-reunion-del-ano-entre-los-ayuntamientos-de-la-comarca-y-los-miembros-de-enpresa-gunea\/#article","isPartOf":{"@id":"https:\/\/iraurgiberritzen.eus\/es\/ultima-reunion-del-ano-entre-los-ayuntamientos-de-la-comarca-y-los-miembros-de-enpresa-gunea\/"},"author":{"name":"kudeatzailea","@id":"https:\/\/iraurgiberritzen.eus\/es\/#\/schema\/person\/5ab41aaf388a9097177601ebf45738d2"},"headline":"\u00daltima reuni\u00f3n del a\u00f1o entre los ayuntamientos de la comarca y los miembros de Enpresa Gunea","datePublished":"2020-12-10T03:14:36+00:00","mainEntityOfPage":{"@id":"https:\/\/iraurgiberritzen.eus\/es\/ultima-reunion-del-ano-entre-los-ayuntamientos-de-la-comarca-y-los-miembros-de-enpresa-gunea\/"},"wordCount":485,"publisher":{"@id":"https:\/\/iraurgiberritzen.eus\/es\/#organization"},"image":{"@id":"https:\/\/iraurgiberritzen.eus\/es\/ultima-reunion-del-ano-entre-los-ayuntamientos-de-la-comarca-y-los-miembros-de-enpresa-gunea\/#primaryimage"},"thumbnailUrl":"https:\/\/iraurgiberritzen.eus\/wp-content\/uploads\/2023\/09\/6e110feeface5dc0c386188860a44f0a.jpg","articleSection":["Noticias"],"inLanguage":"es"},{"@type":"WebPage","@id":"https:\/\/iraurgiberritzen.eus\/es\/ultima-reunion-del-ano-entre-los-ayuntamientos-de-la-comarca-y-los-miembros-de-enpresa-gunea\/","url":"https:\/\/iraurgiberritzen.eus\/es\/ultima-reunion-del-ano-entre-los-ayuntamientos-de-la-comarca-y-los-miembros-de-enpresa-gunea\/","name":"\u00daltima reuni\u00f3n del a\u00f1o entre los ayuntamientos de la comarca y los miembros de Enpresa Gunea - Iraurgi Berritzen","isPartOf":{"@id":"https:\/\/iraurgiberritzen.eus\/es\/#website"},"primaryImageOfPage":{"@id":"https:\/\/iraurgiberritzen.eus\/es\/ultima-reunion-del-ano-entre-los-ayuntamientos-de-la-comarca-y-los-miembros-de-enpresa-gunea\/#primaryimage"},"image":{"@id":"https:\/\/iraurgiberritzen.eus\/es\/ultima-reunion-del-ano-entre-los-ayuntamientos-de-la-comarca-y-los-miembros-de-enpresa-gunea\/#primaryimage"},"thumbnailUrl":"https:\/\/iraurgiberritzen.eus\/wp-content\/uploads\/2023\/09\/6e110feeface5dc0c386188860a44f0a.jpg","datePublished":"2020-12-10T03:14:36+00:00","breadcrumb":{"@id":"https:\/\/iraurgiberritzen.eus\/es\/ultima-reunion-del-ano-entre-los-ayuntamientos-de-la-comarca-y-los-miembros-de-enpresa-gunea\/#breadcrumb"},"inLanguage":"es","potentialAction":[{"@type":"ReadAction","target":["https:\/\/iraurgiberritzen.eus\/es\/ultima-reunion-del-ano-entre-los-ayuntamientos-de-la-comarca-y-los-miembros-de-enpresa-gunea\/"]}]},{"@type":"ImageObject","inLanguage":"es","@id":"https:\/\/iraurgiberritzen.eus\/es\/ultima-reunion-del-ano-entre-los-ayuntamientos-de-la-comarca-y-los-miembros-de-enpresa-gunea\/#primaryimage","url":"https:\/\/iraurgiberritzen.eus\/wp-content\/uploads\/2023\/09\/6e110feeface5dc0c386188860a44f0a.jpg","contentUrl":"https:\/\/iraurgiberritzen.eus\/wp-content\/uploads\/2023\/09\/6e110feeface5dc0c386188860a44f0a.jpg","width":600,"height":386},{"@type":"BreadcrumbList","@id":"https:\/\/iraurgiberritzen.eus\/es\/ultima-reunion-del-ano-entre-los-ayuntamientos-de-la-comarca-y-los-miembros-de-enpresa-gunea\/#breadcrumb","itemListElement":[{"@type":"ListItem","position":1,"name":"Home","item":"https:\/\/iraurgiberritzen.eus\/es\/"},{"@type":"ListItem","position":2,"name":"\u00daltima reuni\u00f3n del a\u00f1o entre los ayuntamientos de la comarca y los miembros de Enpresa Gunea"}]},{"@type":"WebSite","@id":"https:\/\/iraurgiberritzen.eus\/es\/#website","url":"https:\/\/iraurgiberritzen.eus\/es\/","name":"Iraurgi Berritzen","description":"Urola Erdiko Garapen Agentzia","publisher":{"@id":"https:\/\/iraurgiberritzen.eus\/es\/#organization"},"potentialAction":[{"@type":"SearchAction","target":{"@type":"EntryPoint","urlTemplate":"https:\/\/iraurgiberritzen.eus\/es\/?s={search_term_string}"},"query-input":{"@type":"PropertyValueSpecification","valueRequired":true,"valueName":"search_term_string"}}],"inLanguage":"es"},{"@type":"Organization","@id":"https:\/\/iraurgiberritzen.eus\/es\/#organization","name":"Iraurgi Berritzen","url":"https:\/\/iraurgiberritzen.eus\/es\/","logo":{"@type":"ImageObject","inLanguage":"es","@id":"https:\/\/iraurgiberritzen.eus\/es\/#\/schema\/logo\/image\/","url":"https:\/\/iraurgiberritzen.eus\/wp-content\/uploads\/2024\/02\/IRAURGI-BERRITZEN-logotipoa_2.png","contentUrl":"https:\/\/iraurgiberritzen.eus\/wp-content\/uploads\/2024\/02\/IRAURGI-BERRITZEN-logotipoa_2.png","width":496,"height":190,"caption":"Iraurgi Berritzen"},"image":{"@id":"https:\/\/iraurgiberritzen.eus\/es\/#\/schema\/logo\/image\/"}},{"@type":"Person","@id":"https:\/\/iraurgiberritzen.eus\/es\/#\/schema\/person\/5ab41aaf388a9097177601ebf45738d2","name":"kudeatzailea","sameAs":["https:\/\/iraurgiberritzen.eus"]}]}},"_links":{"self":[{"href":"https:\/\/iraurgiberritzen.eus\/es\/wp-json\/wp\/v2\/posts\/13099","targetHints":{"allow":["GET"]}}],"collection":[{"href":"https:\/\/iraurgiberritzen.eus\/es\/wp-json\/wp\/v2\/posts"}],"about":[{"href":"https:\/\/iraurgiberritzen.eus\/es\/wp-json\/wp\/v2\/types\/post"}],"author":[{"embeddable":true,"href":"https:\/\/iraurgiberritzen.eus\/es\/wp-json\/wp\/v2\/users\/1"}],"replies":[{"embeddable":true,"href":"https:\/\/iraurgiberritzen.eus\/es\/wp-json\/wp\/v2\/comments?post=13099"}],"version-history":[{"count":0,"href":"https:\/\/iraurgiberritzen.eus\/es\/wp-json\/wp\/v2\/posts\/13099\/revisions"}],"wp:featuredmedia":[{"embeddable":true,"href":"https:\/\/iraurgiberritzen.eus\/es\/wp-json\/wp\/v2\/media\/17661"}],"wp:attachment":[{"href":"https:\/\/iraurgiberritzen.eus\/es\/wp-json\/wp\/v2\/media?parent=13099"}],"wp:term":[{"taxonomy":"category","embeddable":true,"href":"https:\/\/iraurgiberritzen.eus\/es\/wp-json\/wp\/v2\/categories?post=13099"},{"taxonomy":"post_tag","embeddable":true,"href":"https:\/\/iraurgiberritzen.eus\/es\/wp-json\/wp\/v2\/tags?post=13099"}],"curies":[{"name":"wp","href":"https:\/\/api.w.org\/{rel}","templated":true}]}}