{"id":13102,"date":"2020-12-10T14:04:59","date_gmt":"2020-12-10T12:04:59","guid":{"rendered":"https:\/\/iraurgiberritzen.eus\/iraurgi-berritzen-ha-organizado-diferentes-talleres-durante-este-ano-dirigidas-a-personas-desempleadas\/"},"modified":"2020-12-10T14:04:59","modified_gmt":"2020-12-10T12:04:59","slug":"iraurgi-berritzen-ha-organizado-diferentes-talleres-durante-este-ano-dirigidas-a-personas-desempleadas","status":"publish","type":"post","link":"https:\/\/iraurgiberritzen.eus\/es\/iraurgi-berritzen-ha-organizado-diferentes-talleres-durante-este-ano-dirigidas-a-personas-desempleadas\/","title":{"rendered":"Iraurgi Berritzen ha organizado diferentes talleres durante este a\u00f1o dirigidas a personas desempleadas"},"content":{"rendered":"<p style=\"text-align: justify;\"><strong>Desde el departamento de Empleo y Formaci\u00f3n de Iraurgi Berritzen y en colaboraci\u00f3n con Lanbide Servicio Vasco de Empleo se han organizado e impartido un total de 18 talleres en este a\u00f1o.<\/strong><\/p>\n<p style=\"text-align: justify;\">La duraci\u00f3n de cada uno de estos cursos ha sido de 3 horas y el objetivo de los mismos es conocer las diferentes t\u00e9cnicas y herramientas que existen hoy en d\u00eda en la b\u00fasqueda de empleo. Para ello, se trabajan, entre otros, estos temas: Canales de b\u00fasqueda de empleo, Planificaci\u00f3n y organizaci\u00f3n en la b\u00fasqueda de empleo, entrevista por competencia, Competencias personales y profesionales, autoconocimiento, etc.<\/p>\n<p style=\"text-align: justify;\">En estos talleres tambi\u00e9n se han trabajado las competencias que se necesitan para superar las pruebas de accesos obligatorias para las personas que no tienen la ESO y quieren realizar acciones formativas de Competencias Profesionales de nivel 2.<\/p>\n<p style=\"text-align: justify;\">En total, han participado 70 de las cuales 48 eran mujeres y 22 hombres.<\/p>\n","protected":false},"excerpt":{"rendered":"<p>Desde el departamento de Empleo y Formaci\u00f3n de Iraurgi Berritzen y en colaboraci\u00f3n con Lanbide Servicio Vasco de Empleo se han organizado e impartido un total de 18 talleres en este a\u00f1o. La duraci\u00f3n de cada uno de estos cursos ha sido de 3 horas y el objetivo de los mismos es conocer las diferentes [&hellip;]<\/p>\n","protected":false},"author":1,"featured_media":17662,"comment_status":"","ping_status":"closed","sticky":false,"template":"","format":"standard","meta":{"_acf_changed":false,"footnotes":""},"categories":[4],"tags":[],"class_list":["post-13102","post","type-post","status-publish","format-standard","has-post-thumbnail","hentry","category-noticias"],"acf":[],"yoast_head":"<!-- This site is optimized with the Yoast SEO plugin v27.4 - https:\/\/yoast.com\/product\/yoast-seo-wordpress\/ -->\n<title>Iraurgi Berritzen ha organizado diferentes talleres durante este a\u00f1o dirigidas a personas desempleadas - Iraurgi Berritzen<\/title>\n<meta name=\"robots\" content=\"index, follow, max-snippet:-1, max-image-preview:large, max-video-preview:-1\" \/>\n<link rel=\"canonical\" href=\"https:\/\/iraurgiberritzen.eus\/es\/iraurgi-berritzen-ha-organizado-diferentes-talleres-durante-este-ano-dirigidas-a-personas-desempleadas\/\" \/>\n<meta property=\"og:locale\" content=\"es_ES\" \/>\n<meta property=\"og:type\" content=\"article\" \/>\n<meta property=\"og:title\" content=\"Iraurgi Berritzen ha organizado diferentes talleres durante este a\u00f1o dirigidas a personas desempleadas - Iraurgi Berritzen\" \/>\n<meta property=\"og:description\" content=\"Desde el departamento de Empleo y Formaci\u00f3n de Iraurgi Berritzen y en colaboraci\u00f3n con Lanbide Servicio Vasco de Empleo se han organizado e impartido un total de 18 talleres en este a\u00f1o. La duraci\u00f3n de cada uno de estos cursos ha sido de 3 horas y el objetivo de los mismos es conocer las diferentes [&hellip;]\" \/>\n<meta property=\"og:url\" content=\"https:\/\/iraurgiberritzen.eus\/es\/iraurgi-berritzen-ha-organizado-diferentes-talleres-durante-este-ano-dirigidas-a-personas-desempleadas\/\" \/>\n<meta property=\"og:site_name\" content=\"Iraurgi Berritzen\" \/>\n<meta property=\"article:published_time\" content=\"2020-12-10T12:04:59+00:00\" \/>\n<meta name=\"author\" content=\"kudeatzailea\" \/>\n<meta name=\"twitter:card\" content=\"summary_large_image\" \/>\n<meta name=\"twitter:label1\" content=\"Escrito por\" \/>\n\t<meta name=\"twitter:data1\" content=\"kudeatzailea\" \/>\n\t<meta name=\"twitter:label2\" content=\"Tiempo de lectura\" \/>\n\t<meta name=\"twitter:data2\" content=\"1 minuto\" \/>\n<script type=\"application\/ld+json\" class=\"yoast-schema-graph\">{\"@context\":\"https:\\\/\\\/schema.org\",\"@graph\":[{\"@type\":\"Article\",\"@id\":\"https:\\\/\\\/iraurgiberritzen.eus\\\/es\\\/iraurgi-berritzen-ha-organizado-diferentes-talleres-durante-este-ano-dirigidas-a-personas-desempleadas\\\/#article\",\"isPartOf\":{\"@id\":\"https:\\\/\\\/iraurgiberritzen.eus\\\/es\\\/iraurgi-berritzen-ha-organizado-diferentes-talleres-durante-este-ano-dirigidas-a-personas-desempleadas\\\/\"},\"author\":{\"name\":\"kudeatzailea\",\"@id\":\"https:\\\/\\\/iraurgiberritzen.eus\\\/es\\\/#\\\/schema\\\/person\\\/5ab41aaf388a9097177601ebf45738d2\"},\"headline\":\"Iraurgi Berritzen ha organizado diferentes talleres durante este a\u00f1o dirigidas a personas desempleadas\",\"datePublished\":\"2020-12-10T12:04:59+00:00\",\"mainEntityOfPage\":{\"@id\":\"https:\\\/\\\/iraurgiberritzen.eus\\\/es\\\/iraurgi-berritzen-ha-organizado-diferentes-talleres-durante-este-ano-dirigidas-a-personas-desempleadas\\\/\"},\"wordCount\":170,\"publisher\":{\"@id\":\"https:\\\/\\\/iraurgiberritzen.eus\\\/es\\\/#organization\"},\"image\":{\"@id\":\"https:\\\/\\\/iraurgiberritzen.eus\\\/es\\\/iraurgi-berritzen-ha-organizado-diferentes-talleres-durante-este-ano-dirigidas-a-personas-desempleadas\\\/#primaryimage\"},\"thumbnailUrl\":\"https:\\\/\\\/iraurgiberritzen.eus\\\/wp-content\\\/uploads\\\/2023\\\/09\\\/81617031e9318e4f76b86b7f8109eaa5.jpg\",\"articleSection\":[\"Noticias\"],\"inLanguage\":\"es\"},{\"@type\":\"WebPage\",\"@id\":\"https:\\\/\\\/iraurgiberritzen.eus\\\/es\\\/iraurgi-berritzen-ha-organizado-diferentes-talleres-durante-este-ano-dirigidas-a-personas-desempleadas\\\/\",\"url\":\"https:\\\/\\\/iraurgiberritzen.eus\\\/es\\\/iraurgi-berritzen-ha-organizado-diferentes-talleres-durante-este-ano-dirigidas-a-personas-desempleadas\\\/\",\"name\":\"Iraurgi Berritzen ha organizado diferentes talleres durante este a\u00f1o dirigidas a personas desempleadas - Iraurgi Berritzen\",\"isPartOf\":{\"@id\":\"https:\\\/\\\/iraurgiberritzen.eus\\\/es\\\/#website\"},\"primaryImageOfPage\":{\"@id\":\"https:\\\/\\\/iraurgiberritzen.eus\\\/es\\\/iraurgi-berritzen-ha-organizado-diferentes-talleres-durante-este-ano-dirigidas-a-personas-desempleadas\\\/#primaryimage\"},\"image\":{\"@id\":\"https:\\\/\\\/iraurgiberritzen.eus\\\/es\\\/iraurgi-berritzen-ha-organizado-diferentes-talleres-durante-este-ano-dirigidas-a-personas-desempleadas\\\/#primaryimage\"},\"thumbnailUrl\":\"https:\\\/\\\/iraurgiberritzen.eus\\\/wp-content\\\/uploads\\\/2023\\\/09\\\/81617031e9318e4f76b86b7f8109eaa5.jpg\",\"datePublished\":\"2020-12-10T12:04:59+00:00\",\"breadcrumb\":{\"@id\":\"https:\\\/\\\/iraurgiberritzen.eus\\\/es\\\/iraurgi-berritzen-ha-organizado-diferentes-talleres-durante-este-ano-dirigidas-a-personas-desempleadas\\\/#breadcrumb\"},\"inLanguage\":\"es\",\"potentialAction\":[{\"@type\":\"ReadAction\",\"target\":[\"https:\\\/\\\/iraurgiberritzen.eus\\\/es\\\/iraurgi-berritzen-ha-organizado-diferentes-talleres-durante-este-ano-dirigidas-a-personas-desempleadas\\\/\"]}]},{\"@type\":\"ImageObject\",\"inLanguage\":\"es\",\"@id\":\"https:\\\/\\\/iraurgiberritzen.eus\\\/es\\\/iraurgi-berritzen-ha-organizado-diferentes-talleres-durante-este-ano-dirigidas-a-personas-desempleadas\\\/#primaryimage\",\"url\":\"https:\\\/\\\/iraurgiberritzen.eus\\\/wp-content\\\/uploads\\\/2023\\\/09\\\/81617031e9318e4f76b86b7f8109eaa5.jpg\",\"contentUrl\":\"https:\\\/\\\/iraurgiberritzen.eus\\\/wp-content\\\/uploads\\\/2023\\\/09\\\/81617031e9318e4f76b86b7f8109eaa5.jpg\",\"width\":600,\"height\":386},{\"@type\":\"BreadcrumbList\",\"@id\":\"https:\\\/\\\/iraurgiberritzen.eus\\\/es\\\/iraurgi-berritzen-ha-organizado-diferentes-talleres-durante-este-ano-dirigidas-a-personas-desempleadas\\\/#breadcrumb\",\"itemListElement\":[{\"@type\":\"ListItem\",\"position\":1,\"name\":\"Home\",\"item\":\"https:\\\/\\\/iraurgiberritzen.eus\\\/es\\\/\"},{\"@type\":\"ListItem\",\"position\":2,\"name\":\"Iraurgi Berritzen ha organizado diferentes talleres durante este a\u00f1o dirigidas a personas desempleadas\"}]},{\"@type\":\"WebSite\",\"@id\":\"https:\\\/\\\/iraurgiberritzen.eus\\\/es\\\/#website\",\"url\":\"https:\\\/\\\/iraurgiberritzen.eus\\\/es\\\/\",\"name\":\"Iraurgi Berritzen\",\"description\":\"Urola Erdiko Garapen Agentzia\",\"publisher\":{\"@id\":\"https:\\\/\\\/iraurgiberritzen.eus\\\/es\\\/#organization\"},\"potentialAction\":[{\"@type\":\"SearchAction\",\"target\":{\"@type\":\"EntryPoint\",\"urlTemplate\":\"https:\\\/\\\/iraurgiberritzen.eus\\\/es\\\/?s={search_term_string}\"},\"query-input\":{\"@type\":\"PropertyValueSpecification\",\"valueRequired\":true,\"valueName\":\"search_term_string\"}}],\"inLanguage\":\"es\"},{\"@type\":\"Organization\",\"@id\":\"https:\\\/\\\/iraurgiberritzen.eus\\\/es\\\/#organization\",\"name\":\"Iraurgi Berritzen\",\"url\":\"https:\\\/\\\/iraurgiberritzen.eus\\\/es\\\/\",\"logo\":{\"@type\":\"ImageObject\",\"inLanguage\":\"es\",\"@id\":\"https:\\\/\\\/iraurgiberritzen.eus\\\/es\\\/#\\\/schema\\\/logo\\\/image\\\/\",\"url\":\"https:\\\/\\\/iraurgiberritzen.eus\\\/wp-content\\\/uploads\\\/2024\\\/02\\\/IRAURGI-BERRITZEN-logotipoa_2.png\",\"contentUrl\":\"https:\\\/\\\/iraurgiberritzen.eus\\\/wp-content\\\/uploads\\\/2024\\\/02\\\/IRAURGI-BERRITZEN-logotipoa_2.png\",\"width\":496,\"height\":190,\"caption\":\"Iraurgi Berritzen\"},\"image\":{\"@id\":\"https:\\\/\\\/iraurgiberritzen.eus\\\/es\\\/#\\\/schema\\\/logo\\\/image\\\/\"}},{\"@type\":\"Person\",\"@id\":\"https:\\\/\\\/iraurgiberritzen.eus\\\/es\\\/#\\\/schema\\\/person\\\/5ab41aaf388a9097177601ebf45738d2\",\"name\":\"kudeatzailea\",\"sameAs\":[\"https:\\\/\\\/iraurgiberritzen.eus\"]}]}<\/script>\n<!-- \/ Yoast SEO plugin. -->","yoast_head_json":{"title":"Iraurgi Berritzen ha organizado diferentes talleres durante este a\u00f1o dirigidas a personas desempleadas - Iraurgi Berritzen","robots":{"index":"index","follow":"follow","max-snippet":"max-snippet:-1","max-image-preview":"max-image-preview:large","max-video-preview":"max-video-preview:-1"},"canonical":"https:\/\/iraurgiberritzen.eus\/es\/iraurgi-berritzen-ha-organizado-diferentes-talleres-durante-este-ano-dirigidas-a-personas-desempleadas\/","og_locale":"es_ES","og_type":"article","og_title":"Iraurgi Berritzen ha organizado diferentes talleres durante este a\u00f1o dirigidas a personas desempleadas - Iraurgi Berritzen","og_description":"Desde el departamento de Empleo y Formaci\u00f3n de Iraurgi Berritzen y en colaboraci\u00f3n con Lanbide Servicio Vasco de Empleo se han organizado e impartido un total de 18 talleres en este a\u00f1o. La duraci\u00f3n de cada uno de estos cursos ha sido de 3 horas y el objetivo de los mismos es conocer las diferentes [&hellip;]","og_url":"https:\/\/iraurgiberritzen.eus\/es\/iraurgi-berritzen-ha-organizado-diferentes-talleres-durante-este-ano-dirigidas-a-personas-desempleadas\/","og_site_name":"Iraurgi Berritzen","article_published_time":"2020-12-10T12:04:59+00:00","author":"kudeatzailea","twitter_card":"summary_large_image","twitter_misc":{"Escrito por":"kudeatzailea","Tiempo de lectura":"1 minuto"},"schema":{"@context":"https:\/\/schema.org","@graph":[{"@type":"Article","@id":"https:\/\/iraurgiberritzen.eus\/es\/iraurgi-berritzen-ha-organizado-diferentes-talleres-durante-este-ano-dirigidas-a-personas-desempleadas\/#article","isPartOf":{"@id":"https:\/\/iraurgiberritzen.eus\/es\/iraurgi-berritzen-ha-organizado-diferentes-talleres-durante-este-ano-dirigidas-a-personas-desempleadas\/"},"author":{"name":"kudeatzailea","@id":"https:\/\/iraurgiberritzen.eus\/es\/#\/schema\/person\/5ab41aaf388a9097177601ebf45738d2"},"headline":"Iraurgi Berritzen ha organizado diferentes talleres durante este a\u00f1o dirigidas a personas desempleadas","datePublished":"2020-12-10T12:04:59+00:00","mainEntityOfPage":{"@id":"https:\/\/iraurgiberritzen.eus\/es\/iraurgi-berritzen-ha-organizado-diferentes-talleres-durante-este-ano-dirigidas-a-personas-desempleadas\/"},"wordCount":170,"publisher":{"@id":"https:\/\/iraurgiberritzen.eus\/es\/#organization"},"image":{"@id":"https:\/\/iraurgiberritzen.eus\/es\/iraurgi-berritzen-ha-organizado-diferentes-talleres-durante-este-ano-dirigidas-a-personas-desempleadas\/#primaryimage"},"thumbnailUrl":"https:\/\/iraurgiberritzen.eus\/wp-content\/uploads\/2023\/09\/81617031e9318e4f76b86b7f8109eaa5.jpg","articleSection":["Noticias"],"inLanguage":"es"},{"@type":"WebPage","@id":"https:\/\/iraurgiberritzen.eus\/es\/iraurgi-berritzen-ha-organizado-diferentes-talleres-durante-este-ano-dirigidas-a-personas-desempleadas\/","url":"https:\/\/iraurgiberritzen.eus\/es\/iraurgi-berritzen-ha-organizado-diferentes-talleres-durante-este-ano-dirigidas-a-personas-desempleadas\/","name":"Iraurgi Berritzen ha organizado diferentes talleres durante este a\u00f1o dirigidas a personas desempleadas - Iraurgi Berritzen","isPartOf":{"@id":"https:\/\/iraurgiberritzen.eus\/es\/#website"},"primaryImageOfPage":{"@id":"https:\/\/iraurgiberritzen.eus\/es\/iraurgi-berritzen-ha-organizado-diferentes-talleres-durante-este-ano-dirigidas-a-personas-desempleadas\/#primaryimage"},"image":{"@id":"https:\/\/iraurgiberritzen.eus\/es\/iraurgi-berritzen-ha-organizado-diferentes-talleres-durante-este-ano-dirigidas-a-personas-desempleadas\/#primaryimage"},"thumbnailUrl":"https:\/\/iraurgiberritzen.eus\/wp-content\/uploads\/2023\/09\/81617031e9318e4f76b86b7f8109eaa5.jpg","datePublished":"2020-12-10T12:04:59+00:00","breadcrumb":{"@id":"https:\/\/iraurgiberritzen.eus\/es\/iraurgi-berritzen-ha-organizado-diferentes-talleres-durante-este-ano-dirigidas-a-personas-desempleadas\/#breadcrumb"},"inLanguage":"es","potentialAction":[{"@type":"ReadAction","target":["https:\/\/iraurgiberritzen.eus\/es\/iraurgi-berritzen-ha-organizado-diferentes-talleres-durante-este-ano-dirigidas-a-personas-desempleadas\/"]}]},{"@type":"ImageObject","inLanguage":"es","@id":"https:\/\/iraurgiberritzen.eus\/es\/iraurgi-berritzen-ha-organizado-diferentes-talleres-durante-este-ano-dirigidas-a-personas-desempleadas\/#primaryimage","url":"https:\/\/iraurgiberritzen.eus\/wp-content\/uploads\/2023\/09\/81617031e9318e4f76b86b7f8109eaa5.jpg","contentUrl":"https:\/\/iraurgiberritzen.eus\/wp-content\/uploads\/2023\/09\/81617031e9318e4f76b86b7f8109eaa5.jpg","width":600,"height":386},{"@type":"BreadcrumbList","@id":"https:\/\/iraurgiberritzen.eus\/es\/iraurgi-berritzen-ha-organizado-diferentes-talleres-durante-este-ano-dirigidas-a-personas-desempleadas\/#breadcrumb","itemListElement":[{"@type":"ListItem","position":1,"name":"Home","item":"https:\/\/iraurgiberritzen.eus\/es\/"},{"@type":"ListItem","position":2,"name":"Iraurgi Berritzen ha organizado diferentes talleres durante este a\u00f1o dirigidas a personas desempleadas"}]},{"@type":"WebSite","@id":"https:\/\/iraurgiberritzen.eus\/es\/#website","url":"https:\/\/iraurgiberritzen.eus\/es\/","name":"Iraurgi Berritzen","description":"Urola Erdiko Garapen Agentzia","publisher":{"@id":"https:\/\/iraurgiberritzen.eus\/es\/#organization"},"potentialAction":[{"@type":"SearchAction","target":{"@type":"EntryPoint","urlTemplate":"https:\/\/iraurgiberritzen.eus\/es\/?s={search_term_string}"},"query-input":{"@type":"PropertyValueSpecification","valueRequired":true,"valueName":"search_term_string"}}],"inLanguage":"es"},{"@type":"Organization","@id":"https:\/\/iraurgiberritzen.eus\/es\/#organization","name":"Iraurgi Berritzen","url":"https:\/\/iraurgiberritzen.eus\/es\/","logo":{"@type":"ImageObject","inLanguage":"es","@id":"https:\/\/iraurgiberritzen.eus\/es\/#\/schema\/logo\/image\/","url":"https:\/\/iraurgiberritzen.eus\/wp-content\/uploads\/2024\/02\/IRAURGI-BERRITZEN-logotipoa_2.png","contentUrl":"https:\/\/iraurgiberritzen.eus\/wp-content\/uploads\/2024\/02\/IRAURGI-BERRITZEN-logotipoa_2.png","width":496,"height":190,"caption":"Iraurgi Berritzen"},"image":{"@id":"https:\/\/iraurgiberritzen.eus\/es\/#\/schema\/logo\/image\/"}},{"@type":"Person","@id":"https:\/\/iraurgiberritzen.eus\/es\/#\/schema\/person\/5ab41aaf388a9097177601ebf45738d2","name":"kudeatzailea","sameAs":["https:\/\/iraurgiberritzen.eus"]}]}},"_links":{"self":[{"href":"https:\/\/iraurgiberritzen.eus\/es\/wp-json\/wp\/v2\/posts\/13102","targetHints":{"allow":["GET"]}}],"collection":[{"href":"https:\/\/iraurgiberritzen.eus\/es\/wp-json\/wp\/v2\/posts"}],"about":[{"href":"https:\/\/iraurgiberritzen.eus\/es\/wp-json\/wp\/v2\/types\/post"}],"author":[{"embeddable":true,"href":"https:\/\/iraurgiberritzen.eus\/es\/wp-json\/wp\/v2\/users\/1"}],"replies":[{"embeddable":true,"href":"https:\/\/iraurgiberritzen.eus\/es\/wp-json\/wp\/v2\/comments?post=13102"}],"version-history":[{"count":0,"href":"https:\/\/iraurgiberritzen.eus\/es\/wp-json\/wp\/v2\/posts\/13102\/revisions"}],"wp:featuredmedia":[{"embeddable":true,"href":"https:\/\/iraurgiberritzen.eus\/es\/wp-json\/wp\/v2\/media\/17662"}],"wp:attachment":[{"href":"https:\/\/iraurgiberritzen.eus\/es\/wp-json\/wp\/v2\/media?parent=13102"}],"wp:term":[{"taxonomy":"category","embeddable":true,"href":"https:\/\/iraurgiberritzen.eus\/es\/wp-json\/wp\/v2\/categories?post=13102"},{"taxonomy":"post_tag","embeddable":true,"href":"https:\/\/iraurgiberritzen.eus\/es\/wp-json\/wp\/v2\/tags?post=13102"}],"curies":[{"name":"wp","href":"https:\/\/api.w.org\/{rel}","templated":true}]}}