{"id":13109,"date":"2020-12-10T15:40:01","date_gmt":"2020-12-10T13:40:01","guid":{"rendered":"https:\/\/iraurgiberritzen.eus\/en-el-marco-del-programa-ikasiz-las-empresas-de-la-comarca-han-analizado-como-desarrollar-un-plan-de-igualdad\/"},"modified":"2020-12-10T15:40:01","modified_gmt":"2020-12-10T13:40:01","slug":"en-el-marco-del-programa-ikasiz-las-empresas-de-la-comarca-han-analizado-como-desarrollar-un-plan-de-igualdad","status":"publish","type":"post","link":"https:\/\/iraurgiberritzen.eus\/es\/en-el-marco-del-programa-ikasiz-las-empresas-de-la-comarca-han-analizado-como-desarrollar-un-plan-de-igualdad\/","title":{"rendered":"En el marco del Programa Ikasiz, las empresas de la comarca han analizado  c\u00f3mo desarrollar un Plan de Igualdad"},"content":{"rendered":"<p style=\"text-align: justify;\">El pasado 10 de diciembre y en respuesta a la propuesta recibida por parte de las empresas, se ha celebrado la <strong>8. Sesi\u00f3n de Trabajo, en torno al tema \u00bfC\u00f3mo desarrollar un Plan de Igualdad en las empresas?<\/strong>.<\/p>\n<p style=\"text-align: justify;\">En la misma, las empresas participantes han tenido la oportunidad de conocer la trayectoria y experiencia de las empresas Sidenor Azkoitia (Ihintza Arregi) y GKN Driveline Zumaia (Ianire Flores), en la implantaci\u00f3n y desarrollo de un Plan de Igualdad, los pasos dados para su puesta en marcha (diagn\u00f3stico, cuestionarios, medidas de conciliaci\u00f3n, comisi\u00f3n de igualdad), planes de acci\u00f3n desarrollados, as\u00ed como los pasos que tienen previsto dar a futuro.<\/p>\n<p style=\"text-align: justify;\">A continuaci\u00f3n, se ha procedido a la puesta en com\u00fan con una ronda de preguntas de los diferentes representantes de empresas, compartiendo diferentes situaciones y casu\u00edsticas, as\u00ed como preguntas y recomendaciones para implantar de forma eficiente un plan de igualdad.<\/p>\n<p style=\"text-align: justify;\">Las empresas participantes han confirmado que el pr\u00f3ximo a\u00f1o tienen como objetivo impulsar el desarrollo de un plan de igualdad en la empresa.<\/p>\n","protected":false},"excerpt":{"rendered":"<p>El pasado 10 de diciembre y en respuesta a la propuesta recibida por parte de las empresas, se ha celebrado la 8. Sesi\u00f3n de Trabajo, en torno al tema \u00bfC\u00f3mo desarrollar un Plan de Igualdad en las empresas?. En la misma, las empresas participantes han tenido la oportunidad de conocer la trayectoria y experiencia de [&hellip;]<\/p>\n","protected":false},"author":1,"featured_media":17664,"comment_status":"","ping_status":"closed","sticky":false,"template":"","format":"standard","meta":{"_acf_changed":false,"footnotes":""},"categories":[4],"tags":[],"class_list":["post-13109","post","type-post","status-publish","format-standard","has-post-thumbnail","hentry","category-noticias"],"acf":[],"yoast_head":"<!-- This site is optimized with the Yoast SEO plugin v27.4 - https:\/\/yoast.com\/product\/yoast-seo-wordpress\/ -->\n<title>En el marco del Programa Ikasiz, las empresas de la comarca han analizado c\u00f3mo desarrollar un Plan de Igualdad - Iraurgi Berritzen<\/title>\n<meta name=\"robots\" content=\"index, follow, max-snippet:-1, max-image-preview:large, max-video-preview:-1\" \/>\n<link rel=\"canonical\" href=\"https:\/\/iraurgiberritzen.eus\/es\/en-el-marco-del-programa-ikasiz-las-empresas-de-la-comarca-han-analizado-como-desarrollar-un-plan-de-igualdad\/\" \/>\n<meta property=\"og:locale\" content=\"es_ES\" \/>\n<meta property=\"og:type\" content=\"article\" \/>\n<meta property=\"og:title\" content=\"En el marco del Programa Ikasiz, las empresas de la comarca han analizado c\u00f3mo desarrollar un Plan de Igualdad - Iraurgi Berritzen\" \/>\n<meta property=\"og:description\" content=\"El pasado 10 de diciembre y en respuesta a la propuesta recibida por parte de las empresas, se ha celebrado la 8. Sesi\u00f3n de Trabajo, en torno al tema \u00bfC\u00f3mo desarrollar un Plan de Igualdad en las empresas?. En la misma, las empresas participantes han tenido la oportunidad de conocer la trayectoria y experiencia de [&hellip;]\" \/>\n<meta property=\"og:url\" content=\"https:\/\/iraurgiberritzen.eus\/es\/en-el-marco-del-programa-ikasiz-las-empresas-de-la-comarca-han-analizado-como-desarrollar-un-plan-de-igualdad\/\" \/>\n<meta property=\"og:site_name\" content=\"Iraurgi Berritzen\" \/>\n<meta property=\"article:published_time\" content=\"2020-12-10T13:40:01+00:00\" \/>\n<meta name=\"author\" content=\"kudeatzailea\" \/>\n<meta name=\"twitter:card\" content=\"summary_large_image\" \/>\n<meta name=\"twitter:label1\" content=\"Escrito por\" \/>\n\t<meta name=\"twitter:data1\" content=\"kudeatzailea\" \/>\n\t<meta name=\"twitter:label2\" content=\"Tiempo de lectura\" \/>\n\t<meta name=\"twitter:data2\" content=\"1 minuto\" \/>\n<script type=\"application\/ld+json\" class=\"yoast-schema-graph\">{\"@context\":\"https:\\\/\\\/schema.org\",\"@graph\":[{\"@type\":\"Article\",\"@id\":\"https:\\\/\\\/iraurgiberritzen.eus\\\/es\\\/en-el-marco-del-programa-ikasiz-las-empresas-de-la-comarca-han-analizado-como-desarrollar-un-plan-de-igualdad\\\/#article\",\"isPartOf\":{\"@id\":\"https:\\\/\\\/iraurgiberritzen.eus\\\/es\\\/en-el-marco-del-programa-ikasiz-las-empresas-de-la-comarca-han-analizado-como-desarrollar-un-plan-de-igualdad\\\/\"},\"author\":{\"name\":\"kudeatzailea\",\"@id\":\"https:\\\/\\\/iraurgiberritzen.eus\\\/es\\\/#\\\/schema\\\/person\\\/5ab41aaf388a9097177601ebf45738d2\"},\"headline\":\"En el marco del Programa Ikasiz, las empresas de la comarca han analizado c\u00f3mo desarrollar un Plan de Igualdad\",\"datePublished\":\"2020-12-10T13:40:01+00:00\",\"mainEntityOfPage\":{\"@id\":\"https:\\\/\\\/iraurgiberritzen.eus\\\/es\\\/en-el-marco-del-programa-ikasiz-las-empresas-de-la-comarca-han-analizado-como-desarrollar-un-plan-de-igualdad\\\/\"},\"wordCount\":200,\"publisher\":{\"@id\":\"https:\\\/\\\/iraurgiberritzen.eus\\\/es\\\/#organization\"},\"image\":{\"@id\":\"https:\\\/\\\/iraurgiberritzen.eus\\\/es\\\/en-el-marco-del-programa-ikasiz-las-empresas-de-la-comarca-han-analizado-como-desarrollar-un-plan-de-igualdad\\\/#primaryimage\"},\"thumbnailUrl\":\"https:\\\/\\\/iraurgiberritzen.eus\\\/wp-content\\\/uploads\\\/2023\\\/09\\\/535e73c0cd26e4bd6923084a855b0e04.jpg\",\"articleSection\":[\"Noticias\"],\"inLanguage\":\"es\"},{\"@type\":\"WebPage\",\"@id\":\"https:\\\/\\\/iraurgiberritzen.eus\\\/es\\\/en-el-marco-del-programa-ikasiz-las-empresas-de-la-comarca-han-analizado-como-desarrollar-un-plan-de-igualdad\\\/\",\"url\":\"https:\\\/\\\/iraurgiberritzen.eus\\\/es\\\/en-el-marco-del-programa-ikasiz-las-empresas-de-la-comarca-han-analizado-como-desarrollar-un-plan-de-igualdad\\\/\",\"name\":\"En el marco del Programa Ikasiz, las empresas de la comarca han analizado c\u00f3mo desarrollar un Plan de Igualdad - Iraurgi Berritzen\",\"isPartOf\":{\"@id\":\"https:\\\/\\\/iraurgiberritzen.eus\\\/es\\\/#website\"},\"primaryImageOfPage\":{\"@id\":\"https:\\\/\\\/iraurgiberritzen.eus\\\/es\\\/en-el-marco-del-programa-ikasiz-las-empresas-de-la-comarca-han-analizado-como-desarrollar-un-plan-de-igualdad\\\/#primaryimage\"},\"image\":{\"@id\":\"https:\\\/\\\/iraurgiberritzen.eus\\\/es\\\/en-el-marco-del-programa-ikasiz-las-empresas-de-la-comarca-han-analizado-como-desarrollar-un-plan-de-igualdad\\\/#primaryimage\"},\"thumbnailUrl\":\"https:\\\/\\\/iraurgiberritzen.eus\\\/wp-content\\\/uploads\\\/2023\\\/09\\\/535e73c0cd26e4bd6923084a855b0e04.jpg\",\"datePublished\":\"2020-12-10T13:40:01+00:00\",\"breadcrumb\":{\"@id\":\"https:\\\/\\\/iraurgiberritzen.eus\\\/es\\\/en-el-marco-del-programa-ikasiz-las-empresas-de-la-comarca-han-analizado-como-desarrollar-un-plan-de-igualdad\\\/#breadcrumb\"},\"inLanguage\":\"es\",\"potentialAction\":[{\"@type\":\"ReadAction\",\"target\":[\"https:\\\/\\\/iraurgiberritzen.eus\\\/es\\\/en-el-marco-del-programa-ikasiz-las-empresas-de-la-comarca-han-analizado-como-desarrollar-un-plan-de-igualdad\\\/\"]}]},{\"@type\":\"ImageObject\",\"inLanguage\":\"es\",\"@id\":\"https:\\\/\\\/iraurgiberritzen.eus\\\/es\\\/en-el-marco-del-programa-ikasiz-las-empresas-de-la-comarca-han-analizado-como-desarrollar-un-plan-de-igualdad\\\/#primaryimage\",\"url\":\"https:\\\/\\\/iraurgiberritzen.eus\\\/wp-content\\\/uploads\\\/2023\\\/09\\\/535e73c0cd26e4bd6923084a855b0e04.jpg\",\"contentUrl\":\"https:\\\/\\\/iraurgiberritzen.eus\\\/wp-content\\\/uploads\\\/2023\\\/09\\\/535e73c0cd26e4bd6923084a855b0e04.jpg\",\"width\":600,\"height\":386},{\"@type\":\"BreadcrumbList\",\"@id\":\"https:\\\/\\\/iraurgiberritzen.eus\\\/es\\\/en-el-marco-del-programa-ikasiz-las-empresas-de-la-comarca-han-analizado-como-desarrollar-un-plan-de-igualdad\\\/#breadcrumb\",\"itemListElement\":[{\"@type\":\"ListItem\",\"position\":1,\"name\":\"Home\",\"item\":\"https:\\\/\\\/iraurgiberritzen.eus\\\/es\\\/\"},{\"@type\":\"ListItem\",\"position\":2,\"name\":\"En el marco del Programa Ikasiz, las empresas de la comarca han analizado c\u00f3mo desarrollar un Plan de Igualdad\"}]},{\"@type\":\"WebSite\",\"@id\":\"https:\\\/\\\/iraurgiberritzen.eus\\\/es\\\/#website\",\"url\":\"https:\\\/\\\/iraurgiberritzen.eus\\\/es\\\/\",\"name\":\"Iraurgi Berritzen\",\"description\":\"Urola Erdiko Garapen Agentzia\",\"publisher\":{\"@id\":\"https:\\\/\\\/iraurgiberritzen.eus\\\/es\\\/#organization\"},\"potentialAction\":[{\"@type\":\"SearchAction\",\"target\":{\"@type\":\"EntryPoint\",\"urlTemplate\":\"https:\\\/\\\/iraurgiberritzen.eus\\\/es\\\/?s={search_term_string}\"},\"query-input\":{\"@type\":\"PropertyValueSpecification\",\"valueRequired\":true,\"valueName\":\"search_term_string\"}}],\"inLanguage\":\"es\"},{\"@type\":\"Organization\",\"@id\":\"https:\\\/\\\/iraurgiberritzen.eus\\\/es\\\/#organization\",\"name\":\"Iraurgi Berritzen\",\"url\":\"https:\\\/\\\/iraurgiberritzen.eus\\\/es\\\/\",\"logo\":{\"@type\":\"ImageObject\",\"inLanguage\":\"es\",\"@id\":\"https:\\\/\\\/iraurgiberritzen.eus\\\/es\\\/#\\\/schema\\\/logo\\\/image\\\/\",\"url\":\"https:\\\/\\\/iraurgiberritzen.eus\\\/wp-content\\\/uploads\\\/2024\\\/02\\\/IRAURGI-BERRITZEN-logotipoa_2.png\",\"contentUrl\":\"https:\\\/\\\/iraurgiberritzen.eus\\\/wp-content\\\/uploads\\\/2024\\\/02\\\/IRAURGI-BERRITZEN-logotipoa_2.png\",\"width\":496,\"height\":190,\"caption\":\"Iraurgi Berritzen\"},\"image\":{\"@id\":\"https:\\\/\\\/iraurgiberritzen.eus\\\/es\\\/#\\\/schema\\\/logo\\\/image\\\/\"}},{\"@type\":\"Person\",\"@id\":\"https:\\\/\\\/iraurgiberritzen.eus\\\/es\\\/#\\\/schema\\\/person\\\/5ab41aaf388a9097177601ebf45738d2\",\"name\":\"kudeatzailea\",\"sameAs\":[\"https:\\\/\\\/iraurgiberritzen.eus\"]}]}<\/script>\n<!-- \/ Yoast SEO plugin. -->","yoast_head_json":{"title":"En el marco del Programa Ikasiz, las empresas de la comarca han analizado c\u00f3mo desarrollar un Plan de Igualdad - Iraurgi Berritzen","robots":{"index":"index","follow":"follow","max-snippet":"max-snippet:-1","max-image-preview":"max-image-preview:large","max-video-preview":"max-video-preview:-1"},"canonical":"https:\/\/iraurgiberritzen.eus\/es\/en-el-marco-del-programa-ikasiz-las-empresas-de-la-comarca-han-analizado-como-desarrollar-un-plan-de-igualdad\/","og_locale":"es_ES","og_type":"article","og_title":"En el marco del Programa Ikasiz, las empresas de la comarca han analizado c\u00f3mo desarrollar un Plan de Igualdad - Iraurgi Berritzen","og_description":"El pasado 10 de diciembre y en respuesta a la propuesta recibida por parte de las empresas, se ha celebrado la 8. Sesi\u00f3n de Trabajo, en torno al tema \u00bfC\u00f3mo desarrollar un Plan de Igualdad en las empresas?. En la misma, las empresas participantes han tenido la oportunidad de conocer la trayectoria y experiencia de [&hellip;]","og_url":"https:\/\/iraurgiberritzen.eus\/es\/en-el-marco-del-programa-ikasiz-las-empresas-de-la-comarca-han-analizado-como-desarrollar-un-plan-de-igualdad\/","og_site_name":"Iraurgi Berritzen","article_published_time":"2020-12-10T13:40:01+00:00","author":"kudeatzailea","twitter_card":"summary_large_image","twitter_misc":{"Escrito por":"kudeatzailea","Tiempo de lectura":"1 minuto"},"schema":{"@context":"https:\/\/schema.org","@graph":[{"@type":"Article","@id":"https:\/\/iraurgiberritzen.eus\/es\/en-el-marco-del-programa-ikasiz-las-empresas-de-la-comarca-han-analizado-como-desarrollar-un-plan-de-igualdad\/#article","isPartOf":{"@id":"https:\/\/iraurgiberritzen.eus\/es\/en-el-marco-del-programa-ikasiz-las-empresas-de-la-comarca-han-analizado-como-desarrollar-un-plan-de-igualdad\/"},"author":{"name":"kudeatzailea","@id":"https:\/\/iraurgiberritzen.eus\/es\/#\/schema\/person\/5ab41aaf388a9097177601ebf45738d2"},"headline":"En el marco del Programa Ikasiz, las empresas de la comarca han analizado c\u00f3mo desarrollar un Plan de Igualdad","datePublished":"2020-12-10T13:40:01+00:00","mainEntityOfPage":{"@id":"https:\/\/iraurgiberritzen.eus\/es\/en-el-marco-del-programa-ikasiz-las-empresas-de-la-comarca-han-analizado-como-desarrollar-un-plan-de-igualdad\/"},"wordCount":200,"publisher":{"@id":"https:\/\/iraurgiberritzen.eus\/es\/#organization"},"image":{"@id":"https:\/\/iraurgiberritzen.eus\/es\/en-el-marco-del-programa-ikasiz-las-empresas-de-la-comarca-han-analizado-como-desarrollar-un-plan-de-igualdad\/#primaryimage"},"thumbnailUrl":"https:\/\/iraurgiberritzen.eus\/wp-content\/uploads\/2023\/09\/535e73c0cd26e4bd6923084a855b0e04.jpg","articleSection":["Noticias"],"inLanguage":"es"},{"@type":"WebPage","@id":"https:\/\/iraurgiberritzen.eus\/es\/en-el-marco-del-programa-ikasiz-las-empresas-de-la-comarca-han-analizado-como-desarrollar-un-plan-de-igualdad\/","url":"https:\/\/iraurgiberritzen.eus\/es\/en-el-marco-del-programa-ikasiz-las-empresas-de-la-comarca-han-analizado-como-desarrollar-un-plan-de-igualdad\/","name":"En el marco del Programa Ikasiz, las empresas de la comarca han analizado c\u00f3mo desarrollar un Plan de Igualdad - Iraurgi Berritzen","isPartOf":{"@id":"https:\/\/iraurgiberritzen.eus\/es\/#website"},"primaryImageOfPage":{"@id":"https:\/\/iraurgiberritzen.eus\/es\/en-el-marco-del-programa-ikasiz-las-empresas-de-la-comarca-han-analizado-como-desarrollar-un-plan-de-igualdad\/#primaryimage"},"image":{"@id":"https:\/\/iraurgiberritzen.eus\/es\/en-el-marco-del-programa-ikasiz-las-empresas-de-la-comarca-han-analizado-como-desarrollar-un-plan-de-igualdad\/#primaryimage"},"thumbnailUrl":"https:\/\/iraurgiberritzen.eus\/wp-content\/uploads\/2023\/09\/535e73c0cd26e4bd6923084a855b0e04.jpg","datePublished":"2020-12-10T13:40:01+00:00","breadcrumb":{"@id":"https:\/\/iraurgiberritzen.eus\/es\/en-el-marco-del-programa-ikasiz-las-empresas-de-la-comarca-han-analizado-como-desarrollar-un-plan-de-igualdad\/#breadcrumb"},"inLanguage":"es","potentialAction":[{"@type":"ReadAction","target":["https:\/\/iraurgiberritzen.eus\/es\/en-el-marco-del-programa-ikasiz-las-empresas-de-la-comarca-han-analizado-como-desarrollar-un-plan-de-igualdad\/"]}]},{"@type":"ImageObject","inLanguage":"es","@id":"https:\/\/iraurgiberritzen.eus\/es\/en-el-marco-del-programa-ikasiz-las-empresas-de-la-comarca-han-analizado-como-desarrollar-un-plan-de-igualdad\/#primaryimage","url":"https:\/\/iraurgiberritzen.eus\/wp-content\/uploads\/2023\/09\/535e73c0cd26e4bd6923084a855b0e04.jpg","contentUrl":"https:\/\/iraurgiberritzen.eus\/wp-content\/uploads\/2023\/09\/535e73c0cd26e4bd6923084a855b0e04.jpg","width":600,"height":386},{"@type":"BreadcrumbList","@id":"https:\/\/iraurgiberritzen.eus\/es\/en-el-marco-del-programa-ikasiz-las-empresas-de-la-comarca-han-analizado-como-desarrollar-un-plan-de-igualdad\/#breadcrumb","itemListElement":[{"@type":"ListItem","position":1,"name":"Home","item":"https:\/\/iraurgiberritzen.eus\/es\/"},{"@type":"ListItem","position":2,"name":"En el marco del Programa Ikasiz, las empresas de la comarca han analizado c\u00f3mo desarrollar un Plan de Igualdad"}]},{"@type":"WebSite","@id":"https:\/\/iraurgiberritzen.eus\/es\/#website","url":"https:\/\/iraurgiberritzen.eus\/es\/","name":"Iraurgi Berritzen","description":"Urola Erdiko Garapen Agentzia","publisher":{"@id":"https:\/\/iraurgiberritzen.eus\/es\/#organization"},"potentialAction":[{"@type":"SearchAction","target":{"@type":"EntryPoint","urlTemplate":"https:\/\/iraurgiberritzen.eus\/es\/?s={search_term_string}"},"query-input":{"@type":"PropertyValueSpecification","valueRequired":true,"valueName":"search_term_string"}}],"inLanguage":"es"},{"@type":"Organization","@id":"https:\/\/iraurgiberritzen.eus\/es\/#organization","name":"Iraurgi Berritzen","url":"https:\/\/iraurgiberritzen.eus\/es\/","logo":{"@type":"ImageObject","inLanguage":"es","@id":"https:\/\/iraurgiberritzen.eus\/es\/#\/schema\/logo\/image\/","url":"https:\/\/iraurgiberritzen.eus\/wp-content\/uploads\/2024\/02\/IRAURGI-BERRITZEN-logotipoa_2.png","contentUrl":"https:\/\/iraurgiberritzen.eus\/wp-content\/uploads\/2024\/02\/IRAURGI-BERRITZEN-logotipoa_2.png","width":496,"height":190,"caption":"Iraurgi Berritzen"},"image":{"@id":"https:\/\/iraurgiberritzen.eus\/es\/#\/schema\/logo\/image\/"}},{"@type":"Person","@id":"https:\/\/iraurgiberritzen.eus\/es\/#\/schema\/person\/5ab41aaf388a9097177601ebf45738d2","name":"kudeatzailea","sameAs":["https:\/\/iraurgiberritzen.eus"]}]}},"_links":{"self":[{"href":"https:\/\/iraurgiberritzen.eus\/es\/wp-json\/wp\/v2\/posts\/13109","targetHints":{"allow":["GET"]}}],"collection":[{"href":"https:\/\/iraurgiberritzen.eus\/es\/wp-json\/wp\/v2\/posts"}],"about":[{"href":"https:\/\/iraurgiberritzen.eus\/es\/wp-json\/wp\/v2\/types\/post"}],"author":[{"embeddable":true,"href":"https:\/\/iraurgiberritzen.eus\/es\/wp-json\/wp\/v2\/users\/1"}],"replies":[{"embeddable":true,"href":"https:\/\/iraurgiberritzen.eus\/es\/wp-json\/wp\/v2\/comments?post=13109"}],"version-history":[{"count":0,"href":"https:\/\/iraurgiberritzen.eus\/es\/wp-json\/wp\/v2\/posts\/13109\/revisions"}],"wp:featuredmedia":[{"embeddable":true,"href":"https:\/\/iraurgiberritzen.eus\/es\/wp-json\/wp\/v2\/media\/17664"}],"wp:attachment":[{"href":"https:\/\/iraurgiberritzen.eus\/es\/wp-json\/wp\/v2\/media?parent=13109"}],"wp:term":[{"taxonomy":"category","embeddable":true,"href":"https:\/\/iraurgiberritzen.eus\/es\/wp-json\/wp\/v2\/categories?post=13109"},{"taxonomy":"post_tag","embeddable":true,"href":"https:\/\/iraurgiberritzen.eus\/es\/wp-json\/wp\/v2\/tags?post=13109"}],"curies":[{"name":"wp","href":"https:\/\/api.w.org\/{rel}","templated":true}]}}