{"id":13115,"date":"2020-12-11T13:17:45","date_gmt":"2020-12-11T11:17:45","guid":{"rendered":"https:\/\/iraurgiberritzen.eus\/modelo-de-gobernanza-como-base-para-impulsar-la-competitividad-comarcal\/"},"modified":"2020-12-11T13:17:45","modified_gmt":"2020-12-11T11:17:45","slug":"modelo-de-gobernanza-como-base-para-impulsar-la-competitividad-comarcal","status":"publish","type":"post","link":"https:\/\/iraurgiberritzen.eus\/es\/modelo-de-gobernanza-como-base-para-impulsar-la-competitividad-comarcal\/","title":{"rendered":"Modelo de Gobernanza como base para impulsar la competitividad comarcal"},"content":{"rendered":"<p style=\"text-align: justify;\">El jueves 10 de diciembre se ha celebrado en Azkoitia una reuni\u00f3n de trabajo para reflexionar sobre el modelo de gobernanza comarcal y los indicadores de competitividad. En la reuni\u00f3n de trabajo han participado, representantes municipales de la comarca -Ayuntamientos de Azkoitia, Azpeitia y Zestoa- , Orkestra -Instituto Vasco de Competitividad- y el grupo t\u00e9cnico de trabajo de Iraurgi Berritzen. La reuni\u00f3n de trabajo se enmarca dentro de la iniciativa \u00abLaboratorio de Desarrollo Territorial\u00bb y es continuaci\u00f3n de la reuni\u00f3n de trabajo con las empresas promotoras celebrada el 12 de noviembre.<\/p>\n<p style=\"text-align: justify;\">En cuanto al modelo de Gobernanza, en la actualidad se ha analizado la estructura de la red de agentes de Iraurgi Beritzen. Entre otros temas, se ha tratado la gesti\u00f3n y organizaci\u00f3n de los GUNES en lo que colaboran los distintos agentes que conforman la IB Sarea. En la reuni\u00f3n de trabajo se ha puesto en valor la capacidad actual de la Red de Agentes de Urola Erdia para fomentar la colaboraci\u00f3n de agentes de distinta naturaleza: Ayuntamiento, Empresa, Educaci\u00f3n y Empleo, as\u00ed como la trayectoria de la estructura de red en los \u00faltimos a\u00f1os.<\/p>\n<p style=\"text-align: justify;\">De cara a los pr\u00f3ximos a\u00f1os, se han analizado los retos del modelo de gobernanza de Urola Erdia. Entre los temas mencionados se mencionan los siguientes:<\/p>\n<ul style=\"text-align: justify;\">\n<li style=\"text-align: justify;\">Continuar desarrollando el modelo de gobernanza de Iraurgi Berritzen en las \u00e1reas de \u00abTurismo\u00bb, \u00abComercio\u00bb y \u00abEmprendimiento\u00bb, aline\u00e1ndolo con la red de agentes actualmente estructurada.<\/li>\n<li style=\"text-align: justify;\">Garantizar e impulsar la participaci\u00f3n e implicaci\u00f3n de los diferentes agentes que participan en la estructura de red.<\/li>\n<li style=\"text-align: justify;\">Alineaci\u00f3n de los espacios propios de Urola Erdia y los Territorios Hist\u00f3ricos.<\/li>\n<li style=\"text-align: justify;\">Seguir atrayendo a otros agentes a la estructura de redes -Universidades, Centros Tecnol\u00f3gicos, SPRI, BIC, etc.- y fomentar su participaci\u00f3n.<\/li>\n<\/ul>\n<p style=\"text-align: justify;\">En cuanto a los indicadores de competitividad, se ha realizado un repaso de diferentes indicadores de diferentes \u00e1mbitos. Se han hablado, entre otros, de indicadores demogr\u00e1ficos, empresariales, de desempleo, de I+D+i y se han comparado los datos de Urola Erdia con los del resto de la comarca. Se se\u00f1ala la importancia de trabajar y hacer seguimiento de estos indicadores en los pr\u00f3ximos meses.<\/p>\n<p style=\"text-align: justify;\">Por \u00faltimo, los diferentes agentes que han participado en la reuni\u00f3n se han comprometido a seguir trabajando en los pr\u00f3ximos meses tanto en el modelo de gobernanza regional como en el an\u00e1lisis e interpretaci\u00f3n de los instrumentos de medida.<\/p>\n","protected":false},"excerpt":{"rendered":"<p>El jueves 10 de diciembre se ha celebrado en Azkoitia una reuni\u00f3n de trabajo para reflexionar sobre el modelo de gobernanza comarcal y los indicadores de competitividad. En la reuni\u00f3n de trabajo han participado, representantes municipales de la comarca -Ayuntamientos de Azkoitia, Azpeitia y Zestoa- , Orkestra -Instituto Vasco de Competitividad- y el grupo t\u00e9cnico [&hellip;]<\/p>\n","protected":false},"author":1,"featured_media":17646,"comment_status":"","ping_status":"closed","sticky":false,"template":"","format":"standard","meta":{"_acf_changed":false,"footnotes":""},"categories":[4],"tags":[],"class_list":["post-13115","post","type-post","status-publish","format-standard","has-post-thumbnail","hentry","category-noticias"],"acf":[],"yoast_head":"<!-- This site is optimized with the Yoast SEO plugin v27.4 - https:\/\/yoast.com\/product\/yoast-seo-wordpress\/ -->\n<title>Modelo de Gobernanza como base para impulsar la competitividad comarcal - Iraurgi Berritzen<\/title>\n<meta name=\"robots\" content=\"index, follow, max-snippet:-1, max-image-preview:large, max-video-preview:-1\" \/>\n<link rel=\"canonical\" href=\"https:\/\/iraurgiberritzen.eus\/es\/modelo-de-gobernanza-como-base-para-impulsar-la-competitividad-comarcal\/\" \/>\n<meta property=\"og:locale\" content=\"es_ES\" \/>\n<meta property=\"og:type\" content=\"article\" \/>\n<meta property=\"og:title\" content=\"Modelo de Gobernanza como base para impulsar la competitividad comarcal - Iraurgi Berritzen\" \/>\n<meta property=\"og:description\" content=\"El jueves 10 de diciembre se ha celebrado en Azkoitia una reuni\u00f3n de trabajo para reflexionar sobre el modelo de gobernanza comarcal y los indicadores de competitividad. En la reuni\u00f3n de trabajo han participado, representantes municipales de la comarca -Ayuntamientos de Azkoitia, Azpeitia y Zestoa- , Orkestra -Instituto Vasco de Competitividad- y el grupo t\u00e9cnico [&hellip;]\" \/>\n<meta property=\"og:url\" content=\"https:\/\/iraurgiberritzen.eus\/es\/modelo-de-gobernanza-como-base-para-impulsar-la-competitividad-comarcal\/\" \/>\n<meta property=\"og:site_name\" content=\"Iraurgi Berritzen\" \/>\n<meta property=\"article:published_time\" content=\"2020-12-11T11:17:45+00:00\" \/>\n<meta name=\"author\" content=\"kudeatzailea\" \/>\n<meta name=\"twitter:card\" content=\"summary_large_image\" \/>\n<meta name=\"twitter:label1\" content=\"Escrito por\" \/>\n\t<meta name=\"twitter:data1\" content=\"kudeatzailea\" \/>\n\t<meta name=\"twitter:label2\" content=\"Tiempo de lectura\" \/>\n\t<meta name=\"twitter:data2\" content=\"2 minutos\" \/>\n<script type=\"application\/ld+json\" class=\"yoast-schema-graph\">{\"@context\":\"https:\\\/\\\/schema.org\",\"@graph\":[{\"@type\":\"Article\",\"@id\":\"https:\\\/\\\/iraurgiberritzen.eus\\\/es\\\/modelo-de-gobernanza-como-base-para-impulsar-la-competitividad-comarcal\\\/#article\",\"isPartOf\":{\"@id\":\"https:\\\/\\\/iraurgiberritzen.eus\\\/es\\\/modelo-de-gobernanza-como-base-para-impulsar-la-competitividad-comarcal\\\/\"},\"author\":{\"name\":\"kudeatzailea\",\"@id\":\"https:\\\/\\\/iraurgiberritzen.eus\\\/es\\\/#\\\/schema\\\/person\\\/5ab41aaf388a9097177601ebf45738d2\"},\"headline\":\"Modelo de Gobernanza como base para impulsar la competitividad comarcal\",\"datePublished\":\"2020-12-11T11:17:45+00:00\",\"mainEntityOfPage\":{\"@id\":\"https:\\\/\\\/iraurgiberritzen.eus\\\/es\\\/modelo-de-gobernanza-como-base-para-impulsar-la-competitividad-comarcal\\\/\"},\"wordCount\":427,\"publisher\":{\"@id\":\"https:\\\/\\\/iraurgiberritzen.eus\\\/es\\\/#organization\"},\"image\":{\"@id\":\"https:\\\/\\\/iraurgiberritzen.eus\\\/es\\\/modelo-de-gobernanza-como-base-para-impulsar-la-competitividad-comarcal\\\/#primaryimage\"},\"thumbnailUrl\":\"https:\\\/\\\/iraurgiberritzen.eus\\\/wp-content\\\/uploads\\\/2023\\\/09\\\/cb1c367cf984f0ad2cae4fa928f517fc.jpg\",\"articleSection\":[\"Noticias\"],\"inLanguage\":\"es\"},{\"@type\":\"WebPage\",\"@id\":\"https:\\\/\\\/iraurgiberritzen.eus\\\/es\\\/modelo-de-gobernanza-como-base-para-impulsar-la-competitividad-comarcal\\\/\",\"url\":\"https:\\\/\\\/iraurgiberritzen.eus\\\/es\\\/modelo-de-gobernanza-como-base-para-impulsar-la-competitividad-comarcal\\\/\",\"name\":\"Modelo de Gobernanza como base para impulsar la competitividad comarcal - Iraurgi Berritzen\",\"isPartOf\":{\"@id\":\"https:\\\/\\\/iraurgiberritzen.eus\\\/es\\\/#website\"},\"primaryImageOfPage\":{\"@id\":\"https:\\\/\\\/iraurgiberritzen.eus\\\/es\\\/modelo-de-gobernanza-como-base-para-impulsar-la-competitividad-comarcal\\\/#primaryimage\"},\"image\":{\"@id\":\"https:\\\/\\\/iraurgiberritzen.eus\\\/es\\\/modelo-de-gobernanza-como-base-para-impulsar-la-competitividad-comarcal\\\/#primaryimage\"},\"thumbnailUrl\":\"https:\\\/\\\/iraurgiberritzen.eus\\\/wp-content\\\/uploads\\\/2023\\\/09\\\/cb1c367cf984f0ad2cae4fa928f517fc.jpg\",\"datePublished\":\"2020-12-11T11:17:45+00:00\",\"breadcrumb\":{\"@id\":\"https:\\\/\\\/iraurgiberritzen.eus\\\/es\\\/modelo-de-gobernanza-como-base-para-impulsar-la-competitividad-comarcal\\\/#breadcrumb\"},\"inLanguage\":\"es\",\"potentialAction\":[{\"@type\":\"ReadAction\",\"target\":[\"https:\\\/\\\/iraurgiberritzen.eus\\\/es\\\/modelo-de-gobernanza-como-base-para-impulsar-la-competitividad-comarcal\\\/\"]}]},{\"@type\":\"ImageObject\",\"inLanguage\":\"es\",\"@id\":\"https:\\\/\\\/iraurgiberritzen.eus\\\/es\\\/modelo-de-gobernanza-como-base-para-impulsar-la-competitividad-comarcal\\\/#primaryimage\",\"url\":\"https:\\\/\\\/iraurgiberritzen.eus\\\/wp-content\\\/uploads\\\/2023\\\/09\\\/cb1c367cf984f0ad2cae4fa928f517fc.jpg\",\"contentUrl\":\"https:\\\/\\\/iraurgiberritzen.eus\\\/wp-content\\\/uploads\\\/2023\\\/09\\\/cb1c367cf984f0ad2cae4fa928f517fc.jpg\",\"width\":600,\"height\":386},{\"@type\":\"BreadcrumbList\",\"@id\":\"https:\\\/\\\/iraurgiberritzen.eus\\\/es\\\/modelo-de-gobernanza-como-base-para-impulsar-la-competitividad-comarcal\\\/#breadcrumb\",\"itemListElement\":[{\"@type\":\"ListItem\",\"position\":1,\"name\":\"Home\",\"item\":\"https:\\\/\\\/iraurgiberritzen.eus\\\/es\\\/\"},{\"@type\":\"ListItem\",\"position\":2,\"name\":\"Modelo de Gobernanza como base para impulsar la competitividad comarcal\"}]},{\"@type\":\"WebSite\",\"@id\":\"https:\\\/\\\/iraurgiberritzen.eus\\\/es\\\/#website\",\"url\":\"https:\\\/\\\/iraurgiberritzen.eus\\\/es\\\/\",\"name\":\"Iraurgi Berritzen\",\"description\":\"Urola Erdiko Garapen Agentzia\",\"publisher\":{\"@id\":\"https:\\\/\\\/iraurgiberritzen.eus\\\/es\\\/#organization\"},\"potentialAction\":[{\"@type\":\"SearchAction\",\"target\":{\"@type\":\"EntryPoint\",\"urlTemplate\":\"https:\\\/\\\/iraurgiberritzen.eus\\\/es\\\/?s={search_term_string}\"},\"query-input\":{\"@type\":\"PropertyValueSpecification\",\"valueRequired\":true,\"valueName\":\"search_term_string\"}}],\"inLanguage\":\"es\"},{\"@type\":\"Organization\",\"@id\":\"https:\\\/\\\/iraurgiberritzen.eus\\\/es\\\/#organization\",\"name\":\"Iraurgi Berritzen\",\"url\":\"https:\\\/\\\/iraurgiberritzen.eus\\\/es\\\/\",\"logo\":{\"@type\":\"ImageObject\",\"inLanguage\":\"es\",\"@id\":\"https:\\\/\\\/iraurgiberritzen.eus\\\/es\\\/#\\\/schema\\\/logo\\\/image\\\/\",\"url\":\"https:\\\/\\\/iraurgiberritzen.eus\\\/wp-content\\\/uploads\\\/2024\\\/02\\\/IRAURGI-BERRITZEN-logotipoa_2.png\",\"contentUrl\":\"https:\\\/\\\/iraurgiberritzen.eus\\\/wp-content\\\/uploads\\\/2024\\\/02\\\/IRAURGI-BERRITZEN-logotipoa_2.png\",\"width\":496,\"height\":190,\"caption\":\"Iraurgi Berritzen\"},\"image\":{\"@id\":\"https:\\\/\\\/iraurgiberritzen.eus\\\/es\\\/#\\\/schema\\\/logo\\\/image\\\/\"}},{\"@type\":\"Person\",\"@id\":\"https:\\\/\\\/iraurgiberritzen.eus\\\/es\\\/#\\\/schema\\\/person\\\/5ab41aaf388a9097177601ebf45738d2\",\"name\":\"kudeatzailea\",\"sameAs\":[\"https:\\\/\\\/iraurgiberritzen.eus\"]}]}<\/script>\n<!-- \/ Yoast SEO plugin. -->","yoast_head_json":{"title":"Modelo de Gobernanza como base para impulsar la competitividad comarcal - Iraurgi Berritzen","robots":{"index":"index","follow":"follow","max-snippet":"max-snippet:-1","max-image-preview":"max-image-preview:large","max-video-preview":"max-video-preview:-1"},"canonical":"https:\/\/iraurgiberritzen.eus\/es\/modelo-de-gobernanza-como-base-para-impulsar-la-competitividad-comarcal\/","og_locale":"es_ES","og_type":"article","og_title":"Modelo de Gobernanza como base para impulsar la competitividad comarcal - Iraurgi Berritzen","og_description":"El jueves 10 de diciembre se ha celebrado en Azkoitia una reuni\u00f3n de trabajo para reflexionar sobre el modelo de gobernanza comarcal y los indicadores de competitividad. En la reuni\u00f3n de trabajo han participado, representantes municipales de la comarca -Ayuntamientos de Azkoitia, Azpeitia y Zestoa- , Orkestra -Instituto Vasco de Competitividad- y el grupo t\u00e9cnico [&hellip;]","og_url":"https:\/\/iraurgiberritzen.eus\/es\/modelo-de-gobernanza-como-base-para-impulsar-la-competitividad-comarcal\/","og_site_name":"Iraurgi Berritzen","article_published_time":"2020-12-11T11:17:45+00:00","author":"kudeatzailea","twitter_card":"summary_large_image","twitter_misc":{"Escrito por":"kudeatzailea","Tiempo de lectura":"2 minutos"},"schema":{"@context":"https:\/\/schema.org","@graph":[{"@type":"Article","@id":"https:\/\/iraurgiberritzen.eus\/es\/modelo-de-gobernanza-como-base-para-impulsar-la-competitividad-comarcal\/#article","isPartOf":{"@id":"https:\/\/iraurgiberritzen.eus\/es\/modelo-de-gobernanza-como-base-para-impulsar-la-competitividad-comarcal\/"},"author":{"name":"kudeatzailea","@id":"https:\/\/iraurgiberritzen.eus\/es\/#\/schema\/person\/5ab41aaf388a9097177601ebf45738d2"},"headline":"Modelo de Gobernanza como base para impulsar la competitividad comarcal","datePublished":"2020-12-11T11:17:45+00:00","mainEntityOfPage":{"@id":"https:\/\/iraurgiberritzen.eus\/es\/modelo-de-gobernanza-como-base-para-impulsar-la-competitividad-comarcal\/"},"wordCount":427,"publisher":{"@id":"https:\/\/iraurgiberritzen.eus\/es\/#organization"},"image":{"@id":"https:\/\/iraurgiberritzen.eus\/es\/modelo-de-gobernanza-como-base-para-impulsar-la-competitividad-comarcal\/#primaryimage"},"thumbnailUrl":"https:\/\/iraurgiberritzen.eus\/wp-content\/uploads\/2023\/09\/cb1c367cf984f0ad2cae4fa928f517fc.jpg","articleSection":["Noticias"],"inLanguage":"es"},{"@type":"WebPage","@id":"https:\/\/iraurgiberritzen.eus\/es\/modelo-de-gobernanza-como-base-para-impulsar-la-competitividad-comarcal\/","url":"https:\/\/iraurgiberritzen.eus\/es\/modelo-de-gobernanza-como-base-para-impulsar-la-competitividad-comarcal\/","name":"Modelo de Gobernanza como base para impulsar la competitividad comarcal - Iraurgi Berritzen","isPartOf":{"@id":"https:\/\/iraurgiberritzen.eus\/es\/#website"},"primaryImageOfPage":{"@id":"https:\/\/iraurgiberritzen.eus\/es\/modelo-de-gobernanza-como-base-para-impulsar-la-competitividad-comarcal\/#primaryimage"},"image":{"@id":"https:\/\/iraurgiberritzen.eus\/es\/modelo-de-gobernanza-como-base-para-impulsar-la-competitividad-comarcal\/#primaryimage"},"thumbnailUrl":"https:\/\/iraurgiberritzen.eus\/wp-content\/uploads\/2023\/09\/cb1c367cf984f0ad2cae4fa928f517fc.jpg","datePublished":"2020-12-11T11:17:45+00:00","breadcrumb":{"@id":"https:\/\/iraurgiberritzen.eus\/es\/modelo-de-gobernanza-como-base-para-impulsar-la-competitividad-comarcal\/#breadcrumb"},"inLanguage":"es","potentialAction":[{"@type":"ReadAction","target":["https:\/\/iraurgiberritzen.eus\/es\/modelo-de-gobernanza-como-base-para-impulsar-la-competitividad-comarcal\/"]}]},{"@type":"ImageObject","inLanguage":"es","@id":"https:\/\/iraurgiberritzen.eus\/es\/modelo-de-gobernanza-como-base-para-impulsar-la-competitividad-comarcal\/#primaryimage","url":"https:\/\/iraurgiberritzen.eus\/wp-content\/uploads\/2023\/09\/cb1c367cf984f0ad2cae4fa928f517fc.jpg","contentUrl":"https:\/\/iraurgiberritzen.eus\/wp-content\/uploads\/2023\/09\/cb1c367cf984f0ad2cae4fa928f517fc.jpg","width":600,"height":386},{"@type":"BreadcrumbList","@id":"https:\/\/iraurgiberritzen.eus\/es\/modelo-de-gobernanza-como-base-para-impulsar-la-competitividad-comarcal\/#breadcrumb","itemListElement":[{"@type":"ListItem","position":1,"name":"Home","item":"https:\/\/iraurgiberritzen.eus\/es\/"},{"@type":"ListItem","position":2,"name":"Modelo de Gobernanza como base para impulsar la competitividad comarcal"}]},{"@type":"WebSite","@id":"https:\/\/iraurgiberritzen.eus\/es\/#website","url":"https:\/\/iraurgiberritzen.eus\/es\/","name":"Iraurgi Berritzen","description":"Urola Erdiko Garapen Agentzia","publisher":{"@id":"https:\/\/iraurgiberritzen.eus\/es\/#organization"},"potentialAction":[{"@type":"SearchAction","target":{"@type":"EntryPoint","urlTemplate":"https:\/\/iraurgiberritzen.eus\/es\/?s={search_term_string}"},"query-input":{"@type":"PropertyValueSpecification","valueRequired":true,"valueName":"search_term_string"}}],"inLanguage":"es"},{"@type":"Organization","@id":"https:\/\/iraurgiberritzen.eus\/es\/#organization","name":"Iraurgi Berritzen","url":"https:\/\/iraurgiberritzen.eus\/es\/","logo":{"@type":"ImageObject","inLanguage":"es","@id":"https:\/\/iraurgiberritzen.eus\/es\/#\/schema\/logo\/image\/","url":"https:\/\/iraurgiberritzen.eus\/wp-content\/uploads\/2024\/02\/IRAURGI-BERRITZEN-logotipoa_2.png","contentUrl":"https:\/\/iraurgiberritzen.eus\/wp-content\/uploads\/2024\/02\/IRAURGI-BERRITZEN-logotipoa_2.png","width":496,"height":190,"caption":"Iraurgi Berritzen"},"image":{"@id":"https:\/\/iraurgiberritzen.eus\/es\/#\/schema\/logo\/image\/"}},{"@type":"Person","@id":"https:\/\/iraurgiberritzen.eus\/es\/#\/schema\/person\/5ab41aaf388a9097177601ebf45738d2","name":"kudeatzailea","sameAs":["https:\/\/iraurgiberritzen.eus"]}]}},"_links":{"self":[{"href":"https:\/\/iraurgiberritzen.eus\/es\/wp-json\/wp\/v2\/posts\/13115","targetHints":{"allow":["GET"]}}],"collection":[{"href":"https:\/\/iraurgiberritzen.eus\/es\/wp-json\/wp\/v2\/posts"}],"about":[{"href":"https:\/\/iraurgiberritzen.eus\/es\/wp-json\/wp\/v2\/types\/post"}],"author":[{"embeddable":true,"href":"https:\/\/iraurgiberritzen.eus\/es\/wp-json\/wp\/v2\/users\/1"}],"replies":[{"embeddable":true,"href":"https:\/\/iraurgiberritzen.eus\/es\/wp-json\/wp\/v2\/comments?post=13115"}],"version-history":[{"count":0,"href":"https:\/\/iraurgiberritzen.eus\/es\/wp-json\/wp\/v2\/posts\/13115\/revisions"}],"wp:featuredmedia":[{"embeddable":true,"href":"https:\/\/iraurgiberritzen.eus\/es\/wp-json\/wp\/v2\/media\/17646"}],"wp:attachment":[{"href":"https:\/\/iraurgiberritzen.eus\/es\/wp-json\/wp\/v2\/media?parent=13115"}],"wp:term":[{"taxonomy":"category","embeddable":true,"href":"https:\/\/iraurgiberritzen.eus\/es\/wp-json\/wp\/v2\/categories?post=13115"},{"taxonomy":"post_tag","embeddable":true,"href":"https:\/\/iraurgiberritzen.eus\/es\/wp-json\/wp\/v2\/tags?post=13115"}],"curies":[{"name":"wp","href":"https:\/\/api.w.org\/{rel}","templated":true}]}}