{"id":13118,"date":"2020-12-14T21:18:15","date_gmt":"2020-12-14T19:18:15","guid":{"rendered":"https:\/\/iraurgiberritzen.eus\/desciende-el-numero-de-parados-y-aumenta-el-numero-de-los-erte-en-noviembre\/"},"modified":"2020-12-14T21:18:15","modified_gmt":"2020-12-14T19:18:15","slug":"desciende-el-numero-de-parados-y-aumenta-el-numero-de-los-erte-en-noviembre","status":"publish","type":"post","link":"https:\/\/iraurgiberritzen.eus\/es\/desciende-el-numero-de-parados-y-aumenta-el-numero-de-los-erte-en-noviembre\/","title":{"rendered":"Desciende el n\u00famero de parados y aumenta el n\u00famero de los ERTE en noviembre"},"content":{"rendered":"<p style=\"text-align: justify;\">Por tercer mes consecutivo, desciende el n\u00famero de personas desempleadas en Urola Erdia. Seg\u00fan Lanbide -Servicio Vaco de Empleo-, a finales de noviembre se han contabilizado un total de 1.439 personas paradas en la comarca, 33 personas menos que en octubre.<\/p>\n<p style=\"text-align: justify;\">Asimismo, el descenso en el n\u00famero de parados supone una reducci\u00f3n del \u00edndice de paro y sit\u00faa el \u00edndice de paro en la comarca en el 9,2%, el 7,7% en los hombres y el 11,0% en las mujeres. A finales de noviembre, el \u00edndice de paro en la comarca es claramente inferior al registrado en Gipuzkoa (10,0%) y en la CAPV (12,4%).<\/p>\n<p style=\"text-align: justify;\">En cuanto a la evoluci\u00f3n del mercado laboral en el \u00faltimo mes, se pueden distinguir los siguientes puntos:<\/p>\n<ul style=\"text-align: justify;\">\n<li>En Noviembre, por tercer mes consecutivo, el paro ha experimentado una tendencia descendente. Sin embargo, el n\u00famero de parados que presenta la comarca sigue siendo bastante superior al registrado el mismo mes del a\u00f1o anterior (1.225).<\/li>\n<li>En cuanto al n\u00famero de contratos, se han contabilizado un total de 456 contratos, un 16,12% menos que en el mismo mes del a\u00f1o anterior (544). No obstante, se observa una mejor\u00eda con respecto a los meses de primavera y verano.<\/li>\n<li>El n\u00famero de afiliaciones contabilizadas en la comarca se mantiene estable a lo largo de noviembre y a final de mes se contabilizan un total de 12.377 afiliados.<\/li>\n<\/ul>\n<p style=\"text-align: justify;\">Sin embargo, a pesar de la ca\u00edda del paro en el \u00faltimo mes, la demanda de Regulaci\u00f3n Temporal de Empleo Expediente (ERTE) se ha visto incrementada en las \u00faltimas semanas. Seg\u00fan los datos publicados por Gobierno vasco en su plataforma Open Data, se observan las tendencias que se enuncian a continuaci\u00f3n:<\/p>\n<ul style=\"text-align: justify;\">\n<li>A partir de Septiembre y el 9 de diciembre se han contabilizado 109 nuevos expedientes en Urola Erdia, afectando a un total de 507 trabajadores.<\/li>\n<li>De los 109 expedientes de la comarca, 70 se han contabilizado en hosteler\u00eda, la mayor\u00eda en noviembre, tras el endurecimiento de las medidas sanitarias. En total, desde principios de septiembre, 315 trabajadores se han visto afectados por los distintos expedientes de regulaci\u00f3n.<\/li>\n<li>En cuanto a la Industria, se han contabilizado 9 nuevos expedientes que afectan a un total de 114 trabajadores.<\/li>\n<\/ul>\n<p style=\"text-align: justify;\">Iraurgi Berritzen continuar\u00e1 en los pr\u00f3ximos meses analizando detenidamente la realidad socioecon\u00f3mica de la comarca, con el objetivo de conocer en todo momento la evoluci\u00f3n del mercado de trabajo comarcal y adecuar las pol\u00edticas de promoci\u00f3n comarcal a las necesidades del momento.<\/p>\n","protected":false},"excerpt":{"rendered":"<p>Por tercer mes consecutivo, desciende el n\u00famero de personas desempleadas en Urola Erdia. Seg\u00fan Lanbide -Servicio Vaco de Empleo-, a finales de noviembre se han contabilizado un total de 1.439 personas paradas en la comarca, 33 personas menos que en octubre. Asimismo, el descenso en el n\u00famero de parados supone una reducci\u00f3n del \u00edndice de [&hellip;]<\/p>\n","protected":false},"author":1,"featured_media":17647,"comment_status":"","ping_status":"closed","sticky":false,"template":"","format":"standard","meta":{"_acf_changed":false,"footnotes":""},"categories":[4],"tags":[],"class_list":["post-13118","post","type-post","status-publish","format-standard","has-post-thumbnail","hentry","category-noticias"],"acf":[],"yoast_head":"<!-- This site is optimized with the Yoast SEO plugin v27.4 - https:\/\/yoast.com\/product\/yoast-seo-wordpress\/ -->\n<title>Desciende el n\u00famero de parados y aumenta el n\u00famero de los ERTE en noviembre - Iraurgi Berritzen<\/title>\n<meta name=\"robots\" content=\"index, follow, max-snippet:-1, max-image-preview:large, max-video-preview:-1\" \/>\n<link rel=\"canonical\" href=\"https:\/\/iraurgiberritzen.eus\/es\/desciende-el-numero-de-parados-y-aumenta-el-numero-de-los-erte-en-noviembre\/\" \/>\n<meta property=\"og:locale\" content=\"es_ES\" \/>\n<meta property=\"og:type\" content=\"article\" \/>\n<meta property=\"og:title\" content=\"Desciende el n\u00famero de parados y aumenta el n\u00famero de los ERTE en noviembre - Iraurgi Berritzen\" \/>\n<meta property=\"og:description\" content=\"Por tercer mes consecutivo, desciende el n\u00famero de personas desempleadas en Urola Erdia. Seg\u00fan Lanbide -Servicio Vaco de Empleo-, a finales de noviembre se han contabilizado un total de 1.439 personas paradas en la comarca, 33 personas menos que en octubre. Asimismo, el descenso en el n\u00famero de parados supone una reducci\u00f3n del \u00edndice de [&hellip;]\" \/>\n<meta property=\"og:url\" content=\"https:\/\/iraurgiberritzen.eus\/es\/desciende-el-numero-de-parados-y-aumenta-el-numero-de-los-erte-en-noviembre\/\" \/>\n<meta property=\"og:site_name\" content=\"Iraurgi Berritzen\" \/>\n<meta property=\"article:published_time\" content=\"2020-12-14T19:18:15+00:00\" \/>\n<meta name=\"author\" content=\"kudeatzailea\" \/>\n<meta name=\"twitter:card\" content=\"summary_large_image\" \/>\n<meta name=\"twitter:label1\" content=\"Escrito por\" \/>\n\t<meta name=\"twitter:data1\" content=\"kudeatzailea\" \/>\n\t<meta name=\"twitter:label2\" content=\"Tiempo de lectura\" \/>\n\t<meta name=\"twitter:data2\" content=\"2 minutos\" \/>\n<script type=\"application\/ld+json\" class=\"yoast-schema-graph\">{\"@context\":\"https:\\\/\\\/schema.org\",\"@graph\":[{\"@type\":\"Article\",\"@id\":\"https:\\\/\\\/iraurgiberritzen.eus\\\/es\\\/desciende-el-numero-de-parados-y-aumenta-el-numero-de-los-erte-en-noviembre\\\/#article\",\"isPartOf\":{\"@id\":\"https:\\\/\\\/iraurgiberritzen.eus\\\/es\\\/desciende-el-numero-de-parados-y-aumenta-el-numero-de-los-erte-en-noviembre\\\/\"},\"author\":{\"name\":\"kudeatzailea\",\"@id\":\"https:\\\/\\\/iraurgiberritzen.eus\\\/es\\\/#\\\/schema\\\/person\\\/5ab41aaf388a9097177601ebf45738d2\"},\"headline\":\"Desciende el n\u00famero de parados y aumenta el n\u00famero de los ERTE en noviembre\",\"datePublished\":\"2020-12-14T19:18:15+00:00\",\"mainEntityOfPage\":{\"@id\":\"https:\\\/\\\/iraurgiberritzen.eus\\\/es\\\/desciende-el-numero-de-parados-y-aumenta-el-numero-de-los-erte-en-noviembre\\\/\"},\"wordCount\":425,\"publisher\":{\"@id\":\"https:\\\/\\\/iraurgiberritzen.eus\\\/es\\\/#organization\"},\"image\":{\"@id\":\"https:\\\/\\\/iraurgiberritzen.eus\\\/es\\\/desciende-el-numero-de-parados-y-aumenta-el-numero-de-los-erte-en-noviembre\\\/#primaryimage\"},\"thumbnailUrl\":\"https:\\\/\\\/iraurgiberritzen.eus\\\/wp-content\\\/uploads\\\/2023\\\/09\\\/abf584041f321d5f52601632cbc05493.jpg\",\"articleSection\":[\"Noticias\"],\"inLanguage\":\"es\"},{\"@type\":\"WebPage\",\"@id\":\"https:\\\/\\\/iraurgiberritzen.eus\\\/es\\\/desciende-el-numero-de-parados-y-aumenta-el-numero-de-los-erte-en-noviembre\\\/\",\"url\":\"https:\\\/\\\/iraurgiberritzen.eus\\\/es\\\/desciende-el-numero-de-parados-y-aumenta-el-numero-de-los-erte-en-noviembre\\\/\",\"name\":\"Desciende el n\u00famero de parados y aumenta el n\u00famero de los ERTE en noviembre - Iraurgi Berritzen\",\"isPartOf\":{\"@id\":\"https:\\\/\\\/iraurgiberritzen.eus\\\/es\\\/#website\"},\"primaryImageOfPage\":{\"@id\":\"https:\\\/\\\/iraurgiberritzen.eus\\\/es\\\/desciende-el-numero-de-parados-y-aumenta-el-numero-de-los-erte-en-noviembre\\\/#primaryimage\"},\"image\":{\"@id\":\"https:\\\/\\\/iraurgiberritzen.eus\\\/es\\\/desciende-el-numero-de-parados-y-aumenta-el-numero-de-los-erte-en-noviembre\\\/#primaryimage\"},\"thumbnailUrl\":\"https:\\\/\\\/iraurgiberritzen.eus\\\/wp-content\\\/uploads\\\/2023\\\/09\\\/abf584041f321d5f52601632cbc05493.jpg\",\"datePublished\":\"2020-12-14T19:18:15+00:00\",\"breadcrumb\":{\"@id\":\"https:\\\/\\\/iraurgiberritzen.eus\\\/es\\\/desciende-el-numero-de-parados-y-aumenta-el-numero-de-los-erte-en-noviembre\\\/#breadcrumb\"},\"inLanguage\":\"es\",\"potentialAction\":[{\"@type\":\"ReadAction\",\"target\":[\"https:\\\/\\\/iraurgiberritzen.eus\\\/es\\\/desciende-el-numero-de-parados-y-aumenta-el-numero-de-los-erte-en-noviembre\\\/\"]}]},{\"@type\":\"ImageObject\",\"inLanguage\":\"es\",\"@id\":\"https:\\\/\\\/iraurgiberritzen.eus\\\/es\\\/desciende-el-numero-de-parados-y-aumenta-el-numero-de-los-erte-en-noviembre\\\/#primaryimage\",\"url\":\"https:\\\/\\\/iraurgiberritzen.eus\\\/wp-content\\\/uploads\\\/2023\\\/09\\\/abf584041f321d5f52601632cbc05493.jpg\",\"contentUrl\":\"https:\\\/\\\/iraurgiberritzen.eus\\\/wp-content\\\/uploads\\\/2023\\\/09\\\/abf584041f321d5f52601632cbc05493.jpg\",\"width\":600,\"height\":388},{\"@type\":\"BreadcrumbList\",\"@id\":\"https:\\\/\\\/iraurgiberritzen.eus\\\/es\\\/desciende-el-numero-de-parados-y-aumenta-el-numero-de-los-erte-en-noviembre\\\/#breadcrumb\",\"itemListElement\":[{\"@type\":\"ListItem\",\"position\":1,\"name\":\"Home\",\"item\":\"https:\\\/\\\/iraurgiberritzen.eus\\\/es\\\/\"},{\"@type\":\"ListItem\",\"position\":2,\"name\":\"Desciende el n\u00famero de parados y aumenta el n\u00famero de los ERTE en noviembre\"}]},{\"@type\":\"WebSite\",\"@id\":\"https:\\\/\\\/iraurgiberritzen.eus\\\/es\\\/#website\",\"url\":\"https:\\\/\\\/iraurgiberritzen.eus\\\/es\\\/\",\"name\":\"Iraurgi Berritzen\",\"description\":\"Urola Erdiko Garapen Agentzia\",\"publisher\":{\"@id\":\"https:\\\/\\\/iraurgiberritzen.eus\\\/es\\\/#organization\"},\"potentialAction\":[{\"@type\":\"SearchAction\",\"target\":{\"@type\":\"EntryPoint\",\"urlTemplate\":\"https:\\\/\\\/iraurgiberritzen.eus\\\/es\\\/?s={search_term_string}\"},\"query-input\":{\"@type\":\"PropertyValueSpecification\",\"valueRequired\":true,\"valueName\":\"search_term_string\"}}],\"inLanguage\":\"es\"},{\"@type\":\"Organization\",\"@id\":\"https:\\\/\\\/iraurgiberritzen.eus\\\/es\\\/#organization\",\"name\":\"Iraurgi Berritzen\",\"url\":\"https:\\\/\\\/iraurgiberritzen.eus\\\/es\\\/\",\"logo\":{\"@type\":\"ImageObject\",\"inLanguage\":\"es\",\"@id\":\"https:\\\/\\\/iraurgiberritzen.eus\\\/es\\\/#\\\/schema\\\/logo\\\/image\\\/\",\"url\":\"https:\\\/\\\/iraurgiberritzen.eus\\\/wp-content\\\/uploads\\\/2024\\\/02\\\/IRAURGI-BERRITZEN-logotipoa_2.png\",\"contentUrl\":\"https:\\\/\\\/iraurgiberritzen.eus\\\/wp-content\\\/uploads\\\/2024\\\/02\\\/IRAURGI-BERRITZEN-logotipoa_2.png\",\"width\":496,\"height\":190,\"caption\":\"Iraurgi Berritzen\"},\"image\":{\"@id\":\"https:\\\/\\\/iraurgiberritzen.eus\\\/es\\\/#\\\/schema\\\/logo\\\/image\\\/\"}},{\"@type\":\"Person\",\"@id\":\"https:\\\/\\\/iraurgiberritzen.eus\\\/es\\\/#\\\/schema\\\/person\\\/5ab41aaf388a9097177601ebf45738d2\",\"name\":\"kudeatzailea\",\"sameAs\":[\"https:\\\/\\\/iraurgiberritzen.eus\"]}]}<\/script>\n<!-- \/ Yoast SEO plugin. -->","yoast_head_json":{"title":"Desciende el n\u00famero de parados y aumenta el n\u00famero de los ERTE en noviembre - Iraurgi Berritzen","robots":{"index":"index","follow":"follow","max-snippet":"max-snippet:-1","max-image-preview":"max-image-preview:large","max-video-preview":"max-video-preview:-1"},"canonical":"https:\/\/iraurgiberritzen.eus\/es\/desciende-el-numero-de-parados-y-aumenta-el-numero-de-los-erte-en-noviembre\/","og_locale":"es_ES","og_type":"article","og_title":"Desciende el n\u00famero de parados y aumenta el n\u00famero de los ERTE en noviembre - Iraurgi Berritzen","og_description":"Por tercer mes consecutivo, desciende el n\u00famero de personas desempleadas en Urola Erdia. Seg\u00fan Lanbide -Servicio Vaco de Empleo-, a finales de noviembre se han contabilizado un total de 1.439 personas paradas en la comarca, 33 personas menos que en octubre. Asimismo, el descenso en el n\u00famero de parados supone una reducci\u00f3n del \u00edndice de [&hellip;]","og_url":"https:\/\/iraurgiberritzen.eus\/es\/desciende-el-numero-de-parados-y-aumenta-el-numero-de-los-erte-en-noviembre\/","og_site_name":"Iraurgi Berritzen","article_published_time":"2020-12-14T19:18:15+00:00","author":"kudeatzailea","twitter_card":"summary_large_image","twitter_misc":{"Escrito por":"kudeatzailea","Tiempo de lectura":"2 minutos"},"schema":{"@context":"https:\/\/schema.org","@graph":[{"@type":"Article","@id":"https:\/\/iraurgiberritzen.eus\/es\/desciende-el-numero-de-parados-y-aumenta-el-numero-de-los-erte-en-noviembre\/#article","isPartOf":{"@id":"https:\/\/iraurgiberritzen.eus\/es\/desciende-el-numero-de-parados-y-aumenta-el-numero-de-los-erte-en-noviembre\/"},"author":{"name":"kudeatzailea","@id":"https:\/\/iraurgiberritzen.eus\/es\/#\/schema\/person\/5ab41aaf388a9097177601ebf45738d2"},"headline":"Desciende el n\u00famero de parados y aumenta el n\u00famero de los ERTE en noviembre","datePublished":"2020-12-14T19:18:15+00:00","mainEntityOfPage":{"@id":"https:\/\/iraurgiberritzen.eus\/es\/desciende-el-numero-de-parados-y-aumenta-el-numero-de-los-erte-en-noviembre\/"},"wordCount":425,"publisher":{"@id":"https:\/\/iraurgiberritzen.eus\/es\/#organization"},"image":{"@id":"https:\/\/iraurgiberritzen.eus\/es\/desciende-el-numero-de-parados-y-aumenta-el-numero-de-los-erte-en-noviembre\/#primaryimage"},"thumbnailUrl":"https:\/\/iraurgiberritzen.eus\/wp-content\/uploads\/2023\/09\/abf584041f321d5f52601632cbc05493.jpg","articleSection":["Noticias"],"inLanguage":"es"},{"@type":"WebPage","@id":"https:\/\/iraurgiberritzen.eus\/es\/desciende-el-numero-de-parados-y-aumenta-el-numero-de-los-erte-en-noviembre\/","url":"https:\/\/iraurgiberritzen.eus\/es\/desciende-el-numero-de-parados-y-aumenta-el-numero-de-los-erte-en-noviembre\/","name":"Desciende el n\u00famero de parados y aumenta el n\u00famero de los ERTE en noviembre - Iraurgi Berritzen","isPartOf":{"@id":"https:\/\/iraurgiberritzen.eus\/es\/#website"},"primaryImageOfPage":{"@id":"https:\/\/iraurgiberritzen.eus\/es\/desciende-el-numero-de-parados-y-aumenta-el-numero-de-los-erte-en-noviembre\/#primaryimage"},"image":{"@id":"https:\/\/iraurgiberritzen.eus\/es\/desciende-el-numero-de-parados-y-aumenta-el-numero-de-los-erte-en-noviembre\/#primaryimage"},"thumbnailUrl":"https:\/\/iraurgiberritzen.eus\/wp-content\/uploads\/2023\/09\/abf584041f321d5f52601632cbc05493.jpg","datePublished":"2020-12-14T19:18:15+00:00","breadcrumb":{"@id":"https:\/\/iraurgiberritzen.eus\/es\/desciende-el-numero-de-parados-y-aumenta-el-numero-de-los-erte-en-noviembre\/#breadcrumb"},"inLanguage":"es","potentialAction":[{"@type":"ReadAction","target":["https:\/\/iraurgiberritzen.eus\/es\/desciende-el-numero-de-parados-y-aumenta-el-numero-de-los-erte-en-noviembre\/"]}]},{"@type":"ImageObject","inLanguage":"es","@id":"https:\/\/iraurgiberritzen.eus\/es\/desciende-el-numero-de-parados-y-aumenta-el-numero-de-los-erte-en-noviembre\/#primaryimage","url":"https:\/\/iraurgiberritzen.eus\/wp-content\/uploads\/2023\/09\/abf584041f321d5f52601632cbc05493.jpg","contentUrl":"https:\/\/iraurgiberritzen.eus\/wp-content\/uploads\/2023\/09\/abf584041f321d5f52601632cbc05493.jpg","width":600,"height":388},{"@type":"BreadcrumbList","@id":"https:\/\/iraurgiberritzen.eus\/es\/desciende-el-numero-de-parados-y-aumenta-el-numero-de-los-erte-en-noviembre\/#breadcrumb","itemListElement":[{"@type":"ListItem","position":1,"name":"Home","item":"https:\/\/iraurgiberritzen.eus\/es\/"},{"@type":"ListItem","position":2,"name":"Desciende el n\u00famero de parados y aumenta el n\u00famero de los ERTE en noviembre"}]},{"@type":"WebSite","@id":"https:\/\/iraurgiberritzen.eus\/es\/#website","url":"https:\/\/iraurgiberritzen.eus\/es\/","name":"Iraurgi Berritzen","description":"Urola Erdiko Garapen Agentzia","publisher":{"@id":"https:\/\/iraurgiberritzen.eus\/es\/#organization"},"potentialAction":[{"@type":"SearchAction","target":{"@type":"EntryPoint","urlTemplate":"https:\/\/iraurgiberritzen.eus\/es\/?s={search_term_string}"},"query-input":{"@type":"PropertyValueSpecification","valueRequired":true,"valueName":"search_term_string"}}],"inLanguage":"es"},{"@type":"Organization","@id":"https:\/\/iraurgiberritzen.eus\/es\/#organization","name":"Iraurgi Berritzen","url":"https:\/\/iraurgiberritzen.eus\/es\/","logo":{"@type":"ImageObject","inLanguage":"es","@id":"https:\/\/iraurgiberritzen.eus\/es\/#\/schema\/logo\/image\/","url":"https:\/\/iraurgiberritzen.eus\/wp-content\/uploads\/2024\/02\/IRAURGI-BERRITZEN-logotipoa_2.png","contentUrl":"https:\/\/iraurgiberritzen.eus\/wp-content\/uploads\/2024\/02\/IRAURGI-BERRITZEN-logotipoa_2.png","width":496,"height":190,"caption":"Iraurgi Berritzen"},"image":{"@id":"https:\/\/iraurgiberritzen.eus\/es\/#\/schema\/logo\/image\/"}},{"@type":"Person","@id":"https:\/\/iraurgiberritzen.eus\/es\/#\/schema\/person\/5ab41aaf388a9097177601ebf45738d2","name":"kudeatzailea","sameAs":["https:\/\/iraurgiberritzen.eus"]}]}},"_links":{"self":[{"href":"https:\/\/iraurgiberritzen.eus\/es\/wp-json\/wp\/v2\/posts\/13118","targetHints":{"allow":["GET"]}}],"collection":[{"href":"https:\/\/iraurgiberritzen.eus\/es\/wp-json\/wp\/v2\/posts"}],"about":[{"href":"https:\/\/iraurgiberritzen.eus\/es\/wp-json\/wp\/v2\/types\/post"}],"author":[{"embeddable":true,"href":"https:\/\/iraurgiberritzen.eus\/es\/wp-json\/wp\/v2\/users\/1"}],"replies":[{"embeddable":true,"href":"https:\/\/iraurgiberritzen.eus\/es\/wp-json\/wp\/v2\/comments?post=13118"}],"version-history":[{"count":0,"href":"https:\/\/iraurgiberritzen.eus\/es\/wp-json\/wp\/v2\/posts\/13118\/revisions"}],"wp:featuredmedia":[{"embeddable":true,"href":"https:\/\/iraurgiberritzen.eus\/es\/wp-json\/wp\/v2\/media\/17647"}],"wp:attachment":[{"href":"https:\/\/iraurgiberritzen.eus\/es\/wp-json\/wp\/v2\/media?parent=13118"}],"wp:term":[{"taxonomy":"category","embeddable":true,"href":"https:\/\/iraurgiberritzen.eus\/es\/wp-json\/wp\/v2\/categories?post=13118"},{"taxonomy":"post_tag","embeddable":true,"href":"https:\/\/iraurgiberritzen.eus\/es\/wp-json\/wp\/v2\/tags?post=13118"}],"curies":[{"name":"wp","href":"https:\/\/api.w.org\/{rel}","templated":true}]}}