{"id":13127,"date":"2020-12-16T05:31:12","date_gmt":"2020-12-16T03:31:12","guid":{"rendered":"https:\/\/iraurgiberritzen.eus\/valoracion-positiva-del-proyecto-piloto-para-la-insercion-y-empleabilidad-de-colectivos-en-situacion-de-vulnerabilidad-desarrollado-en-urola-erdia-45-personas-completaran-su-itinerario-formativo-para\/"},"modified":"2020-12-16T05:31:12","modified_gmt":"2020-12-16T03:31:12","slug":"valoracion-positiva-del-proyecto-piloto-para-la-insercion-y-empleabilidad-de-colectivos-en-situacion-de-vulnerabilidad-desarrollado-en-urola-erdia-45-personas-completaran-su-itinerario-formativo-para","status":"publish","type":"post","link":"https:\/\/iraurgiberritzen.eus\/es\/valoracion-positiva-del-proyecto-piloto-para-la-insercion-y-empleabilidad-de-colectivos-en-situacion-de-vulnerabilidad-desarrollado-en-urola-erdia-45-personas-completaran-su-itinerario-formativo-para\/","title":{"rendered":"Valoraci\u00f3n positiva del proyecto piloto para la inserci\u00f3n y empleabilidad de colectivos en situaci\u00f3n de vulnerabilidad desarrollado en Urola Erdia: 45 personas completar\u00e1n su itinerario formativo para el empleo gracias al proyecto"},"content":{"rendered":"<p style=\"text-align: justify;\">Los Ayuntamientos Azpeitia, Azkoitia y Zestoa, de la mano de Iraurgi Berritzen, y en colaboraci\u00f3n con Izarraitz Lanbide Heziketa y Zabaltzen Sartu, dieron inicio a la puesta en marcha de una estrategia comarcal para impulsar la inserci\u00f3n social y empleabilidad de las personas en situaci\u00f3n de vulnerabilidad, a trav\u00e9s del proyecto \u00abUrola Erdian ElkarEkinez Lanean\u00bb financiado por el Departamento de Proyectos Estrat\u00e9gicos de la Diputaci\u00f3n Foral de Gipuzkoa.<\/p>\n<p style=\"text-align: justify;\"><span style=\"text-align: justify;\">El pasado 16 de diciembre, Unai Andueza, -Director de Proyectos Estrat\u00e9gicos de la Diputaci\u00f3n Foral de Gipuzkoa- junto con Patxi Leturia, -Responsable del Servicio de Protecci\u00f3n a Mujeres V\u00edctimas de Violencia Machista e Inclusi\u00f3n Social- han participado en la reuni\u00f3n de seguimiento del proyecto celebrada en el Palacio Basozabal de Azpeitia.<\/span><\/p>\n<p style=\"text-align: justify;\">En el contexto de crisis del Covid-19, la evoluci\u00f3n del desempleo en Urola Erdia est\u00e1 teniendo un incremento, aunque por debajo de la media de Guipuzcoa y de de la CAV. Seg\u00fan los \u00faltimos datos de noviembre, la tasa de desempleo de Urola Erdia es de 9,2%, lo que supone un incremento de 17,5%, respecto al mes de noviembre del pasado a\u00f1o.<\/p>\n<p style=\"text-align: justify;\">Con el objeto de minimizar los efectos de esta situaci\u00f3n en los colectivos m\u00e1s vulnerables, que est\u00e9n en riesgo de exclusi\u00f3n social, se puso en marcha un proyecto innovador a nivel comarcal para impulsar la inserci\u00f3n y empleabilidad a trav\u00e9s de proyectos piloto en colaboraci\u00f3n entre agentes. Los objetivos de este nuevo proyecto, gestionado por IB, es activar nuevos procesos de formaci\u00f3n para el empleo y socializaci\u00f3n de personas en situaci\u00f3n de vulnerabilidad, y conformar una red de servicios integrados, a trav\u00e9s de la coordinaci\u00f3n y cooperaci\u00f3n de los agentes de inclusi\u00f3n de la comarca.<\/p>\n<p style=\"text-align: justify;\">El proyecto contempla las siguientes<strong> l\u00edneas de trabajo<\/strong>:<\/p>\n<p style=\"text-align: justify;\">1.<strong>&nbsp;Ejecutar nuevos itinerarios de formaci\u00f3n para el empleo en la comarca<\/strong>, en funci\u00f3n del perfil de desempleados y necesidades en la sociedad.El objetivo es reforzar en la comarca la oferta formativa de cursos de Competencias B\u00e1sicas, as\u00ed como de competencias t\u00e9cnicas, mediante Certificados de Profesionalidad de 2. Nivel, para facilitar a estas personas el acceso al mercado de trabajo. En este contexto, en setiembre se dio inicio a un nuevo curso de formaci\u00f3n en Competencias B\u00e1sicas, en el Palacio Basazabal de Azpeitia, impartido por Zabaltzen Sartu, que finalizar\u00e1 el pr\u00f3ximo 23 de Diciembre. A su finalizaci\u00f3n, las 15 personas participantes, tendr\u00e1n la posibilidad de acceder a cursos de Certificados de Profesionalidad de Nivel 2, con el objetivo de reforzar su conocimiento t\u00e9cnico, en sectores de la industria y de servicios en la comarca, en concreto, de Soldadura y de Atenci\u00f3n a Personas con Dependencia, perfiles formativos con alta demanda.<\/p>\n<p style=\"text-align: justify;\">En esta l\u00ednea del proyecto, adem\u00e1s se ha puesto en marcha desde Izarraitz Lanbide Heziketa de Azkoitia, un nuevo Certificado de Profesionalidad de Nivel 2 en la especialidad de Soldadura, y desde el Ayuntamiento de Azpeitia, se ha ofertado una nueva edici\u00f3n del Certificado Profesional de Atenci\u00f3n a personas Dependientes. Cada curso contar\u00e1 con 15 participantes.<\/p>\n<p style=\"text-align: justify;\">2. La segunda l\u00ednea de actuaci\u00f3n es el <strong>desarrollo de una red de servicios integrados entre los diferentes agentes de inclusi\u00f3n social<\/strong>, empleo y de formaci\u00f3n, con un plan de acci\u00f3n com\u00fan. En esta l\u00ednea, ya est\u00e1 en activo desde febrero la din\u00e1mica de la red de UrolanEkin, conformada por los diferentes agentes de empleo, formaci\u00f3n y de servicios sociales, donde se analiz\u00f3 el diagn\u00f3stico y necesidades de la comarca y se consensuaron las principales l\u00edneas de actuaci\u00f3n, activando un plan de acci\u00f3n, con diversos equipos de proyecto, que posibiliten una red de servicios coordinado para este colectivo de personas. Este plan de acci\u00f3n ha posibilitado, activar entre otros 6 acciones y equipos de proyecto. Entre ellos destaca, el \u00abMapa de Servicios de los agentes de inserci\u00f3n y de empleo de Urola Erdia\u00bb que se distribuir\u00e1 los pr\u00f3ximos d\u00edas entre los ciudadanos para dar a conocer los servicios que se ofrecen en la comarca.<\/p>\n<p style=\"text-align: justify;\"><strong>Agentes participantes:<\/strong> Lanbide, Azpeitia, Azkoitia eta Azpeitiko Udalen Gizarte Zerbitzuen Sailak, Sartu, Izarraitz Lanbide Heziketa; Katealegaia; Gureak, Gurutz Gorria, KZ Gunea; Kalexka; CEPA; Gazte Bulegoa,<\/p>\n","protected":false},"excerpt":{"rendered":"<p>Los Ayuntamientos Azpeitia, Azkoitia y Zestoa, de la mano de Iraurgi Berritzen, y en colaboraci\u00f3n con Izarraitz Lanbide Heziketa y Zabaltzen Sartu, dieron inicio a la puesta en marcha de una estrategia comarcal para impulsar la inserci\u00f3n social y empleabilidad de las personas en situaci\u00f3n de vulnerabilidad, a trav\u00e9s del proyecto \u00abUrola Erdian ElkarEkinez Lanean\u00bb [&hellip;]<\/p>\n","protected":false},"author":1,"featured_media":17650,"comment_status":"","ping_status":"closed","sticky":false,"template":"","format":"standard","meta":{"_acf_changed":false,"footnotes":""},"categories":[4],"tags":[],"class_list":["post-13127","post","type-post","status-publish","format-standard","has-post-thumbnail","hentry","category-noticias"],"acf":[],"yoast_head":"<!-- This site is optimized with the Yoast SEO plugin v27.4 - https:\/\/yoast.com\/product\/yoast-seo-wordpress\/ -->\n<title>Valoraci\u00f3n positiva del proyecto piloto para la inserci\u00f3n y empleabilidad de colectivos en situaci\u00f3n de vulnerabilidad desarrollado en Urola Erdia: 45 personas completar\u00e1n su itinerario formativo para el empleo gracias al proyecto - Iraurgi Berritzen<\/title>\n<meta name=\"robots\" content=\"index, follow, max-snippet:-1, max-image-preview:large, max-video-preview:-1\" \/>\n<link rel=\"canonical\" href=\"https:\/\/iraurgiberritzen.eus\/es\/valoracion-positiva-del-proyecto-piloto-para-la-insercion-y-empleabilidad-de-colectivos-en-situacion-de-vulnerabilidad-desarrollado-en-urola-erdia-45-personas-completaran-su-itinerario-formativo-para\/\" \/>\n<meta property=\"og:locale\" content=\"es_ES\" \/>\n<meta property=\"og:type\" content=\"article\" \/>\n<meta property=\"og:title\" content=\"Valoraci\u00f3n positiva del proyecto piloto para la inserci\u00f3n y empleabilidad de colectivos en situaci\u00f3n de vulnerabilidad desarrollado en Urola Erdia: 45 personas completar\u00e1n su itinerario formativo para el empleo gracias al proyecto - Iraurgi Berritzen\" \/>\n<meta property=\"og:description\" content=\"Los Ayuntamientos Azpeitia, Azkoitia y Zestoa, de la mano de Iraurgi Berritzen, y en colaboraci\u00f3n con Izarraitz Lanbide Heziketa y Zabaltzen Sartu, dieron inicio a la puesta en marcha de una estrategia comarcal para impulsar la inserci\u00f3n social y empleabilidad de las personas en situaci\u00f3n de vulnerabilidad, a trav\u00e9s del proyecto \u00abUrola Erdian ElkarEkinez Lanean\u00bb [&hellip;]\" \/>\n<meta property=\"og:url\" content=\"https:\/\/iraurgiberritzen.eus\/es\/valoracion-positiva-del-proyecto-piloto-para-la-insercion-y-empleabilidad-de-colectivos-en-situacion-de-vulnerabilidad-desarrollado-en-urola-erdia-45-personas-completaran-su-itinerario-formativo-para\/\" \/>\n<meta property=\"og:site_name\" content=\"Iraurgi Berritzen\" \/>\n<meta property=\"article:published_time\" content=\"2020-12-16T03:31:12+00:00\" \/>\n<meta name=\"author\" content=\"kudeatzailea\" \/>\n<meta name=\"twitter:card\" content=\"summary_large_image\" \/>\n<meta name=\"twitter:label1\" content=\"Escrito por\" \/>\n\t<meta name=\"twitter:data1\" content=\"kudeatzailea\" \/>\n\t<meta name=\"twitter:label2\" content=\"Tiempo de lectura\" \/>\n\t<meta name=\"twitter:data2\" content=\"4 minutos\" \/>\n<script type=\"application\/ld+json\" class=\"yoast-schema-graph\">{\"@context\":\"https:\\\/\\\/schema.org\",\"@graph\":[{\"@type\":\"Article\",\"@id\":\"https:\\\/\\\/iraurgiberritzen.eus\\\/es\\\/valoracion-positiva-del-proyecto-piloto-para-la-insercion-y-empleabilidad-de-colectivos-en-situacion-de-vulnerabilidad-desarrollado-en-urola-erdia-45-personas-completaran-su-itinerario-formativo-para\\\/#article\",\"isPartOf\":{\"@id\":\"https:\\\/\\\/iraurgiberritzen.eus\\\/es\\\/valoracion-positiva-del-proyecto-piloto-para-la-insercion-y-empleabilidad-de-colectivos-en-situacion-de-vulnerabilidad-desarrollado-en-urola-erdia-45-personas-completaran-su-itinerario-formativo-para\\\/\"},\"author\":{\"name\":\"kudeatzailea\",\"@id\":\"https:\\\/\\\/iraurgiberritzen.eus\\\/es\\\/#\\\/schema\\\/person\\\/5ab41aaf388a9097177601ebf45738d2\"},\"headline\":\"Valoraci\u00f3n positiva del proyecto piloto para la inserci\u00f3n y empleabilidad de colectivos en situaci\u00f3n de vulnerabilidad desarrollado en Urola Erdia: 45 personas completar\u00e1n su itinerario formativo para el empleo gracias al proyecto\",\"datePublished\":\"2020-12-16T03:31:12+00:00\",\"mainEntityOfPage\":{\"@id\":\"https:\\\/\\\/iraurgiberritzen.eus\\\/es\\\/valoracion-positiva-del-proyecto-piloto-para-la-insercion-y-empleabilidad-de-colectivos-en-situacion-de-vulnerabilidad-desarrollado-en-urola-erdia-45-personas-completaran-su-itinerario-formativo-para\\\/\"},\"wordCount\":756,\"publisher\":{\"@id\":\"https:\\\/\\\/iraurgiberritzen.eus\\\/es\\\/#organization\"},\"image\":{\"@id\":\"https:\\\/\\\/iraurgiberritzen.eus\\\/es\\\/valoracion-positiva-del-proyecto-piloto-para-la-insercion-y-empleabilidad-de-colectivos-en-situacion-de-vulnerabilidad-desarrollado-en-urola-erdia-45-personas-completaran-su-itinerario-formativo-para\\\/#primaryimage\"},\"thumbnailUrl\":\"https:\\\/\\\/iraurgiberritzen.eus\\\/wp-content\\\/uploads\\\/2023\\\/09\\\/dcca011eac737955750c5f2f4e56b627.jpg\",\"articleSection\":[\"Noticias\"],\"inLanguage\":\"es\"},{\"@type\":\"WebPage\",\"@id\":\"https:\\\/\\\/iraurgiberritzen.eus\\\/es\\\/valoracion-positiva-del-proyecto-piloto-para-la-insercion-y-empleabilidad-de-colectivos-en-situacion-de-vulnerabilidad-desarrollado-en-urola-erdia-45-personas-completaran-su-itinerario-formativo-para\\\/\",\"url\":\"https:\\\/\\\/iraurgiberritzen.eus\\\/es\\\/valoracion-positiva-del-proyecto-piloto-para-la-insercion-y-empleabilidad-de-colectivos-en-situacion-de-vulnerabilidad-desarrollado-en-urola-erdia-45-personas-completaran-su-itinerario-formativo-para\\\/\",\"name\":\"Valoraci\u00f3n positiva del proyecto piloto para la inserci\u00f3n y empleabilidad de colectivos en situaci\u00f3n de vulnerabilidad desarrollado en Urola Erdia: 45 personas completar\u00e1n su itinerario formativo para el empleo gracias al proyecto - Iraurgi Berritzen\",\"isPartOf\":{\"@id\":\"https:\\\/\\\/iraurgiberritzen.eus\\\/es\\\/#website\"},\"primaryImageOfPage\":{\"@id\":\"https:\\\/\\\/iraurgiberritzen.eus\\\/es\\\/valoracion-positiva-del-proyecto-piloto-para-la-insercion-y-empleabilidad-de-colectivos-en-situacion-de-vulnerabilidad-desarrollado-en-urola-erdia-45-personas-completaran-su-itinerario-formativo-para\\\/#primaryimage\"},\"image\":{\"@id\":\"https:\\\/\\\/iraurgiberritzen.eus\\\/es\\\/valoracion-positiva-del-proyecto-piloto-para-la-insercion-y-empleabilidad-de-colectivos-en-situacion-de-vulnerabilidad-desarrollado-en-urola-erdia-45-personas-completaran-su-itinerario-formativo-para\\\/#primaryimage\"},\"thumbnailUrl\":\"https:\\\/\\\/iraurgiberritzen.eus\\\/wp-content\\\/uploads\\\/2023\\\/09\\\/dcca011eac737955750c5f2f4e56b627.jpg\",\"datePublished\":\"2020-12-16T03:31:12+00:00\",\"breadcrumb\":{\"@id\":\"https:\\\/\\\/iraurgiberritzen.eus\\\/es\\\/valoracion-positiva-del-proyecto-piloto-para-la-insercion-y-empleabilidad-de-colectivos-en-situacion-de-vulnerabilidad-desarrollado-en-urola-erdia-45-personas-completaran-su-itinerario-formativo-para\\\/#breadcrumb\"},\"inLanguage\":\"es\",\"potentialAction\":[{\"@type\":\"ReadAction\",\"target\":[\"https:\\\/\\\/iraurgiberritzen.eus\\\/es\\\/valoracion-positiva-del-proyecto-piloto-para-la-insercion-y-empleabilidad-de-colectivos-en-situacion-de-vulnerabilidad-desarrollado-en-urola-erdia-45-personas-completaran-su-itinerario-formativo-para\\\/\"]}]},{\"@type\":\"ImageObject\",\"inLanguage\":\"es\",\"@id\":\"https:\\\/\\\/iraurgiberritzen.eus\\\/es\\\/valoracion-positiva-del-proyecto-piloto-para-la-insercion-y-empleabilidad-de-colectivos-en-situacion-de-vulnerabilidad-desarrollado-en-urola-erdia-45-personas-completaran-su-itinerario-formativo-para\\\/#primaryimage\",\"url\":\"https:\\\/\\\/iraurgiberritzen.eus\\\/wp-content\\\/uploads\\\/2023\\\/09\\\/dcca011eac737955750c5f2f4e56b627.jpg\",\"contentUrl\":\"https:\\\/\\\/iraurgiberritzen.eus\\\/wp-content\\\/uploads\\\/2023\\\/09\\\/dcca011eac737955750c5f2f4e56b627.jpg\",\"width\":600,\"height\":386},{\"@type\":\"BreadcrumbList\",\"@id\":\"https:\\\/\\\/iraurgiberritzen.eus\\\/es\\\/valoracion-positiva-del-proyecto-piloto-para-la-insercion-y-empleabilidad-de-colectivos-en-situacion-de-vulnerabilidad-desarrollado-en-urola-erdia-45-personas-completaran-su-itinerario-formativo-para\\\/#breadcrumb\",\"itemListElement\":[{\"@type\":\"ListItem\",\"position\":1,\"name\":\"Home\",\"item\":\"https:\\\/\\\/iraurgiberritzen.eus\\\/es\\\/\"},{\"@type\":\"ListItem\",\"position\":2,\"name\":\"Valoraci\u00f3n positiva del proyecto piloto para la inserci\u00f3n y empleabilidad de colectivos en situaci\u00f3n de vulnerabilidad desarrollado en Urola Erdia: 45 personas completar\u00e1n su itinerario formativo para el empleo gracias al proyecto\"}]},{\"@type\":\"WebSite\",\"@id\":\"https:\\\/\\\/iraurgiberritzen.eus\\\/es\\\/#website\",\"url\":\"https:\\\/\\\/iraurgiberritzen.eus\\\/es\\\/\",\"name\":\"Iraurgi Berritzen\",\"description\":\"Urola Erdiko Garapen Agentzia\",\"publisher\":{\"@id\":\"https:\\\/\\\/iraurgiberritzen.eus\\\/es\\\/#organization\"},\"potentialAction\":[{\"@type\":\"SearchAction\",\"target\":{\"@type\":\"EntryPoint\",\"urlTemplate\":\"https:\\\/\\\/iraurgiberritzen.eus\\\/es\\\/?s={search_term_string}\"},\"query-input\":{\"@type\":\"PropertyValueSpecification\",\"valueRequired\":true,\"valueName\":\"search_term_string\"}}],\"inLanguage\":\"es\"},{\"@type\":\"Organization\",\"@id\":\"https:\\\/\\\/iraurgiberritzen.eus\\\/es\\\/#organization\",\"name\":\"Iraurgi Berritzen\",\"url\":\"https:\\\/\\\/iraurgiberritzen.eus\\\/es\\\/\",\"logo\":{\"@type\":\"ImageObject\",\"inLanguage\":\"es\",\"@id\":\"https:\\\/\\\/iraurgiberritzen.eus\\\/es\\\/#\\\/schema\\\/logo\\\/image\\\/\",\"url\":\"https:\\\/\\\/iraurgiberritzen.eus\\\/wp-content\\\/uploads\\\/2024\\\/02\\\/IRAURGI-BERRITZEN-logotipoa_2.png\",\"contentUrl\":\"https:\\\/\\\/iraurgiberritzen.eus\\\/wp-content\\\/uploads\\\/2024\\\/02\\\/IRAURGI-BERRITZEN-logotipoa_2.png\",\"width\":496,\"height\":190,\"caption\":\"Iraurgi Berritzen\"},\"image\":{\"@id\":\"https:\\\/\\\/iraurgiberritzen.eus\\\/es\\\/#\\\/schema\\\/logo\\\/image\\\/\"}},{\"@type\":\"Person\",\"@id\":\"https:\\\/\\\/iraurgiberritzen.eus\\\/es\\\/#\\\/schema\\\/person\\\/5ab41aaf388a9097177601ebf45738d2\",\"name\":\"kudeatzailea\",\"sameAs\":[\"https:\\\/\\\/iraurgiberritzen.eus\"]}]}<\/script>\n<!-- \/ Yoast SEO plugin. -->","yoast_head_json":{"title":"Valoraci\u00f3n positiva del proyecto piloto para la inserci\u00f3n y empleabilidad de colectivos en situaci\u00f3n de vulnerabilidad desarrollado en Urola Erdia: 45 personas completar\u00e1n su itinerario formativo para el empleo gracias al proyecto - Iraurgi Berritzen","robots":{"index":"index","follow":"follow","max-snippet":"max-snippet:-1","max-image-preview":"max-image-preview:large","max-video-preview":"max-video-preview:-1"},"canonical":"https:\/\/iraurgiberritzen.eus\/es\/valoracion-positiva-del-proyecto-piloto-para-la-insercion-y-empleabilidad-de-colectivos-en-situacion-de-vulnerabilidad-desarrollado-en-urola-erdia-45-personas-completaran-su-itinerario-formativo-para\/","og_locale":"es_ES","og_type":"article","og_title":"Valoraci\u00f3n positiva del proyecto piloto para la inserci\u00f3n y empleabilidad de colectivos en situaci\u00f3n de vulnerabilidad desarrollado en Urola Erdia: 45 personas completar\u00e1n su itinerario formativo para el empleo gracias al proyecto - Iraurgi Berritzen","og_description":"Los Ayuntamientos Azpeitia, Azkoitia y Zestoa, de la mano de Iraurgi Berritzen, y en colaboraci\u00f3n con Izarraitz Lanbide Heziketa y Zabaltzen Sartu, dieron inicio a la puesta en marcha de una estrategia comarcal para impulsar la inserci\u00f3n social y empleabilidad de las personas en situaci\u00f3n de vulnerabilidad, a trav\u00e9s del proyecto \u00abUrola Erdian ElkarEkinez Lanean\u00bb [&hellip;]","og_url":"https:\/\/iraurgiberritzen.eus\/es\/valoracion-positiva-del-proyecto-piloto-para-la-insercion-y-empleabilidad-de-colectivos-en-situacion-de-vulnerabilidad-desarrollado-en-urola-erdia-45-personas-completaran-su-itinerario-formativo-para\/","og_site_name":"Iraurgi Berritzen","article_published_time":"2020-12-16T03:31:12+00:00","author":"kudeatzailea","twitter_card":"summary_large_image","twitter_misc":{"Escrito por":"kudeatzailea","Tiempo de lectura":"4 minutos"},"schema":{"@context":"https:\/\/schema.org","@graph":[{"@type":"Article","@id":"https:\/\/iraurgiberritzen.eus\/es\/valoracion-positiva-del-proyecto-piloto-para-la-insercion-y-empleabilidad-de-colectivos-en-situacion-de-vulnerabilidad-desarrollado-en-urola-erdia-45-personas-completaran-su-itinerario-formativo-para\/#article","isPartOf":{"@id":"https:\/\/iraurgiberritzen.eus\/es\/valoracion-positiva-del-proyecto-piloto-para-la-insercion-y-empleabilidad-de-colectivos-en-situacion-de-vulnerabilidad-desarrollado-en-urola-erdia-45-personas-completaran-su-itinerario-formativo-para\/"},"author":{"name":"kudeatzailea","@id":"https:\/\/iraurgiberritzen.eus\/es\/#\/schema\/person\/5ab41aaf388a9097177601ebf45738d2"},"headline":"Valoraci\u00f3n positiva del proyecto piloto para la inserci\u00f3n y empleabilidad de colectivos en situaci\u00f3n de vulnerabilidad desarrollado en Urola Erdia: 45 personas completar\u00e1n su itinerario formativo para el empleo gracias al proyecto","datePublished":"2020-12-16T03:31:12+00:00","mainEntityOfPage":{"@id":"https:\/\/iraurgiberritzen.eus\/es\/valoracion-positiva-del-proyecto-piloto-para-la-insercion-y-empleabilidad-de-colectivos-en-situacion-de-vulnerabilidad-desarrollado-en-urola-erdia-45-personas-completaran-su-itinerario-formativo-para\/"},"wordCount":756,"publisher":{"@id":"https:\/\/iraurgiberritzen.eus\/es\/#organization"},"image":{"@id":"https:\/\/iraurgiberritzen.eus\/es\/valoracion-positiva-del-proyecto-piloto-para-la-insercion-y-empleabilidad-de-colectivos-en-situacion-de-vulnerabilidad-desarrollado-en-urola-erdia-45-personas-completaran-su-itinerario-formativo-para\/#primaryimage"},"thumbnailUrl":"https:\/\/iraurgiberritzen.eus\/wp-content\/uploads\/2023\/09\/dcca011eac737955750c5f2f4e56b627.jpg","articleSection":["Noticias"],"inLanguage":"es"},{"@type":"WebPage","@id":"https:\/\/iraurgiberritzen.eus\/es\/valoracion-positiva-del-proyecto-piloto-para-la-insercion-y-empleabilidad-de-colectivos-en-situacion-de-vulnerabilidad-desarrollado-en-urola-erdia-45-personas-completaran-su-itinerario-formativo-para\/","url":"https:\/\/iraurgiberritzen.eus\/es\/valoracion-positiva-del-proyecto-piloto-para-la-insercion-y-empleabilidad-de-colectivos-en-situacion-de-vulnerabilidad-desarrollado-en-urola-erdia-45-personas-completaran-su-itinerario-formativo-para\/","name":"Valoraci\u00f3n positiva del proyecto piloto para la inserci\u00f3n y empleabilidad de colectivos en situaci\u00f3n de vulnerabilidad desarrollado en Urola Erdia: 45 personas completar\u00e1n su itinerario formativo para el empleo gracias al proyecto - Iraurgi Berritzen","isPartOf":{"@id":"https:\/\/iraurgiberritzen.eus\/es\/#website"},"primaryImageOfPage":{"@id":"https:\/\/iraurgiberritzen.eus\/es\/valoracion-positiva-del-proyecto-piloto-para-la-insercion-y-empleabilidad-de-colectivos-en-situacion-de-vulnerabilidad-desarrollado-en-urola-erdia-45-personas-completaran-su-itinerario-formativo-para\/#primaryimage"},"image":{"@id":"https:\/\/iraurgiberritzen.eus\/es\/valoracion-positiva-del-proyecto-piloto-para-la-insercion-y-empleabilidad-de-colectivos-en-situacion-de-vulnerabilidad-desarrollado-en-urola-erdia-45-personas-completaran-su-itinerario-formativo-para\/#primaryimage"},"thumbnailUrl":"https:\/\/iraurgiberritzen.eus\/wp-content\/uploads\/2023\/09\/dcca011eac737955750c5f2f4e56b627.jpg","datePublished":"2020-12-16T03:31:12+00:00","breadcrumb":{"@id":"https:\/\/iraurgiberritzen.eus\/es\/valoracion-positiva-del-proyecto-piloto-para-la-insercion-y-empleabilidad-de-colectivos-en-situacion-de-vulnerabilidad-desarrollado-en-urola-erdia-45-personas-completaran-su-itinerario-formativo-para\/#breadcrumb"},"inLanguage":"es","potentialAction":[{"@type":"ReadAction","target":["https:\/\/iraurgiberritzen.eus\/es\/valoracion-positiva-del-proyecto-piloto-para-la-insercion-y-empleabilidad-de-colectivos-en-situacion-de-vulnerabilidad-desarrollado-en-urola-erdia-45-personas-completaran-su-itinerario-formativo-para\/"]}]},{"@type":"ImageObject","inLanguage":"es","@id":"https:\/\/iraurgiberritzen.eus\/es\/valoracion-positiva-del-proyecto-piloto-para-la-insercion-y-empleabilidad-de-colectivos-en-situacion-de-vulnerabilidad-desarrollado-en-urola-erdia-45-personas-completaran-su-itinerario-formativo-para\/#primaryimage","url":"https:\/\/iraurgiberritzen.eus\/wp-content\/uploads\/2023\/09\/dcca011eac737955750c5f2f4e56b627.jpg","contentUrl":"https:\/\/iraurgiberritzen.eus\/wp-content\/uploads\/2023\/09\/dcca011eac737955750c5f2f4e56b627.jpg","width":600,"height":386},{"@type":"BreadcrumbList","@id":"https:\/\/iraurgiberritzen.eus\/es\/valoracion-positiva-del-proyecto-piloto-para-la-insercion-y-empleabilidad-de-colectivos-en-situacion-de-vulnerabilidad-desarrollado-en-urola-erdia-45-personas-completaran-su-itinerario-formativo-para\/#breadcrumb","itemListElement":[{"@type":"ListItem","position":1,"name":"Home","item":"https:\/\/iraurgiberritzen.eus\/es\/"},{"@type":"ListItem","position":2,"name":"Valoraci\u00f3n positiva del proyecto piloto para la inserci\u00f3n y empleabilidad de colectivos en situaci\u00f3n de vulnerabilidad desarrollado en Urola Erdia: 45 personas completar\u00e1n su itinerario formativo para el empleo gracias al proyecto"}]},{"@type":"WebSite","@id":"https:\/\/iraurgiberritzen.eus\/es\/#website","url":"https:\/\/iraurgiberritzen.eus\/es\/","name":"Iraurgi Berritzen","description":"Urola Erdiko Garapen Agentzia","publisher":{"@id":"https:\/\/iraurgiberritzen.eus\/es\/#organization"},"potentialAction":[{"@type":"SearchAction","target":{"@type":"EntryPoint","urlTemplate":"https:\/\/iraurgiberritzen.eus\/es\/?s={search_term_string}"},"query-input":{"@type":"PropertyValueSpecification","valueRequired":true,"valueName":"search_term_string"}}],"inLanguage":"es"},{"@type":"Organization","@id":"https:\/\/iraurgiberritzen.eus\/es\/#organization","name":"Iraurgi Berritzen","url":"https:\/\/iraurgiberritzen.eus\/es\/","logo":{"@type":"ImageObject","inLanguage":"es","@id":"https:\/\/iraurgiberritzen.eus\/es\/#\/schema\/logo\/image\/","url":"https:\/\/iraurgiberritzen.eus\/wp-content\/uploads\/2024\/02\/IRAURGI-BERRITZEN-logotipoa_2.png","contentUrl":"https:\/\/iraurgiberritzen.eus\/wp-content\/uploads\/2024\/02\/IRAURGI-BERRITZEN-logotipoa_2.png","width":496,"height":190,"caption":"Iraurgi Berritzen"},"image":{"@id":"https:\/\/iraurgiberritzen.eus\/es\/#\/schema\/logo\/image\/"}},{"@type":"Person","@id":"https:\/\/iraurgiberritzen.eus\/es\/#\/schema\/person\/5ab41aaf388a9097177601ebf45738d2","name":"kudeatzailea","sameAs":["https:\/\/iraurgiberritzen.eus"]}]}},"_links":{"self":[{"href":"https:\/\/iraurgiberritzen.eus\/es\/wp-json\/wp\/v2\/posts\/13127","targetHints":{"allow":["GET"]}}],"collection":[{"href":"https:\/\/iraurgiberritzen.eus\/es\/wp-json\/wp\/v2\/posts"}],"about":[{"href":"https:\/\/iraurgiberritzen.eus\/es\/wp-json\/wp\/v2\/types\/post"}],"author":[{"embeddable":true,"href":"https:\/\/iraurgiberritzen.eus\/es\/wp-json\/wp\/v2\/users\/1"}],"replies":[{"embeddable":true,"href":"https:\/\/iraurgiberritzen.eus\/es\/wp-json\/wp\/v2\/comments?post=13127"}],"version-history":[{"count":0,"href":"https:\/\/iraurgiberritzen.eus\/es\/wp-json\/wp\/v2\/posts\/13127\/revisions"}],"wp:featuredmedia":[{"embeddable":true,"href":"https:\/\/iraurgiberritzen.eus\/es\/wp-json\/wp\/v2\/media\/17650"}],"wp:attachment":[{"href":"https:\/\/iraurgiberritzen.eus\/es\/wp-json\/wp\/v2\/media?parent=13127"}],"wp:term":[{"taxonomy":"category","embeddable":true,"href":"https:\/\/iraurgiberritzen.eus\/es\/wp-json\/wp\/v2\/categories?post=13127"},{"taxonomy":"post_tag","embeddable":true,"href":"https:\/\/iraurgiberritzen.eus\/es\/wp-json\/wp\/v2\/tags?post=13127"}],"curies":[{"name":"wp","href":"https:\/\/api.w.org\/{rel}","templated":true}]}}