{"id":14064,"date":"2022-09-15T08:03:09","date_gmt":"2022-09-15T06:03:09","guid":{"rendered":"https:\/\/iraurgiberritzen.eus\/las-empresas-de-la-comarca-conocen-diferentes-aspectos-de-la-energia-fotovoltaica-atendiendo-a-sus-necesidades-actuales\/"},"modified":"2022-09-15T08:03:09","modified_gmt":"2022-09-15T06:03:09","slug":"las-empresas-de-la-comarca-conocen-diferentes-aspectos-de-la-energia-fotovoltaica-atendiendo-a-sus-necesidades-actuales","status":"publish","type":"post","link":"https:\/\/iraurgiberritzen.eus\/es\/las-empresas-de-la-comarca-conocen-diferentes-aspectos-de-la-energia-fotovoltaica-atendiendo-a-sus-necesidades-actuales\/","title":{"rendered":"Las empresas de la comarca conocen diferentes aspectos de la energ\u00eda fotovoltaica, atendiendo a sus necesidades actuales"},"content":{"rendered":"<p style=\"text-align: justify;\">Iraurgi Berritzen, dando continuidad al proyecto <strong>UrolEner<\/strong> puesto en marcha el pasado mes de junio, en colaboraci\u00f3n con Txekalde Aholkularitza, y tras las visitas realizadas a las empresas de la comarca que est\u00e1n participando en el mismo durante el mes de julio, hoy jueves, 15 de septiembre, ha tenido lugar la primera jornada en el palacio Basazabal de Azpeitia. En la sesi\u00f3n de hoy se ha tratado el primero de los temas que abordar\u00e1n a lo largo del proyecto dentro de la energ\u00eda, la Energ\u00eda Fotovoltaica.<\/p>\n<p style=\"text-align: justify;\">Los temas que se han tratado han sido, entre otros:<\/p>\n<ul style=\"text-align: justify;\">\n<li>Contexto de Energ\u00edas Renovables;<\/li>\n<li>Marco-normativo;<\/li>\n<li>Tipolog\u00edas de instalaciones de autoconsumo;<\/li>\n<li>Elementos de las instalaciones de placas Fotovoltaicas;<\/li>\n<li>Diferentes subvenciones existentes en la actualidad;<\/li>\n<li>Estudios de ofertas de proyectos de placas fotovoltaicas;<\/li>\n<li>&#8230;<\/li>\n<\/ul>\n<p style=\"text-align: justify;\">Adem\u00e1s, han tenido la oportunidad de debatir y analizar entre todos el resto de dudas, consultas u ofertas de proyectos que tienen entre manos.<\/p>\n<p style=\"text-align: justify;\">Este proyecto se desarrollar\u00e1 gracias a la financiaci\u00f3n recibida por la Mesa Comarcal de Energ\u00eda por parte del Departamento de Medio Ambiente y Obras Hidr\u00e1ulicas de la Diputaci\u00f3n Foral de Gipuzkoa.<\/p>\n","protected":false},"excerpt":{"rendered":"<p>Iraurgi Berritzen, dando continuidad al proyecto UrolEner puesto en marcha el pasado mes de junio, en colaboraci\u00f3n con Txekalde Aholkularitza, y tras las visitas realizadas a las empresas de la comarca que est\u00e1n participando en el mismo durante el mes de julio, hoy jueves, 15 de septiembre, ha tenido lugar la primera jornada en el [&hellip;]<\/p>\n","protected":false},"author":1,"featured_media":17356,"comment_status":"","ping_status":"closed","sticky":false,"template":"","format":"standard","meta":{"_acf_changed":false,"footnotes":""},"categories":[4],"tags":[],"class_list":["post-14064","post","type-post","status-publish","format-standard","has-post-thumbnail","hentry","category-noticias"],"acf":[],"yoast_head":"<!-- This site is optimized with the Yoast SEO plugin v27.4 - https:\/\/yoast.com\/product\/yoast-seo-wordpress\/ -->\n<title>Las empresas de la comarca conocen diferentes aspectos de la energ\u00eda fotovoltaica, atendiendo a sus necesidades actuales - Iraurgi Berritzen<\/title>\n<meta name=\"robots\" content=\"index, follow, max-snippet:-1, max-image-preview:large, max-video-preview:-1\" \/>\n<link rel=\"canonical\" href=\"https:\/\/iraurgiberritzen.eus\/es\/las-empresas-de-la-comarca-conocen-diferentes-aspectos-de-la-energia-fotovoltaica-atendiendo-a-sus-necesidades-actuales\/\" \/>\n<meta property=\"og:locale\" content=\"es_ES\" \/>\n<meta property=\"og:type\" content=\"article\" \/>\n<meta property=\"og:title\" content=\"Las empresas de la comarca conocen diferentes aspectos de la energ\u00eda fotovoltaica, atendiendo a sus necesidades actuales - Iraurgi Berritzen\" \/>\n<meta property=\"og:description\" content=\"Iraurgi Berritzen, dando continuidad al proyecto UrolEner puesto en marcha el pasado mes de junio, en colaboraci\u00f3n con Txekalde Aholkularitza, y tras las visitas realizadas a las empresas de la comarca que est\u00e1n participando en el mismo durante el mes de julio, hoy jueves, 15 de septiembre, ha tenido lugar la primera jornada en el [&hellip;]\" \/>\n<meta property=\"og:url\" content=\"https:\/\/iraurgiberritzen.eus\/es\/las-empresas-de-la-comarca-conocen-diferentes-aspectos-de-la-energia-fotovoltaica-atendiendo-a-sus-necesidades-actuales\/\" \/>\n<meta property=\"og:site_name\" content=\"Iraurgi Berritzen\" \/>\n<meta property=\"article:published_time\" content=\"2022-09-15T06:03:09+00:00\" \/>\n<meta name=\"author\" content=\"kudeatzailea\" \/>\n<meta name=\"twitter:card\" content=\"summary_large_image\" \/>\n<meta name=\"twitter:label1\" content=\"Escrito por\" \/>\n\t<meta name=\"twitter:data1\" content=\"kudeatzailea\" \/>\n\t<meta name=\"twitter:label2\" content=\"Tiempo de lectura\" \/>\n\t<meta name=\"twitter:data2\" content=\"1 minuto\" \/>\n<script type=\"application\/ld+json\" class=\"yoast-schema-graph\">{\"@context\":\"https:\\\/\\\/schema.org\",\"@graph\":[{\"@type\":\"Article\",\"@id\":\"https:\\\/\\\/iraurgiberritzen.eus\\\/es\\\/las-empresas-de-la-comarca-conocen-diferentes-aspectos-de-la-energia-fotovoltaica-atendiendo-a-sus-necesidades-actuales\\\/#article\",\"isPartOf\":{\"@id\":\"https:\\\/\\\/iraurgiberritzen.eus\\\/es\\\/las-empresas-de-la-comarca-conocen-diferentes-aspectos-de-la-energia-fotovoltaica-atendiendo-a-sus-necesidades-actuales\\\/\"},\"author\":{\"name\":\"kudeatzailea\",\"@id\":\"https:\\\/\\\/iraurgiberritzen.eus\\\/es\\\/#\\\/schema\\\/person\\\/5ab41aaf388a9097177601ebf45738d2\"},\"headline\":\"Las empresas de la comarca conocen diferentes aspectos de la energ\u00eda fotovoltaica, atendiendo a sus necesidades actuales\",\"datePublished\":\"2022-09-15T06:03:09+00:00\",\"mainEntityOfPage\":{\"@id\":\"https:\\\/\\\/iraurgiberritzen.eus\\\/es\\\/las-empresas-de-la-comarca-conocen-diferentes-aspectos-de-la-energia-fotovoltaica-atendiendo-a-sus-necesidades-actuales\\\/\"},\"wordCount\":212,\"publisher\":{\"@id\":\"https:\\\/\\\/iraurgiberritzen.eus\\\/es\\\/#organization\"},\"image\":{\"@id\":\"https:\\\/\\\/iraurgiberritzen.eus\\\/es\\\/las-empresas-de-la-comarca-conocen-diferentes-aspectos-de-la-energia-fotovoltaica-atendiendo-a-sus-necesidades-actuales\\\/#primaryimage\"},\"thumbnailUrl\":\"https:\\\/\\\/iraurgiberritzen.eus\\\/wp-content\\\/uploads\\\/2023\\\/09\\\/f5a5c719a0f9b80a2e6100f134c631b9.jpg\",\"articleSection\":[\"Noticias\"],\"inLanguage\":\"es\"},{\"@type\":\"WebPage\",\"@id\":\"https:\\\/\\\/iraurgiberritzen.eus\\\/es\\\/las-empresas-de-la-comarca-conocen-diferentes-aspectos-de-la-energia-fotovoltaica-atendiendo-a-sus-necesidades-actuales\\\/\",\"url\":\"https:\\\/\\\/iraurgiberritzen.eus\\\/es\\\/las-empresas-de-la-comarca-conocen-diferentes-aspectos-de-la-energia-fotovoltaica-atendiendo-a-sus-necesidades-actuales\\\/\",\"name\":\"Las empresas de la comarca conocen diferentes aspectos de la energ\u00eda fotovoltaica, atendiendo a sus necesidades actuales - Iraurgi Berritzen\",\"isPartOf\":{\"@id\":\"https:\\\/\\\/iraurgiberritzen.eus\\\/es\\\/#website\"},\"primaryImageOfPage\":{\"@id\":\"https:\\\/\\\/iraurgiberritzen.eus\\\/es\\\/las-empresas-de-la-comarca-conocen-diferentes-aspectos-de-la-energia-fotovoltaica-atendiendo-a-sus-necesidades-actuales\\\/#primaryimage\"},\"image\":{\"@id\":\"https:\\\/\\\/iraurgiberritzen.eus\\\/es\\\/las-empresas-de-la-comarca-conocen-diferentes-aspectos-de-la-energia-fotovoltaica-atendiendo-a-sus-necesidades-actuales\\\/#primaryimage\"},\"thumbnailUrl\":\"https:\\\/\\\/iraurgiberritzen.eus\\\/wp-content\\\/uploads\\\/2023\\\/09\\\/f5a5c719a0f9b80a2e6100f134c631b9.jpg\",\"datePublished\":\"2022-09-15T06:03:09+00:00\",\"breadcrumb\":{\"@id\":\"https:\\\/\\\/iraurgiberritzen.eus\\\/es\\\/las-empresas-de-la-comarca-conocen-diferentes-aspectos-de-la-energia-fotovoltaica-atendiendo-a-sus-necesidades-actuales\\\/#breadcrumb\"},\"inLanguage\":\"es\",\"potentialAction\":[{\"@type\":\"ReadAction\",\"target\":[\"https:\\\/\\\/iraurgiberritzen.eus\\\/es\\\/las-empresas-de-la-comarca-conocen-diferentes-aspectos-de-la-energia-fotovoltaica-atendiendo-a-sus-necesidades-actuales\\\/\"]}]},{\"@type\":\"ImageObject\",\"inLanguage\":\"es\",\"@id\":\"https:\\\/\\\/iraurgiberritzen.eus\\\/es\\\/las-empresas-de-la-comarca-conocen-diferentes-aspectos-de-la-energia-fotovoltaica-atendiendo-a-sus-necesidades-actuales\\\/#primaryimage\",\"url\":\"https:\\\/\\\/iraurgiberritzen.eus\\\/wp-content\\\/uploads\\\/2023\\\/09\\\/f5a5c719a0f9b80a2e6100f134c631b9.jpg\",\"contentUrl\":\"https:\\\/\\\/iraurgiberritzen.eus\\\/wp-content\\\/uploads\\\/2023\\\/09\\\/f5a5c719a0f9b80a2e6100f134c631b9.jpg\",\"width\":600,\"height\":386},{\"@type\":\"BreadcrumbList\",\"@id\":\"https:\\\/\\\/iraurgiberritzen.eus\\\/es\\\/las-empresas-de-la-comarca-conocen-diferentes-aspectos-de-la-energia-fotovoltaica-atendiendo-a-sus-necesidades-actuales\\\/#breadcrumb\",\"itemListElement\":[{\"@type\":\"ListItem\",\"position\":1,\"name\":\"Home\",\"item\":\"https:\\\/\\\/iraurgiberritzen.eus\\\/es\\\/\"},{\"@type\":\"ListItem\",\"position\":2,\"name\":\"Las empresas de la comarca conocen diferentes aspectos de la energ\u00eda fotovoltaica, atendiendo a sus necesidades actuales\"}]},{\"@type\":\"WebSite\",\"@id\":\"https:\\\/\\\/iraurgiberritzen.eus\\\/es\\\/#website\",\"url\":\"https:\\\/\\\/iraurgiberritzen.eus\\\/es\\\/\",\"name\":\"Iraurgi Berritzen\",\"description\":\"Urola Erdiko Garapen Agentzia\",\"publisher\":{\"@id\":\"https:\\\/\\\/iraurgiberritzen.eus\\\/es\\\/#organization\"},\"potentialAction\":[{\"@type\":\"SearchAction\",\"target\":{\"@type\":\"EntryPoint\",\"urlTemplate\":\"https:\\\/\\\/iraurgiberritzen.eus\\\/es\\\/?s={search_term_string}\"},\"query-input\":{\"@type\":\"PropertyValueSpecification\",\"valueRequired\":true,\"valueName\":\"search_term_string\"}}],\"inLanguage\":\"es\"},{\"@type\":\"Organization\",\"@id\":\"https:\\\/\\\/iraurgiberritzen.eus\\\/es\\\/#organization\",\"name\":\"Iraurgi Berritzen\",\"url\":\"https:\\\/\\\/iraurgiberritzen.eus\\\/es\\\/\",\"logo\":{\"@type\":\"ImageObject\",\"inLanguage\":\"es\",\"@id\":\"https:\\\/\\\/iraurgiberritzen.eus\\\/es\\\/#\\\/schema\\\/logo\\\/image\\\/\",\"url\":\"https:\\\/\\\/iraurgiberritzen.eus\\\/wp-content\\\/uploads\\\/2024\\\/02\\\/IRAURGI-BERRITZEN-logotipoa_2.png\",\"contentUrl\":\"https:\\\/\\\/iraurgiberritzen.eus\\\/wp-content\\\/uploads\\\/2024\\\/02\\\/IRAURGI-BERRITZEN-logotipoa_2.png\",\"width\":496,\"height\":190,\"caption\":\"Iraurgi Berritzen\"},\"image\":{\"@id\":\"https:\\\/\\\/iraurgiberritzen.eus\\\/es\\\/#\\\/schema\\\/logo\\\/image\\\/\"}},{\"@type\":\"Person\",\"@id\":\"https:\\\/\\\/iraurgiberritzen.eus\\\/es\\\/#\\\/schema\\\/person\\\/5ab41aaf388a9097177601ebf45738d2\",\"name\":\"kudeatzailea\",\"sameAs\":[\"https:\\\/\\\/iraurgiberritzen.eus\"]}]}<\/script>\n<!-- \/ Yoast SEO plugin. -->","yoast_head_json":{"title":"Las empresas de la comarca conocen diferentes aspectos de la energ\u00eda fotovoltaica, atendiendo a sus necesidades actuales - Iraurgi Berritzen","robots":{"index":"index","follow":"follow","max-snippet":"max-snippet:-1","max-image-preview":"max-image-preview:large","max-video-preview":"max-video-preview:-1"},"canonical":"https:\/\/iraurgiberritzen.eus\/es\/las-empresas-de-la-comarca-conocen-diferentes-aspectos-de-la-energia-fotovoltaica-atendiendo-a-sus-necesidades-actuales\/","og_locale":"es_ES","og_type":"article","og_title":"Las empresas de la comarca conocen diferentes aspectos de la energ\u00eda fotovoltaica, atendiendo a sus necesidades actuales - Iraurgi Berritzen","og_description":"Iraurgi Berritzen, dando continuidad al proyecto UrolEner puesto en marcha el pasado mes de junio, en colaboraci\u00f3n con Txekalde Aholkularitza, y tras las visitas realizadas a las empresas de la comarca que est\u00e1n participando en el mismo durante el mes de julio, hoy jueves, 15 de septiembre, ha tenido lugar la primera jornada en el [&hellip;]","og_url":"https:\/\/iraurgiberritzen.eus\/es\/las-empresas-de-la-comarca-conocen-diferentes-aspectos-de-la-energia-fotovoltaica-atendiendo-a-sus-necesidades-actuales\/","og_site_name":"Iraurgi Berritzen","article_published_time":"2022-09-15T06:03:09+00:00","author":"kudeatzailea","twitter_card":"summary_large_image","twitter_misc":{"Escrito por":"kudeatzailea","Tiempo de lectura":"1 minuto"},"schema":{"@context":"https:\/\/schema.org","@graph":[{"@type":"Article","@id":"https:\/\/iraurgiberritzen.eus\/es\/las-empresas-de-la-comarca-conocen-diferentes-aspectos-de-la-energia-fotovoltaica-atendiendo-a-sus-necesidades-actuales\/#article","isPartOf":{"@id":"https:\/\/iraurgiberritzen.eus\/es\/las-empresas-de-la-comarca-conocen-diferentes-aspectos-de-la-energia-fotovoltaica-atendiendo-a-sus-necesidades-actuales\/"},"author":{"name":"kudeatzailea","@id":"https:\/\/iraurgiberritzen.eus\/es\/#\/schema\/person\/5ab41aaf388a9097177601ebf45738d2"},"headline":"Las empresas de la comarca conocen diferentes aspectos de la energ\u00eda fotovoltaica, atendiendo a sus necesidades actuales","datePublished":"2022-09-15T06:03:09+00:00","mainEntityOfPage":{"@id":"https:\/\/iraurgiberritzen.eus\/es\/las-empresas-de-la-comarca-conocen-diferentes-aspectos-de-la-energia-fotovoltaica-atendiendo-a-sus-necesidades-actuales\/"},"wordCount":212,"publisher":{"@id":"https:\/\/iraurgiberritzen.eus\/es\/#organization"},"image":{"@id":"https:\/\/iraurgiberritzen.eus\/es\/las-empresas-de-la-comarca-conocen-diferentes-aspectos-de-la-energia-fotovoltaica-atendiendo-a-sus-necesidades-actuales\/#primaryimage"},"thumbnailUrl":"https:\/\/iraurgiberritzen.eus\/wp-content\/uploads\/2023\/09\/f5a5c719a0f9b80a2e6100f134c631b9.jpg","articleSection":["Noticias"],"inLanguage":"es"},{"@type":"WebPage","@id":"https:\/\/iraurgiberritzen.eus\/es\/las-empresas-de-la-comarca-conocen-diferentes-aspectos-de-la-energia-fotovoltaica-atendiendo-a-sus-necesidades-actuales\/","url":"https:\/\/iraurgiberritzen.eus\/es\/las-empresas-de-la-comarca-conocen-diferentes-aspectos-de-la-energia-fotovoltaica-atendiendo-a-sus-necesidades-actuales\/","name":"Las empresas de la comarca conocen diferentes aspectos de la energ\u00eda fotovoltaica, atendiendo a sus necesidades actuales - Iraurgi Berritzen","isPartOf":{"@id":"https:\/\/iraurgiberritzen.eus\/es\/#website"},"primaryImageOfPage":{"@id":"https:\/\/iraurgiberritzen.eus\/es\/las-empresas-de-la-comarca-conocen-diferentes-aspectos-de-la-energia-fotovoltaica-atendiendo-a-sus-necesidades-actuales\/#primaryimage"},"image":{"@id":"https:\/\/iraurgiberritzen.eus\/es\/las-empresas-de-la-comarca-conocen-diferentes-aspectos-de-la-energia-fotovoltaica-atendiendo-a-sus-necesidades-actuales\/#primaryimage"},"thumbnailUrl":"https:\/\/iraurgiberritzen.eus\/wp-content\/uploads\/2023\/09\/f5a5c719a0f9b80a2e6100f134c631b9.jpg","datePublished":"2022-09-15T06:03:09+00:00","breadcrumb":{"@id":"https:\/\/iraurgiberritzen.eus\/es\/las-empresas-de-la-comarca-conocen-diferentes-aspectos-de-la-energia-fotovoltaica-atendiendo-a-sus-necesidades-actuales\/#breadcrumb"},"inLanguage":"es","potentialAction":[{"@type":"ReadAction","target":["https:\/\/iraurgiberritzen.eus\/es\/las-empresas-de-la-comarca-conocen-diferentes-aspectos-de-la-energia-fotovoltaica-atendiendo-a-sus-necesidades-actuales\/"]}]},{"@type":"ImageObject","inLanguage":"es","@id":"https:\/\/iraurgiberritzen.eus\/es\/las-empresas-de-la-comarca-conocen-diferentes-aspectos-de-la-energia-fotovoltaica-atendiendo-a-sus-necesidades-actuales\/#primaryimage","url":"https:\/\/iraurgiberritzen.eus\/wp-content\/uploads\/2023\/09\/f5a5c719a0f9b80a2e6100f134c631b9.jpg","contentUrl":"https:\/\/iraurgiberritzen.eus\/wp-content\/uploads\/2023\/09\/f5a5c719a0f9b80a2e6100f134c631b9.jpg","width":600,"height":386},{"@type":"BreadcrumbList","@id":"https:\/\/iraurgiberritzen.eus\/es\/las-empresas-de-la-comarca-conocen-diferentes-aspectos-de-la-energia-fotovoltaica-atendiendo-a-sus-necesidades-actuales\/#breadcrumb","itemListElement":[{"@type":"ListItem","position":1,"name":"Home","item":"https:\/\/iraurgiberritzen.eus\/es\/"},{"@type":"ListItem","position":2,"name":"Las empresas de la comarca conocen diferentes aspectos de la energ\u00eda fotovoltaica, atendiendo a sus necesidades actuales"}]},{"@type":"WebSite","@id":"https:\/\/iraurgiberritzen.eus\/es\/#website","url":"https:\/\/iraurgiberritzen.eus\/es\/","name":"Iraurgi Berritzen","description":"Urola Erdiko Garapen Agentzia","publisher":{"@id":"https:\/\/iraurgiberritzen.eus\/es\/#organization"},"potentialAction":[{"@type":"SearchAction","target":{"@type":"EntryPoint","urlTemplate":"https:\/\/iraurgiberritzen.eus\/es\/?s={search_term_string}"},"query-input":{"@type":"PropertyValueSpecification","valueRequired":true,"valueName":"search_term_string"}}],"inLanguage":"es"},{"@type":"Organization","@id":"https:\/\/iraurgiberritzen.eus\/es\/#organization","name":"Iraurgi Berritzen","url":"https:\/\/iraurgiberritzen.eus\/es\/","logo":{"@type":"ImageObject","inLanguage":"es","@id":"https:\/\/iraurgiberritzen.eus\/es\/#\/schema\/logo\/image\/","url":"https:\/\/iraurgiberritzen.eus\/wp-content\/uploads\/2024\/02\/IRAURGI-BERRITZEN-logotipoa_2.png","contentUrl":"https:\/\/iraurgiberritzen.eus\/wp-content\/uploads\/2024\/02\/IRAURGI-BERRITZEN-logotipoa_2.png","width":496,"height":190,"caption":"Iraurgi Berritzen"},"image":{"@id":"https:\/\/iraurgiberritzen.eus\/es\/#\/schema\/logo\/image\/"}},{"@type":"Person","@id":"https:\/\/iraurgiberritzen.eus\/es\/#\/schema\/person\/5ab41aaf388a9097177601ebf45738d2","name":"kudeatzailea","sameAs":["https:\/\/iraurgiberritzen.eus"]}]}},"_links":{"self":[{"href":"https:\/\/iraurgiberritzen.eus\/es\/wp-json\/wp\/v2\/posts\/14064","targetHints":{"allow":["GET"]}}],"collection":[{"href":"https:\/\/iraurgiberritzen.eus\/es\/wp-json\/wp\/v2\/posts"}],"about":[{"href":"https:\/\/iraurgiberritzen.eus\/es\/wp-json\/wp\/v2\/types\/post"}],"author":[{"embeddable":true,"href":"https:\/\/iraurgiberritzen.eus\/es\/wp-json\/wp\/v2\/users\/1"}],"replies":[{"embeddable":true,"href":"https:\/\/iraurgiberritzen.eus\/es\/wp-json\/wp\/v2\/comments?post=14064"}],"version-history":[{"count":0,"href":"https:\/\/iraurgiberritzen.eus\/es\/wp-json\/wp\/v2\/posts\/14064\/revisions"}],"wp:featuredmedia":[{"embeddable":true,"href":"https:\/\/iraurgiberritzen.eus\/es\/wp-json\/wp\/v2\/media\/17356"}],"wp:attachment":[{"href":"https:\/\/iraurgiberritzen.eus\/es\/wp-json\/wp\/v2\/media?parent=14064"}],"wp:term":[{"taxonomy":"category","embeddable":true,"href":"https:\/\/iraurgiberritzen.eus\/es\/wp-json\/wp\/v2\/categories?post=14064"},{"taxonomy":"post_tag","embeddable":true,"href":"https:\/\/iraurgiberritzen.eus\/es\/wp-json\/wp\/v2\/tags?post=14064"}],"curies":[{"name":"wp","href":"https:\/\/api.w.org\/{rel}","templated":true}]}}