{"id":14070,"date":"2022-09-21T06:22:22","date_gmt":"2022-09-21T04:22:22","guid":{"rendered":"https:\/\/iraurgiberritzen.eus\/en-marcha-las-ayudas-para-personas-emprendedoras-de-la-comarca\/"},"modified":"2022-09-21T06:22:22","modified_gmt":"2022-09-21T04:22:22","slug":"en-marcha-las-ayudas-para-personas-emprendedoras-de-la-comarca","status":"publish","type":"post","link":"https:\/\/iraurgiberritzen.eus\/es\/en-marcha-las-ayudas-para-personas-emprendedoras-de-la-comarca\/","title":{"rendered":"En marcha las ayudas para personas emprendedoras de la comarca"},"content":{"rendered":"<p>LANBIDE-servicio vasco de empleo, ha activado las ayudas para las personas emprendedoras de la comarca.&nbsp;<\/p>\n<p style=\"text-align: justify;\">La gesti\u00f3n de estas ayudas se realizar\u00e1 a trav\u00e9s del Ayuntamiento de Azpeitia, en representaci\u00f3n de la comarca (Azkoitia-Azpeitia-Zestoa-Beizama-Errezil-Aizarnazabal) y la fecha l\u00edmite de presentaci\u00f3n de solicitudes ser\u00e1 el 7 de octubre.<\/p>\n<p style=\"text-align: justify;\">Existen 2 tipos de ayudas, la primera de ellas para aquelllas personas emprendedoras que cuenten con una idea de negocio y la segunda, para aquellos que habiendo desarrollado el plan de viabilidad, necesitan un ultimo empuje para la puesta en marcha de la actividad.<\/p>\n<p style=\"text-align: justify;\">En el caso de la idea de negocio, se solicita un compromiso para trabajar el estudio del negocio durante dos meses, y en funci\u00f3n de la edad y el g\u00e9nero, las personas emprendedoras que hayan sido admitidas recibir\u00e1n una subvenci\u00f3n de 1.000 \u20aca 1.300 \u20ac. En el caso de nuestra comarca se apoyar\u00e1n los proyectos de un m\u00e1ximo de ocho beneficiarios.<\/p>\n<p style=\"text-align: justify;\">En el caso de la ayuda para la puesta en marcha de la actividad, se solicita un compromiso de dedicaci\u00f3n de 3 meses y la puesta en marcha de la empresa una vez finalizado este periodo. En este caso, y en funci\u00f3n de la edad y el g\u00e9nero, otros ocho emprendedores podr\u00e1n beneficiarse de una ayuda de entre 1.500 \u20acy 1.950 \u20ac.<\/p>\n<p style=\"text-align: justify;\">El proceso de tutorizaci\u00f3n de las ideas y proyectos aprobados comenzar\u00e1 el 13 de octubre.<\/p>\n<p style=\"text-align: justify;\">Los interesados deber\u00e1n presentar la documentaci\u00f3n en el <a href=\"https:\/\/azpeitia.eus\/es\/item\/7992-eskualdeko-ekintzaileentzako-laguntzak-abian-dira\" target=\"_blank\" rel=\"noopener\">Ayuntamiento de Azpeitia<\/a>.<\/p>\n","protected":false},"excerpt":{"rendered":"<p>LANBIDE-servicio vasco de empleo, ha activado las ayudas para las personas emprendedoras de la comarca.&nbsp; La gesti\u00f3n de estas ayudas se realizar\u00e1 a trav\u00e9s del Ayuntamiento de Azpeitia, en representaci\u00f3n de la comarca (Azkoitia-Azpeitia-Zestoa-Beizama-Errezil-Aizarnazabal) y la fecha l\u00edmite de presentaci\u00f3n de solicitudes ser\u00e1 el 7 de octubre. Existen 2 tipos de ayudas, la primera de [&hellip;]<\/p>\n","protected":false},"author":1,"featured_media":17341,"comment_status":"","ping_status":"closed","sticky":false,"template":"","format":"standard","meta":{"_acf_changed":false,"footnotes":""},"categories":[4],"tags":[],"class_list":["post-14070","post","type-post","status-publish","format-standard","has-post-thumbnail","hentry","category-noticias"],"acf":[],"yoast_head":"<!-- This site is optimized with the Yoast SEO plugin v27.4 - https:\/\/yoast.com\/product\/yoast-seo-wordpress\/ -->\n<title>En marcha las ayudas para personas emprendedoras de la comarca - Iraurgi Berritzen<\/title>\n<meta name=\"robots\" content=\"index, follow, max-snippet:-1, max-image-preview:large, max-video-preview:-1\" \/>\n<link rel=\"canonical\" href=\"https:\/\/iraurgiberritzen.eus\/es\/en-marcha-las-ayudas-para-personas-emprendedoras-de-la-comarca\/\" \/>\n<meta property=\"og:locale\" content=\"es_ES\" \/>\n<meta property=\"og:type\" content=\"article\" \/>\n<meta property=\"og:title\" content=\"En marcha las ayudas para personas emprendedoras de la comarca - Iraurgi Berritzen\" \/>\n<meta property=\"og:description\" content=\"LANBIDE-servicio vasco de empleo, ha activado las ayudas para las personas emprendedoras de la comarca.&nbsp; La gesti\u00f3n de estas ayudas se realizar\u00e1 a trav\u00e9s del Ayuntamiento de Azpeitia, en representaci\u00f3n de la comarca (Azkoitia-Azpeitia-Zestoa-Beizama-Errezil-Aizarnazabal) y la fecha l\u00edmite de presentaci\u00f3n de solicitudes ser\u00e1 el 7 de octubre. Existen 2 tipos de ayudas, la primera de [&hellip;]\" \/>\n<meta property=\"og:url\" content=\"https:\/\/iraurgiberritzen.eus\/es\/en-marcha-las-ayudas-para-personas-emprendedoras-de-la-comarca\/\" \/>\n<meta property=\"og:site_name\" content=\"Iraurgi Berritzen\" \/>\n<meta property=\"article:published_time\" content=\"2022-09-21T04:22:22+00:00\" \/>\n<meta name=\"author\" content=\"kudeatzailea\" \/>\n<meta name=\"twitter:card\" content=\"summary_large_image\" \/>\n<meta name=\"twitter:label1\" content=\"Escrito por\" \/>\n\t<meta name=\"twitter:data1\" content=\"kudeatzailea\" \/>\n\t<meta name=\"twitter:label2\" content=\"Tiempo de lectura\" \/>\n\t<meta name=\"twitter:data2\" content=\"1 minuto\" \/>\n<script type=\"application\/ld+json\" class=\"yoast-schema-graph\">{\"@context\":\"https:\\\/\\\/schema.org\",\"@graph\":[{\"@type\":\"Article\",\"@id\":\"https:\\\/\\\/iraurgiberritzen.eus\\\/es\\\/en-marcha-las-ayudas-para-personas-emprendedoras-de-la-comarca\\\/#article\",\"isPartOf\":{\"@id\":\"https:\\\/\\\/iraurgiberritzen.eus\\\/es\\\/en-marcha-las-ayudas-para-personas-emprendedoras-de-la-comarca\\\/\"},\"author\":{\"name\":\"kudeatzailea\",\"@id\":\"https:\\\/\\\/iraurgiberritzen.eus\\\/es\\\/#\\\/schema\\\/person\\\/5ab41aaf388a9097177601ebf45738d2\"},\"headline\":\"En marcha las ayudas para personas emprendedoras de la comarca\",\"datePublished\":\"2022-09-21T04:22:22+00:00\",\"mainEntityOfPage\":{\"@id\":\"https:\\\/\\\/iraurgiberritzen.eus\\\/es\\\/en-marcha-las-ayudas-para-personas-emprendedoras-de-la-comarca\\\/\"},\"wordCount\":259,\"publisher\":{\"@id\":\"https:\\\/\\\/iraurgiberritzen.eus\\\/es\\\/#organization\"},\"image\":{\"@id\":\"https:\\\/\\\/iraurgiberritzen.eus\\\/es\\\/en-marcha-las-ayudas-para-personas-emprendedoras-de-la-comarca\\\/#primaryimage\"},\"thumbnailUrl\":\"https:\\\/\\\/iraurgiberritzen.eus\\\/wp-content\\\/uploads\\\/2023\\\/09\\\/94c8c0da1dbcc923a173d22dbc0b5d61.jpg\",\"articleSection\":[\"Noticias\"],\"inLanguage\":\"es\"},{\"@type\":\"WebPage\",\"@id\":\"https:\\\/\\\/iraurgiberritzen.eus\\\/es\\\/en-marcha-las-ayudas-para-personas-emprendedoras-de-la-comarca\\\/\",\"url\":\"https:\\\/\\\/iraurgiberritzen.eus\\\/es\\\/en-marcha-las-ayudas-para-personas-emprendedoras-de-la-comarca\\\/\",\"name\":\"En marcha las ayudas para personas emprendedoras de la comarca - Iraurgi Berritzen\",\"isPartOf\":{\"@id\":\"https:\\\/\\\/iraurgiberritzen.eus\\\/es\\\/#website\"},\"primaryImageOfPage\":{\"@id\":\"https:\\\/\\\/iraurgiberritzen.eus\\\/es\\\/en-marcha-las-ayudas-para-personas-emprendedoras-de-la-comarca\\\/#primaryimage\"},\"image\":{\"@id\":\"https:\\\/\\\/iraurgiberritzen.eus\\\/es\\\/en-marcha-las-ayudas-para-personas-emprendedoras-de-la-comarca\\\/#primaryimage\"},\"thumbnailUrl\":\"https:\\\/\\\/iraurgiberritzen.eus\\\/wp-content\\\/uploads\\\/2023\\\/09\\\/94c8c0da1dbcc923a173d22dbc0b5d61.jpg\",\"datePublished\":\"2022-09-21T04:22:22+00:00\",\"breadcrumb\":{\"@id\":\"https:\\\/\\\/iraurgiberritzen.eus\\\/es\\\/en-marcha-las-ayudas-para-personas-emprendedoras-de-la-comarca\\\/#breadcrumb\"},\"inLanguage\":\"es\",\"potentialAction\":[{\"@type\":\"ReadAction\",\"target\":[\"https:\\\/\\\/iraurgiberritzen.eus\\\/es\\\/en-marcha-las-ayudas-para-personas-emprendedoras-de-la-comarca\\\/\"]}]},{\"@type\":\"ImageObject\",\"inLanguage\":\"es\",\"@id\":\"https:\\\/\\\/iraurgiberritzen.eus\\\/es\\\/en-marcha-las-ayudas-para-personas-emprendedoras-de-la-comarca\\\/#primaryimage\",\"url\":\"https:\\\/\\\/iraurgiberritzen.eus\\\/wp-content\\\/uploads\\\/2023\\\/09\\\/94c8c0da1dbcc923a173d22dbc0b5d61.jpg\",\"contentUrl\":\"https:\\\/\\\/iraurgiberritzen.eus\\\/wp-content\\\/uploads\\\/2023\\\/09\\\/94c8c0da1dbcc923a173d22dbc0b5d61.jpg\",\"width\":600,\"height\":386},{\"@type\":\"BreadcrumbList\",\"@id\":\"https:\\\/\\\/iraurgiberritzen.eus\\\/es\\\/en-marcha-las-ayudas-para-personas-emprendedoras-de-la-comarca\\\/#breadcrumb\",\"itemListElement\":[{\"@type\":\"ListItem\",\"position\":1,\"name\":\"Home\",\"item\":\"https:\\\/\\\/iraurgiberritzen.eus\\\/es\\\/\"},{\"@type\":\"ListItem\",\"position\":2,\"name\":\"En marcha las ayudas para personas emprendedoras de la comarca\"}]},{\"@type\":\"WebSite\",\"@id\":\"https:\\\/\\\/iraurgiberritzen.eus\\\/es\\\/#website\",\"url\":\"https:\\\/\\\/iraurgiberritzen.eus\\\/es\\\/\",\"name\":\"Iraurgi Berritzen\",\"description\":\"Urola Erdiko Garapen Agentzia\",\"publisher\":{\"@id\":\"https:\\\/\\\/iraurgiberritzen.eus\\\/es\\\/#organization\"},\"potentialAction\":[{\"@type\":\"SearchAction\",\"target\":{\"@type\":\"EntryPoint\",\"urlTemplate\":\"https:\\\/\\\/iraurgiberritzen.eus\\\/es\\\/?s={search_term_string}\"},\"query-input\":{\"@type\":\"PropertyValueSpecification\",\"valueRequired\":true,\"valueName\":\"search_term_string\"}}],\"inLanguage\":\"es\"},{\"@type\":\"Organization\",\"@id\":\"https:\\\/\\\/iraurgiberritzen.eus\\\/es\\\/#organization\",\"name\":\"Iraurgi Berritzen\",\"url\":\"https:\\\/\\\/iraurgiberritzen.eus\\\/es\\\/\",\"logo\":{\"@type\":\"ImageObject\",\"inLanguage\":\"es\",\"@id\":\"https:\\\/\\\/iraurgiberritzen.eus\\\/es\\\/#\\\/schema\\\/logo\\\/image\\\/\",\"url\":\"https:\\\/\\\/iraurgiberritzen.eus\\\/wp-content\\\/uploads\\\/2024\\\/02\\\/IRAURGI-BERRITZEN-logotipoa_2.png\",\"contentUrl\":\"https:\\\/\\\/iraurgiberritzen.eus\\\/wp-content\\\/uploads\\\/2024\\\/02\\\/IRAURGI-BERRITZEN-logotipoa_2.png\",\"width\":496,\"height\":190,\"caption\":\"Iraurgi Berritzen\"},\"image\":{\"@id\":\"https:\\\/\\\/iraurgiberritzen.eus\\\/es\\\/#\\\/schema\\\/logo\\\/image\\\/\"}},{\"@type\":\"Person\",\"@id\":\"https:\\\/\\\/iraurgiberritzen.eus\\\/es\\\/#\\\/schema\\\/person\\\/5ab41aaf388a9097177601ebf45738d2\",\"name\":\"kudeatzailea\",\"sameAs\":[\"https:\\\/\\\/iraurgiberritzen.eus\"]}]}<\/script>\n<!-- \/ Yoast SEO plugin. -->","yoast_head_json":{"title":"En marcha las ayudas para personas emprendedoras de la comarca - Iraurgi Berritzen","robots":{"index":"index","follow":"follow","max-snippet":"max-snippet:-1","max-image-preview":"max-image-preview:large","max-video-preview":"max-video-preview:-1"},"canonical":"https:\/\/iraurgiberritzen.eus\/es\/en-marcha-las-ayudas-para-personas-emprendedoras-de-la-comarca\/","og_locale":"es_ES","og_type":"article","og_title":"En marcha las ayudas para personas emprendedoras de la comarca - Iraurgi Berritzen","og_description":"LANBIDE-servicio vasco de empleo, ha activado las ayudas para las personas emprendedoras de la comarca.&nbsp; La gesti\u00f3n de estas ayudas se realizar\u00e1 a trav\u00e9s del Ayuntamiento de Azpeitia, en representaci\u00f3n de la comarca (Azkoitia-Azpeitia-Zestoa-Beizama-Errezil-Aizarnazabal) y la fecha l\u00edmite de presentaci\u00f3n de solicitudes ser\u00e1 el 7 de octubre. Existen 2 tipos de ayudas, la primera de [&hellip;]","og_url":"https:\/\/iraurgiberritzen.eus\/es\/en-marcha-las-ayudas-para-personas-emprendedoras-de-la-comarca\/","og_site_name":"Iraurgi Berritzen","article_published_time":"2022-09-21T04:22:22+00:00","author":"kudeatzailea","twitter_card":"summary_large_image","twitter_misc":{"Escrito por":"kudeatzailea","Tiempo de lectura":"1 minuto"},"schema":{"@context":"https:\/\/schema.org","@graph":[{"@type":"Article","@id":"https:\/\/iraurgiberritzen.eus\/es\/en-marcha-las-ayudas-para-personas-emprendedoras-de-la-comarca\/#article","isPartOf":{"@id":"https:\/\/iraurgiberritzen.eus\/es\/en-marcha-las-ayudas-para-personas-emprendedoras-de-la-comarca\/"},"author":{"name":"kudeatzailea","@id":"https:\/\/iraurgiberritzen.eus\/es\/#\/schema\/person\/5ab41aaf388a9097177601ebf45738d2"},"headline":"En marcha las ayudas para personas emprendedoras de la comarca","datePublished":"2022-09-21T04:22:22+00:00","mainEntityOfPage":{"@id":"https:\/\/iraurgiberritzen.eus\/es\/en-marcha-las-ayudas-para-personas-emprendedoras-de-la-comarca\/"},"wordCount":259,"publisher":{"@id":"https:\/\/iraurgiberritzen.eus\/es\/#organization"},"image":{"@id":"https:\/\/iraurgiberritzen.eus\/es\/en-marcha-las-ayudas-para-personas-emprendedoras-de-la-comarca\/#primaryimage"},"thumbnailUrl":"https:\/\/iraurgiberritzen.eus\/wp-content\/uploads\/2023\/09\/94c8c0da1dbcc923a173d22dbc0b5d61.jpg","articleSection":["Noticias"],"inLanguage":"es"},{"@type":"WebPage","@id":"https:\/\/iraurgiberritzen.eus\/es\/en-marcha-las-ayudas-para-personas-emprendedoras-de-la-comarca\/","url":"https:\/\/iraurgiberritzen.eus\/es\/en-marcha-las-ayudas-para-personas-emprendedoras-de-la-comarca\/","name":"En marcha las ayudas para personas emprendedoras de la comarca - Iraurgi Berritzen","isPartOf":{"@id":"https:\/\/iraurgiberritzen.eus\/es\/#website"},"primaryImageOfPage":{"@id":"https:\/\/iraurgiberritzen.eus\/es\/en-marcha-las-ayudas-para-personas-emprendedoras-de-la-comarca\/#primaryimage"},"image":{"@id":"https:\/\/iraurgiberritzen.eus\/es\/en-marcha-las-ayudas-para-personas-emprendedoras-de-la-comarca\/#primaryimage"},"thumbnailUrl":"https:\/\/iraurgiberritzen.eus\/wp-content\/uploads\/2023\/09\/94c8c0da1dbcc923a173d22dbc0b5d61.jpg","datePublished":"2022-09-21T04:22:22+00:00","breadcrumb":{"@id":"https:\/\/iraurgiberritzen.eus\/es\/en-marcha-las-ayudas-para-personas-emprendedoras-de-la-comarca\/#breadcrumb"},"inLanguage":"es","potentialAction":[{"@type":"ReadAction","target":["https:\/\/iraurgiberritzen.eus\/es\/en-marcha-las-ayudas-para-personas-emprendedoras-de-la-comarca\/"]}]},{"@type":"ImageObject","inLanguage":"es","@id":"https:\/\/iraurgiberritzen.eus\/es\/en-marcha-las-ayudas-para-personas-emprendedoras-de-la-comarca\/#primaryimage","url":"https:\/\/iraurgiberritzen.eus\/wp-content\/uploads\/2023\/09\/94c8c0da1dbcc923a173d22dbc0b5d61.jpg","contentUrl":"https:\/\/iraurgiberritzen.eus\/wp-content\/uploads\/2023\/09\/94c8c0da1dbcc923a173d22dbc0b5d61.jpg","width":600,"height":386},{"@type":"BreadcrumbList","@id":"https:\/\/iraurgiberritzen.eus\/es\/en-marcha-las-ayudas-para-personas-emprendedoras-de-la-comarca\/#breadcrumb","itemListElement":[{"@type":"ListItem","position":1,"name":"Home","item":"https:\/\/iraurgiberritzen.eus\/es\/"},{"@type":"ListItem","position":2,"name":"En marcha las ayudas para personas emprendedoras de la comarca"}]},{"@type":"WebSite","@id":"https:\/\/iraurgiberritzen.eus\/es\/#website","url":"https:\/\/iraurgiberritzen.eus\/es\/","name":"Iraurgi Berritzen","description":"Urola Erdiko Garapen Agentzia","publisher":{"@id":"https:\/\/iraurgiberritzen.eus\/es\/#organization"},"potentialAction":[{"@type":"SearchAction","target":{"@type":"EntryPoint","urlTemplate":"https:\/\/iraurgiberritzen.eus\/es\/?s={search_term_string}"},"query-input":{"@type":"PropertyValueSpecification","valueRequired":true,"valueName":"search_term_string"}}],"inLanguage":"es"},{"@type":"Organization","@id":"https:\/\/iraurgiberritzen.eus\/es\/#organization","name":"Iraurgi Berritzen","url":"https:\/\/iraurgiberritzen.eus\/es\/","logo":{"@type":"ImageObject","inLanguage":"es","@id":"https:\/\/iraurgiberritzen.eus\/es\/#\/schema\/logo\/image\/","url":"https:\/\/iraurgiberritzen.eus\/wp-content\/uploads\/2024\/02\/IRAURGI-BERRITZEN-logotipoa_2.png","contentUrl":"https:\/\/iraurgiberritzen.eus\/wp-content\/uploads\/2024\/02\/IRAURGI-BERRITZEN-logotipoa_2.png","width":496,"height":190,"caption":"Iraurgi Berritzen"},"image":{"@id":"https:\/\/iraurgiberritzen.eus\/es\/#\/schema\/logo\/image\/"}},{"@type":"Person","@id":"https:\/\/iraurgiberritzen.eus\/es\/#\/schema\/person\/5ab41aaf388a9097177601ebf45738d2","name":"kudeatzailea","sameAs":["https:\/\/iraurgiberritzen.eus"]}]}},"_links":{"self":[{"href":"https:\/\/iraurgiberritzen.eus\/es\/wp-json\/wp\/v2\/posts\/14070","targetHints":{"allow":["GET"]}}],"collection":[{"href":"https:\/\/iraurgiberritzen.eus\/es\/wp-json\/wp\/v2\/posts"}],"about":[{"href":"https:\/\/iraurgiberritzen.eus\/es\/wp-json\/wp\/v2\/types\/post"}],"author":[{"embeddable":true,"href":"https:\/\/iraurgiberritzen.eus\/es\/wp-json\/wp\/v2\/users\/1"}],"replies":[{"embeddable":true,"href":"https:\/\/iraurgiberritzen.eus\/es\/wp-json\/wp\/v2\/comments?post=14070"}],"version-history":[{"count":0,"href":"https:\/\/iraurgiberritzen.eus\/es\/wp-json\/wp\/v2\/posts\/14070\/revisions"}],"wp:featuredmedia":[{"embeddable":true,"href":"https:\/\/iraurgiberritzen.eus\/es\/wp-json\/wp\/v2\/media\/17341"}],"wp:attachment":[{"href":"https:\/\/iraurgiberritzen.eus\/es\/wp-json\/wp\/v2\/media?parent=14070"}],"wp:term":[{"taxonomy":"category","embeddable":true,"href":"https:\/\/iraurgiberritzen.eus\/es\/wp-json\/wp\/v2\/categories?post=14070"},{"taxonomy":"post_tag","embeddable":true,"href":"https:\/\/iraurgiberritzen.eus\/es\/wp-json\/wp\/v2\/tags?post=14070"}],"curies":[{"name":"wp","href":"https:\/\/api.w.org\/{rel}","templated":true}]}}