{"id":14125,"date":"2022-10-28T07:05:53","date_gmt":"2022-10-28T05:05:53","guid":{"rendered":"https:\/\/iraurgiberritzen.eus\/iraurgi-berritzen-organiza-una-sesion-de-trabajo-sobre-el-intraemprendimiento-dirigida-a-las-empresas-industriales\/"},"modified":"2022-10-28T07:05:53","modified_gmt":"2022-10-28T05:05:53","slug":"iraurgi-berritzen-organiza-una-sesion-de-trabajo-sobre-el-intraemprendimiento-dirigida-a-las-empresas-industriales","status":"publish","type":"post","link":"https:\/\/iraurgiberritzen.eus\/es\/iraurgi-berritzen-organiza-una-sesion-de-trabajo-sobre-el-intraemprendimiento-dirigida-a-las-empresas-industriales\/","title":{"rendered":"Iraurgi Berritzen organiza una sesi\u00f3n de trabajo sobre el intraemprendimiento dirigida a las empresas industriales"},"content":{"rendered":"<p>El pr\u00f3ximo mi\u00e9rcoles, 2 de noviembre, Iraurgi Berritzen ha organizado una sesi\u00f3n de trabajo en formato online sobre: <strong>Empresas emprendedoras y nuevas oportunidades de negocio: \u00bfoportunidad o necesidad?<\/strong>.<\/p>\n<p style=\"text-align: justify;\">Esta sesi\u00f3n de trabajo se dirige a los directivos de las empresas industriales de la comarca y tendr\u00e1 como objetivo promocionar el desarrollo de oportunidades de negocio como palanca para <strong>reforzar la competitividad y sostenibilidad<\/strong> de cada empresa, y para la diversificaci\u00f3n del tejido de la comarca.<\/p>\n<p style=\"text-align: justify;\">Para ello, contar\u00e1n con la presencia de expertos de B+I y BIC Gipuzkoa. Los participantes de esta sesi\u00f3n, adem\u00e1s de conocer la <strong>experiencia de la empresa Irurena Group de Azpeitia<\/strong>, recibir\u00e1n informaci\u00f3n en relaci\u00f3n a las ayudas vigentes y servicios para este tipo de procesos. Para finalizar con la sesi\u00f3n, tendr\u00e1n la oportunidad de resolver sus dudas y preguntas.<\/p>\n<p style=\"text-align: justify;\">Por aspectos organizativos, las empresas interesada deber\u00e1n inscribirse a trav\u00e9s del siguiente <a href=\"https:\/\/forms.office.com\/Pages\/ResponsePage.aspx?id=S5DeT3Jq90W0WLjBrBndp1jySGu9zxtIpCkBAthDUWpUQjVSREtFSUdJVko3Q041UVVRUlBJMTlCWiQlQCN0PWcu\" target=\"_blank\" rel=\"noopener\">link<\/a> o escribiendo un mensaje a la siguiente direcci\u00f3n de correo: <a href=\"mailto:info@iraurgiberritzen.eus.\">info@iraurgiberritzen.eus.<\/a> A continuaci\u00f3n, a las personas inscritas se les enviar\u00e1 el enlace de la sesi\u00f3n de trabajo.<\/p>\n<p style=\"text-align: justify;\">Esta jornada se enmarca dentro del Programa Ikasiz, definido con las propuestas recogidas en el seno de Enpresa Gunea (Espacio formado por representantes de diferentes empresas de la comarca). Su objetivo es <strong>compartir conocimientos y experiencias<\/strong>, as\u00ed como la <strong>sensibilizaci\u00f3n y difusi\u00f3n<\/strong> de buenas pr\u00e1cticas en diferentes \u00e1mbitos de gesti\u00f3n de la empresa.<\/p>\n","protected":false},"excerpt":{"rendered":"<p>El pr\u00f3ximo mi\u00e9rcoles, 2 de noviembre, Iraurgi Berritzen ha organizado una sesi\u00f3n de trabajo en formato online sobre: Empresas emprendedoras y nuevas oportunidades de negocio: \u00bfoportunidad o necesidad?. Esta sesi\u00f3n de trabajo se dirige a los directivos de las empresas industriales de la comarca y tendr\u00e1 como objetivo promocionar el desarrollo de oportunidades de negocio [&hellip;]<\/p>\n","protected":false},"author":1,"featured_media":17340,"comment_status":"","ping_status":"closed","sticky":false,"template":"","format":"standard","meta":{"_acf_changed":false,"footnotes":""},"categories":[4],"tags":[],"class_list":["post-14125","post","type-post","status-publish","format-standard","has-post-thumbnail","hentry","category-noticias"],"acf":[],"yoast_head":"<!-- This site is optimized with the Yoast SEO plugin v27.4 - https:\/\/yoast.com\/product\/yoast-seo-wordpress\/ -->\n<title>Iraurgi Berritzen organiza una sesi\u00f3n de trabajo sobre el intraemprendimiento dirigida a las empresas industriales - Iraurgi Berritzen<\/title>\n<meta name=\"robots\" content=\"index, follow, max-snippet:-1, max-image-preview:large, max-video-preview:-1\" \/>\n<link rel=\"canonical\" href=\"https:\/\/iraurgiberritzen.eus\/es\/iraurgi-berritzen-organiza-una-sesion-de-trabajo-sobre-el-intraemprendimiento-dirigida-a-las-empresas-industriales\/\" \/>\n<meta property=\"og:locale\" content=\"es_ES\" \/>\n<meta property=\"og:type\" content=\"article\" \/>\n<meta property=\"og:title\" content=\"Iraurgi Berritzen organiza una sesi\u00f3n de trabajo sobre el intraemprendimiento dirigida a las empresas industriales - Iraurgi Berritzen\" \/>\n<meta property=\"og:description\" content=\"El pr\u00f3ximo mi\u00e9rcoles, 2 de noviembre, Iraurgi Berritzen ha organizado una sesi\u00f3n de trabajo en formato online sobre: Empresas emprendedoras y nuevas oportunidades de negocio: \u00bfoportunidad o necesidad?. Esta sesi\u00f3n de trabajo se dirige a los directivos de las empresas industriales de la comarca y tendr\u00e1 como objetivo promocionar el desarrollo de oportunidades de negocio [&hellip;]\" \/>\n<meta property=\"og:url\" content=\"https:\/\/iraurgiberritzen.eus\/es\/iraurgi-berritzen-organiza-una-sesion-de-trabajo-sobre-el-intraemprendimiento-dirigida-a-las-empresas-industriales\/\" \/>\n<meta property=\"og:site_name\" content=\"Iraurgi Berritzen\" \/>\n<meta property=\"article:published_time\" content=\"2022-10-28T05:05:53+00:00\" \/>\n<meta name=\"author\" content=\"kudeatzailea\" \/>\n<meta name=\"twitter:card\" content=\"summary_large_image\" \/>\n<meta name=\"twitter:label1\" content=\"Escrito por\" \/>\n\t<meta name=\"twitter:data1\" content=\"kudeatzailea\" \/>\n\t<meta name=\"twitter:label2\" content=\"Tiempo de lectura\" \/>\n\t<meta name=\"twitter:data2\" content=\"1 minuto\" \/>\n<script type=\"application\/ld+json\" class=\"yoast-schema-graph\">{\"@context\":\"https:\\\/\\\/schema.org\",\"@graph\":[{\"@type\":\"Article\",\"@id\":\"https:\\\/\\\/iraurgiberritzen.eus\\\/es\\\/iraurgi-berritzen-organiza-una-sesion-de-trabajo-sobre-el-intraemprendimiento-dirigida-a-las-empresas-industriales\\\/#article\",\"isPartOf\":{\"@id\":\"https:\\\/\\\/iraurgiberritzen.eus\\\/es\\\/iraurgi-berritzen-organiza-una-sesion-de-trabajo-sobre-el-intraemprendimiento-dirigida-a-las-empresas-industriales\\\/\"},\"author\":{\"name\":\"kudeatzailea\",\"@id\":\"https:\\\/\\\/iraurgiberritzen.eus\\\/es\\\/#\\\/schema\\\/person\\\/5ab41aaf388a9097177601ebf45738d2\"},\"headline\":\"Iraurgi Berritzen organiza una sesi\u00f3n de trabajo sobre el intraemprendimiento dirigida a las empresas industriales\",\"datePublished\":\"2022-10-28T05:05:53+00:00\",\"mainEntityOfPage\":{\"@id\":\"https:\\\/\\\/iraurgiberritzen.eus\\\/es\\\/iraurgi-berritzen-organiza-una-sesion-de-trabajo-sobre-el-intraemprendimiento-dirigida-a-las-empresas-industriales\\\/\"},\"wordCount\":267,\"publisher\":{\"@id\":\"https:\\\/\\\/iraurgiberritzen.eus\\\/es\\\/#organization\"},\"image\":{\"@id\":\"https:\\\/\\\/iraurgiberritzen.eus\\\/es\\\/iraurgi-berritzen-organiza-una-sesion-de-trabajo-sobre-el-intraemprendimiento-dirigida-a-las-empresas-industriales\\\/#primaryimage\"},\"thumbnailUrl\":\"https:\\\/\\\/iraurgiberritzen.eus\\\/wp-content\\\/uploads\\\/2023\\\/09\\\/58c14d04ea7d9b2910e24aef05b926e1.jpg\",\"articleSection\":[\"Noticias\"],\"inLanguage\":\"es\"},{\"@type\":\"WebPage\",\"@id\":\"https:\\\/\\\/iraurgiberritzen.eus\\\/es\\\/iraurgi-berritzen-organiza-una-sesion-de-trabajo-sobre-el-intraemprendimiento-dirigida-a-las-empresas-industriales\\\/\",\"url\":\"https:\\\/\\\/iraurgiberritzen.eus\\\/es\\\/iraurgi-berritzen-organiza-una-sesion-de-trabajo-sobre-el-intraemprendimiento-dirigida-a-las-empresas-industriales\\\/\",\"name\":\"Iraurgi Berritzen organiza una sesi\u00f3n de trabajo sobre el intraemprendimiento dirigida a las empresas industriales - Iraurgi Berritzen\",\"isPartOf\":{\"@id\":\"https:\\\/\\\/iraurgiberritzen.eus\\\/es\\\/#website\"},\"primaryImageOfPage\":{\"@id\":\"https:\\\/\\\/iraurgiberritzen.eus\\\/es\\\/iraurgi-berritzen-organiza-una-sesion-de-trabajo-sobre-el-intraemprendimiento-dirigida-a-las-empresas-industriales\\\/#primaryimage\"},\"image\":{\"@id\":\"https:\\\/\\\/iraurgiberritzen.eus\\\/es\\\/iraurgi-berritzen-organiza-una-sesion-de-trabajo-sobre-el-intraemprendimiento-dirigida-a-las-empresas-industriales\\\/#primaryimage\"},\"thumbnailUrl\":\"https:\\\/\\\/iraurgiberritzen.eus\\\/wp-content\\\/uploads\\\/2023\\\/09\\\/58c14d04ea7d9b2910e24aef05b926e1.jpg\",\"datePublished\":\"2022-10-28T05:05:53+00:00\",\"breadcrumb\":{\"@id\":\"https:\\\/\\\/iraurgiberritzen.eus\\\/es\\\/iraurgi-berritzen-organiza-una-sesion-de-trabajo-sobre-el-intraemprendimiento-dirigida-a-las-empresas-industriales\\\/#breadcrumb\"},\"inLanguage\":\"es\",\"potentialAction\":[{\"@type\":\"ReadAction\",\"target\":[\"https:\\\/\\\/iraurgiberritzen.eus\\\/es\\\/iraurgi-berritzen-organiza-una-sesion-de-trabajo-sobre-el-intraemprendimiento-dirigida-a-las-empresas-industriales\\\/\"]}]},{\"@type\":\"ImageObject\",\"inLanguage\":\"es\",\"@id\":\"https:\\\/\\\/iraurgiberritzen.eus\\\/es\\\/iraurgi-berritzen-organiza-una-sesion-de-trabajo-sobre-el-intraemprendimiento-dirigida-a-las-empresas-industriales\\\/#primaryimage\",\"url\":\"https:\\\/\\\/iraurgiberritzen.eus\\\/wp-content\\\/uploads\\\/2023\\\/09\\\/58c14d04ea7d9b2910e24aef05b926e1.jpg\",\"contentUrl\":\"https:\\\/\\\/iraurgiberritzen.eus\\\/wp-content\\\/uploads\\\/2023\\\/09\\\/58c14d04ea7d9b2910e24aef05b926e1.jpg\",\"width\":400,\"height\":225},{\"@type\":\"BreadcrumbList\",\"@id\":\"https:\\\/\\\/iraurgiberritzen.eus\\\/es\\\/iraurgi-berritzen-organiza-una-sesion-de-trabajo-sobre-el-intraemprendimiento-dirigida-a-las-empresas-industriales\\\/#breadcrumb\",\"itemListElement\":[{\"@type\":\"ListItem\",\"position\":1,\"name\":\"Home\",\"item\":\"https:\\\/\\\/iraurgiberritzen.eus\\\/es\\\/\"},{\"@type\":\"ListItem\",\"position\":2,\"name\":\"Iraurgi Berritzen organiza una sesi\u00f3n de trabajo sobre el intraemprendimiento dirigida a las empresas industriales\"}]},{\"@type\":\"WebSite\",\"@id\":\"https:\\\/\\\/iraurgiberritzen.eus\\\/es\\\/#website\",\"url\":\"https:\\\/\\\/iraurgiberritzen.eus\\\/es\\\/\",\"name\":\"Iraurgi Berritzen\",\"description\":\"Urola Erdiko Garapen Agentzia\",\"publisher\":{\"@id\":\"https:\\\/\\\/iraurgiberritzen.eus\\\/es\\\/#organization\"},\"potentialAction\":[{\"@type\":\"SearchAction\",\"target\":{\"@type\":\"EntryPoint\",\"urlTemplate\":\"https:\\\/\\\/iraurgiberritzen.eus\\\/es\\\/?s={search_term_string}\"},\"query-input\":{\"@type\":\"PropertyValueSpecification\",\"valueRequired\":true,\"valueName\":\"search_term_string\"}}],\"inLanguage\":\"es\"},{\"@type\":\"Organization\",\"@id\":\"https:\\\/\\\/iraurgiberritzen.eus\\\/es\\\/#organization\",\"name\":\"Iraurgi Berritzen\",\"url\":\"https:\\\/\\\/iraurgiberritzen.eus\\\/es\\\/\",\"logo\":{\"@type\":\"ImageObject\",\"inLanguage\":\"es\",\"@id\":\"https:\\\/\\\/iraurgiberritzen.eus\\\/es\\\/#\\\/schema\\\/logo\\\/image\\\/\",\"url\":\"https:\\\/\\\/iraurgiberritzen.eus\\\/wp-content\\\/uploads\\\/2024\\\/02\\\/IRAURGI-BERRITZEN-logotipoa_2.png\",\"contentUrl\":\"https:\\\/\\\/iraurgiberritzen.eus\\\/wp-content\\\/uploads\\\/2024\\\/02\\\/IRAURGI-BERRITZEN-logotipoa_2.png\",\"width\":496,\"height\":190,\"caption\":\"Iraurgi Berritzen\"},\"image\":{\"@id\":\"https:\\\/\\\/iraurgiberritzen.eus\\\/es\\\/#\\\/schema\\\/logo\\\/image\\\/\"}},{\"@type\":\"Person\",\"@id\":\"https:\\\/\\\/iraurgiberritzen.eus\\\/es\\\/#\\\/schema\\\/person\\\/5ab41aaf388a9097177601ebf45738d2\",\"name\":\"kudeatzailea\",\"sameAs\":[\"https:\\\/\\\/iraurgiberritzen.eus\"]}]}<\/script>\n<!-- \/ Yoast SEO plugin. -->","yoast_head_json":{"title":"Iraurgi Berritzen organiza una sesi\u00f3n de trabajo sobre el intraemprendimiento dirigida a las empresas industriales - Iraurgi Berritzen","robots":{"index":"index","follow":"follow","max-snippet":"max-snippet:-1","max-image-preview":"max-image-preview:large","max-video-preview":"max-video-preview:-1"},"canonical":"https:\/\/iraurgiberritzen.eus\/es\/iraurgi-berritzen-organiza-una-sesion-de-trabajo-sobre-el-intraemprendimiento-dirigida-a-las-empresas-industriales\/","og_locale":"es_ES","og_type":"article","og_title":"Iraurgi Berritzen organiza una sesi\u00f3n de trabajo sobre el intraemprendimiento dirigida a las empresas industriales - Iraurgi Berritzen","og_description":"El pr\u00f3ximo mi\u00e9rcoles, 2 de noviembre, Iraurgi Berritzen ha organizado una sesi\u00f3n de trabajo en formato online sobre: Empresas emprendedoras y nuevas oportunidades de negocio: \u00bfoportunidad o necesidad?. Esta sesi\u00f3n de trabajo se dirige a los directivos de las empresas industriales de la comarca y tendr\u00e1 como objetivo promocionar el desarrollo de oportunidades de negocio [&hellip;]","og_url":"https:\/\/iraurgiberritzen.eus\/es\/iraurgi-berritzen-organiza-una-sesion-de-trabajo-sobre-el-intraemprendimiento-dirigida-a-las-empresas-industriales\/","og_site_name":"Iraurgi Berritzen","article_published_time":"2022-10-28T05:05:53+00:00","author":"kudeatzailea","twitter_card":"summary_large_image","twitter_misc":{"Escrito por":"kudeatzailea","Tiempo de lectura":"1 minuto"},"schema":{"@context":"https:\/\/schema.org","@graph":[{"@type":"Article","@id":"https:\/\/iraurgiberritzen.eus\/es\/iraurgi-berritzen-organiza-una-sesion-de-trabajo-sobre-el-intraemprendimiento-dirigida-a-las-empresas-industriales\/#article","isPartOf":{"@id":"https:\/\/iraurgiberritzen.eus\/es\/iraurgi-berritzen-organiza-una-sesion-de-trabajo-sobre-el-intraemprendimiento-dirigida-a-las-empresas-industriales\/"},"author":{"name":"kudeatzailea","@id":"https:\/\/iraurgiberritzen.eus\/es\/#\/schema\/person\/5ab41aaf388a9097177601ebf45738d2"},"headline":"Iraurgi Berritzen organiza una sesi\u00f3n de trabajo sobre el intraemprendimiento dirigida a las empresas industriales","datePublished":"2022-10-28T05:05:53+00:00","mainEntityOfPage":{"@id":"https:\/\/iraurgiberritzen.eus\/es\/iraurgi-berritzen-organiza-una-sesion-de-trabajo-sobre-el-intraemprendimiento-dirigida-a-las-empresas-industriales\/"},"wordCount":267,"publisher":{"@id":"https:\/\/iraurgiberritzen.eus\/es\/#organization"},"image":{"@id":"https:\/\/iraurgiberritzen.eus\/es\/iraurgi-berritzen-organiza-una-sesion-de-trabajo-sobre-el-intraemprendimiento-dirigida-a-las-empresas-industriales\/#primaryimage"},"thumbnailUrl":"https:\/\/iraurgiberritzen.eus\/wp-content\/uploads\/2023\/09\/58c14d04ea7d9b2910e24aef05b926e1.jpg","articleSection":["Noticias"],"inLanguage":"es"},{"@type":"WebPage","@id":"https:\/\/iraurgiberritzen.eus\/es\/iraurgi-berritzen-organiza-una-sesion-de-trabajo-sobre-el-intraemprendimiento-dirigida-a-las-empresas-industriales\/","url":"https:\/\/iraurgiberritzen.eus\/es\/iraurgi-berritzen-organiza-una-sesion-de-trabajo-sobre-el-intraemprendimiento-dirigida-a-las-empresas-industriales\/","name":"Iraurgi Berritzen organiza una sesi\u00f3n de trabajo sobre el intraemprendimiento dirigida a las empresas industriales - Iraurgi Berritzen","isPartOf":{"@id":"https:\/\/iraurgiberritzen.eus\/es\/#website"},"primaryImageOfPage":{"@id":"https:\/\/iraurgiberritzen.eus\/es\/iraurgi-berritzen-organiza-una-sesion-de-trabajo-sobre-el-intraemprendimiento-dirigida-a-las-empresas-industriales\/#primaryimage"},"image":{"@id":"https:\/\/iraurgiberritzen.eus\/es\/iraurgi-berritzen-organiza-una-sesion-de-trabajo-sobre-el-intraemprendimiento-dirigida-a-las-empresas-industriales\/#primaryimage"},"thumbnailUrl":"https:\/\/iraurgiberritzen.eus\/wp-content\/uploads\/2023\/09\/58c14d04ea7d9b2910e24aef05b926e1.jpg","datePublished":"2022-10-28T05:05:53+00:00","breadcrumb":{"@id":"https:\/\/iraurgiberritzen.eus\/es\/iraurgi-berritzen-organiza-una-sesion-de-trabajo-sobre-el-intraemprendimiento-dirigida-a-las-empresas-industriales\/#breadcrumb"},"inLanguage":"es","potentialAction":[{"@type":"ReadAction","target":["https:\/\/iraurgiberritzen.eus\/es\/iraurgi-berritzen-organiza-una-sesion-de-trabajo-sobre-el-intraemprendimiento-dirigida-a-las-empresas-industriales\/"]}]},{"@type":"ImageObject","inLanguage":"es","@id":"https:\/\/iraurgiberritzen.eus\/es\/iraurgi-berritzen-organiza-una-sesion-de-trabajo-sobre-el-intraemprendimiento-dirigida-a-las-empresas-industriales\/#primaryimage","url":"https:\/\/iraurgiberritzen.eus\/wp-content\/uploads\/2023\/09\/58c14d04ea7d9b2910e24aef05b926e1.jpg","contentUrl":"https:\/\/iraurgiberritzen.eus\/wp-content\/uploads\/2023\/09\/58c14d04ea7d9b2910e24aef05b926e1.jpg","width":400,"height":225},{"@type":"BreadcrumbList","@id":"https:\/\/iraurgiberritzen.eus\/es\/iraurgi-berritzen-organiza-una-sesion-de-trabajo-sobre-el-intraemprendimiento-dirigida-a-las-empresas-industriales\/#breadcrumb","itemListElement":[{"@type":"ListItem","position":1,"name":"Home","item":"https:\/\/iraurgiberritzen.eus\/es\/"},{"@type":"ListItem","position":2,"name":"Iraurgi Berritzen organiza una sesi\u00f3n de trabajo sobre el intraemprendimiento dirigida a las empresas industriales"}]},{"@type":"WebSite","@id":"https:\/\/iraurgiberritzen.eus\/es\/#website","url":"https:\/\/iraurgiberritzen.eus\/es\/","name":"Iraurgi Berritzen","description":"Urola Erdiko Garapen Agentzia","publisher":{"@id":"https:\/\/iraurgiberritzen.eus\/es\/#organization"},"potentialAction":[{"@type":"SearchAction","target":{"@type":"EntryPoint","urlTemplate":"https:\/\/iraurgiberritzen.eus\/es\/?s={search_term_string}"},"query-input":{"@type":"PropertyValueSpecification","valueRequired":true,"valueName":"search_term_string"}}],"inLanguage":"es"},{"@type":"Organization","@id":"https:\/\/iraurgiberritzen.eus\/es\/#organization","name":"Iraurgi Berritzen","url":"https:\/\/iraurgiberritzen.eus\/es\/","logo":{"@type":"ImageObject","inLanguage":"es","@id":"https:\/\/iraurgiberritzen.eus\/es\/#\/schema\/logo\/image\/","url":"https:\/\/iraurgiberritzen.eus\/wp-content\/uploads\/2024\/02\/IRAURGI-BERRITZEN-logotipoa_2.png","contentUrl":"https:\/\/iraurgiberritzen.eus\/wp-content\/uploads\/2024\/02\/IRAURGI-BERRITZEN-logotipoa_2.png","width":496,"height":190,"caption":"Iraurgi Berritzen"},"image":{"@id":"https:\/\/iraurgiberritzen.eus\/es\/#\/schema\/logo\/image\/"}},{"@type":"Person","@id":"https:\/\/iraurgiberritzen.eus\/es\/#\/schema\/person\/5ab41aaf388a9097177601ebf45738d2","name":"kudeatzailea","sameAs":["https:\/\/iraurgiberritzen.eus"]}]}},"_links":{"self":[{"href":"https:\/\/iraurgiberritzen.eus\/es\/wp-json\/wp\/v2\/posts\/14125","targetHints":{"allow":["GET"]}}],"collection":[{"href":"https:\/\/iraurgiberritzen.eus\/es\/wp-json\/wp\/v2\/posts"}],"about":[{"href":"https:\/\/iraurgiberritzen.eus\/es\/wp-json\/wp\/v2\/types\/post"}],"author":[{"embeddable":true,"href":"https:\/\/iraurgiberritzen.eus\/es\/wp-json\/wp\/v2\/users\/1"}],"replies":[{"embeddable":true,"href":"https:\/\/iraurgiberritzen.eus\/es\/wp-json\/wp\/v2\/comments?post=14125"}],"version-history":[{"count":0,"href":"https:\/\/iraurgiberritzen.eus\/es\/wp-json\/wp\/v2\/posts\/14125\/revisions"}],"wp:featuredmedia":[{"embeddable":true,"href":"https:\/\/iraurgiberritzen.eus\/es\/wp-json\/wp\/v2\/media\/17340"}],"wp:attachment":[{"href":"https:\/\/iraurgiberritzen.eus\/es\/wp-json\/wp\/v2\/media?parent=14125"}],"wp:term":[{"taxonomy":"category","embeddable":true,"href":"https:\/\/iraurgiberritzen.eus\/es\/wp-json\/wp\/v2\/categories?post=14125"},{"taxonomy":"post_tag","embeddable":true,"href":"https:\/\/iraurgiberritzen.eus\/es\/wp-json\/wp\/v2\/tags?post=14125"}],"curies":[{"name":"wp","href":"https:\/\/api.w.org\/{rel}","templated":true}]}}