{"id":14140,"date":"2022-11-04T09:10:41","date_gmt":"2022-11-04T07:10:41","guid":{"rendered":"https:\/\/iraurgiberritzen.eus\/jornada-aspectos-clave-del-relevo-generacional-en-el-sector-de-la-construccion-y-gremios\/"},"modified":"2022-11-04T09:10:41","modified_gmt":"2022-11-04T07:10:41","slug":"jornada-aspectos-clave-del-relevo-generacional-en-el-sector-de-la-construccion-y-gremios","status":"publish","type":"post","link":"https:\/\/iraurgiberritzen.eus\/es\/jornada-aspectos-clave-del-relevo-generacional-en-el-sector-de-la-construccion-y-gremios\/","title":{"rendered":"Jornada; Aspectos clave del relevo generacional en el sector de la construcci\u00f3n y gremios"},"content":{"rendered":"<p style=\"text-align: justify;\">Desde el \u00e1rea de emprendizaje de Iraurgi Berritzen se ha abordado el tema del relevo generacional en el \u00e1mbito del comercio local en los \u00faltimos dos o tres a\u00f1os, pero lo cierto es que el problema no se limita a una actividad concreta, sino que el problema del relevo es gen\u00e9rico.<\/p>\n<p style=\"text-align: justify;\">As\u00ed lo ha constatado el equipo de trabajo que se ha acercado a varias empresas del sector de la construcci\u00f3n preguntando por temas de empleo. La gente no est\u00e1 dispuesta a asumir las actividades de construcci\u00f3n como profesi\u00f3n, por el sacrificio y dedicaci\u00f3n que requieren.<\/p>\n<p style=\"text-align: justify;\">Ante esta situaci\u00f3n, Iraurgi Berritzen ha organizado una jornada dirigida a un colectivo poco habitual, como son las empresas del sector de la construcci\u00f3n y gremios. En ella se trabajar\u00e1n los aspectos clave del traspaso, de la mano de expertos de PKF Attest, y a continuaci\u00f3n Arotzgi (asociaci\u00f3n de carpinteros de Gipuzkoa) e Instagi (asociaci\u00f3n de instaladores de Gipuzkoa) presentaran el servicio de relevo generacional que tienen.<\/p>\n<p style=\"text-align: justify;\">El objetivo de la jornada es evitar el cierre de negocios rentables y dar a conocer los recursos que hay para ello, comenzado con una planificaci\u00f3n adecuada.<\/p>\n<p style=\"text-align: justify;\">Por todo ello, en caso de estar pensando en la jubilaci\u00f3n o la prejubilaci\u00f3n como posibilidad, rentabilizar la inversi\u00f3n realizada en el negocio o que los trabajadores contin\u00faen con la actividad, esta jornada se ha dise\u00f1ado para t\u00ed, siempre en el \u00e1mbito de la actividad de construcci\u00f3n y gremios.<\/p>\n<p>Ver <a href=\"images\/iraurgiberritzen\/berriak\/2022\/ERAIKUNTZA_JARDUNALDIA_ES.pdf\">cartel<\/a> con toda la informaci\u00f3n.<\/p>\n<p>Para inscribirte pincha en el siguiente <a href=\"https:\/\/forms.office.com\/pages\/responsepage.aspx?id=S5DeT3Jq90W0WLjBrBndp35tsmE-zRFMhTF8UPDci5lUMU1SUVBGSU8yTk5SUjRRWTUyTE85NE1UMi4u\" target=\"_blank\" rel=\"noopener\">enlace<\/a>.<\/p>\n<p>&nbsp;<\/p>\n","protected":false},"excerpt":{"rendered":"<p>Desde el \u00e1rea de emprendizaje de Iraurgi Berritzen se ha abordado el tema del relevo generacional en el \u00e1mbito del comercio local en los \u00faltimos dos o tres a\u00f1os, pero lo cierto es que el problema no se limita a una actividad concreta, sino que el problema del relevo es gen\u00e9rico. As\u00ed lo ha constatado [&hellip;]<\/p>\n","protected":false},"author":1,"featured_media":17326,"comment_status":"","ping_status":"closed","sticky":false,"template":"","format":"standard","meta":{"_acf_changed":false,"footnotes":""},"categories":[4],"tags":[],"class_list":["post-14140","post","type-post","status-publish","format-standard","has-post-thumbnail","hentry","category-noticias"],"acf":[],"yoast_head":"<!-- This site is optimized with the Yoast SEO plugin v27.4 - https:\/\/yoast.com\/product\/yoast-seo-wordpress\/ -->\n<title>Jornada; Aspectos clave del relevo generacional en el sector de la construcci\u00f3n y gremios - Iraurgi Berritzen<\/title>\n<meta name=\"robots\" content=\"index, follow, max-snippet:-1, max-image-preview:large, max-video-preview:-1\" \/>\n<link rel=\"canonical\" href=\"https:\/\/iraurgiberritzen.eus\/es\/jornada-aspectos-clave-del-relevo-generacional-en-el-sector-de-la-construccion-y-gremios\/\" \/>\n<meta property=\"og:locale\" content=\"es_ES\" \/>\n<meta property=\"og:type\" content=\"article\" \/>\n<meta property=\"og:title\" content=\"Jornada; Aspectos clave del relevo generacional en el sector de la construcci\u00f3n y gremios - Iraurgi Berritzen\" \/>\n<meta property=\"og:description\" content=\"Desde el \u00e1rea de emprendizaje de Iraurgi Berritzen se ha abordado el tema del relevo generacional en el \u00e1mbito del comercio local en los \u00faltimos dos o tres a\u00f1os, pero lo cierto es que el problema no se limita a una actividad concreta, sino que el problema del relevo es gen\u00e9rico. As\u00ed lo ha constatado [&hellip;]\" \/>\n<meta property=\"og:url\" content=\"https:\/\/iraurgiberritzen.eus\/es\/jornada-aspectos-clave-del-relevo-generacional-en-el-sector-de-la-construccion-y-gremios\/\" \/>\n<meta property=\"og:site_name\" content=\"Iraurgi Berritzen\" \/>\n<meta property=\"article:published_time\" content=\"2022-11-04T07:10:41+00:00\" \/>\n<meta name=\"author\" content=\"kudeatzailea\" \/>\n<meta name=\"twitter:card\" content=\"summary_large_image\" \/>\n<meta name=\"twitter:label1\" content=\"Escrito por\" \/>\n\t<meta name=\"twitter:data1\" content=\"kudeatzailea\" \/>\n\t<meta name=\"twitter:label2\" content=\"Tiempo de lectura\" \/>\n\t<meta name=\"twitter:data2\" content=\"1 minuto\" \/>\n<script type=\"application\/ld+json\" class=\"yoast-schema-graph\">{\"@context\":\"https:\\\/\\\/schema.org\",\"@graph\":[{\"@type\":\"Article\",\"@id\":\"https:\\\/\\\/iraurgiberritzen.eus\\\/es\\\/jornada-aspectos-clave-del-relevo-generacional-en-el-sector-de-la-construccion-y-gremios\\\/#article\",\"isPartOf\":{\"@id\":\"https:\\\/\\\/iraurgiberritzen.eus\\\/es\\\/jornada-aspectos-clave-del-relevo-generacional-en-el-sector-de-la-construccion-y-gremios\\\/\"},\"author\":{\"name\":\"kudeatzailea\",\"@id\":\"https:\\\/\\\/iraurgiberritzen.eus\\\/es\\\/#\\\/schema\\\/person\\\/5ab41aaf388a9097177601ebf45738d2\"},\"headline\":\"Jornada; Aspectos clave del relevo generacional en el sector de la construcci\u00f3n y gremios\",\"datePublished\":\"2022-11-04T07:10:41+00:00\",\"mainEntityOfPage\":{\"@id\":\"https:\\\/\\\/iraurgiberritzen.eus\\\/es\\\/jornada-aspectos-clave-del-relevo-generacional-en-el-sector-de-la-construccion-y-gremios\\\/\"},\"wordCount\":288,\"publisher\":{\"@id\":\"https:\\\/\\\/iraurgiberritzen.eus\\\/es\\\/#organization\"},\"image\":{\"@id\":\"https:\\\/\\\/iraurgiberritzen.eus\\\/es\\\/jornada-aspectos-clave-del-relevo-generacional-en-el-sector-de-la-construccion-y-gremios\\\/#primaryimage\"},\"thumbnailUrl\":\"https:\\\/\\\/iraurgiberritzen.eus\\\/wp-content\\\/uploads\\\/2023\\\/09\\\/382b8d3782570445d756f78552586f35.jpg\",\"articleSection\":[\"Noticias\"],\"inLanguage\":\"es\"},{\"@type\":\"WebPage\",\"@id\":\"https:\\\/\\\/iraurgiberritzen.eus\\\/es\\\/jornada-aspectos-clave-del-relevo-generacional-en-el-sector-de-la-construccion-y-gremios\\\/\",\"url\":\"https:\\\/\\\/iraurgiberritzen.eus\\\/es\\\/jornada-aspectos-clave-del-relevo-generacional-en-el-sector-de-la-construccion-y-gremios\\\/\",\"name\":\"Jornada; Aspectos clave del relevo generacional en el sector de la construcci\u00f3n y gremios - Iraurgi Berritzen\",\"isPartOf\":{\"@id\":\"https:\\\/\\\/iraurgiberritzen.eus\\\/es\\\/#website\"},\"primaryImageOfPage\":{\"@id\":\"https:\\\/\\\/iraurgiberritzen.eus\\\/es\\\/jornada-aspectos-clave-del-relevo-generacional-en-el-sector-de-la-construccion-y-gremios\\\/#primaryimage\"},\"image\":{\"@id\":\"https:\\\/\\\/iraurgiberritzen.eus\\\/es\\\/jornada-aspectos-clave-del-relevo-generacional-en-el-sector-de-la-construccion-y-gremios\\\/#primaryimage\"},\"thumbnailUrl\":\"https:\\\/\\\/iraurgiberritzen.eus\\\/wp-content\\\/uploads\\\/2023\\\/09\\\/382b8d3782570445d756f78552586f35.jpg\",\"datePublished\":\"2022-11-04T07:10:41+00:00\",\"breadcrumb\":{\"@id\":\"https:\\\/\\\/iraurgiberritzen.eus\\\/es\\\/jornada-aspectos-clave-del-relevo-generacional-en-el-sector-de-la-construccion-y-gremios\\\/#breadcrumb\"},\"inLanguage\":\"es\",\"potentialAction\":[{\"@type\":\"ReadAction\",\"target\":[\"https:\\\/\\\/iraurgiberritzen.eus\\\/es\\\/jornada-aspectos-clave-del-relevo-generacional-en-el-sector-de-la-construccion-y-gremios\\\/\"]}]},{\"@type\":\"ImageObject\",\"inLanguage\":\"es\",\"@id\":\"https:\\\/\\\/iraurgiberritzen.eus\\\/es\\\/jornada-aspectos-clave-del-relevo-generacional-en-el-sector-de-la-construccion-y-gremios\\\/#primaryimage\",\"url\":\"https:\\\/\\\/iraurgiberritzen.eus\\\/wp-content\\\/uploads\\\/2023\\\/09\\\/382b8d3782570445d756f78552586f35.jpg\",\"contentUrl\":\"https:\\\/\\\/iraurgiberritzen.eus\\\/wp-content\\\/uploads\\\/2023\\\/09\\\/382b8d3782570445d756f78552586f35.jpg\",\"width\":400,\"height\":257},{\"@type\":\"BreadcrumbList\",\"@id\":\"https:\\\/\\\/iraurgiberritzen.eus\\\/es\\\/jornada-aspectos-clave-del-relevo-generacional-en-el-sector-de-la-construccion-y-gremios\\\/#breadcrumb\",\"itemListElement\":[{\"@type\":\"ListItem\",\"position\":1,\"name\":\"Home\",\"item\":\"https:\\\/\\\/iraurgiberritzen.eus\\\/es\\\/\"},{\"@type\":\"ListItem\",\"position\":2,\"name\":\"Jornada; Aspectos clave del relevo generacional en el sector de la construcci\u00f3n y gremios\"}]},{\"@type\":\"WebSite\",\"@id\":\"https:\\\/\\\/iraurgiberritzen.eus\\\/es\\\/#website\",\"url\":\"https:\\\/\\\/iraurgiberritzen.eus\\\/es\\\/\",\"name\":\"Iraurgi Berritzen\",\"description\":\"Urola Erdiko Garapen Agentzia\",\"publisher\":{\"@id\":\"https:\\\/\\\/iraurgiberritzen.eus\\\/es\\\/#organization\"},\"potentialAction\":[{\"@type\":\"SearchAction\",\"target\":{\"@type\":\"EntryPoint\",\"urlTemplate\":\"https:\\\/\\\/iraurgiberritzen.eus\\\/es\\\/?s={search_term_string}\"},\"query-input\":{\"@type\":\"PropertyValueSpecification\",\"valueRequired\":true,\"valueName\":\"search_term_string\"}}],\"inLanguage\":\"es\"},{\"@type\":\"Organization\",\"@id\":\"https:\\\/\\\/iraurgiberritzen.eus\\\/es\\\/#organization\",\"name\":\"Iraurgi Berritzen\",\"url\":\"https:\\\/\\\/iraurgiberritzen.eus\\\/es\\\/\",\"logo\":{\"@type\":\"ImageObject\",\"inLanguage\":\"es\",\"@id\":\"https:\\\/\\\/iraurgiberritzen.eus\\\/es\\\/#\\\/schema\\\/logo\\\/image\\\/\",\"url\":\"https:\\\/\\\/iraurgiberritzen.eus\\\/wp-content\\\/uploads\\\/2024\\\/02\\\/IRAURGI-BERRITZEN-logotipoa_2.png\",\"contentUrl\":\"https:\\\/\\\/iraurgiberritzen.eus\\\/wp-content\\\/uploads\\\/2024\\\/02\\\/IRAURGI-BERRITZEN-logotipoa_2.png\",\"width\":496,\"height\":190,\"caption\":\"Iraurgi Berritzen\"},\"image\":{\"@id\":\"https:\\\/\\\/iraurgiberritzen.eus\\\/es\\\/#\\\/schema\\\/logo\\\/image\\\/\"}},{\"@type\":\"Person\",\"@id\":\"https:\\\/\\\/iraurgiberritzen.eus\\\/es\\\/#\\\/schema\\\/person\\\/5ab41aaf388a9097177601ebf45738d2\",\"name\":\"kudeatzailea\",\"sameAs\":[\"https:\\\/\\\/iraurgiberritzen.eus\"]}]}<\/script>\n<!-- \/ Yoast SEO plugin. -->","yoast_head_json":{"title":"Jornada; Aspectos clave del relevo generacional en el sector de la construcci\u00f3n y gremios - Iraurgi Berritzen","robots":{"index":"index","follow":"follow","max-snippet":"max-snippet:-1","max-image-preview":"max-image-preview:large","max-video-preview":"max-video-preview:-1"},"canonical":"https:\/\/iraurgiberritzen.eus\/es\/jornada-aspectos-clave-del-relevo-generacional-en-el-sector-de-la-construccion-y-gremios\/","og_locale":"es_ES","og_type":"article","og_title":"Jornada; Aspectos clave del relevo generacional en el sector de la construcci\u00f3n y gremios - Iraurgi Berritzen","og_description":"Desde el \u00e1rea de emprendizaje de Iraurgi Berritzen se ha abordado el tema del relevo generacional en el \u00e1mbito del comercio local en los \u00faltimos dos o tres a\u00f1os, pero lo cierto es que el problema no se limita a una actividad concreta, sino que el problema del relevo es gen\u00e9rico. As\u00ed lo ha constatado [&hellip;]","og_url":"https:\/\/iraurgiberritzen.eus\/es\/jornada-aspectos-clave-del-relevo-generacional-en-el-sector-de-la-construccion-y-gremios\/","og_site_name":"Iraurgi Berritzen","article_published_time":"2022-11-04T07:10:41+00:00","author":"kudeatzailea","twitter_card":"summary_large_image","twitter_misc":{"Escrito por":"kudeatzailea","Tiempo de lectura":"1 minuto"},"schema":{"@context":"https:\/\/schema.org","@graph":[{"@type":"Article","@id":"https:\/\/iraurgiberritzen.eus\/es\/jornada-aspectos-clave-del-relevo-generacional-en-el-sector-de-la-construccion-y-gremios\/#article","isPartOf":{"@id":"https:\/\/iraurgiberritzen.eus\/es\/jornada-aspectos-clave-del-relevo-generacional-en-el-sector-de-la-construccion-y-gremios\/"},"author":{"name":"kudeatzailea","@id":"https:\/\/iraurgiberritzen.eus\/es\/#\/schema\/person\/5ab41aaf388a9097177601ebf45738d2"},"headline":"Jornada; Aspectos clave del relevo generacional en el sector de la construcci\u00f3n y gremios","datePublished":"2022-11-04T07:10:41+00:00","mainEntityOfPage":{"@id":"https:\/\/iraurgiberritzen.eus\/es\/jornada-aspectos-clave-del-relevo-generacional-en-el-sector-de-la-construccion-y-gremios\/"},"wordCount":288,"publisher":{"@id":"https:\/\/iraurgiberritzen.eus\/es\/#organization"},"image":{"@id":"https:\/\/iraurgiberritzen.eus\/es\/jornada-aspectos-clave-del-relevo-generacional-en-el-sector-de-la-construccion-y-gremios\/#primaryimage"},"thumbnailUrl":"https:\/\/iraurgiberritzen.eus\/wp-content\/uploads\/2023\/09\/382b8d3782570445d756f78552586f35.jpg","articleSection":["Noticias"],"inLanguage":"es"},{"@type":"WebPage","@id":"https:\/\/iraurgiberritzen.eus\/es\/jornada-aspectos-clave-del-relevo-generacional-en-el-sector-de-la-construccion-y-gremios\/","url":"https:\/\/iraurgiberritzen.eus\/es\/jornada-aspectos-clave-del-relevo-generacional-en-el-sector-de-la-construccion-y-gremios\/","name":"Jornada; Aspectos clave del relevo generacional en el sector de la construcci\u00f3n y gremios - Iraurgi Berritzen","isPartOf":{"@id":"https:\/\/iraurgiberritzen.eus\/es\/#website"},"primaryImageOfPage":{"@id":"https:\/\/iraurgiberritzen.eus\/es\/jornada-aspectos-clave-del-relevo-generacional-en-el-sector-de-la-construccion-y-gremios\/#primaryimage"},"image":{"@id":"https:\/\/iraurgiberritzen.eus\/es\/jornada-aspectos-clave-del-relevo-generacional-en-el-sector-de-la-construccion-y-gremios\/#primaryimage"},"thumbnailUrl":"https:\/\/iraurgiberritzen.eus\/wp-content\/uploads\/2023\/09\/382b8d3782570445d756f78552586f35.jpg","datePublished":"2022-11-04T07:10:41+00:00","breadcrumb":{"@id":"https:\/\/iraurgiberritzen.eus\/es\/jornada-aspectos-clave-del-relevo-generacional-en-el-sector-de-la-construccion-y-gremios\/#breadcrumb"},"inLanguage":"es","potentialAction":[{"@type":"ReadAction","target":["https:\/\/iraurgiberritzen.eus\/es\/jornada-aspectos-clave-del-relevo-generacional-en-el-sector-de-la-construccion-y-gremios\/"]}]},{"@type":"ImageObject","inLanguage":"es","@id":"https:\/\/iraurgiberritzen.eus\/es\/jornada-aspectos-clave-del-relevo-generacional-en-el-sector-de-la-construccion-y-gremios\/#primaryimage","url":"https:\/\/iraurgiberritzen.eus\/wp-content\/uploads\/2023\/09\/382b8d3782570445d756f78552586f35.jpg","contentUrl":"https:\/\/iraurgiberritzen.eus\/wp-content\/uploads\/2023\/09\/382b8d3782570445d756f78552586f35.jpg","width":400,"height":257},{"@type":"BreadcrumbList","@id":"https:\/\/iraurgiberritzen.eus\/es\/jornada-aspectos-clave-del-relevo-generacional-en-el-sector-de-la-construccion-y-gremios\/#breadcrumb","itemListElement":[{"@type":"ListItem","position":1,"name":"Home","item":"https:\/\/iraurgiberritzen.eus\/es\/"},{"@type":"ListItem","position":2,"name":"Jornada; Aspectos clave del relevo generacional en el sector de la construcci\u00f3n y gremios"}]},{"@type":"WebSite","@id":"https:\/\/iraurgiberritzen.eus\/es\/#website","url":"https:\/\/iraurgiberritzen.eus\/es\/","name":"Iraurgi Berritzen","description":"Urola Erdiko Garapen Agentzia","publisher":{"@id":"https:\/\/iraurgiberritzen.eus\/es\/#organization"},"potentialAction":[{"@type":"SearchAction","target":{"@type":"EntryPoint","urlTemplate":"https:\/\/iraurgiberritzen.eus\/es\/?s={search_term_string}"},"query-input":{"@type":"PropertyValueSpecification","valueRequired":true,"valueName":"search_term_string"}}],"inLanguage":"es"},{"@type":"Organization","@id":"https:\/\/iraurgiberritzen.eus\/es\/#organization","name":"Iraurgi Berritzen","url":"https:\/\/iraurgiberritzen.eus\/es\/","logo":{"@type":"ImageObject","inLanguage":"es","@id":"https:\/\/iraurgiberritzen.eus\/es\/#\/schema\/logo\/image\/","url":"https:\/\/iraurgiberritzen.eus\/wp-content\/uploads\/2024\/02\/IRAURGI-BERRITZEN-logotipoa_2.png","contentUrl":"https:\/\/iraurgiberritzen.eus\/wp-content\/uploads\/2024\/02\/IRAURGI-BERRITZEN-logotipoa_2.png","width":496,"height":190,"caption":"Iraurgi Berritzen"},"image":{"@id":"https:\/\/iraurgiberritzen.eus\/es\/#\/schema\/logo\/image\/"}},{"@type":"Person","@id":"https:\/\/iraurgiberritzen.eus\/es\/#\/schema\/person\/5ab41aaf388a9097177601ebf45738d2","name":"kudeatzailea","sameAs":["https:\/\/iraurgiberritzen.eus"]}]}},"_links":{"self":[{"href":"https:\/\/iraurgiberritzen.eus\/es\/wp-json\/wp\/v2\/posts\/14140","targetHints":{"allow":["GET"]}}],"collection":[{"href":"https:\/\/iraurgiberritzen.eus\/es\/wp-json\/wp\/v2\/posts"}],"about":[{"href":"https:\/\/iraurgiberritzen.eus\/es\/wp-json\/wp\/v2\/types\/post"}],"author":[{"embeddable":true,"href":"https:\/\/iraurgiberritzen.eus\/es\/wp-json\/wp\/v2\/users\/1"}],"replies":[{"embeddable":true,"href":"https:\/\/iraurgiberritzen.eus\/es\/wp-json\/wp\/v2\/comments?post=14140"}],"version-history":[{"count":0,"href":"https:\/\/iraurgiberritzen.eus\/es\/wp-json\/wp\/v2\/posts\/14140\/revisions"}],"wp:featuredmedia":[{"embeddable":true,"href":"https:\/\/iraurgiberritzen.eus\/es\/wp-json\/wp\/v2\/media\/17326"}],"wp:attachment":[{"href":"https:\/\/iraurgiberritzen.eus\/es\/wp-json\/wp\/v2\/media?parent=14140"}],"wp:term":[{"taxonomy":"category","embeddable":true,"href":"https:\/\/iraurgiberritzen.eus\/es\/wp-json\/wp\/v2\/categories?post=14140"},{"taxonomy":"post_tag","embeddable":true,"href":"https:\/\/iraurgiberritzen.eus\/es\/wp-json\/wp\/v2\/tags?post=14140"}],"curies":[{"name":"wp","href":"https:\/\/api.w.org\/{rel}","templated":true}]}}