{"id":14149,"date":"2022-11-08T13:17:29","date_gmt":"2022-11-08T11:17:29","guid":{"rendered":"https:\/\/iraurgiberritzen.eus\/el-desempleo-sigue-a-pesar-de-la-situacion-de-incertidumbre-en-la-que-se-encuentra-la-economia\/"},"modified":"2022-11-08T13:17:29","modified_gmt":"2022-11-08T11:17:29","slug":"el-desempleo-sigue-a-pesar-de-la-situacion-de-incertidumbre-en-la-que-se-encuentra-la-economia","status":"publish","type":"post","link":"https:\/\/iraurgiberritzen.eus\/es\/el-desempleo-sigue-a-pesar-de-la-situacion-de-incertidumbre-en-la-que-se-encuentra-la-economia\/","title":{"rendered":"El desempleo sigue a pesar de la situaci\u00f3n de incertidumbre en la que se encuentra la econom\u00eda"},"content":{"rendered":"<p style=\"text-align: justify;\">Seg\u00fan el Servicio Vasco de Empleo-Lanbide, a finales de octubre de 2022 en Urola Erdia se han contabilizado 1.213 ciudadanos en situaci\u00f3n de desempleo. A pesar de la situaci\u00f3n de incertidumbre que se vive en el \u00e1mbito socioecon\u00f3mico durante los \u00faltimos meses, se mantiene estable el n\u00famero de personas contabilizadas en situaci\u00f3n de desempleo y tan s\u00f3lo se han contabilizado dos parados m\u00e1s que en el mismo mes del a\u00f1o pasado.<\/p>\n<p style=\"text-align: justify;\">Seg\u00fan las estimaciones de Iraurgi Berritzen, a finales de octubre, el \u00edndice de desempleo de Urola Erdia se sit\u00faa en un 7,6%, un 5,9% en los hombres y un 9,5% en las mujeres. Por el contrario, a finales de Octubre, el \u00edndice de desempleo de Gipuzkoa y de la CAPV se sit\u00faa en el 8,3% y 10,4%, respectivamente.<\/p>\n<p style=\"text-align: justify;\"><span style=\"text-decoration: underline;\">Evoluciones dispares en los indicadores del Mercado de Trabajo<\/span><\/p>\n<p style=\"text-align: justify;\">En lo que respecta al tercer trimestre del a\u00f1o, se observan diferentes evoluciones en los diferentes indicadores del mercado laboral. Entre otros, se pueden destacar los siguientes puntos:<\/p>\n<ul style=\"text-align: justify;\">\n<li>En cuanto al n\u00famero de afiliaciones contabilizadas en Urola Erdia, a finales de septiembre se han contabilizado 13.175 afiliados en la comarca. Aunque el n\u00famero de afiliaciones se ha reducido en el tercer trimestre del a\u00f1o, se han contabilizado en la comarca 300 afiliados m\u00e1s que en Septiembre de 2021, sobre todo, gracias al sector industrial. El 43,4% de las afiliaciones contabilizadas en la comarca a finales de septiembre se destina al sector industrial.<\/li>\n<li>En cuanto a la evoluci\u00f3n de los contratos, entre Julio y Septiembre de 2022 se han contabilizado 1.598 contratos en Urola Erdia, un 14,4% menos que en el mismo trimestre del a\u00f1o anterior. La mayor parte de los contratos se concentra en sector servicios, un 63,8% del total. Por otro lado, el 27,4% de los contratos registrados en el trimestre se han destinado al sector industrial. Asimismo, el 60,8% de los contratos contabilizados en el trimestre han sido de naturaleza temporal.En lo que se refiere a los Expedientes de Garant\u00eda de Ingresos (RGI), el n\u00famero de expedientes contabilizados en Urola Erdia sigue en l\u00ednea descendente y se han contabilizado un total de 519 expedientes, 24 menos que en el mismo mes del a\u00f1o pasado. Enconclusi\u00f3n, durante el \u00faltimo a\u00f1o se ha registrado un descenso del 4,4% en la comarca.<\/li>\n<li>Por \u00faltimo, a finales de septiembre, se han contabilizado 3 Expedientes de Regulaci\u00f3n Temporal de Empleo (ERTE) vigentes en Urola Erdia. Estos expedientes afectan a un total de 111 trabajadores.<\/li>\n<\/ul>\n<p style=\"text-align: justify;\">Iraurgi Berritzen continuar\u00e1 en los pr\u00f3ximos meses analizando detenidamente los indicadores socioecon\u00f3micos de la comarca, con el objetivo de conocer en todo momento la evoluci\u00f3n del mercado de trabajo comarcal y adecuar las pol\u00edticas de promoci\u00f3n comarcal a las necesidades del momento.<\/p>\n<p style=\"text-align: center;\"><img loading=\"lazy\" decoding=\"async\" src=\"images\/LanMerkatua_2022-3H_1.png\" alt=\"LanMerkatua_2022-3H_1.png\" width=\"488\" height=\"1067\" style=\"display: block; margin-left: auto; margin-right: auto;\" \/><\/p>\n","protected":false},"excerpt":{"rendered":"<p>Seg\u00fan el Servicio Vasco de Empleo-Lanbide, a finales de octubre de 2022 en Urola Erdia se han contabilizado 1.213 ciudadanos en situaci\u00f3n de desempleo. A pesar de la situaci\u00f3n de incertidumbre que se vive en el \u00e1mbito socioecon\u00f3mico durante los \u00faltimos meses, se mantiene estable el n\u00famero de personas contabilizadas en situaci\u00f3n de desempleo y [&hellip;]<\/p>\n","protected":false},"author":1,"featured_media":17329,"comment_status":"","ping_status":"closed","sticky":false,"template":"","format":"standard","meta":{"_acf_changed":false,"footnotes":""},"categories":[4],"tags":[],"class_list":["post-14149","post","type-post","status-publish","format-standard","has-post-thumbnail","hentry","category-noticias"],"acf":[],"yoast_head":"<!-- This site is optimized with the Yoast SEO plugin v27.4 - https:\/\/yoast.com\/product\/yoast-seo-wordpress\/ -->\n<title>El desempleo sigue a pesar de la situaci\u00f3n de incertidumbre en la que se encuentra la econom\u00eda - Iraurgi Berritzen<\/title>\n<meta name=\"robots\" content=\"index, follow, max-snippet:-1, max-image-preview:large, max-video-preview:-1\" \/>\n<link rel=\"canonical\" href=\"https:\/\/iraurgiberritzen.eus\/es\/el-desempleo-sigue-a-pesar-de-la-situacion-de-incertidumbre-en-la-que-se-encuentra-la-economia\/\" \/>\n<meta property=\"og:locale\" content=\"es_ES\" \/>\n<meta property=\"og:type\" content=\"article\" \/>\n<meta property=\"og:title\" content=\"El desempleo sigue a pesar de la situaci\u00f3n de incertidumbre en la que se encuentra la econom\u00eda - Iraurgi Berritzen\" \/>\n<meta property=\"og:description\" content=\"Seg\u00fan el Servicio Vasco de Empleo-Lanbide, a finales de octubre de 2022 en Urola Erdia se han contabilizado 1.213 ciudadanos en situaci\u00f3n de desempleo. A pesar de la situaci\u00f3n de incertidumbre que se vive en el \u00e1mbito socioecon\u00f3mico durante los \u00faltimos meses, se mantiene estable el n\u00famero de personas contabilizadas en situaci\u00f3n de desempleo y [&hellip;]\" \/>\n<meta property=\"og:url\" content=\"https:\/\/iraurgiberritzen.eus\/es\/el-desempleo-sigue-a-pesar-de-la-situacion-de-incertidumbre-en-la-que-se-encuentra-la-economia\/\" \/>\n<meta property=\"og:site_name\" content=\"Iraurgi Berritzen\" \/>\n<meta property=\"article:published_time\" content=\"2022-11-08T11:17:29+00:00\" \/>\n<meta name=\"author\" content=\"kudeatzailea\" \/>\n<meta name=\"twitter:card\" content=\"summary_large_image\" \/>\n<meta name=\"twitter:label1\" content=\"Escrito por\" \/>\n\t<meta name=\"twitter:data1\" content=\"kudeatzailea\" \/>\n\t<meta name=\"twitter:label2\" content=\"Tiempo de lectura\" \/>\n\t<meta name=\"twitter:data2\" content=\"2 minutos\" \/>\n<script type=\"application\/ld+json\" class=\"yoast-schema-graph\">{\"@context\":\"https:\\\/\\\/schema.org\",\"@graph\":[{\"@type\":\"Article\",\"@id\":\"https:\\\/\\\/iraurgiberritzen.eus\\\/es\\\/el-desempleo-sigue-a-pesar-de-la-situacion-de-incertidumbre-en-la-que-se-encuentra-la-economia\\\/#article\",\"isPartOf\":{\"@id\":\"https:\\\/\\\/iraurgiberritzen.eus\\\/es\\\/el-desempleo-sigue-a-pesar-de-la-situacion-de-incertidumbre-en-la-que-se-encuentra-la-economia\\\/\"},\"author\":{\"name\":\"kudeatzailea\",\"@id\":\"https:\\\/\\\/iraurgiberritzen.eus\\\/es\\\/#\\\/schema\\\/person\\\/5ab41aaf388a9097177601ebf45738d2\"},\"headline\":\"El desempleo sigue a pesar de la situaci\u00f3n de incertidumbre en la que se encuentra la econom\u00eda\",\"datePublished\":\"2022-11-08T11:17:29+00:00\",\"mainEntityOfPage\":{\"@id\":\"https:\\\/\\\/iraurgiberritzen.eus\\\/es\\\/el-desempleo-sigue-a-pesar-de-la-situacion-de-incertidumbre-en-la-que-se-encuentra-la-economia\\\/\"},\"wordCount\":480,\"publisher\":{\"@id\":\"https:\\\/\\\/iraurgiberritzen.eus\\\/es\\\/#organization\"},\"image\":{\"@id\":\"https:\\\/\\\/iraurgiberritzen.eus\\\/es\\\/el-desempleo-sigue-a-pesar-de-la-situacion-de-incertidumbre-en-la-que-se-encuentra-la-economia\\\/#primaryimage\"},\"thumbnailUrl\":\"https:\\\/\\\/iraurgiberritzen.eus\\\/wp-content\\\/uploads\\\/2023\\\/09\\\/2decf24e5eeb84ac85b23c4377295614.jpg\",\"articleSection\":[\"Noticias\"],\"inLanguage\":\"es\"},{\"@type\":\"WebPage\",\"@id\":\"https:\\\/\\\/iraurgiberritzen.eus\\\/es\\\/el-desempleo-sigue-a-pesar-de-la-situacion-de-incertidumbre-en-la-que-se-encuentra-la-economia\\\/\",\"url\":\"https:\\\/\\\/iraurgiberritzen.eus\\\/es\\\/el-desempleo-sigue-a-pesar-de-la-situacion-de-incertidumbre-en-la-que-se-encuentra-la-economia\\\/\",\"name\":\"El desempleo sigue a pesar de la situaci\u00f3n de incertidumbre en la que se encuentra la econom\u00eda - Iraurgi Berritzen\",\"isPartOf\":{\"@id\":\"https:\\\/\\\/iraurgiberritzen.eus\\\/es\\\/#website\"},\"primaryImageOfPage\":{\"@id\":\"https:\\\/\\\/iraurgiberritzen.eus\\\/es\\\/el-desempleo-sigue-a-pesar-de-la-situacion-de-incertidumbre-en-la-que-se-encuentra-la-economia\\\/#primaryimage\"},\"image\":{\"@id\":\"https:\\\/\\\/iraurgiberritzen.eus\\\/es\\\/el-desempleo-sigue-a-pesar-de-la-situacion-de-incertidumbre-en-la-que-se-encuentra-la-economia\\\/#primaryimage\"},\"thumbnailUrl\":\"https:\\\/\\\/iraurgiberritzen.eus\\\/wp-content\\\/uploads\\\/2023\\\/09\\\/2decf24e5eeb84ac85b23c4377295614.jpg\",\"datePublished\":\"2022-11-08T11:17:29+00:00\",\"breadcrumb\":{\"@id\":\"https:\\\/\\\/iraurgiberritzen.eus\\\/es\\\/el-desempleo-sigue-a-pesar-de-la-situacion-de-incertidumbre-en-la-que-se-encuentra-la-economia\\\/#breadcrumb\"},\"inLanguage\":\"es\",\"potentialAction\":[{\"@type\":\"ReadAction\",\"target\":[\"https:\\\/\\\/iraurgiberritzen.eus\\\/es\\\/el-desempleo-sigue-a-pesar-de-la-situacion-de-incertidumbre-en-la-que-se-encuentra-la-economia\\\/\"]}]},{\"@type\":\"ImageObject\",\"inLanguage\":\"es\",\"@id\":\"https:\\\/\\\/iraurgiberritzen.eus\\\/es\\\/el-desempleo-sigue-a-pesar-de-la-situacion-de-incertidumbre-en-la-que-se-encuentra-la-economia\\\/#primaryimage\",\"url\":\"https:\\\/\\\/iraurgiberritzen.eus\\\/wp-content\\\/uploads\\\/2023\\\/09\\\/2decf24e5eeb84ac85b23c4377295614.jpg\",\"contentUrl\":\"https:\\\/\\\/iraurgiberritzen.eus\\\/wp-content\\\/uploads\\\/2023\\\/09\\\/2decf24e5eeb84ac85b23c4377295614.jpg\",\"width\":400,\"height\":259},{\"@type\":\"BreadcrumbList\",\"@id\":\"https:\\\/\\\/iraurgiberritzen.eus\\\/es\\\/el-desempleo-sigue-a-pesar-de-la-situacion-de-incertidumbre-en-la-que-se-encuentra-la-economia\\\/#breadcrumb\",\"itemListElement\":[{\"@type\":\"ListItem\",\"position\":1,\"name\":\"Home\",\"item\":\"https:\\\/\\\/iraurgiberritzen.eus\\\/es\\\/\"},{\"@type\":\"ListItem\",\"position\":2,\"name\":\"El desempleo sigue a pesar de la situaci\u00f3n de incertidumbre en la que se encuentra la econom\u00eda\"}]},{\"@type\":\"WebSite\",\"@id\":\"https:\\\/\\\/iraurgiberritzen.eus\\\/es\\\/#website\",\"url\":\"https:\\\/\\\/iraurgiberritzen.eus\\\/es\\\/\",\"name\":\"Iraurgi Berritzen\",\"description\":\"Urola Erdiko Garapen Agentzia\",\"publisher\":{\"@id\":\"https:\\\/\\\/iraurgiberritzen.eus\\\/es\\\/#organization\"},\"potentialAction\":[{\"@type\":\"SearchAction\",\"target\":{\"@type\":\"EntryPoint\",\"urlTemplate\":\"https:\\\/\\\/iraurgiberritzen.eus\\\/es\\\/?s={search_term_string}\"},\"query-input\":{\"@type\":\"PropertyValueSpecification\",\"valueRequired\":true,\"valueName\":\"search_term_string\"}}],\"inLanguage\":\"es\"},{\"@type\":\"Organization\",\"@id\":\"https:\\\/\\\/iraurgiberritzen.eus\\\/es\\\/#organization\",\"name\":\"Iraurgi Berritzen\",\"url\":\"https:\\\/\\\/iraurgiberritzen.eus\\\/es\\\/\",\"logo\":{\"@type\":\"ImageObject\",\"inLanguage\":\"es\",\"@id\":\"https:\\\/\\\/iraurgiberritzen.eus\\\/es\\\/#\\\/schema\\\/logo\\\/image\\\/\",\"url\":\"https:\\\/\\\/iraurgiberritzen.eus\\\/wp-content\\\/uploads\\\/2024\\\/02\\\/IRAURGI-BERRITZEN-logotipoa_2.png\",\"contentUrl\":\"https:\\\/\\\/iraurgiberritzen.eus\\\/wp-content\\\/uploads\\\/2024\\\/02\\\/IRAURGI-BERRITZEN-logotipoa_2.png\",\"width\":496,\"height\":190,\"caption\":\"Iraurgi Berritzen\"},\"image\":{\"@id\":\"https:\\\/\\\/iraurgiberritzen.eus\\\/es\\\/#\\\/schema\\\/logo\\\/image\\\/\"}},{\"@type\":\"Person\",\"@id\":\"https:\\\/\\\/iraurgiberritzen.eus\\\/es\\\/#\\\/schema\\\/person\\\/5ab41aaf388a9097177601ebf45738d2\",\"name\":\"kudeatzailea\",\"sameAs\":[\"https:\\\/\\\/iraurgiberritzen.eus\"]}]}<\/script>\n<!-- \/ Yoast SEO plugin. -->","yoast_head_json":{"title":"El desempleo sigue a pesar de la situaci\u00f3n de incertidumbre en la que se encuentra la econom\u00eda - Iraurgi Berritzen","robots":{"index":"index","follow":"follow","max-snippet":"max-snippet:-1","max-image-preview":"max-image-preview:large","max-video-preview":"max-video-preview:-1"},"canonical":"https:\/\/iraurgiberritzen.eus\/es\/el-desempleo-sigue-a-pesar-de-la-situacion-de-incertidumbre-en-la-que-se-encuentra-la-economia\/","og_locale":"es_ES","og_type":"article","og_title":"El desempleo sigue a pesar de la situaci\u00f3n de incertidumbre en la que se encuentra la econom\u00eda - Iraurgi Berritzen","og_description":"Seg\u00fan el Servicio Vasco de Empleo-Lanbide, a finales de octubre de 2022 en Urola Erdia se han contabilizado 1.213 ciudadanos en situaci\u00f3n de desempleo. A pesar de la situaci\u00f3n de incertidumbre que se vive en el \u00e1mbito socioecon\u00f3mico durante los \u00faltimos meses, se mantiene estable el n\u00famero de personas contabilizadas en situaci\u00f3n de desempleo y [&hellip;]","og_url":"https:\/\/iraurgiberritzen.eus\/es\/el-desempleo-sigue-a-pesar-de-la-situacion-de-incertidumbre-en-la-que-se-encuentra-la-economia\/","og_site_name":"Iraurgi Berritzen","article_published_time":"2022-11-08T11:17:29+00:00","author":"kudeatzailea","twitter_card":"summary_large_image","twitter_misc":{"Escrito por":"kudeatzailea","Tiempo de lectura":"2 minutos"},"schema":{"@context":"https:\/\/schema.org","@graph":[{"@type":"Article","@id":"https:\/\/iraurgiberritzen.eus\/es\/el-desempleo-sigue-a-pesar-de-la-situacion-de-incertidumbre-en-la-que-se-encuentra-la-economia\/#article","isPartOf":{"@id":"https:\/\/iraurgiberritzen.eus\/es\/el-desempleo-sigue-a-pesar-de-la-situacion-de-incertidumbre-en-la-que-se-encuentra-la-economia\/"},"author":{"name":"kudeatzailea","@id":"https:\/\/iraurgiberritzen.eus\/es\/#\/schema\/person\/5ab41aaf388a9097177601ebf45738d2"},"headline":"El desempleo sigue a pesar de la situaci\u00f3n de incertidumbre en la que se encuentra la econom\u00eda","datePublished":"2022-11-08T11:17:29+00:00","mainEntityOfPage":{"@id":"https:\/\/iraurgiberritzen.eus\/es\/el-desempleo-sigue-a-pesar-de-la-situacion-de-incertidumbre-en-la-que-se-encuentra-la-economia\/"},"wordCount":480,"publisher":{"@id":"https:\/\/iraurgiberritzen.eus\/es\/#organization"},"image":{"@id":"https:\/\/iraurgiberritzen.eus\/es\/el-desempleo-sigue-a-pesar-de-la-situacion-de-incertidumbre-en-la-que-se-encuentra-la-economia\/#primaryimage"},"thumbnailUrl":"https:\/\/iraurgiberritzen.eus\/wp-content\/uploads\/2023\/09\/2decf24e5eeb84ac85b23c4377295614.jpg","articleSection":["Noticias"],"inLanguage":"es"},{"@type":"WebPage","@id":"https:\/\/iraurgiberritzen.eus\/es\/el-desempleo-sigue-a-pesar-de-la-situacion-de-incertidumbre-en-la-que-se-encuentra-la-economia\/","url":"https:\/\/iraurgiberritzen.eus\/es\/el-desempleo-sigue-a-pesar-de-la-situacion-de-incertidumbre-en-la-que-se-encuentra-la-economia\/","name":"El desempleo sigue a pesar de la situaci\u00f3n de incertidumbre en la que se encuentra la econom\u00eda - Iraurgi Berritzen","isPartOf":{"@id":"https:\/\/iraurgiberritzen.eus\/es\/#website"},"primaryImageOfPage":{"@id":"https:\/\/iraurgiberritzen.eus\/es\/el-desempleo-sigue-a-pesar-de-la-situacion-de-incertidumbre-en-la-que-se-encuentra-la-economia\/#primaryimage"},"image":{"@id":"https:\/\/iraurgiberritzen.eus\/es\/el-desempleo-sigue-a-pesar-de-la-situacion-de-incertidumbre-en-la-que-se-encuentra-la-economia\/#primaryimage"},"thumbnailUrl":"https:\/\/iraurgiberritzen.eus\/wp-content\/uploads\/2023\/09\/2decf24e5eeb84ac85b23c4377295614.jpg","datePublished":"2022-11-08T11:17:29+00:00","breadcrumb":{"@id":"https:\/\/iraurgiberritzen.eus\/es\/el-desempleo-sigue-a-pesar-de-la-situacion-de-incertidumbre-en-la-que-se-encuentra-la-economia\/#breadcrumb"},"inLanguage":"es","potentialAction":[{"@type":"ReadAction","target":["https:\/\/iraurgiberritzen.eus\/es\/el-desempleo-sigue-a-pesar-de-la-situacion-de-incertidumbre-en-la-que-se-encuentra-la-economia\/"]}]},{"@type":"ImageObject","inLanguage":"es","@id":"https:\/\/iraurgiberritzen.eus\/es\/el-desempleo-sigue-a-pesar-de-la-situacion-de-incertidumbre-en-la-que-se-encuentra-la-economia\/#primaryimage","url":"https:\/\/iraurgiberritzen.eus\/wp-content\/uploads\/2023\/09\/2decf24e5eeb84ac85b23c4377295614.jpg","contentUrl":"https:\/\/iraurgiberritzen.eus\/wp-content\/uploads\/2023\/09\/2decf24e5eeb84ac85b23c4377295614.jpg","width":400,"height":259},{"@type":"BreadcrumbList","@id":"https:\/\/iraurgiberritzen.eus\/es\/el-desempleo-sigue-a-pesar-de-la-situacion-de-incertidumbre-en-la-que-se-encuentra-la-economia\/#breadcrumb","itemListElement":[{"@type":"ListItem","position":1,"name":"Home","item":"https:\/\/iraurgiberritzen.eus\/es\/"},{"@type":"ListItem","position":2,"name":"El desempleo sigue a pesar de la situaci\u00f3n de incertidumbre en la que se encuentra la econom\u00eda"}]},{"@type":"WebSite","@id":"https:\/\/iraurgiberritzen.eus\/es\/#website","url":"https:\/\/iraurgiberritzen.eus\/es\/","name":"Iraurgi Berritzen","description":"Urola Erdiko Garapen Agentzia","publisher":{"@id":"https:\/\/iraurgiberritzen.eus\/es\/#organization"},"potentialAction":[{"@type":"SearchAction","target":{"@type":"EntryPoint","urlTemplate":"https:\/\/iraurgiberritzen.eus\/es\/?s={search_term_string}"},"query-input":{"@type":"PropertyValueSpecification","valueRequired":true,"valueName":"search_term_string"}}],"inLanguage":"es"},{"@type":"Organization","@id":"https:\/\/iraurgiberritzen.eus\/es\/#organization","name":"Iraurgi Berritzen","url":"https:\/\/iraurgiberritzen.eus\/es\/","logo":{"@type":"ImageObject","inLanguage":"es","@id":"https:\/\/iraurgiberritzen.eus\/es\/#\/schema\/logo\/image\/","url":"https:\/\/iraurgiberritzen.eus\/wp-content\/uploads\/2024\/02\/IRAURGI-BERRITZEN-logotipoa_2.png","contentUrl":"https:\/\/iraurgiberritzen.eus\/wp-content\/uploads\/2024\/02\/IRAURGI-BERRITZEN-logotipoa_2.png","width":496,"height":190,"caption":"Iraurgi Berritzen"},"image":{"@id":"https:\/\/iraurgiberritzen.eus\/es\/#\/schema\/logo\/image\/"}},{"@type":"Person","@id":"https:\/\/iraurgiberritzen.eus\/es\/#\/schema\/person\/5ab41aaf388a9097177601ebf45738d2","name":"kudeatzailea","sameAs":["https:\/\/iraurgiberritzen.eus"]}]}},"_links":{"self":[{"href":"https:\/\/iraurgiberritzen.eus\/es\/wp-json\/wp\/v2\/posts\/14149","targetHints":{"allow":["GET"]}}],"collection":[{"href":"https:\/\/iraurgiberritzen.eus\/es\/wp-json\/wp\/v2\/posts"}],"about":[{"href":"https:\/\/iraurgiberritzen.eus\/es\/wp-json\/wp\/v2\/types\/post"}],"author":[{"embeddable":true,"href":"https:\/\/iraurgiberritzen.eus\/es\/wp-json\/wp\/v2\/users\/1"}],"replies":[{"embeddable":true,"href":"https:\/\/iraurgiberritzen.eus\/es\/wp-json\/wp\/v2\/comments?post=14149"}],"version-history":[{"count":0,"href":"https:\/\/iraurgiberritzen.eus\/es\/wp-json\/wp\/v2\/posts\/14149\/revisions"}],"wp:featuredmedia":[{"embeddable":true,"href":"https:\/\/iraurgiberritzen.eus\/es\/wp-json\/wp\/v2\/media\/17329"}],"wp:attachment":[{"href":"https:\/\/iraurgiberritzen.eus\/es\/wp-json\/wp\/v2\/media?parent=14149"}],"wp:term":[{"taxonomy":"category","embeddable":true,"href":"https:\/\/iraurgiberritzen.eus\/es\/wp-json\/wp\/v2\/categories?post=14149"},{"taxonomy":"post_tag","embeddable":true,"href":"https:\/\/iraurgiberritzen.eus\/es\/wp-json\/wp\/v2\/tags?post=14149"}],"curies":[{"name":"wp","href":"https:\/\/api.w.org\/{rel}","templated":true}]}}