{"id":14152,"date":"2022-11-10T18:03:06","date_gmt":"2022-11-10T16:03:06","guid":{"rendered":"https:\/\/iraurgiberritzen.eus\/pequenas-empresas-industriales-de-la-comarca-han-conocido-buenas-practicas-en-el-ambito-de-la-ciberseguridad\/"},"modified":"2022-11-10T18:03:06","modified_gmt":"2022-11-10T16:03:06","slug":"pequenas-empresas-industriales-de-la-comarca-han-conocido-buenas-practicas-en-el-ambito-de-la-ciberseguridad","status":"publish","type":"post","link":"https:\/\/iraurgiberritzen.eus\/es\/pequenas-empresas-industriales-de-la-comarca-han-conocido-buenas-practicas-en-el-ambito-de-la-ciberseguridad\/","title":{"rendered":"Peque\u00f1as empresas industriales de la comarca han conocido buenas pr\u00e1cticas en el \u00e1mbito de la ciberseguridad"},"content":{"rendered":"<p style=\"text-align: justify;\">Responsables de varias peque\u00f1as empresas industriales de la comarca han abordado hoy, en una sesi\u00f3n de trabajo celebrada en el Palacio Basazabal de Azpeitia, el \u00ab<strong>dec\u00e1logo de buenas pr\u00e1cticas para garantizar la ciberseguridad en las peque\u00f1as empresas industriales\u00bb<\/strong>.<\/p>\n<p style=\"text-align: justify;\">En la misma, los participantes han recibido explicaciones y recomendaciones de expertos del Centro de Ciberseguridad Industrial de Gipuzkoa ZIUR sobre las amenazas en el entorno industrial de Gipuzkoa y las medidas que se est\u00e1n adoptando en las peque\u00f1as empresas. As\u00ed como, las medidas b\u00e1sicas a adoptar a corto plazo para mejorar su madurez en el \u00e1mbito de la ciberseguridad.<\/p>\n<p style=\"text-align: justify;\">El objetivo de esta sesi\u00f3n de trabajo ha sido exponer algunas recomendaciones b\u00e1sicas y conceptos funcionales a tener en cuenta a la hora de realizar inversiones. Por otro lado, los representantes de las empresas asistentes han tenido un espacio para debatir sobre el tema y compartir sus experiencias y problemas habituales.<\/p>\n<p style=\"text-align: justify;\">Iraurgi Berritzen en colaboraci\u00f3n con ZIUR, dando respuesta a las necesidades de las diferentes empresas de la comarca, est\u00e1 organizando y desarrollando diferentes sesiones de trabajo y proyectos.<\/p>\n","protected":false},"excerpt":{"rendered":"<p>Responsables de varias peque\u00f1as empresas industriales de la comarca han abordado hoy, en una sesi\u00f3n de trabajo celebrada en el Palacio Basazabal de Azpeitia, el \u00abdec\u00e1logo de buenas pr\u00e1cticas para garantizar la ciberseguridad en las peque\u00f1as empresas industriales\u00bb. En la misma, los participantes han recibido explicaciones y recomendaciones de expertos del Centro de Ciberseguridad Industrial [&hellip;]<\/p>\n","protected":false},"author":1,"featured_media":17330,"comment_status":"","ping_status":"closed","sticky":false,"template":"","format":"standard","meta":{"_acf_changed":false,"footnotes":""},"categories":[4],"tags":[],"class_list":["post-14152","post","type-post","status-publish","format-standard","has-post-thumbnail","hentry","category-noticias"],"acf":[],"yoast_head":"<!-- This site is optimized with the Yoast SEO plugin v27.4 - https:\/\/yoast.com\/product\/yoast-seo-wordpress\/ -->\n<title>Peque\u00f1as empresas industriales de la comarca han conocido buenas pr\u00e1cticas en el \u00e1mbito de la ciberseguridad - Iraurgi Berritzen<\/title>\n<meta name=\"robots\" content=\"index, follow, max-snippet:-1, max-image-preview:large, max-video-preview:-1\" \/>\n<link rel=\"canonical\" href=\"https:\/\/iraurgiberritzen.eus\/es\/pequenas-empresas-industriales-de-la-comarca-han-conocido-buenas-practicas-en-el-ambito-de-la-ciberseguridad\/\" \/>\n<meta property=\"og:locale\" content=\"es_ES\" \/>\n<meta property=\"og:type\" content=\"article\" \/>\n<meta property=\"og:title\" content=\"Peque\u00f1as empresas industriales de la comarca han conocido buenas pr\u00e1cticas en el \u00e1mbito de la ciberseguridad - Iraurgi Berritzen\" \/>\n<meta property=\"og:description\" content=\"Responsables de varias peque\u00f1as empresas industriales de la comarca han abordado hoy, en una sesi\u00f3n de trabajo celebrada en el Palacio Basazabal de Azpeitia, el \u00abdec\u00e1logo de buenas pr\u00e1cticas para garantizar la ciberseguridad en las peque\u00f1as empresas industriales\u00bb. En la misma, los participantes han recibido explicaciones y recomendaciones de expertos del Centro de Ciberseguridad Industrial [&hellip;]\" \/>\n<meta property=\"og:url\" content=\"https:\/\/iraurgiberritzen.eus\/es\/pequenas-empresas-industriales-de-la-comarca-han-conocido-buenas-practicas-en-el-ambito-de-la-ciberseguridad\/\" \/>\n<meta property=\"og:site_name\" content=\"Iraurgi Berritzen\" \/>\n<meta property=\"article:published_time\" content=\"2022-11-10T16:03:06+00:00\" \/>\n<meta name=\"author\" content=\"kudeatzailea\" \/>\n<meta name=\"twitter:card\" content=\"summary_large_image\" \/>\n<meta name=\"twitter:label1\" content=\"Escrito por\" \/>\n\t<meta name=\"twitter:data1\" content=\"kudeatzailea\" \/>\n\t<meta name=\"twitter:label2\" content=\"Tiempo de lectura\" \/>\n\t<meta name=\"twitter:data2\" content=\"1 minuto\" \/>\n<script type=\"application\/ld+json\" class=\"yoast-schema-graph\">{\"@context\":\"https:\\\/\\\/schema.org\",\"@graph\":[{\"@type\":\"Article\",\"@id\":\"https:\\\/\\\/iraurgiberritzen.eus\\\/es\\\/pequenas-empresas-industriales-de-la-comarca-han-conocido-buenas-practicas-en-el-ambito-de-la-ciberseguridad\\\/#article\",\"isPartOf\":{\"@id\":\"https:\\\/\\\/iraurgiberritzen.eus\\\/es\\\/pequenas-empresas-industriales-de-la-comarca-han-conocido-buenas-practicas-en-el-ambito-de-la-ciberseguridad\\\/\"},\"author\":{\"name\":\"kudeatzailea\",\"@id\":\"https:\\\/\\\/iraurgiberritzen.eus\\\/es\\\/#\\\/schema\\\/person\\\/5ab41aaf388a9097177601ebf45738d2\"},\"headline\":\"Peque\u00f1as empresas industriales de la comarca han conocido buenas pr\u00e1cticas en el \u00e1mbito de la ciberseguridad\",\"datePublished\":\"2022-11-10T16:03:06+00:00\",\"mainEntityOfPage\":{\"@id\":\"https:\\\/\\\/iraurgiberritzen.eus\\\/es\\\/pequenas-empresas-industriales-de-la-comarca-han-conocido-buenas-practicas-en-el-ambito-de-la-ciberseguridad\\\/\"},\"wordCount\":206,\"publisher\":{\"@id\":\"https:\\\/\\\/iraurgiberritzen.eus\\\/es\\\/#organization\"},\"image\":{\"@id\":\"https:\\\/\\\/iraurgiberritzen.eus\\\/es\\\/pequenas-empresas-industriales-de-la-comarca-han-conocido-buenas-practicas-en-el-ambito-de-la-ciberseguridad\\\/#primaryimage\"},\"thumbnailUrl\":\"https:\\\/\\\/iraurgiberritzen.eus\\\/wp-content\\\/uploads\\\/2023\\\/09\\\/1d1ab7e5e1d373f375dff9ccf493c952.jpg\",\"articleSection\":[\"Noticias\"],\"inLanguage\":\"es\"},{\"@type\":\"WebPage\",\"@id\":\"https:\\\/\\\/iraurgiberritzen.eus\\\/es\\\/pequenas-empresas-industriales-de-la-comarca-han-conocido-buenas-practicas-en-el-ambito-de-la-ciberseguridad\\\/\",\"url\":\"https:\\\/\\\/iraurgiberritzen.eus\\\/es\\\/pequenas-empresas-industriales-de-la-comarca-han-conocido-buenas-practicas-en-el-ambito-de-la-ciberseguridad\\\/\",\"name\":\"Peque\u00f1as empresas industriales de la comarca han conocido buenas pr\u00e1cticas en el \u00e1mbito de la ciberseguridad - Iraurgi Berritzen\",\"isPartOf\":{\"@id\":\"https:\\\/\\\/iraurgiberritzen.eus\\\/es\\\/#website\"},\"primaryImageOfPage\":{\"@id\":\"https:\\\/\\\/iraurgiberritzen.eus\\\/es\\\/pequenas-empresas-industriales-de-la-comarca-han-conocido-buenas-practicas-en-el-ambito-de-la-ciberseguridad\\\/#primaryimage\"},\"image\":{\"@id\":\"https:\\\/\\\/iraurgiberritzen.eus\\\/es\\\/pequenas-empresas-industriales-de-la-comarca-han-conocido-buenas-practicas-en-el-ambito-de-la-ciberseguridad\\\/#primaryimage\"},\"thumbnailUrl\":\"https:\\\/\\\/iraurgiberritzen.eus\\\/wp-content\\\/uploads\\\/2023\\\/09\\\/1d1ab7e5e1d373f375dff9ccf493c952.jpg\",\"datePublished\":\"2022-11-10T16:03:06+00:00\",\"breadcrumb\":{\"@id\":\"https:\\\/\\\/iraurgiberritzen.eus\\\/es\\\/pequenas-empresas-industriales-de-la-comarca-han-conocido-buenas-practicas-en-el-ambito-de-la-ciberseguridad\\\/#breadcrumb\"},\"inLanguage\":\"es\",\"potentialAction\":[{\"@type\":\"ReadAction\",\"target\":[\"https:\\\/\\\/iraurgiberritzen.eus\\\/es\\\/pequenas-empresas-industriales-de-la-comarca-han-conocido-buenas-practicas-en-el-ambito-de-la-ciberseguridad\\\/\"]}]},{\"@type\":\"ImageObject\",\"inLanguage\":\"es\",\"@id\":\"https:\\\/\\\/iraurgiberritzen.eus\\\/es\\\/pequenas-empresas-industriales-de-la-comarca-han-conocido-buenas-practicas-en-el-ambito-de-la-ciberseguridad\\\/#primaryimage\",\"url\":\"https:\\\/\\\/iraurgiberritzen.eus\\\/wp-content\\\/uploads\\\/2023\\\/09\\\/1d1ab7e5e1d373f375dff9ccf493c952.jpg\",\"contentUrl\":\"https:\\\/\\\/iraurgiberritzen.eus\\\/wp-content\\\/uploads\\\/2023\\\/09\\\/1d1ab7e5e1d373f375dff9ccf493c952.jpg\",\"width\":400,\"height\":257},{\"@type\":\"BreadcrumbList\",\"@id\":\"https:\\\/\\\/iraurgiberritzen.eus\\\/es\\\/pequenas-empresas-industriales-de-la-comarca-han-conocido-buenas-practicas-en-el-ambito-de-la-ciberseguridad\\\/#breadcrumb\",\"itemListElement\":[{\"@type\":\"ListItem\",\"position\":1,\"name\":\"Home\",\"item\":\"https:\\\/\\\/iraurgiberritzen.eus\\\/es\\\/\"},{\"@type\":\"ListItem\",\"position\":2,\"name\":\"Peque\u00f1as empresas industriales de la comarca han conocido buenas pr\u00e1cticas en el \u00e1mbito de la ciberseguridad\"}]},{\"@type\":\"WebSite\",\"@id\":\"https:\\\/\\\/iraurgiberritzen.eus\\\/es\\\/#website\",\"url\":\"https:\\\/\\\/iraurgiberritzen.eus\\\/es\\\/\",\"name\":\"Iraurgi Berritzen\",\"description\":\"Urola Erdiko Garapen Agentzia\",\"publisher\":{\"@id\":\"https:\\\/\\\/iraurgiberritzen.eus\\\/es\\\/#organization\"},\"potentialAction\":[{\"@type\":\"SearchAction\",\"target\":{\"@type\":\"EntryPoint\",\"urlTemplate\":\"https:\\\/\\\/iraurgiberritzen.eus\\\/es\\\/?s={search_term_string}\"},\"query-input\":{\"@type\":\"PropertyValueSpecification\",\"valueRequired\":true,\"valueName\":\"search_term_string\"}}],\"inLanguage\":\"es\"},{\"@type\":\"Organization\",\"@id\":\"https:\\\/\\\/iraurgiberritzen.eus\\\/es\\\/#organization\",\"name\":\"Iraurgi Berritzen\",\"url\":\"https:\\\/\\\/iraurgiberritzen.eus\\\/es\\\/\",\"logo\":{\"@type\":\"ImageObject\",\"inLanguage\":\"es\",\"@id\":\"https:\\\/\\\/iraurgiberritzen.eus\\\/es\\\/#\\\/schema\\\/logo\\\/image\\\/\",\"url\":\"https:\\\/\\\/iraurgiberritzen.eus\\\/wp-content\\\/uploads\\\/2024\\\/02\\\/IRAURGI-BERRITZEN-logotipoa_2.png\",\"contentUrl\":\"https:\\\/\\\/iraurgiberritzen.eus\\\/wp-content\\\/uploads\\\/2024\\\/02\\\/IRAURGI-BERRITZEN-logotipoa_2.png\",\"width\":496,\"height\":190,\"caption\":\"Iraurgi Berritzen\"},\"image\":{\"@id\":\"https:\\\/\\\/iraurgiberritzen.eus\\\/es\\\/#\\\/schema\\\/logo\\\/image\\\/\"}},{\"@type\":\"Person\",\"@id\":\"https:\\\/\\\/iraurgiberritzen.eus\\\/es\\\/#\\\/schema\\\/person\\\/5ab41aaf388a9097177601ebf45738d2\",\"name\":\"kudeatzailea\",\"sameAs\":[\"https:\\\/\\\/iraurgiberritzen.eus\"]}]}<\/script>\n<!-- \/ Yoast SEO plugin. -->","yoast_head_json":{"title":"Peque\u00f1as empresas industriales de la comarca han conocido buenas pr\u00e1cticas en el \u00e1mbito de la ciberseguridad - Iraurgi Berritzen","robots":{"index":"index","follow":"follow","max-snippet":"max-snippet:-1","max-image-preview":"max-image-preview:large","max-video-preview":"max-video-preview:-1"},"canonical":"https:\/\/iraurgiberritzen.eus\/es\/pequenas-empresas-industriales-de-la-comarca-han-conocido-buenas-practicas-en-el-ambito-de-la-ciberseguridad\/","og_locale":"es_ES","og_type":"article","og_title":"Peque\u00f1as empresas industriales de la comarca han conocido buenas pr\u00e1cticas en el \u00e1mbito de la ciberseguridad - Iraurgi Berritzen","og_description":"Responsables de varias peque\u00f1as empresas industriales de la comarca han abordado hoy, en una sesi\u00f3n de trabajo celebrada en el Palacio Basazabal de Azpeitia, el \u00abdec\u00e1logo de buenas pr\u00e1cticas para garantizar la ciberseguridad en las peque\u00f1as empresas industriales\u00bb. En la misma, los participantes han recibido explicaciones y recomendaciones de expertos del Centro de Ciberseguridad Industrial [&hellip;]","og_url":"https:\/\/iraurgiberritzen.eus\/es\/pequenas-empresas-industriales-de-la-comarca-han-conocido-buenas-practicas-en-el-ambito-de-la-ciberseguridad\/","og_site_name":"Iraurgi Berritzen","article_published_time":"2022-11-10T16:03:06+00:00","author":"kudeatzailea","twitter_card":"summary_large_image","twitter_misc":{"Escrito por":"kudeatzailea","Tiempo de lectura":"1 minuto"},"schema":{"@context":"https:\/\/schema.org","@graph":[{"@type":"Article","@id":"https:\/\/iraurgiberritzen.eus\/es\/pequenas-empresas-industriales-de-la-comarca-han-conocido-buenas-practicas-en-el-ambito-de-la-ciberseguridad\/#article","isPartOf":{"@id":"https:\/\/iraurgiberritzen.eus\/es\/pequenas-empresas-industriales-de-la-comarca-han-conocido-buenas-practicas-en-el-ambito-de-la-ciberseguridad\/"},"author":{"name":"kudeatzailea","@id":"https:\/\/iraurgiberritzen.eus\/es\/#\/schema\/person\/5ab41aaf388a9097177601ebf45738d2"},"headline":"Peque\u00f1as empresas industriales de la comarca han conocido buenas pr\u00e1cticas en el \u00e1mbito de la ciberseguridad","datePublished":"2022-11-10T16:03:06+00:00","mainEntityOfPage":{"@id":"https:\/\/iraurgiberritzen.eus\/es\/pequenas-empresas-industriales-de-la-comarca-han-conocido-buenas-practicas-en-el-ambito-de-la-ciberseguridad\/"},"wordCount":206,"publisher":{"@id":"https:\/\/iraurgiberritzen.eus\/es\/#organization"},"image":{"@id":"https:\/\/iraurgiberritzen.eus\/es\/pequenas-empresas-industriales-de-la-comarca-han-conocido-buenas-practicas-en-el-ambito-de-la-ciberseguridad\/#primaryimage"},"thumbnailUrl":"https:\/\/iraurgiberritzen.eus\/wp-content\/uploads\/2023\/09\/1d1ab7e5e1d373f375dff9ccf493c952.jpg","articleSection":["Noticias"],"inLanguage":"es"},{"@type":"WebPage","@id":"https:\/\/iraurgiberritzen.eus\/es\/pequenas-empresas-industriales-de-la-comarca-han-conocido-buenas-practicas-en-el-ambito-de-la-ciberseguridad\/","url":"https:\/\/iraurgiberritzen.eus\/es\/pequenas-empresas-industriales-de-la-comarca-han-conocido-buenas-practicas-en-el-ambito-de-la-ciberseguridad\/","name":"Peque\u00f1as empresas industriales de la comarca han conocido buenas pr\u00e1cticas en el \u00e1mbito de la ciberseguridad - Iraurgi Berritzen","isPartOf":{"@id":"https:\/\/iraurgiberritzen.eus\/es\/#website"},"primaryImageOfPage":{"@id":"https:\/\/iraurgiberritzen.eus\/es\/pequenas-empresas-industriales-de-la-comarca-han-conocido-buenas-practicas-en-el-ambito-de-la-ciberseguridad\/#primaryimage"},"image":{"@id":"https:\/\/iraurgiberritzen.eus\/es\/pequenas-empresas-industriales-de-la-comarca-han-conocido-buenas-practicas-en-el-ambito-de-la-ciberseguridad\/#primaryimage"},"thumbnailUrl":"https:\/\/iraurgiberritzen.eus\/wp-content\/uploads\/2023\/09\/1d1ab7e5e1d373f375dff9ccf493c952.jpg","datePublished":"2022-11-10T16:03:06+00:00","breadcrumb":{"@id":"https:\/\/iraurgiberritzen.eus\/es\/pequenas-empresas-industriales-de-la-comarca-han-conocido-buenas-practicas-en-el-ambito-de-la-ciberseguridad\/#breadcrumb"},"inLanguage":"es","potentialAction":[{"@type":"ReadAction","target":["https:\/\/iraurgiberritzen.eus\/es\/pequenas-empresas-industriales-de-la-comarca-han-conocido-buenas-practicas-en-el-ambito-de-la-ciberseguridad\/"]}]},{"@type":"ImageObject","inLanguage":"es","@id":"https:\/\/iraurgiberritzen.eus\/es\/pequenas-empresas-industriales-de-la-comarca-han-conocido-buenas-practicas-en-el-ambito-de-la-ciberseguridad\/#primaryimage","url":"https:\/\/iraurgiberritzen.eus\/wp-content\/uploads\/2023\/09\/1d1ab7e5e1d373f375dff9ccf493c952.jpg","contentUrl":"https:\/\/iraurgiberritzen.eus\/wp-content\/uploads\/2023\/09\/1d1ab7e5e1d373f375dff9ccf493c952.jpg","width":400,"height":257},{"@type":"BreadcrumbList","@id":"https:\/\/iraurgiberritzen.eus\/es\/pequenas-empresas-industriales-de-la-comarca-han-conocido-buenas-practicas-en-el-ambito-de-la-ciberseguridad\/#breadcrumb","itemListElement":[{"@type":"ListItem","position":1,"name":"Home","item":"https:\/\/iraurgiberritzen.eus\/es\/"},{"@type":"ListItem","position":2,"name":"Peque\u00f1as empresas industriales de la comarca han conocido buenas pr\u00e1cticas en el \u00e1mbito de la ciberseguridad"}]},{"@type":"WebSite","@id":"https:\/\/iraurgiberritzen.eus\/es\/#website","url":"https:\/\/iraurgiberritzen.eus\/es\/","name":"Iraurgi Berritzen","description":"Urola Erdiko Garapen Agentzia","publisher":{"@id":"https:\/\/iraurgiberritzen.eus\/es\/#organization"},"potentialAction":[{"@type":"SearchAction","target":{"@type":"EntryPoint","urlTemplate":"https:\/\/iraurgiberritzen.eus\/es\/?s={search_term_string}"},"query-input":{"@type":"PropertyValueSpecification","valueRequired":true,"valueName":"search_term_string"}}],"inLanguage":"es"},{"@type":"Organization","@id":"https:\/\/iraurgiberritzen.eus\/es\/#organization","name":"Iraurgi Berritzen","url":"https:\/\/iraurgiberritzen.eus\/es\/","logo":{"@type":"ImageObject","inLanguage":"es","@id":"https:\/\/iraurgiberritzen.eus\/es\/#\/schema\/logo\/image\/","url":"https:\/\/iraurgiberritzen.eus\/wp-content\/uploads\/2024\/02\/IRAURGI-BERRITZEN-logotipoa_2.png","contentUrl":"https:\/\/iraurgiberritzen.eus\/wp-content\/uploads\/2024\/02\/IRAURGI-BERRITZEN-logotipoa_2.png","width":496,"height":190,"caption":"Iraurgi Berritzen"},"image":{"@id":"https:\/\/iraurgiberritzen.eus\/es\/#\/schema\/logo\/image\/"}},{"@type":"Person","@id":"https:\/\/iraurgiberritzen.eus\/es\/#\/schema\/person\/5ab41aaf388a9097177601ebf45738d2","name":"kudeatzailea","sameAs":["https:\/\/iraurgiberritzen.eus"]}]}},"_links":{"self":[{"href":"https:\/\/iraurgiberritzen.eus\/es\/wp-json\/wp\/v2\/posts\/14152","targetHints":{"allow":["GET"]}}],"collection":[{"href":"https:\/\/iraurgiberritzen.eus\/es\/wp-json\/wp\/v2\/posts"}],"about":[{"href":"https:\/\/iraurgiberritzen.eus\/es\/wp-json\/wp\/v2\/types\/post"}],"author":[{"embeddable":true,"href":"https:\/\/iraurgiberritzen.eus\/es\/wp-json\/wp\/v2\/users\/1"}],"replies":[{"embeddable":true,"href":"https:\/\/iraurgiberritzen.eus\/es\/wp-json\/wp\/v2\/comments?post=14152"}],"version-history":[{"count":0,"href":"https:\/\/iraurgiberritzen.eus\/es\/wp-json\/wp\/v2\/posts\/14152\/revisions"}],"wp:featuredmedia":[{"embeddable":true,"href":"https:\/\/iraurgiberritzen.eus\/es\/wp-json\/wp\/v2\/media\/17330"}],"wp:attachment":[{"href":"https:\/\/iraurgiberritzen.eus\/es\/wp-json\/wp\/v2\/media?parent=14152"}],"wp:term":[{"taxonomy":"category","embeddable":true,"href":"https:\/\/iraurgiberritzen.eus\/es\/wp-json\/wp\/v2\/categories?post=14152"},{"taxonomy":"post_tag","embeddable":true,"href":"https:\/\/iraurgiberritzen.eus\/es\/wp-json\/wp\/v2\/tags?post=14152"}],"curies":[{"name":"wp","href":"https:\/\/api.w.org\/{rel}","templated":true}]}}